{"id":24607,"date":"2021-05-07T17:58:03","date_gmt":"2021-05-07T20:58:03","guid":{"rendered":"http:\/\/newsinfoco.com.br\/?p=24607"},"modified":"2021-05-07T17:59:43","modified_gmt":"2021-05-07T20:59:43","slug":"forca-empresarial-de-alagoinhas-fara-reuniao-na-proxima-segunda10-com-o-objetivo-de-tracar-estrategias-para-o-enfrentamento-contra-o-novo-codigo-tributario-municipal","status":"publish","type":"post","link":"https:\/\/newsinfoco.com.br\/inicio\/forca-empresarial-de-alagoinhas-fara-reuniao-na-proxima-segunda10-com-o-objetivo-de-tracar-estrategias-para-o-enfrentamento-contra-o-novo-codigo-tributario-municipal\/","title":{"rendered":"For\u00e7a Empresarial de Alagoinhas far\u00e1 reuni\u00e3o na pr\u00f3xima segunda(10) com o objetivo de tra\u00e7ar estrat\u00e9gias para o enfrentamento contra o novo c\u00f3digo tribut\u00e1rio municipal"},"content":{"rendered":"<p style=\"text-align: justify;\">A For\u00e7a Empresarial de Alagoinhas(Sicom\u00e9rcio, ACIA e CDL) realizar\u00e1 na pr\u00f3xima segunda-feira(10), as 14 horas, na sede da CDL, uma reuni\u00e3o para discutir as recentes altera\u00e7\u00f5es no c\u00f3digo tribut\u00e1rio municipal feitas pela prefeitura de Alagoinhas, com a anu\u00eancias dos vereadores da cidade.<\/p>\n<p style=\"text-align: justify;\">A For\u00e7a Empresarial est\u00e1 convocando todos os empres\u00e1rios dos diversos setores como industrial, hoteleiro, aliment\u00edcio, sa\u00fade e com\u00e9rcio em geral. A inten\u00e7\u00e3o \u00e9 tra\u00e7ar estrat\u00e9gias para o embate com o governo na luta por mudan\u00e7as no texto tribut\u00e1rio.<\/p><div class=\"newsi-conteudo_19\" id=\"newsi-3370967161\"><a href=\"https:\/\/www.instagram.com\/prefeituraalagoinhas?igsh=YzgzdDJ1bWR3aWI4\" aria-label=\"SAVE_20251006_221555\"><img loading=\"lazy\" decoding=\"async\" src=\"https:\/\/newsinfoco.com.br\/inicio\/wp-content\/uploads\/2025\/10\/SAVE_20251006_221555-rotated.jpg\" alt=\"\"  srcset=\"https:\/\/newsinfoco.com.br\/inicio\/wp-content\/uploads\/2025\/10\/SAVE_20251006_221555-rotated.jpg 1140w, https:\/\/newsinfoco.com.br\/inicio\/wp-content\/uploads\/2025\/10\/SAVE_20251006_221555-300x52.jpg 300w, https:\/\/newsinfoco.com.br\/inicio\/wp-content\/uploads\/2025\/10\/SAVE_20251006_221555-1024x177.jpg 1024w, https:\/\/newsinfoco.com.br\/inicio\/wp-content\/uploads\/2025\/10\/SAVE_20251006_221555-768x133.jpg 768w, https:\/\/newsinfoco.com.br\/inicio\/wp-content\/uploads\/2025\/10\/SAVE_20251006_221555-600x104.jpg 600w, https:\/\/newsinfoco.com.br\/inicio\/wp-content\/uploads\/2025\/10\/SAVE_20251006_221555-696x120.jpg 696w, https:\/\/newsinfoco.com.br\/inicio\/wp-content\/uploads\/2025\/10\/SAVE_20251006_221555-1068x185.jpg 1068w\" sizes=\"(max-width: 1140px) 100vw, 1140px\" width=\"1140\" height=\"197\"   \/><\/a><\/div>\n<p style=\"text-align: justify;\">V\u00e1rios pontos do novo c\u00f3digo tribut\u00e1rio tem sido questionados pela classe empresarial e por parte da imprensa. V\u00e1rios artigos do texto majoram ou criam tributos municipais, aumentando a carga tribut\u00e1ria sobre o contribuinte, justamente em uma \u00e9poca de recess\u00e3o econ\u00f4mica, ocasionada pela pandemia do coronavirus.<\/p>\n<p style=\"text-align: justify;\">Para piorar, vereadores da legisla\u00e7\u00e3o passada, que votaram o texto, afirmaram publicamente que a lei passou sem ser discutida ou, em alguns casos, nem ao menos foi lida. O fato tem causado revolta nos contribuintes alagoinhenses.<\/p>\n<p>Por Caio Pimenta para o News Infoco<\/p>\n<p>&nbsp;<\/p>\n<div class='share-to-whatsapp-wrapper'><div class='share-on-whsp'>Share on: <\/div><a data-text='For\u00e7a Empresarial de Alagoinhas far\u00e1 reuni\u00e3o na pr\u00f3xima segunda(10) com o objetivo de tra\u00e7ar estrat\u00e9gias para o enfrentamento contra o novo c\u00f3digo tribut\u00e1rio municipal' data-link='https:\/\/newsinfoco.com.br\/inicio\/forca-empresarial-de-alagoinhas-fara-reuniao-na-proxima-segunda10-com-o-objetivo-de-tracar-estrategias-para-o-enfrentamento-contra-o-novo-codigo-tributario-municipal\/' class='whatsapp-button whatsapp-share'>WhatsApp<\/a><div class='clear '><\/div><\/div>","protected":false},"excerpt":{"rendered":"<p>A For\u00e7a Empresarial de Alagoinhas(Sicom\u00e9rcio, ACIA e CDL) realizar\u00e1 na pr\u00f3xima segunda-feira(10), as 14 horas, na sede da CDL, uma reuni\u00e3o para discutir as recentes altera\u00e7\u00f5es no c\u00f3digo tribut\u00e1rio municipal feitas pela prefeitura de Alagoinhas, com a anu\u00eancias dos vereadores da cidade. A For\u00e7a Empresarial est\u00e1 convocando todos os empres\u00e1rios dos diversos setores como industrial, [&hellip;]<\/p>\n","protected":false},"author":1,"featured_media":21606,"comment_status":"open","ping_status":"open","sticky":false,"template":"","format":"standard","meta":{"om_disable_all_campaigns":false,"_exactmetrics_skip_tracking":false,"_exactmetrics_sitenote_active":false,"_exactmetrics_sitenote_note":"","_exactmetrics_sitenote_category":0,"footnotes":""},"categories":[167],"tags":[],"class_list":["post-24607","post","type-post","status-publish","format-standard","has-post-thumbnail","hentry","category-exclusivas"],"aioseo_notices":[],"_links":{"self":[{"href":"https:\/\/newsinfoco.com.br\/inicio\/wp-json\/wp\/v2\/posts\/24607","targetHints":{"allow":["GET"]}}],"collection":[{"href":"https:\/\/newsinfoco.com.br\/inicio\/wp-json\/wp\/v2\/posts"}],"about":[{"href":"https:\/\/newsinfoco.com.br\/inicio\/wp-json\/wp\/v2\/types\/post"}],"author":[{"embeddable":true,"href":"https:\/\/newsinfoco.com.br\/inicio\/wp-json\/wp\/v2\/users\/1"}],"replies":[{"embeddable":true,"href":"https:\/\/newsinfoco.com.br\/inicio\/wp-json\/wp\/v2\/comments?post=24607"}],"version-history":[{"count":0,"href":"https:\/\/newsinfoco.com.br\/inicio\/wp-json\/wp\/v2\/posts\/24607\/revisions"}],"wp:featuredmedia":[{"embeddable":true,"href":"https:\/\/newsinfoco.com.br\/inicio\/wp-json\/wp\/v2\/media\/21606"}],"wp:attachment":[{"href":"https:\/\/newsinfoco.com.br\/inicio\/wp-json\/wp\/v2\/media?parent=24607"}],"wp:term":[{"taxonomy":"category","embeddable":true,"href":"https:\/\/newsinfoco.com.br\/inicio\/wp-json\/wp\/v2\/categories?post=24607"},{"taxonomy":"post_tag","embeddable":true,"href":"https:\/\/newsinfoco.com.br\/inicio\/wp-json\/wp\/v2\/tags?post=24607"}],"curies":[{"name":"wp","href":"https:\/\/api.w.org\/{rel}","templated":true}]}}