{"id":2463,"date":"2018-04-13T09:30:46","date_gmt":"2018-04-13T12:30:46","guid":{"rendered":"http:\/\/newsinfoco.com.br\/?p=2463"},"modified":"2018-04-13T09:30:46","modified_gmt":"2018-04-13T12:30:46","slug":"lula-recebe-visita-dos-filhos-pela-primeira-vez-desde-que-foi-preso","status":"publish","type":"post","link":"https:\/\/newsinfoco.com.br\/inicio\/lula-recebe-visita-dos-filhos-pela-primeira-vez-desde-que-foi-preso\/","title":{"rendered":"Lula recebe visita dos filhos pela primeira vez desde que foi preso"},"content":{"rendered":"<p class=\" \" style=\"text-align: justify;\"><span style=\"color: #000000;\">Os parentes e um dos advogados do ex-presidente Luiz In\u00e1cio Lula da Silva o visitaram pela primeira vez nesta quinta-feira (12). O\u00a0\u00a0<a style=\"color: #000000;\" href=\"http:\/\/ultimosegundo.ig.com.br\/politica\/2018-04-07\/lula-primeiro-ex-presidente-preso.html\" target=\"_blank\" rel=\"noopener\">petista est\u00e1 preso desde o \u00faltimo s\u00e1bado (7)<\/a>\u00a0na Superintend\u00eancia da Pol\u00edcia Federal (PF), em Curitiba.<\/span><\/p>\n<p style=\"text-align: justify;\"><span style=\"color: #000000;\">Os visitantes de\u00a0<strong>Lula<\/strong>\u00a0chegaram por volta das 10h (hor\u00e1rio local) em dois carros e permaneceram no local durante quase tr\u00eas horas. Entre as pessoas estavam os filhos F\u00e1bio Lu\u00eds, Lu\u00eds Claudio e Lurian, o neto Thiago e o advogado de defesa Cristiano Zanin Martins.<\/span><\/p><div class=\"newsi-conteudo_19\" id=\"newsi-2909473355\"><a href=\"https:\/\/www.instagram.com\/prefeituraalagoinhas?igsh=YzgzdDJ1bWR3aWI4\" aria-label=\"SAVE_20251006_221555\"><img loading=\"lazy\" decoding=\"async\" src=\"https:\/\/newsinfoco.com.br\/inicio\/wp-content\/uploads\/2025\/10\/SAVE_20251006_221555-rotated.jpg\" alt=\"\"  srcset=\"https:\/\/newsinfoco.com.br\/inicio\/wp-content\/uploads\/2025\/10\/SAVE_20251006_221555-rotated.jpg 1140w, https:\/\/newsinfoco.com.br\/inicio\/wp-content\/uploads\/2025\/10\/SAVE_20251006_221555-300x52.jpg 300w, https:\/\/newsinfoco.com.br\/inicio\/wp-content\/uploads\/2025\/10\/SAVE_20251006_221555-1024x177.jpg 1024w, https:\/\/newsinfoco.com.br\/inicio\/wp-content\/uploads\/2025\/10\/SAVE_20251006_221555-768x133.jpg 768w, https:\/\/newsinfoco.com.br\/inicio\/wp-content\/uploads\/2025\/10\/SAVE_20251006_221555-600x104.jpg 600w, https:\/\/newsinfoco.com.br\/inicio\/wp-content\/uploads\/2025\/10\/SAVE_20251006_221555-696x120.jpg 696w, https:\/\/newsinfoco.com.br\/inicio\/wp-content\/uploads\/2025\/10\/SAVE_20251006_221555-1068x185.jpg 1068w\" sizes=\"(max-width: 1140px) 100vw, 1140px\" width=\"1140\" height=\"197\"   \/><\/a><\/div>\n<p style=\"text-align: justify;\"><span style=\"color: #000000;\">O encontro ocorreu na sala reservada ao petista na cobertura do pr\u00e9dio da PF. A visita acontece em dia diferente dos demais presos, que recebem familiares somente de quarta-feira.<\/span><\/p>\n<p style=\"text-align: justify;\"><span style=\"color: #000000;\">Do lado de fora, grupos que permanecem em vig\u00edlia pedindo a liberta\u00e7\u00e3o do ex-presidente fizeram debates e receberam parlamentares do PT, entre os quais os deputados Carlos Zarattini (SP) e Henrique Fontana (RS). Ainda para hoje est\u00e1 prevista a realiza\u00e7\u00e3o de um ato com a participa\u00e7\u00e3o da presidente do partido, senadora Gleisi Hoffmann (PR).<\/span><\/p>\n<h3 style=\"text-align: justify;\"><span style=\"color: #000000;\">Dilig\u00eancia<\/span><\/h3>\n<p style=\"text-align: justify;\"><span style=\"color: #000000;\">Uma comitiva formada principalmente por senadores do PT devem ir a Curitiba na pr\u00f3xima semana para vistoriar a\u00a0cela da Superintend\u00eancia da Pol\u00edcia Federal em Curitiba onde est\u00e1 o ex-presidente. A\u00a0<a style=\"color: #000000;\" href=\"http:\/\/ultimosegundo.ig.com.br\/politica\/2018-04-11\/lula.html\" target=\"_blank\" rel=\"noopener\">forma\u00e7\u00e3o de uma dilig\u00eancia\u00a0<\/a>para \u201cverificar as condi\u00e7\u00f5es de encarceramento\u201d foi aprovada na quarta-feira (11) pela Comiss\u00e3o de Direitos Humanos do Senado.<\/span><\/p>\n<p style=\"text-align: justify;\"><span style=\"color: #000000;\">Presidido pela senadora Regina Sousa (PT-PI), que far\u00e1 parte da comitiva, o colegiado tomou a decis\u00e3o um dia ap\u00f3s a Justi\u00e7a negar a visita de nove governadores e senadores.<\/span><\/p>\n<p style=\"text-align: justify;\"><span style=\"color: #000000;\">Far\u00e3o parte da comitiva as senadoras \u00c2ngela Portela (PDT-RR), Gleisi Hoffmann (PT-PR) e Fa tima Bezerra (PT-RN), Lindbergh Farias (PT-RJ), Telma rio Mota (PDT-RR), Paulo Paim (PT-RS), Jorge Viana (PT-AC) e Paulo Rocha (PT-PA), al\u00e9m de Vanessa Graziotin (PCdoB-AM), autora do requerimento.<\/span><\/p>\n<p style=\"text-align: justify;\"><span style=\"color: #000000;\">Na ter\u00e7a-feira (10),\u00a0<a style=\"color: #000000;\" href=\"http:\/\/ultimosegundo.ig.com.br\/politica\/2018-04-10\/justica-nega-visitas-a-lula.html\" target=\"_blank\" rel=\"noopener\">governadores do Nordeste e dois senadores tiveram o\u00a0pedido de visita ao ex-presidente Lula negado pela Justi\u00e7a<\/a>\u00a0. A ju\u00edza federal substituta Carolina Moura Lebbos alegou n\u00e3o haver \u201cfundamento para a flexibiliza\u00e7\u00e3o do regime geral de visitas\u201d na carceragem. Nesta manh\u00e3, a Pol\u00edcia Federal\u00a0divulgou uma nota\u00a0dizendo que o petista recebe os mesmos benef\u00edcios dos demais presos na sede da corpora\u00e7\u00e3o no Paran\u00e1.<\/span><\/p>\n<h6 style=\"text-align: right;\"><span style=\"color: #999999;\">Fonte:ig<\/span><\/h6>\n<div class='share-to-whatsapp-wrapper'><div class='share-on-whsp'>Share on: <\/div><a data-text='Lula recebe visita dos filhos pela primeira vez desde que foi preso' data-link='https:\/\/newsinfoco.com.br\/inicio\/lula-recebe-visita-dos-filhos-pela-primeira-vez-desde-que-foi-preso\/' class='whatsapp-button whatsapp-share'>WhatsApp<\/a><div class='clear '><\/div><\/div>","protected":false},"excerpt":{"rendered":"<p>Os parentes e um dos advogados do ex-presidente Luiz In\u00e1cio Lula da Silva o visitaram pela primeira vez nesta quinta-feira (12). O\u00a0\u00a0petista est\u00e1 preso desde o \u00faltimo s\u00e1bado (7)\u00a0na Superintend\u00eancia da Pol\u00edcia Federal (PF), em Curitiba. Os visitantes de\u00a0Lula\u00a0chegaram por volta das 10h (hor\u00e1rio local) em dois carros e permaneceram no local durante quase tr\u00eas [&hellip;]<\/p>\n","protected":false},"author":1,"featured_media":2464,"comment_status":"open","ping_status":"open","sticky":false,"template":"","format":"standard","meta":{"om_disable_all_campaigns":false,"_exactmetrics_skip_tracking":false,"_exactmetrics_sitenote_active":false,"_exactmetrics_sitenote_note":"","_exactmetrics_sitenote_category":0,"footnotes":""},"categories":[21],"tags":[],"class_list":["post-2463","post","type-post","status-publish","format-standard","has-post-thumbnail","hentry","category-brasil"],"aioseo_notices":[],"_links":{"self":[{"href":"https:\/\/newsinfoco.com.br\/inicio\/wp-json\/wp\/v2\/posts\/2463","targetHints":{"allow":["GET"]}}],"collection":[{"href":"https:\/\/newsinfoco.com.br\/inicio\/wp-json\/wp\/v2\/posts"}],"about":[{"href":"https:\/\/newsinfoco.com.br\/inicio\/wp-json\/wp\/v2\/types\/post"}],"author":[{"embeddable":true,"href":"https:\/\/newsinfoco.com.br\/inicio\/wp-json\/wp\/v2\/users\/1"}],"replies":[{"embeddable":true,"href":"https:\/\/newsinfoco.com.br\/inicio\/wp-json\/wp\/v2\/comments?post=2463"}],"version-history":[{"count":0,"href":"https:\/\/newsinfoco.com.br\/inicio\/wp-json\/wp\/v2\/posts\/2463\/revisions"}],"wp:featuredmedia":[{"embeddable":true,"href":"https:\/\/newsinfoco.com.br\/inicio\/wp-json\/wp\/v2\/media\/2464"}],"wp:attachment":[{"href":"https:\/\/newsinfoco.com.br\/inicio\/wp-json\/wp\/v2\/media?parent=2463"}],"wp:term":[{"taxonomy":"category","embeddable":true,"href":"https:\/\/newsinfoco.com.br\/inicio\/wp-json\/wp\/v2\/categories?post=2463"},{"taxonomy":"post_tag","embeddable":true,"href":"https:\/\/newsinfoco.com.br\/inicio\/wp-json\/wp\/v2\/tags?post=2463"}],"curies":[{"name":"wp","href":"https:\/\/api.w.org\/{rel}","templated":true}]}}