{"id":24709,"date":"2021-05-16T12:07:49","date_gmt":"2021-05-16T15:07:49","guid":{"rendered":"http:\/\/newsinfoco.com.br\/?p=24709"},"modified":"2021-05-16T12:09:14","modified_gmt":"2021-05-16T15:09:14","slug":"morre-o-prefeito-de-sao-paulo-bruno-covas-aos-41-anos","status":"publish","type":"post","link":"https:\/\/newsinfoco.com.br\/inicio\/morre-o-prefeito-de-sao-paulo-bruno-covas-aos-41-anos\/","title":{"rendered":"Morre o prefeito de S\u00e3o Paulo, Bruno Covas, aos 41 anos"},"content":{"rendered":"<p style=\"text-align: justify;\">Morreu neste domingo (16.mai.2021) \u00e0s 8h20 o prefeito de S\u00e3o Paulo,\u00a0Bruno Covas\u00a0(PSDB), aos 41 anos. Ele estava internado desde 2 de maio no hospital S\u00edrio-Liban\u00eas. Fazia tratamento desde 2019 contra um c\u00e2ncer na c\u00e1rdia, entre o est\u00f4mago e o es\u00f4fago. A doen\u00e7a que se espalhou para o f\u00edgado e ossos.<\/p>\n<p style=\"text-align: justify;\">O vel\u00f3rio ser\u00e1 a partir de 13h no Edif\u00edcio Matarazzo, sede da Prefeitura, na regi\u00e3o central da cidade. O acesso ser\u00e1 restrito a familiares e amigos para evitar aglomera\u00e7\u00e3o e risco de cont\u00e1gio pela covid-19. Depois haver\u00e1 um cortejo em carro aberto por ruas da regi\u00e3o central at\u00e9 a avenida Paulista. De l\u00e1 o corpo seguir\u00e1 ainda neste domingo para Santos, onde ser\u00e1 enterrado. Bruno Covas nasceu na cidade do litoral paulista assim como o av\u00f4, M\u00e1rio Covas, morto em 2001 quando era governador de S\u00e3o Paulo.<\/p><div class=\"newsi-conteudo_19\" id=\"newsi-4290856988\"><a href=\"https:\/\/www.instagram.com\/prefeituraalagoinhas?igsh=YzgzdDJ1bWR3aWI4\" aria-label=\"SAVE_20251006_221555\"><img loading=\"lazy\" decoding=\"async\" src=\"https:\/\/newsinfoco.com.br\/inicio\/wp-content\/uploads\/2025\/10\/SAVE_20251006_221555-rotated.jpg\" alt=\"\"  srcset=\"https:\/\/newsinfoco.com.br\/inicio\/wp-content\/uploads\/2025\/10\/SAVE_20251006_221555-rotated.jpg 1140w, https:\/\/newsinfoco.com.br\/inicio\/wp-content\/uploads\/2025\/10\/SAVE_20251006_221555-300x52.jpg 300w, https:\/\/newsinfoco.com.br\/inicio\/wp-content\/uploads\/2025\/10\/SAVE_20251006_221555-1024x177.jpg 1024w, https:\/\/newsinfoco.com.br\/inicio\/wp-content\/uploads\/2025\/10\/SAVE_20251006_221555-768x133.jpg 768w, https:\/\/newsinfoco.com.br\/inicio\/wp-content\/uploads\/2025\/10\/SAVE_20251006_221555-600x104.jpg 600w, https:\/\/newsinfoco.com.br\/inicio\/wp-content\/uploads\/2025\/10\/SAVE_20251006_221555-696x120.jpg 696w, https:\/\/newsinfoco.com.br\/inicio\/wp-content\/uploads\/2025\/10\/SAVE_20251006_221555-1068x185.jpg 1068w\" sizes=\"(max-width: 1140px) 100vw, 1140px\" width=\"1140\" height=\"197\"   \/><\/a><\/div>\n<p style=\"text-align: justify;\">Com a morte de Covas, o vice-prefeito da cidade,\u00a0Ricardo Nunes (MDB), assume definitivamente a gest\u00e3o de S\u00e3o Paulo. J\u00e1 atua como prefeito em exerc\u00edcio desde o licenciamento do titular.<\/p>\n<p style=\"text-align: justify;\">Na 6\u00aa (14.mai.2021), \u00e0s 19h30, boletim m\u00e9dico divulgado pela equipe do S\u00edrio-Liban\u00eas indicava que o quadro cl\u00ednico do prefeito j\u00e1 era considerado\u00a0<em>\u201cirrevers\u00edvel\u201d<\/em>. Familiares e amigos estiveram no hospital para se despedir de Covas.<\/p>\n<p style=\"text-align: justify;\">O tratamento contra o c\u00e2ncer levou Covas a se licenciar da Prefeitura de S\u00e3o Paulo em 2 de maio, menos de 6 meses depois de\u00a0ser reeleito. Em nota, o prefeito afirmava que se afastaria por 30 dias para se dedicar \u201c<em>integralmente<\/em>\u201d ao tratamento. No dia seguinte, ele foi transferido para a UTI (unidade de terapia intensiva) e intubado depois de um sangramento no est\u00f4mago. Horas depois, segundo o hospital, os equipamentos de intuba\u00e7\u00e3o foram retirados. Na semana que se encerrou, Covas havia iniciado novo tratamento.<\/p>\n<p style=\"text-align: justify;\">Eis a nota divulgada por sua assessoria:<\/p>\n<p class=\"p1\" style=\"text-align: justify;\"><em>NOTA DE FALECIMENTO BRUNO COVAS<\/em><\/p>\n<p class=\"p1\" style=\"text-align: justify;\"><em>O Prefeito de S\u00e3o Paulo Bruno Covas faleceu hoje \u00e0s 08:20 em decorr\u00eancia de um c\u00e2ncer da transi\u00e7\u00e3o es\u00f4fago g\u00e1strica, com met\u00e1stase ao diagn\u00f3stico, e suas complica\u00e7\u00f5es ap\u00f3s longo per\u00edodo de tratamento.<\/em><\/p>\n<p class=\"p1\" style=\"text-align: justify;\"><em>Ele estava internado no Hospital S\u00edrio-Liban\u00eas desde o dia 2 de maio, sob os cuidados das equipes m\u00e9dicas coordenadas pelo Prof. Dr. David Uip, Dr. Artur Katz, Dr. Tulio Eduardo Flesch Pfiffer, Prof. Dr. Raul Cutait e Prof. Dr. Roberto Kalil.<\/em><\/p>\n<p style=\"text-align: justify;\">TRAJET\u00d3RIA<\/p>\n<p style=\"text-align: justify;\">Bruno Covas foi ligado \u00e0 pol\u00edtica desde jovem. Aos 15 anos deixou Santos e foi morar com o av\u00f4, M\u00e1rio Covas, no Pal\u00e1cio dos Bandeirantes, sede do governo de S\u00e3o Paulo. Formado em economia pela PUC-SP (Pontif\u00edcia Universidade Cat\u00f3lica) e em direito pela USP (Universidade de S\u00e3o Paulo), filiou-se em 1997 ao PSDB, mesma legenda do av\u00f4.<\/p>\n<p style=\"text-align: justify;\">Bruno Covas chegou a ser presidente da Juventude Tucana. Em 2004 se candidatou a vice-prefeito de Santos.<\/p>\n<p style=\"text-align: justify;\">Foi eleito deputado estadual por S\u00e3o Paulo em 2006, reeleito em 2010. No ano seguinte, o ent\u00e3o governador Geraldo Alckmin (PSDB) o convidou para ser secret\u00e1rio de Meio Ambiente, cargo que ocupou at\u00e9 2014, quando disputou a elei\u00e7\u00e3o para deputado federal.<\/p>\n<p style=\"text-align: justify;\">Na C\u00e2mara, em 2016, Covas votou de forma favor\u00e1vel ao impeachment da ex-presidente Dilma Rousseff (PT). Tamb\u00e9m foi favor\u00e1vel \u00e0 emenda constitucional que limita do teto de aumento dos gastos p\u00fablicos.<\/p>\n<p style=\"text-align: justify;\">Depois disso, Covas se licenciou da C\u00e2mara para concorrer \u00e0 vice-prefeito de S\u00e3o Paulo em chapa com\u00a0Jo\u00e3o Doria\u00a0(PSDB). Eleito, acumulou os cargos de secret\u00e1rio das Prefeituras Regionais e da Casa Civil da cidade em 2017.<\/p>\n<p style=\"text-align: justify;\">Em 2018, Doria deixou o cargo para concorrer \u00e0 vaga de governador do Estado de S\u00e3o Paulo. Com a vit\u00f3ria do colega do PSDB, Covas assumiu a prefeitura da cidade mais populosa do Brasil.<\/p>\n<p style=\"text-align: justify;\">Covas foi\u00a0diagnosticado\u00a0com c\u00e2ncer em outubro de 2019, depois de fazer um exame para investigar uma infec\u00e7\u00e3o. Ele foi internado pela 1\u00aa vez no mesmo m\u00eas e iniciou o tratamento com sess\u00f5es de quimioterapia e\u00a0imunoterapia.<\/p>\n<p style=\"text-align: justify;\">Durante a pandemia, o prefeito foi diagnosticado com covid-19. Ele trabalhou de casa e conseguiu se recuperar depois de duas semanas.<\/p>\n<p style=\"text-align: justify;\">Covas se candidatou \u00e0 reelei\u00e7\u00e3o em 2020.\u00a0Venceu a disputa\u00a0contra\u00a0Guilherme Boulos\u00a0(Psol), no 2\u00ba turno, com 59,38% dos votos.<\/p>\n<p style=\"text-align: justify;\">A campanha do tucano foi pautada em sua luta contra o c\u00e2ncer e no enfrentamento da pandemia de covid-19. No 2\u00ba turno, passou a fazer discurso que destacava sua experi\u00eancia na gest\u00e3o p\u00fablica. Era um contraponto a Boulos, que nunca teve mandato.<\/p>\n<p style=\"text-align: justify;\">PIORA NA SA\u00daDE<\/p>\n<p style=\"text-align: justify;\">Em janeiro de 2021, j\u00e1 reeleito, o prefeito anunciou que seu tratamento contra o c\u00e2ncer iniciaria uma nova fase. Tirou\u00a0\u00a0licen\u00e7a de 10 dias\u00a0para dar continuidade ao tratamento e se recuperar depois de 24 sess\u00f5es di\u00e1rias de radioterapia.<\/p>\n<p style=\"text-align: justify;\">Depois de exames de imagem, em fevereiro deste ano, Covas descobriu que os n\u00f3dulos na \u00e1rea de seu est\u00f4mago tinham sido controlados. Mas os exames mostraram que o c\u00e2ncer se\u00a0espalhou para o f\u00edgado. O tratamento do prefeito precisou ser\u00a0refor\u00e7ado com sess\u00f5es de quimioterapia\u00a0a cada 15 dias.<\/p>\n<p style=\"text-align: justify;\">J\u00e1 em abril, a equipe m\u00e9dica do prefeito informou que tinha diagnosticado novos pontos de c\u00e2ncer, desta vez nos ossos. Em 15 de abril, ele foi internado para ser acompanhado pelos m\u00e9dicos. Durante a interna\u00e7\u00e3o, foi identificado\u00a0l\u00edquido nos pulm\u00f5es e no abd\u00f4men\u00a0do prefeito.<\/p>\n<p style=\"text-align: justify;\">Em 26 de abril, Covas utilizou suas redes sociais para afirmar que iria \u201c<em>enfrentar, combater e vencer<\/em>\u201d a doen\u00e7a. Em seu perfil no\u00a0Instagram, ele publicou uma imagem de seu filho, Tom\u00e1s, de 15 anos, e escreveu: \u201c<em>Enfrentar, combater e vencer. A luta pela vida continua, e com voc\u00ea ao meu lado, a vontade de vencer \u00e9 gigante. Obrigado por estar sempre aqui, filho. Eu te amo<\/em>\u201d.<\/p>\n<p style=\"text-align: justify;\">Em 27 de abril, ele chegou a ter alta do hospital e comemorou: \u201c<em>Mais uma vit\u00f3ria entre muitas batalhas<\/em>\u201c. Covas continuaria o tratamento em casa. Mas 5 dias depois, no domingo (2.mai), o prefeito precisou ser internado novamente.<\/p>\n<p>poder360<\/p>\n<div class='share-to-whatsapp-wrapper'><div class='share-on-whsp'>Share on: <\/div><a data-text='Morre o prefeito de S\u00e3o Paulo, Bruno Covas, aos 41 anos' data-link='https:\/\/newsinfoco.com.br\/inicio\/morre-o-prefeito-de-sao-paulo-bruno-covas-aos-41-anos\/' class='whatsapp-button whatsapp-share'>WhatsApp<\/a><div class='clear '><\/div><\/div>","protected":false},"excerpt":{"rendered":"<p>Morreu neste domingo (16.mai.2021) \u00e0s 8h20 o prefeito de S\u00e3o Paulo,\u00a0Bruno Covas\u00a0(PSDB), aos 41 anos. Ele estava internado desde 2 de maio no hospital S\u00edrio-Liban\u00eas. Fazia tratamento desde 2019 contra um c\u00e2ncer na c\u00e1rdia, entre o est\u00f4mago e o es\u00f4fago. A doen\u00e7a que se espalhou para o f\u00edgado e ossos. O vel\u00f3rio ser\u00e1 a partir [&hellip;]<\/p>\n","protected":false},"author":1,"featured_media":24710,"comment_status":"open","ping_status":"open","sticky":false,"template":"","format":"standard","meta":{"om_disable_all_campaigns":false,"_exactmetrics_skip_tracking":false,"_exactmetrics_sitenote_active":false,"_exactmetrics_sitenote_note":"","_exactmetrics_sitenote_category":0,"footnotes":""},"categories":[21],"tags":[],"class_list":["post-24709","post","type-post","status-publish","format-standard","has-post-thumbnail","hentry","category-brasil"],"aioseo_notices":[],"_links":{"self":[{"href":"https:\/\/newsinfoco.com.br\/inicio\/wp-json\/wp\/v2\/posts\/24709","targetHints":{"allow":["GET"]}}],"collection":[{"href":"https:\/\/newsinfoco.com.br\/inicio\/wp-json\/wp\/v2\/posts"}],"about":[{"href":"https:\/\/newsinfoco.com.br\/inicio\/wp-json\/wp\/v2\/types\/post"}],"author":[{"embeddable":true,"href":"https:\/\/newsinfoco.com.br\/inicio\/wp-json\/wp\/v2\/users\/1"}],"replies":[{"embeddable":true,"href":"https:\/\/newsinfoco.com.br\/inicio\/wp-json\/wp\/v2\/comments?post=24709"}],"version-history":[{"count":0,"href":"https:\/\/newsinfoco.com.br\/inicio\/wp-json\/wp\/v2\/posts\/24709\/revisions"}],"wp:featuredmedia":[{"embeddable":true,"href":"https:\/\/newsinfoco.com.br\/inicio\/wp-json\/wp\/v2\/media\/24710"}],"wp:attachment":[{"href":"https:\/\/newsinfoco.com.br\/inicio\/wp-json\/wp\/v2\/media?parent=24709"}],"wp:term":[{"taxonomy":"category","embeddable":true,"href":"https:\/\/newsinfoco.com.br\/inicio\/wp-json\/wp\/v2\/categories?post=24709"},{"taxonomy":"post_tag","embeddable":true,"href":"https:\/\/newsinfoco.com.br\/inicio\/wp-json\/wp\/v2\/tags?post=24709"}],"curies":[{"name":"wp","href":"https:\/\/api.w.org\/{rel}","templated":true}]}}