{"id":24713,"date":"2021-05-16T12:27:39","date_gmt":"2021-05-16T15:27:39","guid":{"rendered":"http:\/\/newsinfoco.com.br\/?p=24713"},"modified":"2021-05-16T12:27:39","modified_gmt":"2021-05-16T15:27:39","slug":"sem-voto-auditavel-esse-canalha-ganha-por-fraude-diz-bolsonaro-sobre-lula","status":"publish","type":"post","link":"https:\/\/newsinfoco.com.br\/inicio\/sem-voto-auditavel-esse-canalha-ganha-por-fraude-diz-bolsonaro-sobre-lula\/","title":{"rendered":"Sem voto audit\u00e1vel, \u201cesse canalha ganha por fraude\u201d, diz Bolsonaro sobre Lula"},"content":{"rendered":"<p style=\"text-align: justify;\">O presidente Jair Bolsonaro (sem partido) reuniu milhares de apoiadores em\u00a0ato\u00a0pr\u00f3-governo na Esplanada dos Minist\u00e9rios, em Bras\u00edlia, no s\u00e1bado (15.mai.2021). Em seu discurso, chamou Lula de\u00a0<em>\u201cbandido de 9 dedos\u201d<\/em>\u00a0e disse que se as elei\u00e7\u00f5es de 2022 n\u00e3o tiverem\u00a0voto audit\u00e1vel, o ex-presidente pode ganhar\u00a0<em>\u201cpela fraude\u201d.\u00a0<\/em><\/p>\n<p class=\"p1\" style=\"text-align: justify;\"><em>\u201cSe tiraram da cadeia o maior canalha da hist\u00f3ria do Brasil, se para esse canalha foi dado o direito de concorrer, o que me parece \u00e9 que se n\u00e3o tivermos o voto audit\u00e1vel, esse canalha pela fraude ganha as elei\u00e7\u00f5es do ano que vem.<span class=\"Apple-converted-space\">\u00a0\u00a0<\/span>N\u00f3s n\u00e3o podemos admitir um sistema eleitoral que \u00e9 pass\u00edvel de fraude. E eu tenho dito se o nosso Congresso Nacional aprovar a PEC do voto audit\u00e1vel da Bia Kicis, e ela for promulgada, nos teremos voto impresso em 22\u2033,<\/em>\u00a0disse o presidente.<\/p><div class=\"newsi-conteudo_19\" id=\"newsi-3902735302\"><a href=\"https:\/\/www.instagram.com\/prefeituraalagoinhas?igsh=YzgzdDJ1bWR3aWI4\" aria-label=\"SAVE_20251006_221555\"><img loading=\"lazy\" decoding=\"async\" src=\"https:\/\/newsinfoco.com.br\/inicio\/wp-content\/uploads\/2025\/10\/SAVE_20251006_221555-rotated.jpg\" alt=\"\"  srcset=\"https:\/\/newsinfoco.com.br\/inicio\/wp-content\/uploads\/2025\/10\/SAVE_20251006_221555-rotated.jpg 1140w, https:\/\/newsinfoco.com.br\/inicio\/wp-content\/uploads\/2025\/10\/SAVE_20251006_221555-300x52.jpg 300w, https:\/\/newsinfoco.com.br\/inicio\/wp-content\/uploads\/2025\/10\/SAVE_20251006_221555-1024x177.jpg 1024w, https:\/\/newsinfoco.com.br\/inicio\/wp-content\/uploads\/2025\/10\/SAVE_20251006_221555-768x133.jpg 768w, https:\/\/newsinfoco.com.br\/inicio\/wp-content\/uploads\/2025\/10\/SAVE_20251006_221555-600x104.jpg 600w, https:\/\/newsinfoco.com.br\/inicio\/wp-content\/uploads\/2025\/10\/SAVE_20251006_221555-696x120.jpg 696w, https:\/\/newsinfoco.com.br\/inicio\/wp-content\/uploads\/2025\/10\/SAVE_20251006_221555-1068x185.jpg 1068w\" sizes=\"(max-width: 1140px) 100vw, 1140px\" width=\"1140\" height=\"197\"   \/><\/a><\/div>\n<p style=\"text-align: justify;\">O presidente foi chamado de \u201cmito\u201d pelos apoiadores. Disse que muitos ali querem\u00a0<em>\u201cuma solu\u00e7\u00e3o r\u00e1pida para tudo\u201d<\/em>, mas que no governo dele\u00a0<em>\u201cn\u00e3o desafiamos nem queremos confronto com ningu\u00e9m\u201d<\/em>.<\/p>\n<p class=\"p1\" style=\"text-align: justify;\">\u201cSei que muitos de voc\u00eas querem o imediatismo, a solu\u00e7\u00e3o r\u00e1pida para tudo. Pode ter certeza. Hoje meus 22 ministros est\u00e3o perfeitamente alinhados com o prop\u00f3sito maior de servir a sua p\u00e1tria, e de preservar a nossa liberdade com sacrif\u00edcio at\u00e9 da pr\u00f3pria vida se necess\u00e1rio for\u201d.<\/p>\n<p style=\"text-align: justify;\">Disse ainda que<em>\u00a0\u201co maior poder do Brasil n\u00e3o \u00e9 o Executivo, n\u00e3o \u00e9 o Judici\u00e1rio e n\u00e3o \u00e9 o Legislativo, o maior poder s\u00e3o voc\u00eas\u201d.\u00a0<\/em><\/p>\n<p style=\"text-align: justify;\">Voltou a criticar a imprensa dizendo que ser elogiado pela\u00a0<em>Folha de S.Paulo<\/em>\u00a0ou pela\u00a0<em>Globo<\/em>\u00a0pode fazer ministros perderem o cargo. Bolsonaro afirmou \u201capanhar 24 horas por dia\u201d da m\u00eddia. \u201c<em>Mas o que esses caras n\u00e3o entendem \u00e9 que eu sou \u2018imbroch\u00e1vel&#8217;\u201d<\/em>, disse.<\/p>\n<p style=\"text-align: justify;\">RIO E EQUADOR<\/p>\n<p style=\"text-align: justify;\">Bolsonaro afirmou que no pr\u00f3ximo domingo (23) vai participar de um passeio\u00a0com motociclistas no Rio de Janeiro, contrariando as recomenda\u00e7\u00f5es de distanciamento social.\u00a0<em>\u201cA gente tem que se arriscar, tem que saber o que o povo pensa. S\u00f3 podemos saber se andarmos ao lado dele\u201d.\u00a0<\/em>Depois, embarca para o Equador,\u00a0<em>\u201cpa\u00eds que deu uma guinada \u00e0 direita\u201d.<\/em><\/p>\n<div class='share-to-whatsapp-wrapper'><div class='share-on-whsp'>Share on: <\/div><a data-text='Sem voto audit\u00e1vel, \u201cesse canalha ganha por fraude\u201d, diz Bolsonaro sobre Lula' data-link='https:\/\/newsinfoco.com.br\/inicio\/sem-voto-auditavel-esse-canalha-ganha-por-fraude-diz-bolsonaro-sobre-lula\/' class='whatsapp-button whatsapp-share'>WhatsApp<\/a><div class='clear '><\/div><\/div>","protected":false},"excerpt":{"rendered":"<p>O presidente Jair Bolsonaro (sem partido) reuniu milhares de apoiadores em\u00a0ato\u00a0pr\u00f3-governo na Esplanada dos Minist\u00e9rios, em Bras\u00edlia, no s\u00e1bado (15.mai.2021). Em seu discurso, chamou Lula de\u00a0\u201cbandido de 9 dedos\u201d\u00a0e disse que se as elei\u00e7\u00f5es de 2022 n\u00e3o tiverem\u00a0voto audit\u00e1vel, o ex-presidente pode ganhar\u00a0\u201cpela fraude\u201d.\u00a0 \u201cSe tiraram da cadeia o maior canalha da hist\u00f3ria do Brasil, [&hellip;]<\/p>\n","protected":false},"author":1,"featured_media":24714,"comment_status":"open","ping_status":"open","sticky":false,"template":"","format":"standard","meta":{"om_disable_all_campaigns":false,"_exactmetrics_skip_tracking":false,"_exactmetrics_sitenote_active":false,"_exactmetrics_sitenote_note":"","_exactmetrics_sitenote_category":0,"footnotes":""},"categories":[21],"tags":[],"class_list":["post-24713","post","type-post","status-publish","format-standard","has-post-thumbnail","hentry","category-brasil"],"aioseo_notices":[],"_links":{"self":[{"href":"https:\/\/newsinfoco.com.br\/inicio\/wp-json\/wp\/v2\/posts\/24713","targetHints":{"allow":["GET"]}}],"collection":[{"href":"https:\/\/newsinfoco.com.br\/inicio\/wp-json\/wp\/v2\/posts"}],"about":[{"href":"https:\/\/newsinfoco.com.br\/inicio\/wp-json\/wp\/v2\/types\/post"}],"author":[{"embeddable":true,"href":"https:\/\/newsinfoco.com.br\/inicio\/wp-json\/wp\/v2\/users\/1"}],"replies":[{"embeddable":true,"href":"https:\/\/newsinfoco.com.br\/inicio\/wp-json\/wp\/v2\/comments?post=24713"}],"version-history":[{"count":0,"href":"https:\/\/newsinfoco.com.br\/inicio\/wp-json\/wp\/v2\/posts\/24713\/revisions"}],"wp:featuredmedia":[{"embeddable":true,"href":"https:\/\/newsinfoco.com.br\/inicio\/wp-json\/wp\/v2\/media\/24714"}],"wp:attachment":[{"href":"https:\/\/newsinfoco.com.br\/inicio\/wp-json\/wp\/v2\/media?parent=24713"}],"wp:term":[{"taxonomy":"category","embeddable":true,"href":"https:\/\/newsinfoco.com.br\/inicio\/wp-json\/wp\/v2\/categories?post=24713"},{"taxonomy":"post_tag","embeddable":true,"href":"https:\/\/newsinfoco.com.br\/inicio\/wp-json\/wp\/v2\/tags?post=24713"}],"curies":[{"name":"wp","href":"https:\/\/api.w.org\/{rel}","templated":true}]}}