{"id":24717,"date":"2021-05-16T19:24:48","date_gmt":"2021-05-16T22:24:48","guid":{"rendered":"http:\/\/newsinfoco.com.br\/?p=24717"},"modified":"2021-05-16T19:24:48","modified_gmt":"2021-05-16T22:24:48","slug":"prefeitura-de-alagoinhas-reorganiza-rotas-do-transporte-para-a-zona-rural","status":"publish","type":"post","link":"https:\/\/newsinfoco.com.br\/inicio\/prefeitura-de-alagoinhas-reorganiza-rotas-do-transporte-para-a-zona-rural\/","title":{"rendered":"Prefeitura de Alagoinhas reorganiza rotas do transporte para a zona rural"},"content":{"rendered":"<p style=\"text-align: justify;\">Nesta segunda-feira (17), o transporte para sete rotas da zona rural, com 10 trechos, ser\u00e1 realizado por \u00f4nibus coletivos e micro-\u00f4nibus com 28 lugares, ap\u00f3s a sa\u00edda da ATP.<\/p>\n<p style=\"text-align: justify;\">Os permission\u00e1rios, que j\u00e1 atuam no sistema, t\u00eam autoriza\u00e7\u00e3o para fazer o transporte para a zona rural entre os dias 17 e 23 de maio. No decorrer da semana a presta\u00e7\u00e3o do servi\u00e7o ser\u00e1\u00a0 avaliada pela administra\u00e7\u00e3o municipal.<\/p><div class=\"newsi-conteudo_19\" id=\"newsi-643010791\"><a href=\"https:\/\/www.instagram.com\/prefeituraalagoinhas?igsh=YzgzdDJ1bWR3aWI4\" aria-label=\"SAVE_20251006_221555\"><img loading=\"lazy\" decoding=\"async\" src=\"https:\/\/newsinfoco.com.br\/inicio\/wp-content\/uploads\/2025\/10\/SAVE_20251006_221555-rotated.jpg\" alt=\"\"  srcset=\"https:\/\/newsinfoco.com.br\/inicio\/wp-content\/uploads\/2025\/10\/SAVE_20251006_221555-rotated.jpg 1140w, https:\/\/newsinfoco.com.br\/inicio\/wp-content\/uploads\/2025\/10\/SAVE_20251006_221555-300x52.jpg 300w, https:\/\/newsinfoco.com.br\/inicio\/wp-content\/uploads\/2025\/10\/SAVE_20251006_221555-1024x177.jpg 1024w, https:\/\/newsinfoco.com.br\/inicio\/wp-content\/uploads\/2025\/10\/SAVE_20251006_221555-768x133.jpg 768w, https:\/\/newsinfoco.com.br\/inicio\/wp-content\/uploads\/2025\/10\/SAVE_20251006_221555-600x104.jpg 600w, https:\/\/newsinfoco.com.br\/inicio\/wp-content\/uploads\/2025\/10\/SAVE_20251006_221555-696x120.jpg 696w, https:\/\/newsinfoco.com.br\/inicio\/wp-content\/uploads\/2025\/10\/SAVE_20251006_221555-1068x185.jpg 1068w\" sizes=\"(max-width: 1140px) 100vw, 1140px\" width=\"1140\" height=\"197\"   \/><\/a><\/div>\n<p style=\"text-align: justify;\">As decis\u00f5es foram tomadas em reuni\u00e3o que aconteceu ontem (15) com as presen\u00e7as de Andr\u00e9 Barros, secret\u00e1rio de Governo, Jurandyr Carvalho de Santana, diretor superintendente interino da SMTT, Luiz\u00a0 Henrique Sacramento Saldanha, procurador jur\u00eddico da SMTT, Osvaldo Pedro da Cruz, diretor de transporte da autarquia, e Cleidenilton Abade de Ara\u00fajo Souza, vistoriador da SMTT.<\/p>\n<p style=\"text-align: justify;\">Segundo Andr\u00e9 Barros, a administra\u00e7\u00e3o municipal trabalha para garantir o transporte aos moradores da zona rural e a expectativa \u00e9 que as suas demandas sejam atendidas a partir desta segunda-feira (17). \u201cNaturalmente, ao longo da semana, \u00e0 medida que os t\u00e9cnicos avaliarem os servi\u00e7os prestados, poderemos fazer os ajustes necess\u00e1rios para garantirmos os n\u00edveis\u00a0 de qualidade que as comunidades da zona desejam\u201d, salienta o secret\u00e1rio.<\/p>\n<div align=\"right\"><\/div>\n<div class='share-to-whatsapp-wrapper'><div class='share-on-whsp'>Share on: <\/div><a data-text='Prefeitura de Alagoinhas reorganiza rotas do transporte para a zona rural' data-link='https:\/\/newsinfoco.com.br\/inicio\/prefeitura-de-alagoinhas-reorganiza-rotas-do-transporte-para-a-zona-rural\/' class='whatsapp-button whatsapp-share'>WhatsApp<\/a><div class='clear '><\/div><\/div>","protected":false},"excerpt":{"rendered":"<p>Nesta segunda-feira (17), o transporte para sete rotas da zona rural, com 10 trechos, ser\u00e1 realizado por \u00f4nibus coletivos e micro-\u00f4nibus com 28 lugares, ap\u00f3s a sa\u00edda da ATP. Os permission\u00e1rios, que j\u00e1 atuam no sistema, t\u00eam autoriza\u00e7\u00e3o para fazer o transporte para a zona rural entre os dias 17 e 23 de maio. No [&hellip;]<\/p>\n","protected":false},"author":1,"featured_media":24718,"comment_status":"open","ping_status":"open","sticky":false,"template":"","format":"standard","meta":{"om_disable_all_campaigns":false,"_exactmetrics_skip_tracking":false,"_exactmetrics_sitenote_active":false,"_exactmetrics_sitenote_note":"","_exactmetrics_sitenote_category":0,"footnotes":""},"categories":[167],"tags":[],"class_list":["post-24717","post","type-post","status-publish","format-standard","has-post-thumbnail","hentry","category-exclusivas"],"aioseo_notices":[],"_links":{"self":[{"href":"https:\/\/newsinfoco.com.br\/inicio\/wp-json\/wp\/v2\/posts\/24717","targetHints":{"allow":["GET"]}}],"collection":[{"href":"https:\/\/newsinfoco.com.br\/inicio\/wp-json\/wp\/v2\/posts"}],"about":[{"href":"https:\/\/newsinfoco.com.br\/inicio\/wp-json\/wp\/v2\/types\/post"}],"author":[{"embeddable":true,"href":"https:\/\/newsinfoco.com.br\/inicio\/wp-json\/wp\/v2\/users\/1"}],"replies":[{"embeddable":true,"href":"https:\/\/newsinfoco.com.br\/inicio\/wp-json\/wp\/v2\/comments?post=24717"}],"version-history":[{"count":0,"href":"https:\/\/newsinfoco.com.br\/inicio\/wp-json\/wp\/v2\/posts\/24717\/revisions"}],"wp:featuredmedia":[{"embeddable":true,"href":"https:\/\/newsinfoco.com.br\/inicio\/wp-json\/wp\/v2\/media\/24718"}],"wp:attachment":[{"href":"https:\/\/newsinfoco.com.br\/inicio\/wp-json\/wp\/v2\/media?parent=24717"}],"wp:term":[{"taxonomy":"category","embeddable":true,"href":"https:\/\/newsinfoco.com.br\/inicio\/wp-json\/wp\/v2\/categories?post=24717"},{"taxonomy":"post_tag","embeddable":true,"href":"https:\/\/newsinfoco.com.br\/inicio\/wp-json\/wp\/v2\/tags?post=24717"}],"curies":[{"name":"wp","href":"https:\/\/api.w.org\/{rel}","templated":true}]}}