{"id":2535,"date":"2018-04-14T13:46:52","date_gmt":"2018-04-14T16:46:52","guid":{"rendered":"http:\/\/newsinfoco.com.br\/?p=2535"},"modified":"2018-04-14T13:46:52","modified_gmt":"2018-04-14T16:46:52","slug":"criancas-e-adolescentes-participam-de-oficina-de-futebol-no-cras-da-praca-do-ceu-em-alagoinhas","status":"publish","type":"post","link":"https:\/\/newsinfoco.com.br\/inicio\/criancas-e-adolescentes-participam-de-oficina-de-futebol-no-cras-da-praca-do-ceu-em-alagoinhas\/","title":{"rendered":"Crian\u00e7as e adolescentes  participam de oficina de futebol no CRAS da Pra\u00e7a do CEU em Alagoinhas"},"content":{"rendered":"<p style=\"text-align: justify;\"><span style=\"color: #000000;\">A Prefeitura de Alagoinhas tem se empenhado em desenvolver a\u00e7\u00f5es que estimulem os jovens a pr\u00e1tica esportiva, por isto, a Secretaria Municipal de Assist\u00eancia Social (SEMAS) realizou na tarde de sexta-feira (14) um encontro com crian\u00e7as e adolescentes assistidos pelo Centro de Refer\u00eancia de Assist\u00eancia Social (CRAS) \u2013 Pra\u00e7a do CEU para oficinas de futebol. A inten\u00e7\u00e3o \u00e9 prevenir as situa\u00e7\u00f5es de riscos sociais e fortalecer os v\u00ednculos e incentivar a socializa\u00e7\u00e3o e a conviv\u00eancia com a comunidade.<\/span><\/p>\n<div style=\"text-align: justify;\" align=\"right\"><span style=\"color: #000000;\">\u00a0<\/span><\/div>\n<h6 align=\"right\"><span style=\"color: #999999;\">fonte:SECOM,SEMAS,CRAS,prefeitura<\/span><\/h6>\n<div class='share-to-whatsapp-wrapper'><div class='share-on-whsp'>Share on: <\/div><a data-text='Crian\u00e7as e adolescentes  participam de oficina de futebol no CRAS da Pra\u00e7a do CEU em Alagoinhas' data-link='https:\/\/newsinfoco.com.br\/inicio\/criancas-e-adolescentes-participam-de-oficina-de-futebol-no-cras-da-praca-do-ceu-em-alagoinhas\/' class='whatsapp-button whatsapp-share'>WhatsApp<\/a><div class='clear '><\/div><\/div>","protected":false},"excerpt":{"rendered":"<p>A Prefeitura de Alagoinhas tem se empenhado em desenvolver a\u00e7\u00f5es que estimulem os jovens a pr\u00e1tica esportiva, por isto, a Secretaria Municipal de Assist\u00eancia Social (SEMAS) realizou na tarde de sexta-feira (14) um encontro com crian\u00e7as e adolescentes assistidos pelo Centro de Refer\u00eancia de Assist\u00eancia Social (CRAS) \u2013 Pra\u00e7a do CEU para oficinas de futebol. [&hellip;]<\/p>\n","protected":false},"author":1,"featured_media":166,"comment_status":"open","ping_status":"open","sticky":false,"template":"","format":"standard","meta":{"om_disable_all_campaigns":false,"_exactmetrics_skip_tracking":false,"_exactmetrics_sitenote_active":false,"_exactmetrics_sitenote_note":"","_exactmetrics_sitenote_category":0,"footnotes":""},"categories":[38,30],"tags":[53,65,54,59],"class_list":["post-2535","post","type-post","status-publish","format-standard","has-post-thumbnail","hentry","category-alagoinhas-e-regiao","category-destaque","tag-alagoinhas","tag-cras","tag-prefeitura","tag-semas"],"aioseo_notices":[],"_links":{"self":[{"href":"https:\/\/newsinfoco.com.br\/inicio\/wp-json\/wp\/v2\/posts\/2535","targetHints":{"allow":["GET"]}}],"collection":[{"href":"https:\/\/newsinfoco.com.br\/inicio\/wp-json\/wp\/v2\/posts"}],"about":[{"href":"https:\/\/newsinfoco.com.br\/inicio\/wp-json\/wp\/v2\/types\/post"}],"author":[{"embeddable":true,"href":"https:\/\/newsinfoco.com.br\/inicio\/wp-json\/wp\/v2\/users\/1"}],"replies":[{"embeddable":true,"href":"https:\/\/newsinfoco.com.br\/inicio\/wp-json\/wp\/v2\/comments?post=2535"}],"version-history":[{"count":0,"href":"https:\/\/newsinfoco.com.br\/inicio\/wp-json\/wp\/v2\/posts\/2535\/revisions"}],"wp:featuredmedia":[{"embeddable":true,"href":"https:\/\/newsinfoco.com.br\/inicio\/wp-json\/wp\/v2\/media\/166"}],"wp:attachment":[{"href":"https:\/\/newsinfoco.com.br\/inicio\/wp-json\/wp\/v2\/media?parent=2535"}],"wp:term":[{"taxonomy":"category","embeddable":true,"href":"https:\/\/newsinfoco.com.br\/inicio\/wp-json\/wp\/v2\/categories?post=2535"},{"taxonomy":"post_tag","embeddable":true,"href":"https:\/\/newsinfoco.com.br\/inicio\/wp-json\/wp\/v2\/tags?post=2535"}],"curies":[{"name":"wp","href":"https:\/\/api.w.org\/{rel}","templated":true}]}}