{"id":2542,"date":"2018-04-14T14:08:37","date_gmt":"2018-04-14T17:08:37","guid":{"rendered":"http:\/\/newsinfoco.com.br\/?p=2542"},"modified":"2018-04-14T14:08:37","modified_gmt":"2018-04-14T17:08:37","slug":"semas-promove-bate-papo-com-assistidos-pelo-cras-no-projeto-sala-de-espera","status":"publish","type":"post","link":"https:\/\/newsinfoco.com.br\/inicio\/semas-promove-bate-papo-com-assistidos-pelo-cras-no-projeto-sala-de-espera\/","title":{"rendered":"SEMAS promove bate-papo com assistidos pelo CRAS no projeto Sala de Espera"},"content":{"rendered":"<p style=\"text-align: justify;\"><span style=\"color: #000000;\">A fim de esclarecer d\u00favidas sobre os servi\u00e7os e programas oferecidos pela Secretaria Municipal de Assist\u00eancia Social (SEMAS), \u00e9 que foi promovido um bate-papo com as pessoas assistidas pelo Centro de Refer\u00eancia de Assist\u00eancia Social (CRAS). No projeto Sala de Espera s\u00e3o esclarecidas as diferen\u00e7as entre os atendimentos e a\u00e7\u00f5es realizadas pela secretaria e pelo CRAS, o papel da equipe do centro de refer\u00eancia em rela\u00e7\u00e3o \u00e0s fam\u00edlias, sobre as atividades de car\u00e1ter continuado, entre outras. \u201cO di\u00e1logo com a popula\u00e7\u00e3o \u00e9 fundamental\u00a0 tanto para o acesso e melhoria da presta\u00e7\u00e3o de servi\u00e7o, quanto para desenvolvimento destas pessoas. N\u00f3s trabalhamos de forma transparente para que cada um saiba seus direitos e como reivindic\u00e1-los junto a secretaria\u201d, afirma Alfredo Menezes, secret\u00e1rio de assist\u00eancia social.<\/span><\/p>\n<h6 style=\"text-align: right;\"><span style=\"color: #999999;\">Fonte: SECOM SEMAS Prefeitura<\/span><\/h6>\n<div style=\"text-align: justify;\" align=\"right\"><span style=\"color: #000000;\">\u00a0<\/span><\/div>\n<div class='share-to-whatsapp-wrapper'><div class='share-on-whsp'>Share on: <\/div><a data-text='SEMAS promove bate-papo com assistidos pelo CRAS no projeto Sala de Espera' data-link='https:\/\/newsinfoco.com.br\/inicio\/semas-promove-bate-papo-com-assistidos-pelo-cras-no-projeto-sala-de-espera\/' class='whatsapp-button whatsapp-share'>WhatsApp<\/a><div class='clear '><\/div><\/div>","protected":false},"excerpt":{"rendered":"<p>A fim de esclarecer d\u00favidas sobre os servi\u00e7os e programas oferecidos pela Secretaria Municipal de Assist\u00eancia Social (SEMAS), \u00e9 que foi promovido um bate-papo com as pessoas assistidas pelo Centro de Refer\u00eancia de Assist\u00eancia Social (CRAS). No projeto Sala de Espera s\u00e3o esclarecidas as diferen\u00e7as entre os atendimentos e a\u00e7\u00f5es realizadas pela secretaria e pelo [&hellip;]<\/p>\n","protected":false},"author":1,"featured_media":172,"comment_status":"open","ping_status":"open","sticky":false,"template":"","format":"standard","meta":{"om_disable_all_campaigns":false,"_exactmetrics_skip_tracking":false,"_exactmetrics_sitenote_active":false,"_exactmetrics_sitenote_note":"","_exactmetrics_sitenote_category":0,"footnotes":""},"categories":[38,30],"tags":[53,54,59],"class_list":["post-2542","post","type-post","status-publish","format-standard","has-post-thumbnail","hentry","category-alagoinhas-e-regiao","category-destaque","tag-alagoinhas","tag-prefeitura","tag-semas"],"aioseo_notices":[],"_links":{"self":[{"href":"https:\/\/newsinfoco.com.br\/inicio\/wp-json\/wp\/v2\/posts\/2542","targetHints":{"allow":["GET"]}}],"collection":[{"href":"https:\/\/newsinfoco.com.br\/inicio\/wp-json\/wp\/v2\/posts"}],"about":[{"href":"https:\/\/newsinfoco.com.br\/inicio\/wp-json\/wp\/v2\/types\/post"}],"author":[{"embeddable":true,"href":"https:\/\/newsinfoco.com.br\/inicio\/wp-json\/wp\/v2\/users\/1"}],"replies":[{"embeddable":true,"href":"https:\/\/newsinfoco.com.br\/inicio\/wp-json\/wp\/v2\/comments?post=2542"}],"version-history":[{"count":0,"href":"https:\/\/newsinfoco.com.br\/inicio\/wp-json\/wp\/v2\/posts\/2542\/revisions"}],"wp:featuredmedia":[{"embeddable":true,"href":"https:\/\/newsinfoco.com.br\/inicio\/wp-json\/wp\/v2\/media\/172"}],"wp:attachment":[{"href":"https:\/\/newsinfoco.com.br\/inicio\/wp-json\/wp\/v2\/media?parent=2542"}],"wp:term":[{"taxonomy":"category","embeddable":true,"href":"https:\/\/newsinfoco.com.br\/inicio\/wp-json\/wp\/v2\/categories?post=2542"},{"taxonomy":"post_tag","embeddable":true,"href":"https:\/\/newsinfoco.com.br\/inicio\/wp-json\/wp\/v2\/tags?post=2542"}],"curies":[{"name":"wp","href":"https:\/\/api.w.org\/{rel}","templated":true}]}}