{"id":2548,"date":"2018-04-14T14:18:53","date_gmt":"2018-04-14T17:18:53","guid":{"rendered":"http:\/\/newsinfoco.com.br\/?p=2548"},"modified":"2018-04-14T14:18:53","modified_gmt":"2018-04-14T17:18:53","slug":"prefeitura-de-alagoinhas-realiza-mutirao-intermunicipal-de-saude-para-triagem-de-cirurgias-de-catarata","status":"publish","type":"post","link":"https:\/\/newsinfoco.com.br\/inicio\/prefeitura-de-alagoinhas-realiza-mutirao-intermunicipal-de-saude-para-triagem-de-cirurgias-de-catarata\/","title":{"rendered":"Prefeitura de Alagoinhas realiza mutir\u00e3o intermunicipal de sa\u00fade para triagem de cirurgias de catarata"},"content":{"rendered":"<p style=\"text-align: justify;\"><span style=\"color: #000000;\">Integrada a uma macrorregi\u00e3o, Alagoinhas tem responsabilidades que ultrapassam os limites do munic\u00edpio. Isto porque \u00e9 sede regional de sa\u00fade, logo, a Secretaria Municipal de Sa\u00fade (SESAU) desenvolve a\u00e7\u00f5es articuladas com o governo estadual no sentido de oferecer servi\u00e7os aos munic\u00edpios vizinhos promovendo mutir\u00f5es. Nesta semana equipes da SESAU estiveram em Catu para realiza\u00e7\u00e3o do processo de triagem para cirurgia de catarata, de acordo com o secret\u00e1rio Moacir Lira outras iniciativas neste sentido ser\u00e3o promovidas. \u201cN\u00f3s precisamos ter a\u00e7\u00f5es locais e regionais porque isso \u00e9 reflexo da nossa potencialidade e n\u00f3s temos responsabilidade com a sa\u00fade das pessoas inseridas nesta macrorregi\u00e3o\u201d, afirma.<\/span><\/p>\n<h6 style=\"text-align: justify;\" align=\"right\"><span style=\"color: #999999;\">\u00a0<\/span><\/h6>\n<h6 align=\"right\"><span style=\"color: #999999;\">fonte:SECOM,SESAU,prefeitura<\/span><\/h6>\n<div class='share-to-whatsapp-wrapper'><div class='share-on-whsp'>Share on: <\/div><a data-text='Prefeitura de Alagoinhas realiza mutir\u00e3o intermunicipal de sa\u00fade para triagem de cirurgias de catarata' data-link='https:\/\/newsinfoco.com.br\/inicio\/prefeitura-de-alagoinhas-realiza-mutirao-intermunicipal-de-saude-para-triagem-de-cirurgias-de-catarata\/' class='whatsapp-button whatsapp-share'>WhatsApp<\/a><div class='clear '><\/div><\/div>","protected":false},"excerpt":{"rendered":"<p>Integrada a uma macrorregi\u00e3o, Alagoinhas tem responsabilidades que ultrapassam os limites do munic\u00edpio. Isto porque \u00e9 sede regional de sa\u00fade, logo, a Secretaria Municipal de Sa\u00fade (SESAU) desenvolve a\u00e7\u00f5es articuladas com o governo estadual no sentido de oferecer servi\u00e7os aos munic\u00edpios vizinhos promovendo mutir\u00f5es. Nesta semana equipes da SESAU estiveram em Catu para realiza\u00e7\u00e3o do [&hellip;]<\/p>\n","protected":false},"author":1,"featured_media":166,"comment_status":"open","ping_status":"open","sticky":false,"template":"","format":"standard","meta":{"om_disable_all_campaigns":false,"_exactmetrics_skip_tracking":false,"_exactmetrics_sitenote_active":false,"_exactmetrics_sitenote_note":"","_exactmetrics_sitenote_category":0,"footnotes":""},"categories":[38,30],"tags":[53,54,58],"class_list":["post-2548","post","type-post","status-publish","format-standard","has-post-thumbnail","hentry","category-alagoinhas-e-regiao","category-destaque","tag-alagoinhas","tag-prefeitura","tag-sesau"],"aioseo_notices":[],"_links":{"self":[{"href":"https:\/\/newsinfoco.com.br\/inicio\/wp-json\/wp\/v2\/posts\/2548","targetHints":{"allow":["GET"]}}],"collection":[{"href":"https:\/\/newsinfoco.com.br\/inicio\/wp-json\/wp\/v2\/posts"}],"about":[{"href":"https:\/\/newsinfoco.com.br\/inicio\/wp-json\/wp\/v2\/types\/post"}],"author":[{"embeddable":true,"href":"https:\/\/newsinfoco.com.br\/inicio\/wp-json\/wp\/v2\/users\/1"}],"replies":[{"embeddable":true,"href":"https:\/\/newsinfoco.com.br\/inicio\/wp-json\/wp\/v2\/comments?post=2548"}],"version-history":[{"count":0,"href":"https:\/\/newsinfoco.com.br\/inicio\/wp-json\/wp\/v2\/posts\/2548\/revisions"}],"wp:featuredmedia":[{"embeddable":true,"href":"https:\/\/newsinfoco.com.br\/inicio\/wp-json\/wp\/v2\/media\/166"}],"wp:attachment":[{"href":"https:\/\/newsinfoco.com.br\/inicio\/wp-json\/wp\/v2\/media?parent=2548"}],"wp:term":[{"taxonomy":"category","embeddable":true,"href":"https:\/\/newsinfoco.com.br\/inicio\/wp-json\/wp\/v2\/categories?post=2548"},{"taxonomy":"post_tag","embeddable":true,"href":"https:\/\/newsinfoco.com.br\/inicio\/wp-json\/wp\/v2\/tags?post=2548"}],"curies":[{"name":"wp","href":"https:\/\/api.w.org\/{rel}","templated":true}]}}