{"id":2552,"date":"2018-04-14T16:37:25","date_gmt":"2018-04-14T19:37:25","guid":{"rendered":"http:\/\/newsinfoco.com.br\/?p=2552"},"modified":"2018-04-14T16:37:25","modified_gmt":"2018-04-14T19:37:25","slug":"jaques-wagner-reafirma-que-nao-e-plano-b-a-lula","status":"publish","type":"post","link":"https:\/\/newsinfoco.com.br\/inicio\/jaques-wagner-reafirma-que-nao-e-plano-b-a-lula\/","title":{"rendered":"Jaques Wagner reafirma que n\u00e3o \u00e9 plano B a Lula"},"content":{"rendered":"<p style=\"text-align: justify;\">\n<p style=\"text-align: justify;\">O ex-governador da Bahia, Jaques Wagner (PT) disse que o momento n\u00e3o \u00e9 o ideal para discutir nomes que possam substituir o ex-presidente Lula, condenado e preso pela Opera\u00e7\u00e3o Lava Jato, nas pr\u00f3ximas elei\u00e7\u00f5es. Ele conversou sobre o assunto com a imprensa em coletiva na Assembleia Legislativa da Bahia (AL-BA), onde aconteceu sess\u00e3o solene em solidariedade ao ex-presidente Lula. \u201cN\u00e3o vai haver esse pedido porque eu vou trabalhar e ele tamb\u00e9m. \u00c9 desejo de 43% da popula\u00e7\u00e3o brasileira. Eu antes dizia que n\u00e3o tinha plano. Agora eu sou plano dois \u2018ls\u2019. N\u00e3o discuto esse tema. \u00c9 proibido. Eu n\u00e3o discuto, nem o PT discute isso\u201d, disse. Ainda na oportunidade, questionado se temia ser preso por causa de investiga\u00e7\u00f5es da Opera\u00e7\u00e3o Cart\u00e3o Vermelho, o ex-governador minimizou: \u201cEu estou sem foro h\u00e1 muito tempo. Eu n\u00e3o acho que a quest\u00e3o da prerrogativa seja uma quest\u00e3o que garanta ningu\u00e9m. Se de novo, for a subjetividade que prende&#8230; A\u00ed, tudo bem. Mas at\u00e9 agora n\u00e3o vejo amea\u00e7a a nenhuma pessoa. Ningu\u00e9m gosta de ser preso, mas eu tamb\u00e9m n\u00e3o vou ficar me escondendo\u201d.<\/p>\n<p style=\"text-align: justify;\">Na \u00faltima quarta-feira, enquanto esteve na sede da Pol\u00edcia Federal, em Curitiba, onde participou de vig\u00edlias ao lado de militantes o ex-gestor do governo baiano,\u00a0 defendeu a uni\u00e3o das esquerdas durante o pr\u00f3ximo pleito em torno de um \u00fanico candidato \u201cprogressista\u201d. \u201cO nome \u00e9 consequ\u00eancia da for\u00e7a dessa plataforma\u201d, disse. \u201cSe vier a interdi\u00e7\u00e3o, eu acho que a gente j\u00e1 ter\u00e1 acumulado o suficiente para escolher algu\u00e9m dentro ou fora do partido\u201d, cogitou. O petista afirmou tamb\u00e9m que \u201ccomo por enquanto n\u00e3o est\u00e1 consolidada a candidatura de Lula, todo mundo tem direito de lan\u00e7ar sua pr\u00f3pria candidatura\u201d. Ele espera, no entanto, que a esquerda se una mais adiante. \u201cQuando a gente se reunir para discutir programa de governo, frente que nos unifica, n\u00e3o sei por que algu\u00e9m n\u00e3o viria\u201d. Reafirmando sua candidatura ao Senado Federal, disse que o \u00fanico plano existente \u00e9 o \u201cplano L\u201d (de Lula).<\/p>\n<p style=\"text-align: justify;\">Ap\u00f3s as declara\u00e7\u00f5es, o presidente nacional do PDT, Carlos Lupi, afirmou ver com dificuldade uma candidatura \u00fanica da esquerda para as elei\u00e7\u00f5es presidenciais em outubro. A legenda dele pretende lan\u00e7ar Ciro Gomes ao Planalto. &#8220;\u00c9 dif\u00edcil porque todo mundo coloca a sua candidatura. Sempre que h\u00e1 discuss\u00e3o sobre candidatura \u00fanica todo mundo acha que tem que ser o seu (candidato)&#8221;, afirmou Lupi ao jornal O Globo.<\/p><div class=\"newsi-conteudo_19\" id=\"newsi-3360051280\"><a href=\"https:\/\/www.instagram.com\/prefeituraalagoinhas?igsh=YzgzdDJ1bWR3aWI4\" aria-label=\"SAVE_20251006_221555\"><img loading=\"lazy\" decoding=\"async\" src=\"https:\/\/newsinfoco.com.br\/inicio\/wp-content\/uploads\/2025\/10\/SAVE_20251006_221555-rotated.jpg\" alt=\"\"  srcset=\"https:\/\/newsinfoco.com.br\/inicio\/wp-content\/uploads\/2025\/10\/SAVE_20251006_221555-rotated.jpg 1140w, https:\/\/newsinfoco.com.br\/inicio\/wp-content\/uploads\/2025\/10\/SAVE_20251006_221555-300x52.jpg 300w, https:\/\/newsinfoco.com.br\/inicio\/wp-content\/uploads\/2025\/10\/SAVE_20251006_221555-1024x177.jpg 1024w, https:\/\/newsinfoco.com.br\/inicio\/wp-content\/uploads\/2025\/10\/SAVE_20251006_221555-768x133.jpg 768w, https:\/\/newsinfoco.com.br\/inicio\/wp-content\/uploads\/2025\/10\/SAVE_20251006_221555-600x104.jpg 600w, https:\/\/newsinfoco.com.br\/inicio\/wp-content\/uploads\/2025\/10\/SAVE_20251006_221555-696x120.jpg 696w, https:\/\/newsinfoco.com.br\/inicio\/wp-content\/uploads\/2025\/10\/SAVE_20251006_221555-1068x185.jpg 1068w\" sizes=\"(max-width: 1140px) 100vw, 1140px\" width=\"1140\" height=\"197\"   \/><\/a><\/div>\n<p style=\"text-align: justify;\"><b>\u201cDiscuto o meu lugar, e o lugar de Wagner \u00e9 do PT\u201d<br \/>\n<\/b><\/p>\n<p style=\"text-align: justify;\">A senadora L\u00eddice da Mata (PSB) ainda tem esperan\u00e7as de integrar a chapa majorit\u00e1ria de Rui Costa. E ontem ela afirmou que a inclus\u00e3o do seu nome n\u00e3o seria para ocupar uma poss\u00edvel vaga deixada pelo ex-governador Jaques Wagner (PT). A presidente estadual disse que ir\u00e1 se reunir com o PSB para receber os novos filiados e \u201cconversar sobre a conjuntura pol\u00edtica na Bahia\u201d.<\/p>\n<p style=\"text-align: justify;\">Indagada sobre a possibilidade de Wagner sair da chapa para acomodar outros integrantes, L\u00eddice garantiu que o espa\u00e7o do PSB n\u00e3o tem rela\u00e7\u00e3o com o do PT na chapa. \u201cN\u00e3o h\u00e1 contraposi\u00e7\u00e3o entre o meu espa\u00e7o pol\u00edtico e o de Wagner\u201d, completou. Ela pontuou que ainda n\u00e3o decidiu sobre a sua pr\u00f3pria candidatura. Vale lembrar que a outra vaga da majorit\u00e1ria, ao que tudo indica, ser\u00e1 de \u00c2ngelo Coronel (PSD).<\/p>\n<p style=\"text-align: justify;\">\u00a0L\u00eddice planeja ser candidata \u00e0 reelei\u00e7\u00e3o com ou sem o apoio do governador Rui Costa. Essa foi uma das raz\u00f5es pelas quais o presidente do PSB, Carlos Siqueira, veio a Salvador, em janeiro. A ideia \u00e9 que a legenda possa costurar uma candidatura independente, j\u00e1 que a socialista n\u00e3o deve ter espa\u00e7o na chapa majorit\u00e1ria do Pal\u00e1cio de Ondina.<\/p>\n<p>&nbsp;<\/p>\n<h6 style=\"text-align: right;\">Por Henrique Brinco<\/h6>\n<h6 style=\"text-align: right;\">Fonte:Tribunadabahia<\/h6>\n<div class='share-to-whatsapp-wrapper'><div class='share-on-whsp'>Share on: <\/div><a data-text='Jaques Wagner reafirma que n\u00e3o \u00e9 plano B a Lula' data-link='https:\/\/newsinfoco.com.br\/inicio\/jaques-wagner-reafirma-que-nao-e-plano-b-a-lula\/' class='whatsapp-button whatsapp-share'>WhatsApp<\/a><div class='clear '><\/div><\/div>","protected":false},"excerpt":{"rendered":"<p>O ex-governador da Bahia, Jaques Wagner (PT) disse que o momento n\u00e3o \u00e9 o ideal para discutir nomes que possam substituir o ex-presidente Lula, condenado e preso pela Opera\u00e7\u00e3o Lava Jato, nas pr\u00f3ximas elei\u00e7\u00f5es. Ele conversou sobre o assunto com a imprensa em coletiva na Assembleia Legislativa da Bahia (AL-BA), onde aconteceu sess\u00e3o solene em [&hellip;]<\/p>\n","protected":false},"author":1,"featured_media":2553,"comment_status":"open","ping_status":"open","sticky":false,"template":"","format":"standard","meta":{"om_disable_all_campaigns":false,"_exactmetrics_skip_tracking":false,"_exactmetrics_sitenote_active":false,"_exactmetrics_sitenote_note":"","_exactmetrics_sitenote_category":0,"footnotes":""},"categories":[21],"tags":[],"class_list":["post-2552","post","type-post","status-publish","format-standard","has-post-thumbnail","hentry","category-brasil"],"aioseo_notices":[],"_links":{"self":[{"href":"https:\/\/newsinfoco.com.br\/inicio\/wp-json\/wp\/v2\/posts\/2552","targetHints":{"allow":["GET"]}}],"collection":[{"href":"https:\/\/newsinfoco.com.br\/inicio\/wp-json\/wp\/v2\/posts"}],"about":[{"href":"https:\/\/newsinfoco.com.br\/inicio\/wp-json\/wp\/v2\/types\/post"}],"author":[{"embeddable":true,"href":"https:\/\/newsinfoco.com.br\/inicio\/wp-json\/wp\/v2\/users\/1"}],"replies":[{"embeddable":true,"href":"https:\/\/newsinfoco.com.br\/inicio\/wp-json\/wp\/v2\/comments?post=2552"}],"version-history":[{"count":0,"href":"https:\/\/newsinfoco.com.br\/inicio\/wp-json\/wp\/v2\/posts\/2552\/revisions"}],"wp:featuredmedia":[{"embeddable":true,"href":"https:\/\/newsinfoco.com.br\/inicio\/wp-json\/wp\/v2\/media\/2553"}],"wp:attachment":[{"href":"https:\/\/newsinfoco.com.br\/inicio\/wp-json\/wp\/v2\/media?parent=2552"}],"wp:term":[{"taxonomy":"category","embeddable":true,"href":"https:\/\/newsinfoco.com.br\/inicio\/wp-json\/wp\/v2\/categories?post=2552"},{"taxonomy":"post_tag","embeddable":true,"href":"https:\/\/newsinfoco.com.br\/inicio\/wp-json\/wp\/v2\/tags?post=2552"}],"curies":[{"name":"wp","href":"https:\/\/api.w.org\/{rel}","templated":true}]}}