{"id":2558,"date":"2018-04-14T16:49:58","date_gmt":"2018-04-14T19:49:58","guid":{"rendered":"http:\/\/newsinfoco.com.br\/?p=2558"},"modified":"2018-04-14T16:49:58","modified_gmt":"2018-04-14T19:49:58","slug":"secretaria-de-agricultura-e-diretor-geral-da-adab-reunem-corpo-tecnico-da-agencia","status":"publish","type":"post","link":"https:\/\/newsinfoco.com.br\/inicio\/secretaria-de-agricultura-e-diretor-geral-da-adab-reunem-corpo-tecnico-da-agencia\/","title":{"rendered":"Secret\u00e1ria de Agricultura e Diretor-geral da ADAB re\u00fanem corpo t\u00e9cnico da ag\u00eancia"},"content":{"rendered":"<p style=\"text-align: justify;\"><span style=\"color: #000000;\">Na manh\u00e3 da quinta-feira (12) a Secret\u00e1ria de Agricultura, Pecu\u00e1ria, Irriga\u00e7\u00e3o, Pesca e Aquicultura (SEAGRI), Andr\u00e9a Mendon\u00e7a, esteve reunida com o Diretor-geral da Ag\u00eancia de Defesa Agropecu\u00e1ria (ADAB), Bruno Almeida, e com diretores e servidores da ag\u00eancia. Na pauta, o alinhamento de a\u00e7\u00f5es que est\u00e3o sendo executadas pela ag\u00eancia, al\u00e9m da apresenta\u00e7\u00e3o \u00e0 Secret\u00e1ria do Projeto de Moderniza\u00e7\u00e3o da ADAB. Tamb\u00e9m foi exposta a miss\u00e3o das respectivas diretorias.<\/span><\/p>\n<p style=\"text-align: justify;\"><span style=\"color: #000000;\">Para Andr\u00e9a Mendon\u00e7a esse \u00e9 um momento de alinhamento e de execu\u00e7\u00e3o das a\u00e7\u00f5es de governo. \u201cEstamos nesse processo de mudan\u00e7as, por\u00e9m cientes da situa\u00e7\u00e3o da ag\u00eancia. Esse \u00e9 um pedido do Governador, Rui Costa, para que a gente possa dar agilidade em todos os processos existentes e que as secretarias, autarquias e \u00f3rg\u00e3os como um todo mantenham o ritmo acelerado. Fico feliz em ter na ADAB uma equipe altamente qualificada. Estou levando o projeto de moderniza\u00e7\u00e3o para fazer uma an\u00e1lise minuciosa. E claro, reiterar que a SEAGRI est\u00e1 \u00e0 disposi\u00e7\u00e3o da ADAB e de toda a sociedade baiana\u201d, pontuou.<\/span><\/p><div class=\"newsi-conteudo_19\" id=\"newsi-751208070\"><a href=\"https:\/\/www.instagram.com\/prefeituraalagoinhas?igsh=YzgzdDJ1bWR3aWI4\" aria-label=\"SAVE_20251006_221555\"><img loading=\"lazy\" decoding=\"async\" src=\"https:\/\/newsinfoco.com.br\/inicio\/wp-content\/uploads\/2025\/10\/SAVE_20251006_221555-rotated.jpg\" alt=\"\"  srcset=\"https:\/\/newsinfoco.com.br\/inicio\/wp-content\/uploads\/2025\/10\/SAVE_20251006_221555-rotated.jpg 1140w, https:\/\/newsinfoco.com.br\/inicio\/wp-content\/uploads\/2025\/10\/SAVE_20251006_221555-300x52.jpg 300w, https:\/\/newsinfoco.com.br\/inicio\/wp-content\/uploads\/2025\/10\/SAVE_20251006_221555-1024x177.jpg 1024w, https:\/\/newsinfoco.com.br\/inicio\/wp-content\/uploads\/2025\/10\/SAVE_20251006_221555-768x133.jpg 768w, https:\/\/newsinfoco.com.br\/inicio\/wp-content\/uploads\/2025\/10\/SAVE_20251006_221555-600x104.jpg 600w, https:\/\/newsinfoco.com.br\/inicio\/wp-content\/uploads\/2025\/10\/SAVE_20251006_221555-696x120.jpg 696w, https:\/\/newsinfoco.com.br\/inicio\/wp-content\/uploads\/2025\/10\/SAVE_20251006_221555-1068x185.jpg 1068w\" sizes=\"(max-width: 1140px) 100vw, 1140px\" width=\"1140\" height=\"197\"   \/><\/a><\/div>\n<p style=\"text-align: justify;\"><span style=\"color: #000000;\">J\u00e1 o Diretor-geral, Bruno Almeida, enfatizou a presen\u00e7a da Secret\u00e1ria na institui\u00e7\u00e3o para mostrar que o trabalho que vinha sendo executado permanece com responsabilidade e compromisso com a defesa agropecu\u00e1ria e os baianos. \u201cTemos a tranquilidade do trabalho que foi executado por dois grandes gestores, o ex-Secret\u00e1rio e o ex-Diretor-geral, que deixaram tanto a SEAGRI como a ADAB com projetos em andamento, recursos em caixa e excelentes id\u00e9ias para o futuro. Temos a responsabilidade de manter e aprimorar essas a\u00e7\u00f5es para que a nossa ag\u00eancia desenvolva um trabalho de excel\u00eancia no Estado, garantindo assim, o desenvolvimento do agroneg\u00f3cio e o desenvolvimento da Bahia\u201d.<\/span><\/p>\n<p style=\"text-align: justify;\"><span style=\"color: #000000;\">Ap\u00f3s a reuni\u00e3o da ADAB, a Secret\u00e1ria acompanhada dos diretores realizou a posse do novo diretor da Bahia Pesca.<\/span><\/p>\n<p style=\"text-align: justify;\"><span style=\"color: #000000;\">Participaram da reuni\u00e3o os diretores de Defesa Animal (DDSA), Rui Leal, Defesa Vegetal(DDSV), Ros\u00e2ngela Knupp, Inspe\u00e7\u00e3o (DIPA), Willadesmon Santos, o Assessor Especial, Jo\u00e3o Rabelo, coordenadores e o corpo jur\u00eddico da ADAB.<\/span><\/p>\n<p>&nbsp;<\/p>\n<h6 style=\"text-align: right;\"><span style=\"color: #999999;\">Fonte:Ascom-ADAB<\/span><\/h6>\n<div class='share-to-whatsapp-wrapper'><div class='share-on-whsp'>Share on: <\/div><a data-text='Secret\u00e1ria de Agricultura e Diretor-geral da ADAB re\u00fanem corpo t\u00e9cnico da ag\u00eancia' data-link='https:\/\/newsinfoco.com.br\/inicio\/secretaria-de-agricultura-e-diretor-geral-da-adab-reunem-corpo-tecnico-da-agencia\/' class='whatsapp-button whatsapp-share'>WhatsApp<\/a><div class='clear '><\/div><\/div>","protected":false},"excerpt":{"rendered":"<p>Na manh\u00e3 da quinta-feira (12) a Secret\u00e1ria de Agricultura, Pecu\u00e1ria, Irriga\u00e7\u00e3o, Pesca e Aquicultura (SEAGRI), Andr\u00e9a Mendon\u00e7a, esteve reunida com o Diretor-geral da Ag\u00eancia de Defesa Agropecu\u00e1ria (ADAB), Bruno Almeida, e com diretores e servidores da ag\u00eancia. Na pauta, o alinhamento de a\u00e7\u00f5es que est\u00e3o sendo executadas pela ag\u00eancia, al\u00e9m da apresenta\u00e7\u00e3o \u00e0 Secret\u00e1ria do [&hellip;]<\/p>\n","protected":false},"author":1,"featured_media":2559,"comment_status":"open","ping_status":"open","sticky":false,"template":"","format":"standard","meta":{"om_disable_all_campaigns":false,"_exactmetrics_skip_tracking":false,"_exactmetrics_sitenote_active":false,"_exactmetrics_sitenote_note":"","_exactmetrics_sitenote_category":0,"footnotes":""},"categories":[19],"tags":[],"class_list":["post-2558","post","type-post","status-publish","format-standard","has-post-thumbnail","hentry","category-bahia"],"aioseo_notices":[],"_links":{"self":[{"href":"https:\/\/newsinfoco.com.br\/inicio\/wp-json\/wp\/v2\/posts\/2558","targetHints":{"allow":["GET"]}}],"collection":[{"href":"https:\/\/newsinfoco.com.br\/inicio\/wp-json\/wp\/v2\/posts"}],"about":[{"href":"https:\/\/newsinfoco.com.br\/inicio\/wp-json\/wp\/v2\/types\/post"}],"author":[{"embeddable":true,"href":"https:\/\/newsinfoco.com.br\/inicio\/wp-json\/wp\/v2\/users\/1"}],"replies":[{"embeddable":true,"href":"https:\/\/newsinfoco.com.br\/inicio\/wp-json\/wp\/v2\/comments?post=2558"}],"version-history":[{"count":0,"href":"https:\/\/newsinfoco.com.br\/inicio\/wp-json\/wp\/v2\/posts\/2558\/revisions"}],"wp:featuredmedia":[{"embeddable":true,"href":"https:\/\/newsinfoco.com.br\/inicio\/wp-json\/wp\/v2\/media\/2559"}],"wp:attachment":[{"href":"https:\/\/newsinfoco.com.br\/inicio\/wp-json\/wp\/v2\/media?parent=2558"}],"wp:term":[{"taxonomy":"category","embeddable":true,"href":"https:\/\/newsinfoco.com.br\/inicio\/wp-json\/wp\/v2\/categories?post=2558"},{"taxonomy":"post_tag","embeddable":true,"href":"https:\/\/newsinfoco.com.br\/inicio\/wp-json\/wp\/v2\/tags?post=2558"}],"curies":[{"name":"wp","href":"https:\/\/api.w.org\/{rel}","templated":true}]}}