{"id":2565,"date":"2018-04-14T17:02:02","date_gmt":"2018-04-14T20:02:02","guid":{"rendered":"http:\/\/newsinfoco.com.br\/?p=2565"},"modified":"2018-04-14T17:02:02","modified_gmt":"2018-04-14T20:02:02","slug":"presidente-da-republica-sanciona-projeto-que-cria-duas-universidades-no-nordeste","status":"publish","type":"post","link":"https:\/\/newsinfoco.com.br\/inicio\/presidente-da-republica-sanciona-projeto-que-cria-duas-universidades-no-nordeste\/","title":{"rendered":"Presidente da Rep\u00fablica sanciona projeto que cria duas universidades no Nordeste"},"content":{"rendered":"<p style=\"text-align: justify;\"><span style=\"color: #000000;\">O presidente da Rep\u00fablica, Michel Temer, sancionou, na tarde da quarta-feira, 11, em cerim\u00f4nia no Pal\u00e1cio do Planalto, o projeto de lei que criou duas novas institui\u00e7\u00f5es p\u00fablicas de ensino superior na Regi\u00e3o Nordeste: a Universidade Federal do Delta do Parna\u00edba (UFDPar), no Piau\u00ed, e a Universidade Federal do Agreste de Pernambuco (Ufape), com sede em Garanhuns (PE). O ministro da Educa\u00e7\u00e3o, Rossieli Soares, participou da solenidade.<\/span><\/p>\n<p style=\"text-align: justify;\"><span style=\"color: #000000;\">As novas institui\u00e7\u00f5es s\u00e3o resultado do desmembramento das universidades Federal do Piau\u00ed (UFPI) e Federal Rural de Pernambuco (UFRPE), respectivamente, com a transfer\u00eancia autom\u00e1tica dos cursos de todos os n\u00edveis e dos alunos regularmente matriculados, assim como os cargos ocupados e vagos do quadro de funcion\u00e1rios e todo o patrim\u00f4nio dos campi. A UFDPar ser\u00e1 formada a partir do campus da UFPI da cidade de Parna\u00edba e os alunos dessa unidade passam a integrar a nova universidade automaticamente. J\u00e1 a Ufape ter\u00e1 como base o campus Garanhuns da UFRPE, localizado nessa cidade do Agreste pernambucano, cujos alunos tamb\u00e9m ser\u00e3o transferidos automaticamente.<\/span><\/p><div class=\"newsi-conteudo_19\" id=\"newsi-2121816828\"><a href=\"https:\/\/www.instagram.com\/prefeituraalagoinhas?igsh=YzgzdDJ1bWR3aWI4\" aria-label=\"SAVE_20251006_221555\"><img loading=\"lazy\" decoding=\"async\" src=\"https:\/\/newsinfoco.com.br\/inicio\/wp-content\/uploads\/2025\/10\/SAVE_20251006_221555-rotated.jpg\" alt=\"\"  srcset=\"https:\/\/newsinfoco.com.br\/inicio\/wp-content\/uploads\/2025\/10\/SAVE_20251006_221555-rotated.jpg 1140w, https:\/\/newsinfoco.com.br\/inicio\/wp-content\/uploads\/2025\/10\/SAVE_20251006_221555-300x52.jpg 300w, https:\/\/newsinfoco.com.br\/inicio\/wp-content\/uploads\/2025\/10\/SAVE_20251006_221555-1024x177.jpg 1024w, https:\/\/newsinfoco.com.br\/inicio\/wp-content\/uploads\/2025\/10\/SAVE_20251006_221555-768x133.jpg 768w, https:\/\/newsinfoco.com.br\/inicio\/wp-content\/uploads\/2025\/10\/SAVE_20251006_221555-600x104.jpg 600w, https:\/\/newsinfoco.com.br\/inicio\/wp-content\/uploads\/2025\/10\/SAVE_20251006_221555-696x120.jpg 696w, https:\/\/newsinfoco.com.br\/inicio\/wp-content\/uploads\/2025\/10\/SAVE_20251006_221555-1068x185.jpg 1068w\" sizes=\"(max-width: 1140px) 100vw, 1140px\" width=\"1140\" height=\"197\"   \/><\/a><\/div>\n<p style=\"text-align: justify;\"><span style=\"color: #000000;\">\u201cS\u00e3o universidades j\u00e1 existentes na pr\u00e1tica, nos campi em opera\u00e7\u00e3o. \u00c9 um processo de implementa\u00e7\u00e3o que dura, em m\u00e9dia, cinco anos. Ano que vem, elas j\u00e1 estar\u00e3o no or\u00e7amento como novas institui\u00e7\u00f5es. A universidade local ser\u00e1 a tutora deste processo, o or\u00e7amento continua indo para a universidade auxiliando a nova universidade na administra\u00e7\u00e3o at\u00e9 a consolida\u00e7\u00e3o e fluxo natural do processo de autonomia\u201d, explicou o ministro.<\/span><\/p>\n<p style=\"text-align: justify;\"><span style=\"color: #000000;\">O ministro da Educa\u00e7\u00e3o lembrou que a maioria absoluta dos cargos e a estrutura j\u00e1 existem nos campi desmembrados e que qualquer progress\u00e3o, crescimento dessas novas institui\u00e7\u00f5es ser\u00e1 planejado junto ao MEC. Segundo Rossieli, as reitorias pro tempore criadas aliadas \u00e0s estruturas pr\u00f3prias ser\u00e3o respons\u00e1veis pelo di\u00e1logo com as comunidades locais do Agreste de Pernambuco e da regi\u00e3o do Delta do Parna\u00edba no sentido de atender os anseios da popula\u00e7\u00e3o.\u00a0\u00a0\u00a0<\/span><\/p>\n<p style=\"text-align: justify;\"><span style=\"color: #000000;\">O presidente da Rep\u00fablica, Michel Temer, afirmou que o governo federal vem realizando sonhos e tornando realidade projetos importantes que possam melhorar a vida das pessoas. Para ele, a preocupa\u00e7\u00e3o com a educa\u00e7\u00e3o no Brasil \u00e9 constante. \u201cNa educa\u00e7\u00e3o, n\u00f3s fizemos muito nas v\u00e1rias \u00e1reas, como a reforma do ensino m\u00e9dio, hoje aprovada, segundo as pesquisas feitas, por mais de 90% da \u00e1rea educacional. De igual maneira as cerca de 500 mil vagas no ensino em tempo integral. As duas novas universidades e outras que tamb\u00e9m foram criadas revelam tamb\u00e9m a preocupa\u00e7\u00e3o com o ensino superior\u201d, pontuou.<\/span><\/p>\n<p>&nbsp;<\/p>\n<h6 style=\"text-align: right;\"><span style=\"color: #999999;\">Fonte:Portalmec<\/span><\/h6>\n<div class='share-to-whatsapp-wrapper'><div class='share-on-whsp'>Share on: <\/div><a data-text='Presidente da Rep\u00fablica sanciona projeto que cria duas universidades no Nordeste' data-link='https:\/\/newsinfoco.com.br\/inicio\/presidente-da-republica-sanciona-projeto-que-cria-duas-universidades-no-nordeste\/' class='whatsapp-button whatsapp-share'>WhatsApp<\/a><div class='clear '><\/div><\/div>","protected":false},"excerpt":{"rendered":"<p>O presidente da Rep\u00fablica, Michel Temer, sancionou, na tarde da quarta-feira, 11, em cerim\u00f4nia no Pal\u00e1cio do Planalto, o projeto de lei que criou duas novas institui\u00e7\u00f5es p\u00fablicas de ensino superior na Regi\u00e3o Nordeste: a Universidade Federal do Delta do Parna\u00edba (UFDPar), no Piau\u00ed, e a Universidade Federal do Agreste de Pernambuco (Ufape), com sede [&hellip;]<\/p>\n","protected":false},"author":1,"featured_media":2566,"comment_status":"open","ping_status":"open","sticky":false,"template":"","format":"standard","meta":{"om_disable_all_campaigns":false,"_exactmetrics_skip_tracking":false,"_exactmetrics_sitenote_active":false,"_exactmetrics_sitenote_note":"","_exactmetrics_sitenote_category":0,"footnotes":""},"categories":[32],"tags":[],"class_list":["post-2565","post","type-post","status-publish","format-standard","has-post-thumbnail","hentry","category-educacao"],"aioseo_notices":[],"_links":{"self":[{"href":"https:\/\/newsinfoco.com.br\/inicio\/wp-json\/wp\/v2\/posts\/2565","targetHints":{"allow":["GET"]}}],"collection":[{"href":"https:\/\/newsinfoco.com.br\/inicio\/wp-json\/wp\/v2\/posts"}],"about":[{"href":"https:\/\/newsinfoco.com.br\/inicio\/wp-json\/wp\/v2\/types\/post"}],"author":[{"embeddable":true,"href":"https:\/\/newsinfoco.com.br\/inicio\/wp-json\/wp\/v2\/users\/1"}],"replies":[{"embeddable":true,"href":"https:\/\/newsinfoco.com.br\/inicio\/wp-json\/wp\/v2\/comments?post=2565"}],"version-history":[{"count":0,"href":"https:\/\/newsinfoco.com.br\/inicio\/wp-json\/wp\/v2\/posts\/2565\/revisions"}],"wp:featuredmedia":[{"embeddable":true,"href":"https:\/\/newsinfoco.com.br\/inicio\/wp-json\/wp\/v2\/media\/2566"}],"wp:attachment":[{"href":"https:\/\/newsinfoco.com.br\/inicio\/wp-json\/wp\/v2\/media?parent=2565"}],"wp:term":[{"taxonomy":"category","embeddable":true,"href":"https:\/\/newsinfoco.com.br\/inicio\/wp-json\/wp\/v2\/categories?post=2565"},{"taxonomy":"post_tag","embeddable":true,"href":"https:\/\/newsinfoco.com.br\/inicio\/wp-json\/wp\/v2\/tags?post=2565"}],"curies":[{"name":"wp","href":"https:\/\/api.w.org\/{rel}","templated":true}]}}