{"id":2708,"date":"2018-04-17T14:26:42","date_gmt":"2018-04-17T17:26:42","guid":{"rendered":"http:\/\/newsinfoco.com.br\/?p=2708"},"modified":"2018-04-17T14:26:42","modified_gmt":"2018-04-17T17:26:42","slug":"com-foco-na-promocao-a-saude-saae-realiza-seu-primeiro-mutirao-da-cidadania","status":"publish","type":"post","link":"https:\/\/newsinfoco.com.br\/inicio\/com-foco-na-promocao-a-saude-saae-realiza-seu-primeiro-mutirao-da-cidadania\/","title":{"rendered":"Com foco na promo\u00e7\u00e3o \u00e0 sa\u00fade, SAAE realiza seu primeiro mutir\u00e3o da cidadania"},"content":{"rendered":"<p style=\"text-align: justify;\"><span style=\"color: #000000;\">\u201cSaneamento \u00e9 sa\u00fade\u201d. E foi partindo dessa premissa que o Servi\u00e7o Aut\u00f4nomo de \u00c1gua e Esgoto (SAAE) Alagoinhas realizou, no \u00faltimo domingo (15), na quadra poliesportiva do Mangal\u00f4, seu 1\u00b0 Mutir\u00e3o de Cidadania.<\/span><span style=\"color: #000000;\">Durante o evento, que aconteceu das 9h \u00e0s 12h, moradores do Mangal\u00f4 e bairros vizinhos puderam ter acesso a diversos servi\u00e7os p\u00fablicos, como corte de cabelo, aferi\u00e7\u00e3o de press\u00e3o e \u00edndice de glicemia, orienta\u00e7\u00e3o sobre DSTs, sa\u00fade bucal e negocia\u00e7\u00e3o de d\u00edvidas, tornando a a\u00e7\u00e3o um evento voltado para a promo\u00e7\u00e3o da sa\u00fade.<\/span><span style=\"color: #000000;\">A diretora geral do SAAE, Maria das Gra\u00e7as Reis, explicou que \u201ccomo a autarquia presta um servi\u00e7o essencial \u00e0 vida das pessoas \u2013 que \u00e9 o abastecimento de \u00e1gua e o esgotamento sanit\u00e1rio \u2013, n\u00e3o podemos ficar restritos apenas a presta\u00e7\u00e3o do servi\u00e7o. Saneamento \u00e9 sa\u00fade e temos que ampliar o nosso conceito de saneamento\u201d.<\/span><span style=\"color: #000000;\">Para a coordenadora de aten\u00e7\u00e3o b\u00e1sica \u00e0 sa\u00fade da secretaria Municipal de Sa\u00fade (SESAU), Ana Paula Sales, o Mutir\u00e3o possibilita que servi\u00e7os importantes, como aferi\u00e7\u00e3o de press\u00e3o, possam ser ofertados sem a necessidade de uma triagem, como acontece nas unidades b\u00e1sicas.<\/span><span style=\"color: #000000;\">E foi justamente isso que Ana Cristina da Silva, moradora da Baixa do Corte, fez. \u201cEu fiz a aferi\u00e7\u00e3o de press\u00e3o aqui porque n\u00e3o tenho tempo de fazer no dia a dia\u201d, afirmou. Ap\u00f3s a aferi\u00e7\u00e3o, Cristina da Silva recebeu orienta\u00e7\u00e3o sobre alimenta\u00e7\u00e3o e h\u00e1bitos que podem ajudar no controle da sua press\u00e3o arterial.<\/span><span style=\"color: #000000;\">Em um dos stands montados pela Faculdade de Tecnologia e Ci\u00eancias da Bahia (FATEC), Mariana Costa, estudante de pedagogia do primeiro semestre, foi uma das respons\u00e1veis pela atividade l\u00fadica com as crian\u00e7as sobre o uso racional da \u00e1gua e se disse satisfeita com o resultado do Mutir\u00e3o, pois \u201ca gente sabe que essas crian\u00e7as v\u00e3o sair daqui hoje sabendo que a \u00e1gua pode acabar e precisamos usar com responsabilidade\u201d.<\/span><span style=\"color: #000000;\">A propriet\u00e1ria do Centro Profissionalizante de Cabeleireiros e Similares (CEPROC), Lauriete Reis, respons\u00e1vel pela a\u00e7\u00e3o de corte de cabelo durante o Mutir\u00e3o, lembrou que esses eventos representam uma troca, uma vez que \u201cganha a popula\u00e7\u00e3o, que recebe corte gratuito, e ganha a gente com a possibilidade dos alunos de poderem treinar, na pr\u00e1tica, o que aprendem nas aulas. \u00c9 uma felicidade grande poder receber nossa comunidade\u201d.A<\/span><\/p>\n<p><img decoding=\"async\" src=\"https:\/\/www.alagoinhas.ba.gov.br\/wp-content\/uploads\/2018\/04\/WhatsApp-Image-2018-04-17-at-10.01.17-1024x768.jpeg\" \/><\/p>\n<p style=\"text-align: justify;\"><span style=\"color: #000000;\">A ouvidora do SAAE, T\u00e2nia Regina, tamb\u00e9m fez um balan\u00e7o positivo do Mutir\u00e3o. \u201cTivemos muito mais atendimento aqui at\u00e9 mesmo do que na \u00faltima Ouvidoria. O usu\u00e1rio se sente valorizado tendo o Servi\u00e7o mais perto da sua comunidade\u201d, contou.Maria Olcione, moradora da regi\u00e3o, aprovou o evento e disse que foi tudo proveitoso. \u201cAssisti as palestras, fui na orienta\u00e7\u00e3o de dentista. Todas as \u00e1reas, os servi\u00e7os que teve aqui hoje foi uma maravilha\u201d, disse.A assessora de Integra\u00e7\u00e3o Comunit\u00e1ria da autarquia, Leila Pires, agradeceu o apoio dos parceiros e a receptividade dos moradores, principalmente do Mangal\u00f4. A assessora lembrou, ainda, que o Mutir\u00e3o faz parte do pacote de a\u00e7\u00f5es sociais desencadeadas pelo programa federal Saneamento para Todos. \u201cEsse \u00e9 s\u00f3 o in\u00edcio. O social \u00e9 um trabalho muito amplo e estamos trabalhando para levar mais a\u00e7\u00f5es como essa para outras comunidades. Em junho, esse mesmo Mutir\u00e3o vai acontecer no Petrolar\u201d, assegurou a assessora.A vice-prefeita, professora Iraci Gama, o presidente da C\u00e2mara Municipal de Alagoinhas, Roberto Torres, e o vereador Luciano Almeida (DEM) tamb\u00e9m estiveram presentes no evento.<\/span><br \/>\n<span style=\"color: #000000;\">CONTATOS DE ATENDIMENTO AO USU\u00c1RIO<\/span><br \/>\n<span style=\"color: #000000;\">WhatsApp: (75) 981804500<\/span><br \/>\n<span style=\"color: #000000;\">Call Center: 0800 702 7065<\/span><br \/>\n<span style=\"color: #000000;\">Ouvidoria: ouvidoria@alagoinhas.ba.gov.br<\/span><\/p><div class=\"newsi-conteudo_19\" id=\"newsi-615928086\"><a href=\"https:\/\/www.instagram.com\/prefeituraalagoinhas?igsh=YzgzdDJ1bWR3aWI4\" aria-label=\"SAVE_20251006_221555\"><img loading=\"lazy\" decoding=\"async\" src=\"https:\/\/newsinfoco.com.br\/inicio\/wp-content\/uploads\/2025\/10\/SAVE_20251006_221555-rotated.jpg\" alt=\"\"  srcset=\"https:\/\/newsinfoco.com.br\/inicio\/wp-content\/uploads\/2025\/10\/SAVE_20251006_221555-rotated.jpg 1140w, https:\/\/newsinfoco.com.br\/inicio\/wp-content\/uploads\/2025\/10\/SAVE_20251006_221555-300x52.jpg 300w, https:\/\/newsinfoco.com.br\/inicio\/wp-content\/uploads\/2025\/10\/SAVE_20251006_221555-1024x177.jpg 1024w, https:\/\/newsinfoco.com.br\/inicio\/wp-content\/uploads\/2025\/10\/SAVE_20251006_221555-768x133.jpg 768w, https:\/\/newsinfoco.com.br\/inicio\/wp-content\/uploads\/2025\/10\/SAVE_20251006_221555-600x104.jpg 600w, https:\/\/newsinfoco.com.br\/inicio\/wp-content\/uploads\/2025\/10\/SAVE_20251006_221555-696x120.jpg 696w, https:\/\/newsinfoco.com.br\/inicio\/wp-content\/uploads\/2025\/10\/SAVE_20251006_221555-1068x185.jpg 1068w\" sizes=\"(max-width: 1140px) 100vw, 1140px\" width=\"1140\" height=\"197\"   \/><\/a><\/div>\n<p style=\"text-align: justify;\"><span style=\"color: #000000;\">ASCOM<\/span><br \/>\n<span style=\"color: #000000;\">Servi\u00e7o Aut\u00f4nomo de \u00c1gua e Esgoto \u2013 SAAE Alagoinhas<\/span><br \/>\n<span style=\"color: #000000;\">E-mail: ascom.saae@alagoinhas.ba.gov.br<\/span><br \/>\n<span style=\"color: #000000;\">Telefone: (75) 31826031<\/span><\/p>\n<p style=\"text-align: justify;\"><span style=\"color: #000000;\">Redes Sociais<\/span><br \/>\n<span style=\"color: #000000;\">Facebook: www.facebook.com\/saaedealagoinhas<\/span><br \/>\n<span style=\"color: #000000;\">Instagram: www.instagram.com\/saaealagoinhas<\/span><br \/>\n<span style=\"color: #000000;\">Site: saae.alagoinhas.ba.gov.br<\/span><\/p>\n<h6 style=\"text-align: right;\"><span style=\"color: #999999;\">Fonte: SECOM SAAE Prefeitura<\/span><\/h6>\n<h6 align=\"right\"><span style=\"color: #999999;\">\u00a0<\/span><\/h6>\n<div class='share-to-whatsapp-wrapper'><div class='share-on-whsp'>Share on: <\/div><a data-text='Com foco na promo\u00e7\u00e3o \u00e0 sa\u00fade, SAAE realiza seu primeiro mutir\u00e3o da cidadania' data-link='https:\/\/newsinfoco.com.br\/inicio\/com-foco-na-promocao-a-saude-saae-realiza-seu-primeiro-mutirao-da-cidadania\/' class='whatsapp-button whatsapp-share'>WhatsApp<\/a><div class='clear '><\/div><\/div>","protected":false},"excerpt":{"rendered":"<p>\u201cSaneamento \u00e9 sa\u00fade\u201d. E foi partindo dessa premissa que o Servi\u00e7o Aut\u00f4nomo de \u00c1gua e Esgoto (SAAE) Alagoinhas realizou, no \u00faltimo domingo (15), na quadra poliesportiva do Mangal\u00f4, seu 1\u00b0 Mutir\u00e3o de Cidadania.Durante o evento, que aconteceu das 9h \u00e0s 12h, moradores do Mangal\u00f4 e bairros vizinhos puderam ter acesso a diversos servi\u00e7os p\u00fablicos, como [&hellip;]<\/p>\n","protected":false},"author":1,"featured_media":2709,"comment_status":"open","ping_status":"open","sticky":false,"template":"","format":"standard","meta":{"om_disable_all_campaigns":false,"_exactmetrics_skip_tracking":false,"_exactmetrics_sitenote_active":false,"_exactmetrics_sitenote_note":"","_exactmetrics_sitenote_category":0,"footnotes":""},"categories":[38,30],"tags":[53,54,55],"class_list":["post-2708","post","type-post","status-publish","format-standard","has-post-thumbnail","hentry","category-alagoinhas-e-regiao","category-destaque","tag-alagoinhas","tag-prefeitura","tag-saae"],"aioseo_notices":[],"_links":{"self":[{"href":"https:\/\/newsinfoco.com.br\/inicio\/wp-json\/wp\/v2\/posts\/2708","targetHints":{"allow":["GET"]}}],"collection":[{"href":"https:\/\/newsinfoco.com.br\/inicio\/wp-json\/wp\/v2\/posts"}],"about":[{"href":"https:\/\/newsinfoco.com.br\/inicio\/wp-json\/wp\/v2\/types\/post"}],"author":[{"embeddable":true,"href":"https:\/\/newsinfoco.com.br\/inicio\/wp-json\/wp\/v2\/users\/1"}],"replies":[{"embeddable":true,"href":"https:\/\/newsinfoco.com.br\/inicio\/wp-json\/wp\/v2\/comments?post=2708"}],"version-history":[{"count":0,"href":"https:\/\/newsinfoco.com.br\/inicio\/wp-json\/wp\/v2\/posts\/2708\/revisions"}],"wp:featuredmedia":[{"embeddable":true,"href":"https:\/\/newsinfoco.com.br\/inicio\/wp-json\/wp\/v2\/media\/2709"}],"wp:attachment":[{"href":"https:\/\/newsinfoco.com.br\/inicio\/wp-json\/wp\/v2\/media?parent=2708"}],"wp:term":[{"taxonomy":"category","embeddable":true,"href":"https:\/\/newsinfoco.com.br\/inicio\/wp-json\/wp\/v2\/categories?post=2708"},{"taxonomy":"post_tag","embeddable":true,"href":"https:\/\/newsinfoco.com.br\/inicio\/wp-json\/wp\/v2\/tags?post=2708"}],"curies":[{"name":"wp","href":"https:\/\/api.w.org\/{rel}","templated":true}]}}