{"id":2715,"date":"2018-04-17T16:19:45","date_gmt":"2018-04-17T19:19:45","guid":{"rendered":"http:\/\/newsinfoco.com.br\/?p=2715"},"modified":"2018-04-17T16:45:30","modified_gmt":"2018-04-17T19:45:30","slug":"ex-prefeito-de-alagoinhas-paulo-cezar-se-filia-ao-prp-e-fara-dobradinha-com-barcelar-nas-eleicoes-de-outubro","status":"publish","type":"post","link":"https:\/\/newsinfoco.com.br\/inicio\/ex-prefeito-de-alagoinhas-paulo-cezar-se-filia-ao-prp-e-fara-dobradinha-com-barcelar-nas-eleicoes-de-outubro\/","title":{"rendered":"Ex-prefeito de Alagoinhas, Paulo Cezar, se filia ao PRP e far\u00e1 dobradinha com Barcelar nas elei\u00e7\u00f5es de outubro"},"content":{"rendered":"<p dir=\"auto\" style=\"text-align: justify;\">O pr\u00e9-candidato a deputado estadual, Paulo Cezar, est\u00e1 de partido novo. O ex-prefeito de Alagoinhas migrou do Partido Democr\u00e1tico Trabalhista (PDT) para o Partido Republicano Progressista (PRP). Paulo Cezar tamb\u00e9m definiu o pr\u00e9-candidato com quem far\u00e1 dobradinha para C\u00e2mara dos Deputados: Barcelar (Podemos).<\/p>\n<p dir=\"auto\" style=\"text-align: justify;\">\u201cA nossa decis\u00e3o \u00e9 em prol da Bahia. Hoje, como pr\u00e9-candidato a deputado estadual, vejo essas mudan\u00e7as como positivas. Vou continuar marchando ao lado do nosso Governador, Rui Costa. Ele nos deu essa nova oportunidade de tentar fazer mais pela Bahia dentro do PRP. E o nome do atual Deputado Federal, Barcelar, que \u00e9 pr\u00e9-candidato a reelei\u00e7\u00e3o,\u00a0 agrega um valor enorme em busca de um Estado cada vez mais forte e desenvolvido. Barcelar tamb\u00e9m \u00e9 da base governista e um gigante na promo\u00e7\u00e3o de pol\u00edticas p\u00fablicas na Educa\u00e7\u00e3o\u201d, ressaltou Paulo Cezar.<\/p><div class=\"newsi-conteudo_19\" id=\"newsi-1484036470\"><a href=\"https:\/\/www.instagram.com\/prefeituraalagoinhas?igsh=YzgzdDJ1bWR3aWI4\" aria-label=\"SAVE_20251006_221555\"><img loading=\"lazy\" decoding=\"async\" src=\"https:\/\/newsinfoco.com.br\/inicio\/wp-content\/uploads\/2025\/10\/SAVE_20251006_221555-rotated.jpg\" alt=\"\"  srcset=\"https:\/\/newsinfoco.com.br\/inicio\/wp-content\/uploads\/2025\/10\/SAVE_20251006_221555-rotated.jpg 1140w, https:\/\/newsinfoco.com.br\/inicio\/wp-content\/uploads\/2025\/10\/SAVE_20251006_221555-300x52.jpg 300w, https:\/\/newsinfoco.com.br\/inicio\/wp-content\/uploads\/2025\/10\/SAVE_20251006_221555-1024x177.jpg 1024w, https:\/\/newsinfoco.com.br\/inicio\/wp-content\/uploads\/2025\/10\/SAVE_20251006_221555-768x133.jpg 768w, https:\/\/newsinfoco.com.br\/inicio\/wp-content\/uploads\/2025\/10\/SAVE_20251006_221555-600x104.jpg 600w, https:\/\/newsinfoco.com.br\/inicio\/wp-content\/uploads\/2025\/10\/SAVE_20251006_221555-696x120.jpg 696w, https:\/\/newsinfoco.com.br\/inicio\/wp-content\/uploads\/2025\/10\/SAVE_20251006_221555-1068x185.jpg 1068w\" sizes=\"(max-width: 1140px) 100vw, 1140px\" width=\"1140\" height=\"197\"   \/><\/a><\/div>\n<p dir=\"auto\" style=\"text-align: justify;\">Ainda segundo, Paulo Cezar, os agradecimentos tamb\u00e9m se estendem ao presidente estadual do PRP, Alexandre Marques, e federal do partido, Ovasco Roma. \u201cEstivemos com eles no dia da minha filia\u00e7\u00e3o. Fui muito bem recebido desde o primeiro momento. O PRP \u00e9 partido que tem uma for\u00e7a nacional e estadual\u201d, finalizou.<\/p>\n<p dir=\"auto\" style=\"text-align: justify;\">Na pr\u00f3xima quinta-feira (19) e sexta-feira (20) o pr\u00e9-candidato far\u00e1 o an\u00fancio nas r\u00e1dios de Alagoinhas e regi\u00e3o.<\/p>\n<div dir=\"auto\"><\/div>\n<h6 dir=\"auto\" style=\"text-align: right;\"><span style=\"color: #999999;\">fonte: Ascom Paulo Cezar<\/span><\/h6>\n<div class='share-to-whatsapp-wrapper'><div class='share-on-whsp'>Share on: <\/div><a data-text='Ex-prefeito de Alagoinhas, Paulo Cezar, se filia ao PRP e far\u00e1 dobradinha com Barcelar nas elei\u00e7\u00f5es de outubro' data-link='https:\/\/newsinfoco.com.br\/inicio\/ex-prefeito-de-alagoinhas-paulo-cezar-se-filia-ao-prp-e-fara-dobradinha-com-barcelar-nas-eleicoes-de-outubro\/' class='whatsapp-button whatsapp-share'>WhatsApp<\/a><div class='clear '><\/div><\/div>","protected":false},"excerpt":{"rendered":"<p>O pr\u00e9-candidato a deputado estadual, Paulo Cezar, est\u00e1 de partido novo. O ex-prefeito de Alagoinhas migrou do Partido Democr\u00e1tico Trabalhista (PDT) para o Partido Republicano Progressista (PRP). Paulo Cezar tamb\u00e9m definiu o pr\u00e9-candidato com quem far\u00e1 dobradinha para C\u00e2mara dos Deputados: Barcelar (Podemos). \u201cA nossa decis\u00e3o \u00e9 em prol da Bahia. Hoje, como pr\u00e9-candidato a [&hellip;]<\/p>\n","protected":false},"author":1,"featured_media":2716,"comment_status":"open","ping_status":"open","sticky":false,"template":"","format":"standard","meta":{"om_disable_all_campaigns":false,"_exactmetrics_skip_tracking":false,"_exactmetrics_sitenote_active":false,"_exactmetrics_sitenote_note":"","_exactmetrics_sitenote_category":0,"footnotes":""},"categories":[38,30],"tags":[],"class_list":["post-2715","post","type-post","status-publish","format-standard","has-post-thumbnail","hentry","category-alagoinhas-e-regiao","category-destaque"],"aioseo_notices":[],"_links":{"self":[{"href":"https:\/\/newsinfoco.com.br\/inicio\/wp-json\/wp\/v2\/posts\/2715","targetHints":{"allow":["GET"]}}],"collection":[{"href":"https:\/\/newsinfoco.com.br\/inicio\/wp-json\/wp\/v2\/posts"}],"about":[{"href":"https:\/\/newsinfoco.com.br\/inicio\/wp-json\/wp\/v2\/types\/post"}],"author":[{"embeddable":true,"href":"https:\/\/newsinfoco.com.br\/inicio\/wp-json\/wp\/v2\/users\/1"}],"replies":[{"embeddable":true,"href":"https:\/\/newsinfoco.com.br\/inicio\/wp-json\/wp\/v2\/comments?post=2715"}],"version-history":[{"count":0,"href":"https:\/\/newsinfoco.com.br\/inicio\/wp-json\/wp\/v2\/posts\/2715\/revisions"}],"wp:featuredmedia":[{"embeddable":true,"href":"https:\/\/newsinfoco.com.br\/inicio\/wp-json\/wp\/v2\/media\/2716"}],"wp:attachment":[{"href":"https:\/\/newsinfoco.com.br\/inicio\/wp-json\/wp\/v2\/media?parent=2715"}],"wp:term":[{"taxonomy":"category","embeddable":true,"href":"https:\/\/newsinfoco.com.br\/inicio\/wp-json\/wp\/v2\/categories?post=2715"},{"taxonomy":"post_tag","embeddable":true,"href":"https:\/\/newsinfoco.com.br\/inicio\/wp-json\/wp\/v2\/tags?post=2715"}],"curies":[{"name":"wp","href":"https:\/\/api.w.org\/{rel}","templated":true}]}}