{"id":2719,"date":"2018-04-17T21:39:15","date_gmt":"2018-04-18T00:39:15","guid":{"rendered":"http:\/\/newsinfoco.com.br\/?p=2719"},"modified":"2018-04-17T21:39:15","modified_gmt":"2018-04-18T00:39:15","slug":"prefeitura-de-alagoinhas-promove-oficinas-gratuitas-na-secretaria-de-desenvolvimento-e-meio-ambiente-sedea","status":"publish","type":"post","link":"https:\/\/newsinfoco.com.br\/inicio\/prefeitura-de-alagoinhas-promove-oficinas-gratuitas-na-secretaria-de-desenvolvimento-e-meio-ambiente-sedea\/","title":{"rendered":"Prefeitura de Alagoinhas promove oficinas gratuitas na Secretaria de Desenvolvimento e Meio Ambiente (SEDEA)"},"content":{"rendered":"<p style=\"text-align: justify;\"><span style=\"color: #000000;\">A Prefeitura de Alagoinhas, atrav\u00e9s da Secretaria de Desenvolvimento e Meio Ambiente (SEDEA), tem divulgado programa\u00e7\u00f5es mensais com oficinas gratuitas para qualifica\u00e7\u00e3o profissional e compartilhamento de experi\u00eancias em diferentes setores.<\/span><span style=\"color: #000000;\">Nos dias 16 e 17 de abril, a facilitadora Ana Paula Gomes ministrou aulas de manicure e pedicure na sede da Secretaria, que fica na Rua Soror Joana Ang\u00e9lica, acima do pr\u00e9dio da L\u00e2mpada. Durante a atividade, Ana Paula Gomes falou sobre o comportamento no atendimento aos clientes, discorreu sobre a import\u00e2ncia da vestimenta adequada e comentou sobre o uso correto dos materiais, alertando sobre os riscos de se compartilhar esmaltes, lixas, alicates e outros utens\u00edlios.<\/span><span style=\"color: #000000;\">De acordo com representantes da SEDEA, 12 pessoas participaram da oficina. A Secretaria informou que houve emiss\u00e3o de certificados e comunicou que novas atividades j\u00e1 est\u00e3o programadas para o m\u00eas de abril.<\/span><span style=\"color: #000000;\">As inscri\u00e7\u00f5es devem ser realizadas na pr\u00f3pria SEDEA e apenas maiores de 16 anos podem participar. \u00c9 necess\u00e1rio apresentar documento de identidade e comprovante de resid\u00eancia. Confira a grade completa atrav\u00e9s do link:\u00a0https:\/\/www.alagoinhas.ba.gov.br\/index.php\/sedea-divulga-oficinas-para-o-mes-de-abril .<\/span><\/p>\n<p><img decoding=\"async\" src=\"https:\/\/www.alagoinhas.ba.gov.br\/wp-content\/uploads\/2018\/04\/sedea2-1024x614.jpeg\" \/><img decoding=\"async\" src=\"https:\/\/www.alagoinhas.ba.gov.br\/wp-content\/uploads\/2018\/04\/sedea3-1024x614.jpeg\" \/><img decoding=\"async\" src=\"https:\/\/www.alagoinhas.ba.gov.br\/wp-content\/uploads\/2018\/04\/sedea4-1024x614.jpeg\" \/><\/p>\n<h6 style=\"text-align: right;\"><span style=\"color: #999999;\">Fonte: SECOM SEDEA Prefeitura<\/span><\/h6>\n<div class='share-to-whatsapp-wrapper'><div class='share-on-whsp'>Share on: <\/div><a data-text='Prefeitura de Alagoinhas promove oficinas gratuitas na Secretaria de Desenvolvimento e Meio Ambiente (SEDEA)' data-link='https:\/\/newsinfoco.com.br\/inicio\/prefeitura-de-alagoinhas-promove-oficinas-gratuitas-na-secretaria-de-desenvolvimento-e-meio-ambiente-sedea\/' class='whatsapp-button whatsapp-share'>WhatsApp<\/a><div class='clear '><\/div><\/div>","protected":false},"excerpt":{"rendered":"<p>A Prefeitura de Alagoinhas, atrav\u00e9s da Secretaria de Desenvolvimento e Meio Ambiente (SEDEA), tem divulgado programa\u00e7\u00f5es mensais com oficinas gratuitas para qualifica\u00e7\u00e3o profissional e compartilhamento de experi\u00eancias em diferentes setores.Nos dias 16 e 17 de abril, a facilitadora Ana Paula Gomes ministrou aulas de manicure e pedicure na sede da Secretaria, que fica na Rua [&hellip;]<\/p>\n","protected":false},"author":1,"featured_media":2720,"comment_status":"open","ping_status":"open","sticky":false,"template":"","format":"standard","meta":{"om_disable_all_campaigns":false,"_exactmetrics_skip_tracking":false,"_exactmetrics_sitenote_active":false,"_exactmetrics_sitenote_note":"","_exactmetrics_sitenote_category":0,"footnotes":""},"categories":[38,30],"tags":[53,54,66],"class_list":["post-2719","post","type-post","status-publish","format-standard","has-post-thumbnail","hentry","category-alagoinhas-e-regiao","category-destaque","tag-alagoinhas","tag-prefeitura","tag-sedea"],"aioseo_notices":[],"_links":{"self":[{"href":"https:\/\/newsinfoco.com.br\/inicio\/wp-json\/wp\/v2\/posts\/2719","targetHints":{"allow":["GET"]}}],"collection":[{"href":"https:\/\/newsinfoco.com.br\/inicio\/wp-json\/wp\/v2\/posts"}],"about":[{"href":"https:\/\/newsinfoco.com.br\/inicio\/wp-json\/wp\/v2\/types\/post"}],"author":[{"embeddable":true,"href":"https:\/\/newsinfoco.com.br\/inicio\/wp-json\/wp\/v2\/users\/1"}],"replies":[{"embeddable":true,"href":"https:\/\/newsinfoco.com.br\/inicio\/wp-json\/wp\/v2\/comments?post=2719"}],"version-history":[{"count":0,"href":"https:\/\/newsinfoco.com.br\/inicio\/wp-json\/wp\/v2\/posts\/2719\/revisions"}],"wp:featuredmedia":[{"embeddable":true,"href":"https:\/\/newsinfoco.com.br\/inicio\/wp-json\/wp\/v2\/media\/2720"}],"wp:attachment":[{"href":"https:\/\/newsinfoco.com.br\/inicio\/wp-json\/wp\/v2\/media?parent=2719"}],"wp:term":[{"taxonomy":"category","embeddable":true,"href":"https:\/\/newsinfoco.com.br\/inicio\/wp-json\/wp\/v2\/categories?post=2719"},{"taxonomy":"post_tag","embeddable":true,"href":"https:\/\/newsinfoco.com.br\/inicio\/wp-json\/wp\/v2\/tags?post=2719"}],"curies":[{"name":"wp","href":"https:\/\/api.w.org\/{rel}","templated":true}]}}