{"id":2722,"date":"2018-04-17T21:50:41","date_gmt":"2018-04-18T00:50:41","guid":{"rendered":"http:\/\/newsinfoco.com.br\/?p=2722"},"modified":"2018-04-17T21:50:41","modified_gmt":"2018-04-18T00:50:41","slug":"cras-boa-uniao-promove-encontro-com-aulao-de-danca-para-usuarios-do-servico-de-convivencia-e-fortalecimento-de-vinculos","status":"publish","type":"post","link":"https:\/\/newsinfoco.com.br\/inicio\/cras-boa-uniao-promove-encontro-com-aulao-de-danca-para-usuarios-do-servico-de-convivencia-e-fortalecimento-de-vinculos\/","title":{"rendered":"CRAS Boa Uni\u00e3o promove encontro com \u201caul\u00e3o de dan\u00e7a\u201d para usu\u00e1rios do servi\u00e7o de conviv\u00eancia e fortalecimento de v\u00ednculos"},"content":{"rendered":"<h6><span style=\"color: #000000;\">A Secretaria Municipal de Assist\u00eancia Social (SEMAS), atrav\u00e9s do Centro de Refer\u00eancia de Assist\u00eancia Social de Boa Uni\u00e3o (CRAS Boa Uni\u00e3o) promoveu, nesta ter\u00e7a-feira (17), um \u201caul\u00e3o de dan\u00e7a\u201d para os usu\u00e1rios do Servi\u00e7o de Conviv\u00eancia e Fortalecimento de V\u00ednculos (SCFV), com presen\u00e7a do Secret\u00e1rio da pasta, Alfredo Menezes, e do prefeito Joaquim Neto, que aproveitaram a oportunidade para entregar as camisetas do programa aos assistidos pelo sistema.<\/span><\/h6>\n<h6><span style=\"color: #000000;\">\u201cA entrega das camisas \u00e9 justamente para ter a identifica\u00e7\u00e3o, porque eu acho que as pessoas se sentem pertencentes ao equipamento com a vestimenta. Quando algu\u00e9m utiliza uma farda, por exemplo, elas tendem a se sentir mais proativas, pertencentes a um grupo, e isso \u00e9 motivador\u201d, explicou o psic\u00f3logo da unidade, Arnon Pereira Silva.<\/span><br \/>\n<span style=\"color: #000000;\">Segundo ele, o principal prop\u00f3sito dos grupos \u00e9 fortalecer os v\u00ednculos familiares e comunit\u00e1rios atrav\u00e9s de oficinas, eventos, din\u00e2micas, rodas de conversa e sess\u00f5es de cinema. \u201cComo o CRAS \u00e9 a casa das fam\u00edlias, a gente desenvolve atividades para que esses la\u00e7os se estreitem\u201d, acrescentou Luciana Gon\u00e7alves Monteiro, assistente social que divide as atividades com o psic\u00f3logo da unidade.<\/span><\/h6>\n<h6><span style=\"color: #000000;\">O trabalho desenvolvido pelo CRAS Boa Uni\u00e3o contempla atualmente grupos de crian\u00e7as, adolescentes, homens e mulheres, conforme calend\u00e1rio previsto pelo setor e, de acordo com representantes da unidade, a inten\u00e7\u00e3o \u00e9 que as atividades desenvolvidas possam se tornar tamb\u00e9m possibilidade de empreendimento. \u201cUm trabalho inovador que o CRAS est\u00e1 fazendo \u00e9 justamente esse fomento da unidade produtiva. A gente tem desenvolvido um trabalho sobretudo com o grupo de mulheres que a gente pretende levar tamb\u00e9m para o grupo de adolescentes. Fazemos cestas sustent\u00e1veis com jornais, pastas sanfonadas, flores com garrafa pet, ovos de p\u00e1scoa, tudo isso pensando tamb\u00e9m na gera\u00e7\u00e3o de renda. Muitas fam\u00edlias daqui dependem exclusivamente do bolsa fam\u00edlia, ent\u00e3o o que acontece? Pensando nisso, tendo essa prioridade, a gente tenta levar um pouco desse sentimento para que elas possam produzir nas suas casas, ser multiplicadoras e gerar uma renda para a fam\u00edlia\u201d, explicou Arnon Silva.<\/span><\/h6>\n<h6><span style=\"color: #000000;\">O Secret\u00e1rio de Assist\u00eancia Social, Alfredo Menezes, apoia a iniciativa e destacou a necessidade de aproximar as pessoas do poder p\u00fablico para transformar a realidade das comunidades. \u201cAgora o CRAS \u00e9 vida. O que voc\u00eas precisam entender \u00e9 que, quando a gente pegou a prefeitura, principalmente a Secretaria, a Secretaria n\u00e3o tinha vida, n\u00e3o representava, e isso acontecia com a sede e acontecia com os CRAS, tanto dos distritos quanto de Nova Bras\u00edlia e da Pra\u00e7a do CEU. O que a gente quis fazer desde o in\u00edcio, que Joaquim me falou, foi humanizar essa secretaria. E o que estamos fazendo hoje \u00e9 isso. Hoje eu ganhei o meu dia vendo pessoas que tem um pouquinho mais de idade do que eu dan\u00e7ando at\u00e9 embaixo. O CRAS Boa Uni\u00e3o era um dos CRAS que faltava pessoas dentro dele. Estou muito feliz em ver que hoje isso mudou\u201d, pontuou.<\/span><\/h6>\n<h6><span style=\"color: #000000;\">Declara\u00e7\u00e3o que se reflete em realidade, como no relato de Maria Neves Pacheco, que mora h\u00e1 46 anos na regi\u00e3o. \u201c[o grupo de mulheres do CRAS] tem hoje 25 pessoas. De primeiro, n\u00e3o tinha isso tudo n\u00e3o, s\u00f3 tinha umas 10 pessoas, e a gente est\u00e1 chamando mais gente pra vir\u201d, contou a usu\u00e1ria, que participa do servi\u00e7o de conviv\u00eancia e fortalecimento de v\u00ednculos desde janeiro. \u201cEstou achando bom. Me distraio muito. Tira algumas coisas da minha cabe\u00e7a, que eu vivo muito preocupada e, quando estou l\u00e1, eu estou me divertindo. S\u00e3o muitos amigos e \u00e9 tudo bom l\u00e1 pra gente! \u00c9 alegria, \u00e9 brincadeira, \u00e9 muita coisa boa. A gente aprende artesanato, fizemos ovo de p\u00e1scoa e estamos aprendendo\u201d, contou Dona Maria.<\/span><\/h6>\n<h6><span style=\"color: #000000;\">Terezinha Ferreira dos Santos, que participa do grupo h\u00e1 mais de 4 anos, concorda. \u201cEu acho muito bom. Eu mesma, de primeiro, dizia \u2018eu vou l\u00e1 nada. Tenho mais o que fazer em casa. N\u00e3o vou l\u00e1 n\u00e3o\u2019. Fui uma vez, gostei e nunca mais desisti de ir. Toda vez que tem, eu vou. \u00c9 importante porque a gente est\u00e1 aprendendo qualquer coisa. Somente ficar dentro de casa pensando n\u00e3o adianta. A gente j\u00e1 fez boneca, j\u00e1 fizemos cestas, j\u00e1 fizemos um bocado de coisa. Fizemos tamb\u00e9m o ovo de p\u00e1scoa, flores de garrafa pet\u201d, comentou.<\/span><\/h6>\n<h6><span style=\"color: #000000;\">Terezinha e Maria que, desta vez, levou tamb\u00e9m a filha para o \u201caul\u00e3o de dan\u00e7a\u201d, fazem parte das mais de 200 fam\u00edlias atendidas pelo CRAS Boa Uni\u00e3o que, de segunda a sexta-feira, presta atendimentos \u00e0 popula\u00e7\u00e3o. O trabalho, que n\u00e3o se restringe ao servi\u00e7o individualizado, d\u00e1 espa\u00e7o a uma rede de acompanhamento familiar e fortalece os v\u00ednculos em comunidade.<\/span><\/h6>\n<h6><span style=\"color: #000000;\">Para Joaquim Neto, o sentimento \u00e9 de satisfa\u00e7\u00e3o. \u201cVoc\u00eas t\u00eam aqui aulas de dan\u00e7a, muitas crian\u00e7as que fazem violino, tem futebol e artesanato, ent\u00e3o fico muito satisfeito em ver que as coisas aqui em Boa Uni\u00e3o tem acontecido. Saio daqui de alma lavada porque tenho visto a alegria de voc\u00eas\u201d, disse o prefeito aos assistidos durante o \u201caul\u00e3o de dan\u00e7a\u201d.<\/span><\/h6>\n<h6><span style=\"color: #000000;\">A previs\u00e3o, a partir de agora, segundo o psic\u00f3logo e a assistente social do CRAS Boa Uni\u00e3o, \u00e9 que os grupos desenvolvam atividades para o dia das m\u00e3es e planejem a\u00e7\u00f5es na prepara\u00e7\u00e3o para as festividades de S\u00e3o Jo\u00e3o.<\/span><\/h6>\n<p><a href=\"http:\/\/newsinfoco.com.br\/wp-content\/uploads\/2018\/04\/26655098347_409294beda_k.jpg\"><img loading=\"lazy\" decoding=\"async\" class=\"alignnone size-medium wp-image-2723\" src=\"http:\/\/newsinfoco.com.br\/wp-content\/uploads\/2018\/04\/26655098347_409294beda_k-300x199.jpg\" alt=\"\" width=\"300\" height=\"199\" srcset=\"https:\/\/newsinfoco.com.br\/inicio\/wp-content\/uploads\/2018\/04\/26655098347_409294beda_k-300x199.jpg 300w, https:\/\/newsinfoco.com.br\/inicio\/wp-content\/uploads\/2018\/04\/26655098347_409294beda_k-768x509.jpg 768w, https:\/\/newsinfoco.com.br\/inicio\/wp-content\/uploads\/2018\/04\/26655098347_409294beda_k-1024x678.jpg 1024w, https:\/\/newsinfoco.com.br\/inicio\/wp-content\/uploads\/2018\/04\/26655098347_409294beda_k-600x397.jpg 600w, https:\/\/newsinfoco.com.br\/inicio\/wp-content\/uploads\/2018\/04\/26655098347_409294beda_k-696x461.jpg 696w, https:\/\/newsinfoco.com.br\/inicio\/wp-content\/uploads\/2018\/04\/26655098347_409294beda_k-1068x707.jpg 1068w, https:\/\/newsinfoco.com.br\/inicio\/wp-content\/uploads\/2018\/04\/26655098347_409294beda_k-634x420.jpg 634w, https:\/\/newsinfoco.com.br\/inicio\/wp-content\/uploads\/2018\/04\/26655098347_409294beda_k-1320x874.jpg 1320w, https:\/\/newsinfoco.com.br\/inicio\/wp-content\/uploads\/2018\/04\/26655098347_409294beda_k.jpg 2048w\" sizes=\"auto, (max-width: 300px) 100vw, 300px\" \/><\/a> <a href=\"http:\/\/newsinfoco.com.br\/wp-content\/uploads\/2018\/04\/26655163347_0ad113d7d3_k.jpg\"><img loading=\"lazy\" decoding=\"async\" class=\"alignnone size-medium wp-image-2724\" src=\"http:\/\/newsinfoco.com.br\/wp-content\/uploads\/2018\/04\/26655163347_0ad113d7d3_k-300x199.jpg\" alt=\"\" width=\"300\" height=\"199\" srcset=\"https:\/\/newsinfoco.com.br\/inicio\/wp-content\/uploads\/2018\/04\/26655163347_0ad113d7d3_k-300x199.jpg 300w, https:\/\/newsinfoco.com.br\/inicio\/wp-content\/uploads\/2018\/04\/26655163347_0ad113d7d3_k-768x509.jpg 768w, https:\/\/newsinfoco.com.br\/inicio\/wp-content\/uploads\/2018\/04\/26655163347_0ad113d7d3_k-1024x678.jpg 1024w, https:\/\/newsinfoco.com.br\/inicio\/wp-content\/uploads\/2018\/04\/26655163347_0ad113d7d3_k-600x397.jpg 600w, https:\/\/newsinfoco.com.br\/inicio\/wp-content\/uploads\/2018\/04\/26655163347_0ad113d7d3_k-696x461.jpg 696w, https:\/\/newsinfoco.com.br\/inicio\/wp-content\/uploads\/2018\/04\/26655163347_0ad113d7d3_k-1068x707.jpg 1068w, https:\/\/newsinfoco.com.br\/inicio\/wp-content\/uploads\/2018\/04\/26655163347_0ad113d7d3_k-634x420.jpg 634w, https:\/\/newsinfoco.com.br\/inicio\/wp-content\/uploads\/2018\/04\/26655163347_0ad113d7d3_k-1320x874.jpg 1320w, https:\/\/newsinfoco.com.br\/inicio\/wp-content\/uploads\/2018\/04\/26655163347_0ad113d7d3_k.jpg 2048w\" sizes=\"auto, (max-width: 300px) 100vw, 300px\" \/><\/a> <a href=\"http:\/\/newsinfoco.com.br\/wp-content\/uploads\/2018\/04\/27654166458_f289526d69_k.jpg\"><img loading=\"lazy\" decoding=\"async\" class=\"alignnone size-medium wp-image-2725\" src=\"http:\/\/newsinfoco.com.br\/wp-content\/uploads\/2018\/04\/27654166458_f289526d69_k-300x199.jpg\" alt=\"\" width=\"300\" height=\"199\" srcset=\"https:\/\/newsinfoco.com.br\/inicio\/wp-content\/uploads\/2018\/04\/27654166458_f289526d69_k-300x199.jpg 300w, https:\/\/newsinfoco.com.br\/inicio\/wp-content\/uploads\/2018\/04\/27654166458_f289526d69_k-768x509.jpg 768w, https:\/\/newsinfoco.com.br\/inicio\/wp-content\/uploads\/2018\/04\/27654166458_f289526d69_k-1024x678.jpg 1024w, https:\/\/newsinfoco.com.br\/inicio\/wp-content\/uploads\/2018\/04\/27654166458_f289526d69_k-600x397.jpg 600w, https:\/\/newsinfoco.com.br\/inicio\/wp-content\/uploads\/2018\/04\/27654166458_f289526d69_k-696x461.jpg 696w, https:\/\/newsinfoco.com.br\/inicio\/wp-content\/uploads\/2018\/04\/27654166458_f289526d69_k-1068x707.jpg 1068w, https:\/\/newsinfoco.com.br\/inicio\/wp-content\/uploads\/2018\/04\/27654166458_f289526d69_k-634x420.jpg 634w, https:\/\/newsinfoco.com.br\/inicio\/wp-content\/uploads\/2018\/04\/27654166458_f289526d69_k-1320x874.jpg 1320w, https:\/\/newsinfoco.com.br\/inicio\/wp-content\/uploads\/2018\/04\/27654166458_f289526d69_k.jpg 2048w\" sizes=\"auto, (max-width: 300px) 100vw, 300px\" \/><\/a> <a href=\"http:\/\/newsinfoco.com.br\/wp-content\/uploads\/2018\/04\/41483366272_42d86e46c9_k.jpg\"><img loading=\"lazy\" decoding=\"async\" class=\"alignnone size-medium wp-image-2726\" src=\"http:\/\/newsinfoco.com.br\/wp-content\/uploads\/2018\/04\/41483366272_42d86e46c9_k-300x199.jpg\" alt=\"\" width=\"300\" height=\"199\" srcset=\"https:\/\/newsinfoco.com.br\/inicio\/wp-content\/uploads\/2018\/04\/41483366272_42d86e46c9_k-300x199.jpg 300w, https:\/\/newsinfoco.com.br\/inicio\/wp-content\/uploads\/2018\/04\/41483366272_42d86e46c9_k-768x509.jpg 768w, https:\/\/newsinfoco.com.br\/inicio\/wp-content\/uploads\/2018\/04\/41483366272_42d86e46c9_k-1024x678.jpg 1024w, https:\/\/newsinfoco.com.br\/inicio\/wp-content\/uploads\/2018\/04\/41483366272_42d86e46c9_k-600x397.jpg 600w, https:\/\/newsinfoco.com.br\/inicio\/wp-content\/uploads\/2018\/04\/41483366272_42d86e46c9_k-696x461.jpg 696w, https:\/\/newsinfoco.com.br\/inicio\/wp-content\/uploads\/2018\/04\/41483366272_42d86e46c9_k-1068x707.jpg 1068w, https:\/\/newsinfoco.com.br\/inicio\/wp-content\/uploads\/2018\/04\/41483366272_42d86e46c9_k-634x420.jpg 634w, https:\/\/newsinfoco.com.br\/inicio\/wp-content\/uploads\/2018\/04\/41483366272_42d86e46c9_k-1320x874.jpg 1320w, https:\/\/newsinfoco.com.br\/inicio\/wp-content\/uploads\/2018\/04\/41483366272_42d86e46c9_k.jpg 2048w\" sizes=\"auto, (max-width: 300px) 100vw, 300px\" \/><\/a> <a href=\"http:\/\/newsinfoco.com.br\/wp-content\/uploads\/2018\/04\/41483490192_f9765f144f_k.jpg\"><img loading=\"lazy\" decoding=\"async\" class=\"alignnone size-medium wp-image-2727\" src=\"http:\/\/newsinfoco.com.br\/wp-content\/uploads\/2018\/04\/41483490192_f9765f144f_k-300x199.jpg\" alt=\"\" width=\"300\" height=\"199\" srcset=\"https:\/\/newsinfoco.com.br\/inicio\/wp-content\/uploads\/2018\/04\/41483490192_f9765f144f_k-300x199.jpg 300w, https:\/\/newsinfoco.com.br\/inicio\/wp-content\/uploads\/2018\/04\/41483490192_f9765f144f_k-768x509.jpg 768w, https:\/\/newsinfoco.com.br\/inicio\/wp-content\/uploads\/2018\/04\/41483490192_f9765f144f_k-1024x678.jpg 1024w, https:\/\/newsinfoco.com.br\/inicio\/wp-content\/uploads\/2018\/04\/41483490192_f9765f144f_k-600x397.jpg 600w, https:\/\/newsinfoco.com.br\/inicio\/wp-content\/uploads\/2018\/04\/41483490192_f9765f144f_k-696x461.jpg 696w, https:\/\/newsinfoco.com.br\/inicio\/wp-content\/uploads\/2018\/04\/41483490192_f9765f144f_k-1068x707.jpg 1068w, https:\/\/newsinfoco.com.br\/inicio\/wp-content\/uploads\/2018\/04\/41483490192_f9765f144f_k-634x420.jpg 634w, https:\/\/newsinfoco.com.br\/inicio\/wp-content\/uploads\/2018\/04\/41483490192_f9765f144f_k-1320x874.jpg 1320w, https:\/\/newsinfoco.com.br\/inicio\/wp-content\/uploads\/2018\/04\/41483490192_f9765f144f_k.jpg 2048w\" sizes=\"auto, (max-width: 300px) 100vw, 300px\" \/><\/a> <a href=\"http:\/\/newsinfoco.com.br\/wp-content\/uploads\/2018\/04\/41524410501_4a8a4a2af5_k.jpg\"><img loading=\"lazy\" decoding=\"async\" class=\"alignnone size-medium wp-image-2728\" src=\"http:\/\/newsinfoco.com.br\/wp-content\/uploads\/2018\/04\/41524410501_4a8a4a2af5_k-300x199.jpg\" alt=\"\" width=\"300\" height=\"199\" srcset=\"https:\/\/newsinfoco.com.br\/inicio\/wp-content\/uploads\/2018\/04\/41524410501_4a8a4a2af5_k-300x199.jpg 300w, https:\/\/newsinfoco.com.br\/inicio\/wp-content\/uploads\/2018\/04\/41524410501_4a8a4a2af5_k-768x509.jpg 768w, https:\/\/newsinfoco.com.br\/inicio\/wp-content\/uploads\/2018\/04\/41524410501_4a8a4a2af5_k-1024x678.jpg 1024w, https:\/\/newsinfoco.com.br\/inicio\/wp-content\/uploads\/2018\/04\/41524410501_4a8a4a2af5_k-600x397.jpg 600w, https:\/\/newsinfoco.com.br\/inicio\/wp-content\/uploads\/2018\/04\/41524410501_4a8a4a2af5_k-696x461.jpg 696w, https:\/\/newsinfoco.com.br\/inicio\/wp-content\/uploads\/2018\/04\/41524410501_4a8a4a2af5_k-1068x707.jpg 1068w, https:\/\/newsinfoco.com.br\/inicio\/wp-content\/uploads\/2018\/04\/41524410501_4a8a4a2af5_k-634x420.jpg 634w, https:\/\/newsinfoco.com.br\/inicio\/wp-content\/uploads\/2018\/04\/41524410501_4a8a4a2af5_k-1320x874.jpg 1320w, https:\/\/newsinfoco.com.br\/inicio\/wp-content\/uploads\/2018\/04\/41524410501_4a8a4a2af5_k.jpg 2048w\" sizes=\"auto, (max-width: 300px) 100vw, 300px\" \/><\/a><\/p>\n<h6 style=\"text-align: right;\"><span style=\"color: #999999;\">Fonte: SECOM SEMAS Prefeitura<\/span><\/h6>\n<div class='share-to-whatsapp-wrapper'><div class='share-on-whsp'>Share on: <\/div><a data-text='CRAS Boa Uni\u00e3o promove encontro com \u201caul\u00e3o de dan\u00e7a\u201d para usu\u00e1rios do servi\u00e7o de conviv\u00eancia e fortalecimento de v\u00ednculos' data-link='https:\/\/newsinfoco.com.br\/inicio\/cras-boa-uniao-promove-encontro-com-aulao-de-danca-para-usuarios-do-servico-de-convivencia-e-fortalecimento-de-vinculos\/' class='whatsapp-button whatsapp-share'>WhatsApp<\/a><div class='clear '><\/div><\/div>","protected":false},"excerpt":{"rendered":"<p>A Secretaria Municipal de Assist\u00eancia Social (SEMAS), atrav\u00e9s do Centro de Refer\u00eancia de Assist\u00eancia Social de Boa Uni\u00e3o (CRAS Boa Uni\u00e3o) promoveu, nesta ter\u00e7a-feira (17), um \u201caul\u00e3o de dan\u00e7a\u201d para os usu\u00e1rios do Servi\u00e7o de Conviv\u00eancia e Fortalecimento de V\u00ednculos (SCFV), com presen\u00e7a do Secret\u00e1rio da pasta, Alfredo Menezes, e do prefeito Joaquim Neto, que [&hellip;]<\/p>\n","protected":false},"author":1,"featured_media":2728,"comment_status":"open","ping_status":"open","sticky":false,"template":"","format":"standard","meta":{"om_disable_all_campaigns":false,"_exactmetrics_skip_tracking":false,"_exactmetrics_sitenote_active":false,"_exactmetrics_sitenote_note":"","_exactmetrics_sitenote_category":0,"footnotes":""},"categories":[38,30],"tags":[53,54,59],"class_list":["post-2722","post","type-post","status-publish","format-standard","has-post-thumbnail","hentry","category-alagoinhas-e-regiao","category-destaque","tag-alagoinhas","tag-prefeitura","tag-semas"],"aioseo_notices":[],"_links":{"self":[{"href":"https:\/\/newsinfoco.com.br\/inicio\/wp-json\/wp\/v2\/posts\/2722","targetHints":{"allow":["GET"]}}],"collection":[{"href":"https:\/\/newsinfoco.com.br\/inicio\/wp-json\/wp\/v2\/posts"}],"about":[{"href":"https:\/\/newsinfoco.com.br\/inicio\/wp-json\/wp\/v2\/types\/post"}],"author":[{"embeddable":true,"href":"https:\/\/newsinfoco.com.br\/inicio\/wp-json\/wp\/v2\/users\/1"}],"replies":[{"embeddable":true,"href":"https:\/\/newsinfoco.com.br\/inicio\/wp-json\/wp\/v2\/comments?post=2722"}],"version-history":[{"count":0,"href":"https:\/\/newsinfoco.com.br\/inicio\/wp-json\/wp\/v2\/posts\/2722\/revisions"}],"wp:featuredmedia":[{"embeddable":true,"href":"https:\/\/newsinfoco.com.br\/inicio\/wp-json\/wp\/v2\/media\/2728"}],"wp:attachment":[{"href":"https:\/\/newsinfoco.com.br\/inicio\/wp-json\/wp\/v2\/media?parent=2722"}],"wp:term":[{"taxonomy":"category","embeddable":true,"href":"https:\/\/newsinfoco.com.br\/inicio\/wp-json\/wp\/v2\/categories?post=2722"},{"taxonomy":"post_tag","embeddable":true,"href":"https:\/\/newsinfoco.com.br\/inicio\/wp-json\/wp\/v2\/tags?post=2722"}],"curies":[{"name":"wp","href":"https:\/\/api.w.org\/{rel}","templated":true}]}}