{"id":2730,"date":"2018-04-18T14:34:24","date_gmt":"2018-04-18T17:34:24","guid":{"rendered":"http:\/\/newsinfoco.com.br\/?p=2730"},"modified":"2018-04-18T14:34:24","modified_gmt":"2018-04-18T17:34:24","slug":"trf-4-rejeita-ultimos-embargos-de-lula-no-caso-triplex","status":"publish","type":"post","link":"https:\/\/newsinfoco.com.br\/inicio\/trf-4-rejeita-ultimos-embargos-de-lula-no-caso-triplex\/","title":{"rendered":"TRF-4 rejeita \u00faltimos embargos de Lula no caso triplex"},"content":{"rendered":"<p style=\"text-align: justify;\"><span style=\"color: #000000;\">Por unanimidade, desembargadores da 8\u00aa Turma do Tribunal Regional Federal da 4\u00aa Regi\u00e3o (TRF-4) n\u00e3o conheceram embargos dos embargos de declara\u00e7\u00e3o, derradeiro apelo do ex-presidente Luiz In\u00e1cio Lula da Silva contra condena\u00e7\u00e3o na Lava Jato. Na pr\u00e1tica, o recurso n\u00e3o afetaria pena de 12 anos e um m\u00eas de reclus\u00e3o imposta ao petista.<\/span><\/p>\n<p style=\"text-align: justify;\"><span style=\"color: #000000;\">Com a decis\u00e3o, ficam exauridos todos os recursos que Lula tinha a mover contra sua condena\u00e7\u00e3o no caso triplex na segunda inst\u00e2ncia.<\/span><\/p><div class=\"newsi-conteudo_19\" id=\"newsi-512483624\"><a href=\"https:\/\/www.instagram.com\/prefeituraalagoinhas?igsh=YzgzdDJ1bWR3aWI4\" aria-label=\"SAVE_20251006_221555\"><img loading=\"lazy\" decoding=\"async\" src=\"https:\/\/newsinfoco.com.br\/inicio\/wp-content\/uploads\/2025\/10\/SAVE_20251006_221555-rotated.jpg\" alt=\"\"  srcset=\"https:\/\/newsinfoco.com.br\/inicio\/wp-content\/uploads\/2025\/10\/SAVE_20251006_221555-rotated.jpg 1140w, https:\/\/newsinfoco.com.br\/inicio\/wp-content\/uploads\/2025\/10\/SAVE_20251006_221555-300x52.jpg 300w, https:\/\/newsinfoco.com.br\/inicio\/wp-content\/uploads\/2025\/10\/SAVE_20251006_221555-1024x177.jpg 1024w, https:\/\/newsinfoco.com.br\/inicio\/wp-content\/uploads\/2025\/10\/SAVE_20251006_221555-768x133.jpg 768w, https:\/\/newsinfoco.com.br\/inicio\/wp-content\/uploads\/2025\/10\/SAVE_20251006_221555-600x104.jpg 600w, https:\/\/newsinfoco.com.br\/inicio\/wp-content\/uploads\/2025\/10\/SAVE_20251006_221555-696x120.jpg 696w, https:\/\/newsinfoco.com.br\/inicio\/wp-content\/uploads\/2025\/10\/SAVE_20251006_221555-1068x185.jpg 1068w\" sizes=\"(max-width: 1140px) 100vw, 1140px\" width=\"1140\" height=\"197\"   \/><\/a><\/div>\n<p style=\"text-align: justify;\"><span style=\"color: #000000;\">O petista chegou a fazer reclama\u00e7\u00e3o ao Supremo, que est\u00e1 nas m\u00e3os do ministro Edson Fachin, pelo fato de ter sido encarcerado ainda com este \u00faltimo recurso pendente. Ele evoca ac\u00f3rd\u00e3o do Tribunal Regional Federal da 4\u00aa Regi\u00e3o que determinava o in\u00edcio do cumprimento da pena ap\u00f3s o exaurimento de todos os apelos ainda no 2\u00ba grau de jurisdi\u00e7\u00e3o.<\/span><\/p>\n<p style=\"text-align: justify;\"><span style=\"color: #000000;\">Lula est\u00e1 preso desde s\u00e1bado, 7, em uma Sala Especial na Pol\u00edcia Federal de Curitiba, sede da Lava Jato.<\/span><\/p>\n<p>&nbsp;<\/p>\n<h6 style=\"text-align: right;\"><span style=\"color: #999999;\">Fonte:Tribunadabahia<\/span><\/h6>\n<div class='share-to-whatsapp-wrapper'><div class='share-on-whsp'>Share on: <\/div><a data-text='TRF-4 rejeita \u00faltimos embargos de Lula no caso triplex' data-link='https:\/\/newsinfoco.com.br\/inicio\/trf-4-rejeita-ultimos-embargos-de-lula-no-caso-triplex\/' class='whatsapp-button whatsapp-share'>WhatsApp<\/a><div class='clear '><\/div><\/div>","protected":false},"excerpt":{"rendered":"<p>Por unanimidade, desembargadores da 8\u00aa Turma do Tribunal Regional Federal da 4\u00aa Regi\u00e3o (TRF-4) n\u00e3o conheceram embargos dos embargos de declara\u00e7\u00e3o, derradeiro apelo do ex-presidente Luiz In\u00e1cio Lula da Silva contra condena\u00e7\u00e3o na Lava Jato. Na pr\u00e1tica, o recurso n\u00e3o afetaria pena de 12 anos e um m\u00eas de reclus\u00e3o imposta ao petista. Com a [&hellip;]<\/p>\n","protected":false},"author":1,"featured_media":2393,"comment_status":"open","ping_status":"open","sticky":false,"template":"","format":"standard","meta":{"om_disable_all_campaigns":false,"_exactmetrics_skip_tracking":false,"_exactmetrics_sitenote_active":false,"_exactmetrics_sitenote_note":"","_exactmetrics_sitenote_category":0,"footnotes":""},"categories":[21],"tags":[],"class_list":["post-2730","post","type-post","status-publish","format-standard","has-post-thumbnail","hentry","category-brasil"],"aioseo_notices":[],"_links":{"self":[{"href":"https:\/\/newsinfoco.com.br\/inicio\/wp-json\/wp\/v2\/posts\/2730","targetHints":{"allow":["GET"]}}],"collection":[{"href":"https:\/\/newsinfoco.com.br\/inicio\/wp-json\/wp\/v2\/posts"}],"about":[{"href":"https:\/\/newsinfoco.com.br\/inicio\/wp-json\/wp\/v2\/types\/post"}],"author":[{"embeddable":true,"href":"https:\/\/newsinfoco.com.br\/inicio\/wp-json\/wp\/v2\/users\/1"}],"replies":[{"embeddable":true,"href":"https:\/\/newsinfoco.com.br\/inicio\/wp-json\/wp\/v2\/comments?post=2730"}],"version-history":[{"count":0,"href":"https:\/\/newsinfoco.com.br\/inicio\/wp-json\/wp\/v2\/posts\/2730\/revisions"}],"wp:featuredmedia":[{"embeddable":true,"href":"https:\/\/newsinfoco.com.br\/inicio\/wp-json\/wp\/v2\/media\/2393"}],"wp:attachment":[{"href":"https:\/\/newsinfoco.com.br\/inicio\/wp-json\/wp\/v2\/media?parent=2730"}],"wp:term":[{"taxonomy":"category","embeddable":true,"href":"https:\/\/newsinfoco.com.br\/inicio\/wp-json\/wp\/v2\/categories?post=2730"},{"taxonomy":"post_tag","embeddable":true,"href":"https:\/\/newsinfoco.com.br\/inicio\/wp-json\/wp\/v2\/tags?post=2730"}],"curies":[{"name":"wp","href":"https:\/\/api.w.org\/{rel}","templated":true}]}}