{"id":2732,"date":"2018-04-18T14:48:11","date_gmt":"2018-04-18T17:48:11","guid":{"rendered":"http:\/\/newsinfoco.com.br\/?p=2732"},"modified":"2018-04-18T14:48:11","modified_gmt":"2018-04-18T17:48:11","slug":"ideal-e-que-aecio-neves-nao-seja-candidato","status":"publish","type":"post","link":"https:\/\/newsinfoco.com.br\/inicio\/ideal-e-que-aecio-neves-nao-seja-candidato\/","title":{"rendered":"&#8220;Ideal \u00e9 que A\u00e9cio Neves n\u00e3o seja candidato&#8221;"},"content":{"rendered":"<p style=\"text-align: justify;\"><span style=\"color: #000000;\">Presidente do PSDB e pr\u00e9-candidato do partido ao Planalto, Geraldo Alckmin afirmou nesta quarta-feira (18), ser &#8220;evidente&#8221; que o melhor cen\u00e1rio para a sigla \u00e9 que o senador A\u00e9cio Neves (PSDB-MG) n\u00e3o concorra \u00e0s elei\u00e7\u00f5es desse ano. Em entrevista \u00e0 r\u00e1dio Bandeirantes, o ex-governador disse, no entanto, que espera que a decis\u00e3o parta do pr\u00f3prio A\u00e9cio e seja anunciada &#8220;nos pr\u00f3ximos dias&#8221;.<\/span><\/p>\n<p style=\"text-align: justify;\"><span style=\"color: #000000;\">&#8220;A\u00e9cio sabe o que penso, \u00e9 claro que o ideal \u00e9 que n\u00e3o seja candidato, \u00e9 evidente. Acho que ele mesmo, assim como tomou a decis\u00e3o de se afastar da presid\u00eancia do partido (quando surgiu a den\u00fancia), tomar\u00e1 essa decis\u00e3o. Vamos aguardar a decis\u00e3o dele. Tenho certeza que vai tomar e se dedicar \u00e0 quest\u00e3o processual e \u00e0 defesa&#8221;, disse Alckmin.<\/span><\/p><div class=\"newsi-conteudo_19\" id=\"newsi-4005380473\"><a href=\"https:\/\/www.instagram.com\/prefeituraalagoinhas?igsh=YzgzdDJ1bWR3aWI4\" aria-label=\"SAVE_20251006_221555\"><img loading=\"lazy\" decoding=\"async\" src=\"https:\/\/newsinfoco.com.br\/inicio\/wp-content\/uploads\/2025\/10\/SAVE_20251006_221555-rotated.jpg\" alt=\"\"  srcset=\"https:\/\/newsinfoco.com.br\/inicio\/wp-content\/uploads\/2025\/10\/SAVE_20251006_221555-rotated.jpg 1140w, https:\/\/newsinfoco.com.br\/inicio\/wp-content\/uploads\/2025\/10\/SAVE_20251006_221555-300x52.jpg 300w, https:\/\/newsinfoco.com.br\/inicio\/wp-content\/uploads\/2025\/10\/SAVE_20251006_221555-1024x177.jpg 1024w, https:\/\/newsinfoco.com.br\/inicio\/wp-content\/uploads\/2025\/10\/SAVE_20251006_221555-768x133.jpg 768w, https:\/\/newsinfoco.com.br\/inicio\/wp-content\/uploads\/2025\/10\/SAVE_20251006_221555-600x104.jpg 600w, https:\/\/newsinfoco.com.br\/inicio\/wp-content\/uploads\/2025\/10\/SAVE_20251006_221555-696x120.jpg 696w, https:\/\/newsinfoco.com.br\/inicio\/wp-content\/uploads\/2025\/10\/SAVE_20251006_221555-1068x185.jpg 1068w\" sizes=\"(max-width: 1140px) 100vw, 1140px\" width=\"1140\" height=\"197\"   \/><\/a><\/div>\n<p style=\"text-align: justify;\"><span style=\"color: #000000;\">O ex-governador de S\u00e3o Paulo afirmou ainda que o epis\u00f3dio envolvendo A\u00e9cio, que foi o candidato do partido na elei\u00e7\u00e3o presidencial e 2014, \u00e9 &#8220;muito ruim&#8221;. &#8220;Mas o que se faz numa democracia: o Judici\u00e1rio toma as medidas que tem que tomar, a pessoa se defende e \u00e9 julgada&#8221;, emendou.<\/span><\/p>\n<p style=\"text-align: justify;\"><span style=\"color: #000000;\">Na ter\u00e7a-feira (17), a Primeira Turma do Supremo Tribunal Federal (STF) aceitou a den\u00fancia da Procuradoria-Geral da Rep\u00fablica (PGR) contra o senador tucano pelos crimes de corrup\u00e7\u00e3o passiva e obstru\u00e7\u00e3o da Justi\u00e7a, com base na dela\u00e7\u00e3o premiada do Grupo J&amp;F. A\u00e9cio se tornou r\u00e9u pela primeira vez no Supremo por causa do epis\u00f3dio em que foi gravado pedindo R$ 2 milh\u00f5es a Joesley Batista, da JBS.<\/span><\/p>\n<p style=\"text-align: justify;\"><span style=\"color: #000000;\">Ap\u00f3s a decis\u00e3o, congressistas do PSDB procuraram dissociar o caso da imagem da legenda, na tentativa de evitar uma contamina\u00e7\u00e3o da candidatura de Alckmin ao Planalto. A\u00e9cio decide no momento se leva adiante a campanha \u00e0 reelei\u00e7\u00e3o ao Senado, j\u00e1 que seu mandato se encerra este ano.<\/span><\/p>\n<p style=\"text-align: justify;\"><span style=\"color: #000000;\">Na entrevista desta quarta-feira, Alckmin tamb\u00e9m tentou minimizar o impacto da not\u00edcia sobre as pretens\u00f5es tucanas em MG, o que tamb\u00e9m diminuiria suas chances no Estado. &#8220;Vamos ter grande candidato a governador em Minas, que \u00e9 o Ant\u00f4nio Anastasia. Acho que o mineiro vai escolher o melhor para o Brasil, a situa\u00e7\u00e3o financeira do governo de MG \u00e9 catastr\u00f3fica com o governador do PT. Anastasia tem grande chance de fazer um bom governo&#8221;, declarou.\u00a0<\/span><\/p>\n<p>&nbsp;<\/p>\n<h6 style=\"text-align: right;\"><span style=\"color: #999999;\">Fonte:Tribundabahia<\/span><\/h6>\n<div class='share-to-whatsapp-wrapper'><div class='share-on-whsp'>Share on: <\/div><a data-text='\"Ideal \u00e9 que A\u00e9cio Neves n\u00e3o seja candidato\"' data-link='https:\/\/newsinfoco.com.br\/inicio\/ideal-e-que-aecio-neves-nao-seja-candidato\/' class='whatsapp-button whatsapp-share'>WhatsApp<\/a><div class='clear '><\/div><\/div>","protected":false},"excerpt":{"rendered":"<p>Presidente do PSDB e pr\u00e9-candidato do partido ao Planalto, Geraldo Alckmin afirmou nesta quarta-feira (18), ser &#8220;evidente&#8221; que o melhor cen\u00e1rio para a sigla \u00e9 que o senador A\u00e9cio Neves (PSDB-MG) n\u00e3o concorra \u00e0s elei\u00e7\u00f5es desse ano. Em entrevista \u00e0 r\u00e1dio Bandeirantes, o ex-governador disse, no entanto, que espera que a decis\u00e3o parta do pr\u00f3prio [&hellip;]<\/p>\n","protected":false},"author":1,"featured_media":2733,"comment_status":"open","ping_status":"open","sticky":false,"template":"","format":"standard","meta":{"om_disable_all_campaigns":false,"_exactmetrics_skip_tracking":false,"_exactmetrics_sitenote_active":false,"_exactmetrics_sitenote_note":"","_exactmetrics_sitenote_category":0,"footnotes":""},"categories":[21],"tags":[],"class_list":["post-2732","post","type-post","status-publish","format-standard","has-post-thumbnail","hentry","category-brasil"],"aioseo_notices":[],"_links":{"self":[{"href":"https:\/\/newsinfoco.com.br\/inicio\/wp-json\/wp\/v2\/posts\/2732","targetHints":{"allow":["GET"]}}],"collection":[{"href":"https:\/\/newsinfoco.com.br\/inicio\/wp-json\/wp\/v2\/posts"}],"about":[{"href":"https:\/\/newsinfoco.com.br\/inicio\/wp-json\/wp\/v2\/types\/post"}],"author":[{"embeddable":true,"href":"https:\/\/newsinfoco.com.br\/inicio\/wp-json\/wp\/v2\/users\/1"}],"replies":[{"embeddable":true,"href":"https:\/\/newsinfoco.com.br\/inicio\/wp-json\/wp\/v2\/comments?post=2732"}],"version-history":[{"count":0,"href":"https:\/\/newsinfoco.com.br\/inicio\/wp-json\/wp\/v2\/posts\/2732\/revisions"}],"wp:featuredmedia":[{"embeddable":true,"href":"https:\/\/newsinfoco.com.br\/inicio\/wp-json\/wp\/v2\/media\/2733"}],"wp:attachment":[{"href":"https:\/\/newsinfoco.com.br\/inicio\/wp-json\/wp\/v2\/media?parent=2732"}],"wp:term":[{"taxonomy":"category","embeddable":true,"href":"https:\/\/newsinfoco.com.br\/inicio\/wp-json\/wp\/v2\/categories?post=2732"},{"taxonomy":"post_tag","embeddable":true,"href":"https:\/\/newsinfoco.com.br\/inicio\/wp-json\/wp\/v2\/tags?post=2732"}],"curies":[{"name":"wp","href":"https:\/\/api.w.org\/{rel}","templated":true}]}}