{"id":2750,"date":"2018-04-18T15:34:17","date_gmt":"2018-04-18T18:34:17","guid":{"rendered":"http:\/\/newsinfoco.com.br\/?p=2750"},"modified":"2018-04-18T15:34:17","modified_gmt":"2018-04-18T18:34:17","slug":"uillian-correia-convoca-torcida-contra-o-internacional","status":"publish","type":"post","link":"https:\/\/newsinfoco.com.br\/inicio\/uillian-correia-convoca-torcida-contra-o-internacional\/","title":{"rendered":"Uillian Correia convoca torcida contra o Internacional"},"content":{"rendered":"<p class=\"bodytext\" style=\"text-align: justify;\"><span style=\"color: #000000;\">A miss\u00e3o n\u00e3o \u00e9 f\u00e1cil. Na quinta-feira (19), o Vit\u00f3ria precisar\u00e1 vencer o Internacional por dois gols de diferen\u00e7a para garantir a classifica\u00e7\u00e3o \u00e0s oitavas de final da Copa do Brasil. O jogo ser\u00e1 \u00e0s 19h15, no Barrad\u00e3o, e o volante Uillian Correia fez quest\u00e3o de convocar a na\u00e7\u00e3o rubro-negra\u00a0para a decis\u00e3o.<\/span><\/p>\n<p class=\"bodytext\" style=\"text-align: justify;\"><span style=\"color: #000000;\">\u201cO apoio da nossa torcida ser\u00e1 fundamental para nossa equipe durante os noventa minutos. Queremos o nosso torcedor como aliado novamente para nos ajudar nesta dif\u00edcil partida. Esperamos o Barrad\u00e3o com um grande p\u00fablico para buscarmos essa classifica\u00e7\u00e3o juntos\u201d, afirmou o jogador.<\/span><\/p><div class=\"newsi-conteudo_19\" id=\"newsi-3182655914\"><a href=\"https:\/\/www.instagram.com\/prefeituraalagoinhas?igsh=YzgzdDJ1bWR3aWI4\" aria-label=\"SAVE_20251006_221555\"><img loading=\"lazy\" decoding=\"async\" src=\"https:\/\/newsinfoco.com.br\/inicio\/wp-content\/uploads\/2025\/10\/SAVE_20251006_221555-rotated.jpg\" alt=\"\"  srcset=\"https:\/\/newsinfoco.com.br\/inicio\/wp-content\/uploads\/2025\/10\/SAVE_20251006_221555-rotated.jpg 1140w, https:\/\/newsinfoco.com.br\/inicio\/wp-content\/uploads\/2025\/10\/SAVE_20251006_221555-300x52.jpg 300w, https:\/\/newsinfoco.com.br\/inicio\/wp-content\/uploads\/2025\/10\/SAVE_20251006_221555-1024x177.jpg 1024w, https:\/\/newsinfoco.com.br\/inicio\/wp-content\/uploads\/2025\/10\/SAVE_20251006_221555-768x133.jpg 768w, https:\/\/newsinfoco.com.br\/inicio\/wp-content\/uploads\/2025\/10\/SAVE_20251006_221555-600x104.jpg 600w, https:\/\/newsinfoco.com.br\/inicio\/wp-content\/uploads\/2025\/10\/SAVE_20251006_221555-696x120.jpg 696w, https:\/\/newsinfoco.com.br\/inicio\/wp-content\/uploads\/2025\/10\/SAVE_20251006_221555-1068x185.jpg 1068w\" sizes=\"(max-width: 1140px) 100vw, 1140px\" width=\"1140\" height=\"197\"   \/><\/a><\/div>\n<p class=\"bodytext\" style=\"text-align: justify;\"><span style=\"color: #000000;\">Se o Vit\u00f3ria vencer por apenas um gol de diferen\u00e7a, a vaga ser\u00e1 decidida nos p\u00eanaltis. Caso\u00a0o jogo termine\u00a0empatado, o Internacional avan\u00e7a na competi\u00e7\u00e3o. O Le\u00e3o precisa vencer porque perdeu a partida de ida por 2&#215;1, no \u00faltimo dia 11, no Beira-Rio, em Porto Alegre.\u00a0<\/span><\/p>\n<p class=\"bodytext\" style=\"text-align: justify;\"><span style=\"color: #000000;\">O t\u00e9cnico Vagner Mancini comanda na tarde dessa quarta-feira (18) o \u00faltimo treino preparat\u00f3rio para o confronto. A atividade ser\u00e1 realizada com port\u00f5es fechados, sem a presen\u00e7a da imprensa. Em seguida, o elenco rubro-negro inicia a concentra\u00e7\u00e3o.<\/span><\/p>\n<p class=\"bodytext\" style=\"text-align: justify;\"><span style=\"color: #000000;\">O Vit\u00f3ria ainda n\u00e3o divulgou parcial de ingressos vendidos para a partida contra o Internacional. Os bilhetes seguem \u00e0 venda no Barrad\u00e3o e em lojas de tr\u00eas shoppings de Salvador.\u00a0<\/span><\/p>\n<p class=\"bodytext\" style=\"text-align: justify;\"><span style=\"color: #000000;\"><strong>Confira onde e quando comprar ingressos para Vit\u00f3ria x Internacional:<\/strong><\/span><\/p>\n<p class=\"bodytext\" style=\"text-align: justify;\"><span style=\"color: #000000;\">Quarta-feira (18): bilheteria do Barrad\u00e3o (9h \u00e0s 18h), Shopping Capemi (9h30 \u00e0s 18h30), Shopping Lapa (10h \u00e0s 20h), Shopping Paralela (10h \u00e0s 20h).<\/span><\/p>\n<p class=\"bodytext\" style=\"text-align: justify;\"><span style=\"color: #000000;\">Quinta-feira (19): bilheteria do Barrad\u00e3o (9h \u00e0s 20h)<\/span><\/p>\n<p class=\"bodytext\" style=\"text-align: justify;\"><span style=\"color: #000000;\">Internet: at\u00e9 \u00e0s 23h59 de quarta-feira (18)<\/span><\/p>\n<p class=\"bodytext\" style=\"text-align: justify;\"><span style=\"color: #000000;\">VALORES:<\/span><\/p>\n<p class=\"bodytext\" style=\"text-align: justify;\"><span style=\"color: #000000;\">Arquibancada: R$ 40 (inteira) | R$ 20 (meia)<\/span><\/p>\n<p class=\"bodytext\" style=\"text-align: justify;\"><span style=\"color: #000000;\">Cadeira: R$ 60 (inteira) | R$ 30 (meia)<\/span><\/p>\n<p class=\"bodytext\" style=\"text-align: justify;\"><span style=\"color: #000000;\">Visitante: R$ 40 (inteira) | R$ 20 (meia)<\/span><\/p>\n<p>&nbsp;<\/p>\n<h6 style=\"text-align: right;\"><span style=\"color: #999999;\">Fonte:Correiodabahia<\/span><\/h6>\n<div class='share-to-whatsapp-wrapper'><div class='share-on-whsp'>Share on: <\/div><a data-text='Uillian Correia convoca torcida contra o Internacional' data-link='https:\/\/newsinfoco.com.br\/inicio\/uillian-correia-convoca-torcida-contra-o-internacional\/' class='whatsapp-button whatsapp-share'>WhatsApp<\/a><div class='clear '><\/div><\/div>","protected":false},"excerpt":{"rendered":"<p>A miss\u00e3o n\u00e3o \u00e9 f\u00e1cil. Na quinta-feira (19), o Vit\u00f3ria precisar\u00e1 vencer o Internacional por dois gols de diferen\u00e7a para garantir a classifica\u00e7\u00e3o \u00e0s oitavas de final da Copa do Brasil. O jogo ser\u00e1 \u00e0s 19h15, no Barrad\u00e3o, e o volante Uillian Correia fez quest\u00e3o de convocar a na\u00e7\u00e3o rubro-negra\u00a0para a decis\u00e3o. \u201cO apoio da [&hellip;]<\/p>\n","protected":false},"author":1,"featured_media":2751,"comment_status":"open","ping_status":"open","sticky":false,"template":"","format":"standard","meta":{"om_disable_all_campaigns":false,"_exactmetrics_skip_tracking":false,"_exactmetrics_sitenote_active":false,"_exactmetrics_sitenote_note":"","_exactmetrics_sitenote_category":0,"footnotes":""},"categories":[36],"tags":[],"class_list":["post-2750","post","type-post","status-publish","format-standard","has-post-thumbnail","hentry","category-esporte"],"aioseo_notices":[],"_links":{"self":[{"href":"https:\/\/newsinfoco.com.br\/inicio\/wp-json\/wp\/v2\/posts\/2750","targetHints":{"allow":["GET"]}}],"collection":[{"href":"https:\/\/newsinfoco.com.br\/inicio\/wp-json\/wp\/v2\/posts"}],"about":[{"href":"https:\/\/newsinfoco.com.br\/inicio\/wp-json\/wp\/v2\/types\/post"}],"author":[{"embeddable":true,"href":"https:\/\/newsinfoco.com.br\/inicio\/wp-json\/wp\/v2\/users\/1"}],"replies":[{"embeddable":true,"href":"https:\/\/newsinfoco.com.br\/inicio\/wp-json\/wp\/v2\/comments?post=2750"}],"version-history":[{"count":0,"href":"https:\/\/newsinfoco.com.br\/inicio\/wp-json\/wp\/v2\/posts\/2750\/revisions"}],"wp:featuredmedia":[{"embeddable":true,"href":"https:\/\/newsinfoco.com.br\/inicio\/wp-json\/wp\/v2\/media\/2751"}],"wp:attachment":[{"href":"https:\/\/newsinfoco.com.br\/inicio\/wp-json\/wp\/v2\/media?parent=2750"}],"wp:term":[{"taxonomy":"category","embeddable":true,"href":"https:\/\/newsinfoco.com.br\/inicio\/wp-json\/wp\/v2\/categories?post=2750"},{"taxonomy":"post_tag","embeddable":true,"href":"https:\/\/newsinfoco.com.br\/inicio\/wp-json\/wp\/v2\/tags?post=2750"}],"curies":[{"name":"wp","href":"https:\/\/api.w.org\/{rel}","templated":true}]}}