{"id":2753,"date":"2018-04-18T15:41:12","date_gmt":"2018-04-18T18:41:12","guid":{"rendered":"http:\/\/newsinfoco.com.br\/?p=2753"},"modified":"2018-04-18T15:41:12","modified_gmt":"2018-04-18T18:41:12","slug":"perfuracao-de-pocos-artesianos-beneficia-milhares-de-familias-na-zona-rural-de-esplanada","status":"publish","type":"post","link":"https:\/\/newsinfoco.com.br\/inicio\/perfuracao-de-pocos-artesianos-beneficia-milhares-de-familias-na-zona-rural-de-esplanada\/","title":{"rendered":"Perfura\u00e7\u00e3o de po\u00e7os artesianos beneficia milhares de fam\u00edlias na zona rural de Esplanada"},"content":{"rendered":"<p style=\"text-align: justify;\"><span style=\"color: #000000;\">De acordo a Ascom o benef\u00edcio foi adquirido por meio do Deputado Federal Paulo Azi, atendendo a solicita\u00e7\u00e3o do Prefeito Francisco da Cruz.<\/span><\/p>\n<p style=\"text-align: justify;\"><span style=\"color: #000000;\">\u201cAmenizar a car\u00eancia de \u00e1gua das fam\u00edlias que moram e trabalham na zona rural do nosso munic\u00edpio tem sido uma preocupa\u00e7\u00e3o constante nossa, por isso iremos nos empenhar em conseguir beneficiar outras localidades tamb\u00e9m\u201d, disse o prefeito Francisco da Cruz.<\/span><\/p><div class=\"newsi-conteudo_19\" id=\"newsi-2418391701\"><a href=\"https:\/\/www.instagram.com\/prefeituraalagoinhas?igsh=YzgzdDJ1bWR3aWI4\" aria-label=\"SAVE_20251006_221555\"><img loading=\"lazy\" decoding=\"async\" src=\"https:\/\/newsinfoco.com.br\/inicio\/wp-content\/uploads\/2025\/10\/SAVE_20251006_221555-rotated.jpg\" alt=\"\"  srcset=\"https:\/\/newsinfoco.com.br\/inicio\/wp-content\/uploads\/2025\/10\/SAVE_20251006_221555-rotated.jpg 1140w, https:\/\/newsinfoco.com.br\/inicio\/wp-content\/uploads\/2025\/10\/SAVE_20251006_221555-300x52.jpg 300w, https:\/\/newsinfoco.com.br\/inicio\/wp-content\/uploads\/2025\/10\/SAVE_20251006_221555-1024x177.jpg 1024w, https:\/\/newsinfoco.com.br\/inicio\/wp-content\/uploads\/2025\/10\/SAVE_20251006_221555-768x133.jpg 768w, https:\/\/newsinfoco.com.br\/inicio\/wp-content\/uploads\/2025\/10\/SAVE_20251006_221555-600x104.jpg 600w, https:\/\/newsinfoco.com.br\/inicio\/wp-content\/uploads\/2025\/10\/SAVE_20251006_221555-696x120.jpg 696w, https:\/\/newsinfoco.com.br\/inicio\/wp-content\/uploads\/2025\/10\/SAVE_20251006_221555-1068x185.jpg 1068w\" sizes=\"(max-width: 1140px) 100vw, 1140px\" width=\"1140\" height=\"197\"   \/><\/a><\/div>\n<p style=\"text-align: justify;\"><span style=\"color: #000000;\">As perfura\u00e7\u00f5es foram acompanhadas pelo Sr. Raimundo Brito, Secret\u00e1rio de Obras e Servi\u00e7os.<\/span><\/p>\n<p style=\"text-align: justify;\"><span style=\"color: #000000;\">&#8220;Dos 10 po\u00e7os que conseguimos, j\u00e1 foram perfurados 07, beneficiando as comunidades de Cruz das Almas, Malhadas e Barreiro, na regi\u00e3o do S\u00e3o Jos\u00e9; e os Assentamentos Patizinho, Bom Jardim, S\u00e3o Francisco e Nova Esplanada. Restando perfurar nos pr\u00f3ximos dias no Assentamento Santa Clara (Pov. de Baixa Grande), Itariri e Reunidas Palame (regi\u00e3o da praia). Todos esses esfor\u00e7os s\u00e3o para amenizar o sofrimento do nossos irm\u00e3os dos assentamentos e comunidades.&#8221;, declarou Raimundo Brito.<\/span><\/p>\n<p><img decoding=\"async\" src=\"http:\/\/esplanadanews.com.br\/upimg\/uploads\/30726411_1945291965521885_8286508976714377080_n.jpg\" width=\"98%\" \/><\/p>\n<p>&nbsp;<\/p>\n<h6 style=\"text-align: right;\"><span style=\"color: #999999;\">Fonte:Esplanadanews<\/span><\/h6>\n<div class='share-to-whatsapp-wrapper'><div class='share-on-whsp'>Share on: <\/div><a data-text='Perfura\u00e7\u00e3o de po\u00e7os artesianos beneficia milhares de fam\u00edlias na zona rural de Esplanada' data-link='https:\/\/newsinfoco.com.br\/inicio\/perfuracao-de-pocos-artesianos-beneficia-milhares-de-familias-na-zona-rural-de-esplanada\/' class='whatsapp-button whatsapp-share'>WhatsApp<\/a><div class='clear '><\/div><\/div>","protected":false},"excerpt":{"rendered":"<p>De acordo a Ascom o benef\u00edcio foi adquirido por meio do Deputado Federal Paulo Azi, atendendo a solicita\u00e7\u00e3o do Prefeito Francisco da Cruz. \u201cAmenizar a car\u00eancia de \u00e1gua das fam\u00edlias que moram e trabalham na zona rural do nosso munic\u00edpio tem sido uma preocupa\u00e7\u00e3o constante nossa, por isso iremos nos empenhar em conseguir beneficiar outras [&hellip;]<\/p>\n","protected":false},"author":1,"featured_media":2754,"comment_status":"open","ping_status":"open","sticky":false,"template":"","format":"standard","meta":{"om_disable_all_campaigns":false,"_exactmetrics_skip_tracking":false,"_exactmetrics_sitenote_active":false,"_exactmetrics_sitenote_note":"","_exactmetrics_sitenote_category":0,"footnotes":""},"categories":[38],"tags":[],"class_list":["post-2753","post","type-post","status-publish","format-standard","has-post-thumbnail","hentry","category-alagoinhas-e-regiao"],"aioseo_notices":[],"_links":{"self":[{"href":"https:\/\/newsinfoco.com.br\/inicio\/wp-json\/wp\/v2\/posts\/2753","targetHints":{"allow":["GET"]}}],"collection":[{"href":"https:\/\/newsinfoco.com.br\/inicio\/wp-json\/wp\/v2\/posts"}],"about":[{"href":"https:\/\/newsinfoco.com.br\/inicio\/wp-json\/wp\/v2\/types\/post"}],"author":[{"embeddable":true,"href":"https:\/\/newsinfoco.com.br\/inicio\/wp-json\/wp\/v2\/users\/1"}],"replies":[{"embeddable":true,"href":"https:\/\/newsinfoco.com.br\/inicio\/wp-json\/wp\/v2\/comments?post=2753"}],"version-history":[{"count":0,"href":"https:\/\/newsinfoco.com.br\/inicio\/wp-json\/wp\/v2\/posts\/2753\/revisions"}],"wp:featuredmedia":[{"embeddable":true,"href":"https:\/\/newsinfoco.com.br\/inicio\/wp-json\/wp\/v2\/media\/2754"}],"wp:attachment":[{"href":"https:\/\/newsinfoco.com.br\/inicio\/wp-json\/wp\/v2\/media?parent=2753"}],"wp:term":[{"taxonomy":"category","embeddable":true,"href":"https:\/\/newsinfoco.com.br\/inicio\/wp-json\/wp\/v2\/categories?post=2753"},{"taxonomy":"post_tag","embeddable":true,"href":"https:\/\/newsinfoco.com.br\/inicio\/wp-json\/wp\/v2\/tags?post=2753"}],"curies":[{"name":"wp","href":"https:\/\/api.w.org\/{rel}","templated":true}]}}