{"id":2757,"date":"2018-04-18T17:27:52","date_gmt":"2018-04-18T20:27:52","guid":{"rendered":"http:\/\/newsinfoco.com.br\/?p=2757"},"modified":"2018-04-18T17:29:14","modified_gmt":"2018-04-18T20:29:14","slug":"jose-carlos-fiscina-filho-assume-procuradoria-juridica-do-saae-de-alagoinhas-em-substituicao-a-gustavo-carmo","status":"publish","type":"post","link":"https:\/\/newsinfoco.com.br\/inicio\/jose-carlos-fiscina-filho-assume-procuradoria-juridica-do-saae-de-alagoinhas-em-substituicao-a-gustavo-carmo\/","title":{"rendered":"Jos\u00e9 Carlos Fiscina Filho assume procuradoria juridica do SAAE de Alagoinhas em substitui\u00e7\u00e3o a Gustavo Carmo"},"content":{"rendered":"<p style=\"text-align: justify;\">O advogado Jos\u00e9 Carlos Fiscina Filho \u00e9 o novo procurador jur\u00eddico do SAAE. Ele assume a fun\u00e7\u00e3o em substitui\u00e7\u00e3o ao Dr. Gustavo Carmo, que assumiu na segunda-feira (09) a Secretaria Municipal de Comunica\u00e7\u00e3o.<\/p>\n<p style=\"text-align: justify;\">A indica\u00e7\u00e3o de Jos\u00e9 Carlos Fiscina foi feita pelo pr\u00f3prio Gustavo Carmo. A informa\u00e7\u00e3o foi dada com exclusividade pelo jornalista Caio Pimenta durante o programa Primeira M\u00e3o, da 95,7 FM de Alagoinhas, na manh\u00e3 de hoje(18) e confirmada agora a tarde com a nomea\u00e7\u00e3o oficial por parte do prefeito Joaquim Neto.<\/p><div class=\"newsi-conteudo_19\" id=\"newsi-3272542385\"><a href=\"https:\/\/www.instagram.com\/prefeituraalagoinhas?igsh=YzgzdDJ1bWR3aWI4\" aria-label=\"SAVE_20251006_221555\"><img loading=\"lazy\" decoding=\"async\" src=\"https:\/\/newsinfoco.com.br\/inicio\/wp-content\/uploads\/2025\/10\/SAVE_20251006_221555-rotated.jpg\" alt=\"\"  srcset=\"https:\/\/newsinfoco.com.br\/inicio\/wp-content\/uploads\/2025\/10\/SAVE_20251006_221555-rotated.jpg 1140w, https:\/\/newsinfoco.com.br\/inicio\/wp-content\/uploads\/2025\/10\/SAVE_20251006_221555-300x52.jpg 300w, https:\/\/newsinfoco.com.br\/inicio\/wp-content\/uploads\/2025\/10\/SAVE_20251006_221555-1024x177.jpg 1024w, https:\/\/newsinfoco.com.br\/inicio\/wp-content\/uploads\/2025\/10\/SAVE_20251006_221555-768x133.jpg 768w, https:\/\/newsinfoco.com.br\/inicio\/wp-content\/uploads\/2025\/10\/SAVE_20251006_221555-600x104.jpg 600w, https:\/\/newsinfoco.com.br\/inicio\/wp-content\/uploads\/2025\/10\/SAVE_20251006_221555-696x120.jpg 696w, https:\/\/newsinfoco.com.br\/inicio\/wp-content\/uploads\/2025\/10\/SAVE_20251006_221555-1068x185.jpg 1068w\" sizes=\"(max-width: 1140px) 100vw, 1140px\" width=\"1140\" height=\"197\"   \/><\/a><\/div>\n<p style=\"text-align: justify;\">O fato de Gustavo ter indicado um nome para a procuradoria do SAAE, n\u00e3o repercutiu bem entre os aliados do prefeito Joaquim Neto. Eles est\u00e3o incomodados com o espa\u00e7o dado pelo prefeito Joaquim Neto a Gustavo, que foi seu advers\u00e1rio durante a campanha eleitoral, quando foi candidato a vice-prefeito, na chapa encabe\u00e7ada por Radiovaldo Costa.<\/p>\n<p style=\"text-align: justify;\">Os cr\u00edticos alegam que o prefeito Joaquim Neto tem dado mais aten\u00e7\u00e3o aos advers\u00e1rios da campanha do que aqueles que caminharam desde o inicio com ele.<\/p>\n<p style=\"text-align: justify;\">Para o News Infoco, defensores da nomea\u00e7\u00e3o enalteceram o curr\u00edculo do novo procurador jur\u00eddico da autarquia, alegando que a indica\u00e7\u00e3o foi de car\u00e1ter t\u00e9cnico e n\u00e3o pol\u00edtico.<\/p>\n<h6 style=\"text-align: right;\"><span style=\"color: #999999;\">Por Alex Almeida para o News Infoco<\/span><\/h6>\n<div class='share-to-whatsapp-wrapper'><div class='share-on-whsp'>Share on: <\/div><a data-text='Jos\u00e9 Carlos Fiscina Filho assume procuradoria juridica do SAAE de Alagoinhas em substitui\u00e7\u00e3o a Gustavo Carmo' data-link='https:\/\/newsinfoco.com.br\/inicio\/jose-carlos-fiscina-filho-assume-procuradoria-juridica-do-saae-de-alagoinhas-em-substituicao-a-gustavo-carmo\/' class='whatsapp-button whatsapp-share'>WhatsApp<\/a><div class='clear '><\/div><\/div>","protected":false},"excerpt":{"rendered":"<p>O advogado Jos\u00e9 Carlos Fiscina Filho \u00e9 o novo procurador jur\u00eddico do SAAE. Ele assume a fun\u00e7\u00e3o em substitui\u00e7\u00e3o ao Dr. Gustavo Carmo, que assumiu na segunda-feira (09) a Secretaria Municipal de Comunica\u00e7\u00e3o. A indica\u00e7\u00e3o de Jos\u00e9 Carlos Fiscina foi feita pelo pr\u00f3prio Gustavo Carmo. A informa\u00e7\u00e3o foi dada com exclusividade pelo jornalista Caio Pimenta [&hellip;]<\/p>\n","protected":false},"author":1,"featured_media":2758,"comment_status":"open","ping_status":"open","sticky":false,"template":"","format":"standard","meta":{"om_disable_all_campaigns":false,"_exactmetrics_skip_tracking":false,"_exactmetrics_sitenote_active":false,"_exactmetrics_sitenote_note":"","_exactmetrics_sitenote_category":0,"footnotes":""},"categories":[38,30],"tags":[],"class_list":["post-2757","post","type-post","status-publish","format-standard","has-post-thumbnail","hentry","category-alagoinhas-e-regiao","category-destaque"],"aioseo_notices":[],"_links":{"self":[{"href":"https:\/\/newsinfoco.com.br\/inicio\/wp-json\/wp\/v2\/posts\/2757","targetHints":{"allow":["GET"]}}],"collection":[{"href":"https:\/\/newsinfoco.com.br\/inicio\/wp-json\/wp\/v2\/posts"}],"about":[{"href":"https:\/\/newsinfoco.com.br\/inicio\/wp-json\/wp\/v2\/types\/post"}],"author":[{"embeddable":true,"href":"https:\/\/newsinfoco.com.br\/inicio\/wp-json\/wp\/v2\/users\/1"}],"replies":[{"embeddable":true,"href":"https:\/\/newsinfoco.com.br\/inicio\/wp-json\/wp\/v2\/comments?post=2757"}],"version-history":[{"count":0,"href":"https:\/\/newsinfoco.com.br\/inicio\/wp-json\/wp\/v2\/posts\/2757\/revisions"}],"wp:featuredmedia":[{"embeddable":true,"href":"https:\/\/newsinfoco.com.br\/inicio\/wp-json\/wp\/v2\/media\/2758"}],"wp:attachment":[{"href":"https:\/\/newsinfoco.com.br\/inicio\/wp-json\/wp\/v2\/media?parent=2757"}],"wp:term":[{"taxonomy":"category","embeddable":true,"href":"https:\/\/newsinfoco.com.br\/inicio\/wp-json\/wp\/v2\/categories?post=2757"},{"taxonomy":"post_tag","embeddable":true,"href":"https:\/\/newsinfoco.com.br\/inicio\/wp-json\/wp\/v2\/tags?post=2757"}],"curies":[{"name":"wp","href":"https:\/\/api.w.org\/{rel}","templated":true}]}}