{"id":28209,"date":"2021-12-31T08:49:34","date_gmt":"2021-12-31T11:49:34","guid":{"rendered":"https:\/\/newsinfoco.com.br\/inicio\/?p=28209"},"modified":"2021-12-31T08:49:34","modified_gmt":"2021-12-31T11:49:34","slug":"lei-federal-obrigou-criacao-de-taxa-do-lixo-em-alagoinhas-descumprimento-poderia-significar-crime-de-responsabilidade-fiscal-afirma-prefeitura","status":"publish","type":"post","link":"https:\/\/newsinfoco.com.br\/inicio\/lei-federal-obrigou-criacao-de-taxa-do-lixo-em-alagoinhas-descumprimento-poderia-significar-crime-de-responsabilidade-fiscal-afirma-prefeitura\/","title":{"rendered":"Lei Federal obrigou cria\u00e7\u00e3o de taxa do lixo em Alagoinhas; descumprimento poderia significar crime de responsabilidade fiscal, afirma prefeitura"},"content":{"rendered":"<p>A institui\u00e7\u00e3o da Taxa de Coleta, Remo\u00e7\u00e3o e Destina\u00e7\u00e3o de Res\u00edduos S\u00f3lidos \u2013 TRSD, mais conhecida como taxa de lixo, nos munic\u00edpios brasileiros, entre eles Alagoinhas, foi uma determina\u00e7\u00e3o de uma lei federal. Assim fala a nota publicada pela secretaria municipal de comunica\u00e7\u00e3o de Alagoinhas(SECOM), ap\u00f3s a revolta da popula\u00e7\u00e3o alagoinhense que foi surpreendida com a cobran\u00e7a de mais uma taxa, inclusa na fatura de \u00e1gua emitida pelo SAAE.<\/p>\n<p>De acordo com a prefeitura. o \u201cNovo Marco Legal do Saneamento B\u00e1sico\u201d, sancionada em em 2020, estabeleceu a obrigatoriedade, ap\u00f3s 12 meses da sua entrada em vigor, da cobran\u00e7a de taxa ou tarifa de lixo, para todos os munic\u00edpios brasileiros que ainda n\u00e3o recolhiam o tributo, entre eles Alagoinhas.<\/p>\n<p>Ainda segundo a prefeitura, os munic\u00edpios que n\u00e3o cumprirem a referida Lei Federal ser\u00e3o responsabilizados por ren\u00fancia de receita, o que traz consequ\u00eancias legais aos gestores, podendo, inclusive, configurar ato de improbidade administrativa por descumprimento da Lei de Responsabilidade Fiscal.<\/p>\n<p>A prefeitura explica que em Alagoinhas, a cobran\u00e7a da Taxa de Coleta, Remo\u00e7\u00e3o e Destina\u00e7\u00e3o de Res\u00edduos S\u00f3lidos \u2013 TRSD, ser\u00e1 anual e inclusa na conta de \u00e1gua. O valor cobrado varia de acordo com o metro quadrado de \u00e1rea constru\u00edda do im\u00f3vel. Para diminuir os impactos financeiros ao contribuinte, o valor da TRSD 2021 ser\u00e1 parcelado em tr\u00eas vezes.<\/p>\n<p>Para fam\u00edlias de baixa renda, a isen\u00e7\u00e3o seguir\u00e1 os mesmos crit\u00e9rios estabelecidos no C\u00f3digo Tribut\u00e1rio Municipal para a concess\u00e3o de isen\u00e7\u00e3o do IPTU.<\/p>\n<p>Os valores da TRSD s\u00e3o definidos com base no metro quadrado de \u00e1rea constru\u00edda do im\u00f3vel, conforme a tabela abaixo:<\/p>\n<table width=\"527\">\n<tbody>\n<tr>\n<td><strong>Tipo de unidade<\/strong><\/td>\n<td><strong>\u00a0Valor por metro quadrado<\/strong><\/td>\n<td><strong>Valor M\u00e1ximo da\u00a0 \u00a0 taxa\u00a0 \u00a0 \u00a0 \u00a0<\/strong><\/td>\n<\/tr>\n<tr>\n<td><strong>Residencial \u00a0<\/strong><\/td>\n<td>\u00a0R$ 0,35<\/td>\n<td>\u00a0 R$ 100,00<\/td>\n<\/tr>\n<tr>\n<td><strong>Comercial\/Servi\u00e7os\u00a0\u00a0<\/strong><\/td>\n<td>\u00a0 R$ 2,00<\/td>\n<td>R$ 400,00<\/td>\n<\/tr>\n<tr>\n<td><strong>Industrial\u00a0 \u00a0 \u00a0<\/strong><\/td>\n<td>\u00a0\u00a0R$ 3,00<\/td>\n<td>\u00a0 R$ 400,00<\/td>\n<\/tr>\n<tr>\n<td><strong>Hospitalar\u00a0\u00a0<\/strong><\/td>\n<td>\u00a0R$ 5,00<\/td>\n<td>\u00a0 R$ 400,00<\/td>\n<\/tr>\n<\/tbody>\n<\/table>\n<div class='share-to-whatsapp-wrapper'><div class='share-on-whsp'>Share on: <\/div><a data-text='Lei Federal obrigou cria\u00e7\u00e3o de taxa do lixo em Alagoinhas; descumprimento poderia significar crime de responsabilidade fiscal, afirma prefeitura' data-link='https:\/\/newsinfoco.com.br\/inicio\/lei-federal-obrigou-criacao-de-taxa-do-lixo-em-alagoinhas-descumprimento-poderia-significar-crime-de-responsabilidade-fiscal-afirma-prefeitura\/' class='whatsapp-button whatsapp-share'>WhatsApp<\/a><div class='clear '><\/div><\/div>","protected":false},"excerpt":{"rendered":"<p>A institui\u00e7\u00e3o da Taxa de Coleta, Remo\u00e7\u00e3o e Destina\u00e7\u00e3o de Res\u00edduos S\u00f3lidos \u2013 TRSD, mais conhecida como taxa de lixo, nos munic\u00edpios brasileiros, entre eles Alagoinhas, foi uma determina\u00e7\u00e3o de uma lei federal. Assim fala a nota publicada pela secretaria municipal de comunica\u00e7\u00e3o de Alagoinhas(SECOM), ap\u00f3s a revolta da popula\u00e7\u00e3o alagoinhense que foi surpreendida com [&hellip;]<\/p>\n","protected":false},"author":1,"featured_media":28210,"comment_status":"closed","ping_status":"closed","sticky":false,"template":"","format":"standard","meta":{"om_disable_all_campaigns":false,"rop_custom_images_group":[],"rop_custom_messages_group":[],"rop_publish_now":"initial","rop_publish_now_accounts":[],"rop_publish_now_history":[],"rop_publish_now_status":"pending","_exactmetrics_skip_tracking":false,"footnotes":""},"categories":[38,167],"tags":[],"class_list":["post-28209","post","type-post","status-publish","format-standard","has-post-thumbnail","hentry","category-alagoinhas-e-regiao","category-exclusivas"],"aioseo_notices":[],"aioseo_head":"\n\t\t<!-- All in One SEO 4.9.10 - aioseo.com -->\n\t<meta name=\"description\" content=\"A institui\u00e7\u00e3o da Taxa de Coleta, Remo\u00e7\u00e3o e Destina\u00e7\u00e3o de Res\u00edduos S\u00f3lidos \u2013 TRSD, mais conhecida como taxa de lixo, nos munic\u00edpios brasileiros, entre eles Alagoinhas, foi uma determina\u00e7\u00e3o de uma lei federal. Assim fala a nota publicada pela secretaria municipal de comunica\u00e7\u00e3o de Alagoinhas(SECOM), ap\u00f3s a revolta da popula\u00e7\u00e3o alagoinhense que foi surpreendida com\" \/>\n\t<meta name=\"robots\" content=\"max-image-preview:large\" \/>\n\t<meta name=\"author\" content=\"administrador\"\/>\n\t<link rel=\"canonical\" href=\"https:\/\/newsinfoco.com.br\/inicio\/lei-federal-obrigou-criacao-de-taxa-do-lixo-em-alagoinhas-descumprimento-poderia-significar-crime-de-responsabilidade-fiscal-afirma-prefeitura\/\" \/>\n\t<meta name=\"generator\" content=\"All in One SEO (AIOSEO) 4.9.10\" \/>\n\t\t<meta property=\"og:locale\" content=\"pt_BR\" \/>\n\t\t<meta property=\"og:site_name\" content=\"News In Foco - Editado por Caio Pimenta - O principal site de noticias de Alagoinhas e regi\u00e3o\" \/>\n\t\t<meta property=\"og:type\" content=\"article\" \/>\n\t\t<meta property=\"og:title\" content=\"Lei Federal obrigou cria\u00e7\u00e3o de taxa do lixo em Alagoinhas; descumprimento poderia significar crime de responsabilidade fiscal, afirma prefeitura - News In Foco - Editado por Caio Pimenta\" \/>\n\t\t<meta property=\"og:description\" content=\"A institui\u00e7\u00e3o da Taxa de Coleta, Remo\u00e7\u00e3o e Destina\u00e7\u00e3o de Res\u00edduos S\u00f3lidos \u2013 TRSD, mais conhecida como taxa de lixo, nos munic\u00edpios brasileiros, entre eles Alagoinhas, foi uma determina\u00e7\u00e3o de uma lei federal. Assim fala a nota publicada pela secretaria municipal de comunica\u00e7\u00e3o de Alagoinhas(SECOM), ap\u00f3s a revolta da popula\u00e7\u00e3o alagoinhense que foi surpreendida com\" \/>\n\t\t<meta property=\"og:url\" content=\"https:\/\/newsinfoco.com.br\/inicio\/lei-federal-obrigou-criacao-de-taxa-do-lixo-em-alagoinhas-descumprimento-poderia-significar-crime-de-responsabilidade-fiscal-afirma-prefeitura\/\" \/>\n\t\t<meta property=\"article:published_time\" content=\"2021-12-31T11:49:34+00:00\" \/>\n\t\t<meta property=\"article:modified_time\" content=\"2021-12-31T11:49:34+00:00\" \/>\n\t\t<meta name=\"twitter:card\" content=\"summary_large_image\" \/>\n\t\t<meta name=\"twitter:title\" content=\"Lei Federal obrigou cria\u00e7\u00e3o de taxa do lixo em Alagoinhas; descumprimento poderia significar crime de responsabilidade fiscal, afirma prefeitura - News In Foco - Editado por Caio Pimenta\" \/>\n\t\t<meta name=\"twitter:description\" content=\"A institui\u00e7\u00e3o da Taxa de Coleta, Remo\u00e7\u00e3o e Destina\u00e7\u00e3o de Res\u00edduos S\u00f3lidos \u2013 TRSD, mais conhecida como taxa de lixo, nos munic\u00edpios brasileiros, entre eles Alagoinhas, foi uma determina\u00e7\u00e3o de uma lei federal. Assim fala a nota publicada pela secretaria municipal de comunica\u00e7\u00e3o de Alagoinhas(SECOM), ap\u00f3s a revolta da popula\u00e7\u00e3o alagoinhense que foi surpreendida com\" \/>\n\t\t<script type=\"application\/ld+json\" class=\"aioseo-schema\">\n\t\t\t{\"@context\":\"https:\\\/\\\/schema.org\",\"@graph\":[{\"@type\":\"BlogPosting\",\"@id\":\"https:\\\/\\\/newsinfoco.com.br\\\/inicio\\\/lei-federal-obrigou-criacao-de-taxa-do-lixo-em-alagoinhas-descumprimento-poderia-significar-crime-de-responsabilidade-fiscal-afirma-prefeitura\\\/#blogposting\",\"name\":\"Lei Federal obrigou cria\\u00e7\\u00e3o de taxa do lixo em Alagoinhas; descumprimento poderia significar crime de responsabilidade fiscal, afirma prefeitura - News In Foco - Editado por Caio Pimenta\",\"headline\":\"Lei Federal obrigou cria\\u00e7\\u00e3o de taxa do lixo em Alagoinhas; descumprimento poderia significar crime de responsabilidade fiscal, afirma prefeitura\",\"author\":{\"@id\":\"https:\\\/\\\/newsinfoco.com.br\\\/inicio\\\/author\\\/administrador\\\/#author\"},\"publisher\":{\"@id\":\"https:\\\/\\\/newsinfoco.com.br\\\/inicio\\\/#organization\"},\"image\":{\"@type\":\"ImageObject\",\"url\":\"https:\\\/\\\/newsinfoco.com.br\\\/inicio\\\/wp-content\\\/uploads\\\/2021\\\/12\\\/WhatsApp-Image-2021-12-30-at-18.02.37-1-550x368-1.jpeg\",\"width\":550,\"height\":368},\"datePublished\":\"2021-12-31T08:49:34-03:00\",\"dateModified\":\"2021-12-31T08:49:34-03:00\",\"inLanguage\":\"pt-BR\",\"mainEntityOfPage\":{\"@id\":\"https:\\\/\\\/newsinfoco.com.br\\\/inicio\\\/lei-federal-obrigou-criacao-de-taxa-do-lixo-em-alagoinhas-descumprimento-poderia-significar-crime-de-responsabilidade-fiscal-afirma-prefeitura\\\/#webpage\"},\"isPartOf\":{\"@id\":\"https:\\\/\\\/newsinfoco.com.br\\\/inicio\\\/lei-federal-obrigou-criacao-de-taxa-do-lixo-em-alagoinhas-descumprimento-poderia-significar-crime-de-responsabilidade-fiscal-afirma-prefeitura\\\/#webpage\"},\"articleSection\":\"Alagoinhas e Regi\\u00e3o, Manchete\"},{\"@type\":\"BreadcrumbList\",\"@id\":\"https:\\\/\\\/newsinfoco.com.br\\\/inicio\\\/lei-federal-obrigou-criacao-de-taxa-do-lixo-em-alagoinhas-descumprimento-poderia-significar-crime-de-responsabilidade-fiscal-afirma-prefeitura\\\/#breadcrumblist\",\"itemListElement\":[{\"@type\":\"ListItem\",\"@id\":\"https:\\\/\\\/newsinfoco.com.br\\\/inicio#listItem\",\"position\":1,\"name\":\"In\\u00edcio\",\"item\":\"https:\\\/\\\/newsinfoco.com.br\\\/inicio\",\"nextItem\":{\"@type\":\"ListItem\",\"@id\":\"https:\\\/\\\/newsinfoco.com.br\\\/inicio\\\/category\\\/alagoinhas-e-regiao\\\/#listItem\",\"name\":\"Alagoinhas e Regi\\u00e3o\"}},{\"@type\":\"ListItem\",\"@id\":\"https:\\\/\\\/newsinfoco.com.br\\\/inicio\\\/category\\\/alagoinhas-e-regiao\\\/#listItem\",\"position\":2,\"name\":\"Alagoinhas e Regi\\u00e3o\",\"item\":\"https:\\\/\\\/newsinfoco.com.br\\\/inicio\\\/category\\\/alagoinhas-e-regiao\\\/\",\"nextItem\":{\"@type\":\"ListItem\",\"@id\":\"https:\\\/\\\/newsinfoco.com.br\\\/inicio\\\/lei-federal-obrigou-criacao-de-taxa-do-lixo-em-alagoinhas-descumprimento-poderia-significar-crime-de-responsabilidade-fiscal-afirma-prefeitura\\\/#listItem\",\"name\":\"Lei Federal obrigou cria\\u00e7\\u00e3o de taxa do lixo em Alagoinhas; descumprimento poderia significar crime de responsabilidade fiscal, afirma prefeitura\"},\"previousItem\":{\"@type\":\"ListItem\",\"@id\":\"https:\\\/\\\/newsinfoco.com.br\\\/inicio#listItem\",\"name\":\"In\\u00edcio\"}},{\"@type\":\"ListItem\",\"@id\":\"https:\\\/\\\/newsinfoco.com.br\\\/inicio\\\/lei-federal-obrigou-criacao-de-taxa-do-lixo-em-alagoinhas-descumprimento-poderia-significar-crime-de-responsabilidade-fiscal-afirma-prefeitura\\\/#listItem\",\"position\":3,\"name\":\"Lei Federal obrigou cria\\u00e7\\u00e3o de taxa do lixo em Alagoinhas; descumprimento poderia significar crime de responsabilidade fiscal, afirma prefeitura\",\"previousItem\":{\"@type\":\"ListItem\",\"@id\":\"https:\\\/\\\/newsinfoco.com.br\\\/inicio\\\/category\\\/alagoinhas-e-regiao\\\/#listItem\",\"name\":\"Alagoinhas e Regi\\u00e3o\"}}]},{\"@type\":\"Organization\",\"@id\":\"https:\\\/\\\/newsinfoco.com.br\\\/inicio\\\/#organization\",\"name\":\"News In Foco - Editado por Caio Pimenta\",\"description\":\"O principal site de noticias de Alagoinhas e regi\\u00e3o\",\"url\":\"https:\\\/\\\/newsinfoco.com.br\\\/inicio\\\/\"},{\"@type\":\"Person\",\"@id\":\"https:\\\/\\\/newsinfoco.com.br\\\/inicio\\\/author\\\/administrador\\\/#author\",\"url\":\"https:\\\/\\\/newsinfoco.com.br\\\/inicio\\\/author\\\/administrador\\\/\",\"name\":\"administrador\",\"image\":{\"@type\":\"ImageObject\",\"@id\":\"https:\\\/\\\/newsinfoco.com.br\\\/inicio\\\/lei-federal-obrigou-criacao-de-taxa-do-lixo-em-alagoinhas-descumprimento-poderia-significar-crime-de-responsabilidade-fiscal-afirma-prefeitura\\\/#authorImage\",\"url\":\"https:\\\/\\\/secure.gravatar.com\\\/avatar\\\/c17a617433de8c1dc9584bb79aab7563b46f5bb7e1728c9b17d9cc3ce6a08e49?s=96&d=mm&r=g\",\"width\":96,\"height\":96,\"caption\":\"administrador\"}},{\"@type\":\"WebPage\",\"@id\":\"https:\\\/\\\/newsinfoco.com.br\\\/inicio\\\/lei-federal-obrigou-criacao-de-taxa-do-lixo-em-alagoinhas-descumprimento-poderia-significar-crime-de-responsabilidade-fiscal-afirma-prefeitura\\\/#webpage\",\"url\":\"https:\\\/\\\/newsinfoco.com.br\\\/inicio\\\/lei-federal-obrigou-criacao-de-taxa-do-lixo-em-alagoinhas-descumprimento-poderia-significar-crime-de-responsabilidade-fiscal-afirma-prefeitura\\\/\",\"name\":\"Lei Federal obrigou cria\\u00e7\\u00e3o de taxa do lixo em Alagoinhas; descumprimento poderia significar crime de responsabilidade fiscal, afirma prefeitura - News In Foco - Editado por Caio Pimenta\",\"description\":\"A institui\\u00e7\\u00e3o da Taxa de Coleta, Remo\\u00e7\\u00e3o e Destina\\u00e7\\u00e3o de Res\\u00edduos S\\u00f3lidos \\u2013 TRSD, mais conhecida como taxa de lixo, nos munic\\u00edpios brasileiros, entre eles Alagoinhas, foi uma determina\\u00e7\\u00e3o de uma lei federal. Assim fala a nota publicada pela secretaria municipal de comunica\\u00e7\\u00e3o de Alagoinhas(SECOM), ap\\u00f3s a revolta da popula\\u00e7\\u00e3o alagoinhense que foi surpreendida com\",\"inLanguage\":\"pt-BR\",\"isPartOf\":{\"@id\":\"https:\\\/\\\/newsinfoco.com.br\\\/inicio\\\/#website\"},\"breadcrumb\":{\"@id\":\"https:\\\/\\\/newsinfoco.com.br\\\/inicio\\\/lei-federal-obrigou-criacao-de-taxa-do-lixo-em-alagoinhas-descumprimento-poderia-significar-crime-de-responsabilidade-fiscal-afirma-prefeitura\\\/#breadcrumblist\"},\"author\":{\"@id\":\"https:\\\/\\\/newsinfoco.com.br\\\/inicio\\\/author\\\/administrador\\\/#author\"},\"creator\":{\"@id\":\"https:\\\/\\\/newsinfoco.com.br\\\/inicio\\\/author\\\/administrador\\\/#author\"},\"image\":{\"@type\":\"ImageObject\",\"url\":\"https:\\\/\\\/newsinfoco.com.br\\\/inicio\\\/wp-content\\\/uploads\\\/2021\\\/12\\\/WhatsApp-Image-2021-12-30-at-18.02.37-1-550x368-1.jpeg\",\"@id\":\"https:\\\/\\\/newsinfoco.com.br\\\/inicio\\\/lei-federal-obrigou-criacao-de-taxa-do-lixo-em-alagoinhas-descumprimento-poderia-significar-crime-de-responsabilidade-fiscal-afirma-prefeitura\\\/#mainImage\",\"width\":550,\"height\":368},\"primaryImageOfPage\":{\"@id\":\"https:\\\/\\\/newsinfoco.com.br\\\/inicio\\\/lei-federal-obrigou-criacao-de-taxa-do-lixo-em-alagoinhas-descumprimento-poderia-significar-crime-de-responsabilidade-fiscal-afirma-prefeitura\\\/#mainImage\"},\"datePublished\":\"2021-12-31T08:49:34-03:00\",\"dateModified\":\"2021-12-31T08:49:34-03:00\"},{\"@type\":\"WebSite\",\"@id\":\"https:\\\/\\\/newsinfoco.com.br\\\/inicio\\\/#website\",\"url\":\"https:\\\/\\\/newsinfoco.com.br\\\/inicio\\\/\",\"name\":\"News In Foco - Editado por Caio Pimenta\",\"description\":\"O principal site de noticias de Alagoinhas e regi\\u00e3o\",\"inLanguage\":\"pt-BR\",\"publisher\":{\"@id\":\"https:\\\/\\\/newsinfoco.com.br\\\/inicio\\\/#organization\"}}]}\n\t\t<\/script>\n\t\t<!-- All in One SEO -->\n\n","aioseo_head_json":{"title":"Lei Federal obrigou cria\u00e7\u00e3o de taxa do lixo em Alagoinhas; descumprimento poderia significar crime de responsabilidade fiscal, afirma prefeitura - News In Foco - Editado por Caio Pimenta","description":"A institui\u00e7\u00e3o da Taxa de Coleta, Remo\u00e7\u00e3o e Destina\u00e7\u00e3o de Res\u00edduos S\u00f3lidos \u2013 TRSD, mais conhecida como taxa de lixo, nos munic\u00edpios brasileiros, entre eles Alagoinhas, foi uma determina\u00e7\u00e3o de uma lei federal. Assim fala a nota publicada pela secretaria municipal de comunica\u00e7\u00e3o de Alagoinhas(SECOM), ap\u00f3s a revolta da popula\u00e7\u00e3o alagoinhense que foi surpreendida com","canonical_url":"https:\/\/newsinfoco.com.br\/inicio\/lei-federal-obrigou-criacao-de-taxa-do-lixo-em-alagoinhas-descumprimento-poderia-significar-crime-de-responsabilidade-fiscal-afirma-prefeitura\/","robots":"max-image-preview:large","keywords":"","webmasterTools":{"miscellaneous":""},"schema":{"@context":"https:\/\/schema.org","@graph":[{"@type":"BlogPosting","@id":"https:\/\/newsinfoco.com.br\/inicio\/lei-federal-obrigou-criacao-de-taxa-do-lixo-em-alagoinhas-descumprimento-poderia-significar-crime-de-responsabilidade-fiscal-afirma-prefeitura\/#blogposting","name":"Lei Federal obrigou cria\u00e7\u00e3o de taxa do lixo em Alagoinhas; descumprimento poderia significar crime de responsabilidade fiscal, afirma prefeitura - News In Foco - Editado por Caio Pimenta","headline":"Lei Federal obrigou cria\u00e7\u00e3o de taxa do lixo em Alagoinhas; descumprimento poderia significar crime de responsabilidade fiscal, afirma prefeitura","author":{"@id":"https:\/\/newsinfoco.com.br\/inicio\/author\/administrador\/#author"},"publisher":{"@id":"https:\/\/newsinfoco.com.br\/inicio\/#organization"},"image":{"@type":"ImageObject","url":"https:\/\/newsinfoco.com.br\/inicio\/wp-content\/uploads\/2021\/12\/WhatsApp-Image-2021-12-30-at-18.02.37-1-550x368-1.jpeg","width":550,"height":368},"datePublished":"2021-12-31T08:49:34-03:00","dateModified":"2021-12-31T08:49:34-03:00","inLanguage":"pt-BR","mainEntityOfPage":{"@id":"https:\/\/newsinfoco.com.br\/inicio\/lei-federal-obrigou-criacao-de-taxa-do-lixo-em-alagoinhas-descumprimento-poderia-significar-crime-de-responsabilidade-fiscal-afirma-prefeitura\/#webpage"},"isPartOf":{"@id":"https:\/\/newsinfoco.com.br\/inicio\/lei-federal-obrigou-criacao-de-taxa-do-lixo-em-alagoinhas-descumprimento-poderia-significar-crime-de-responsabilidade-fiscal-afirma-prefeitura\/#webpage"},"articleSection":"Alagoinhas e Regi\u00e3o, Manchete"},{"@type":"BreadcrumbList","@id":"https:\/\/newsinfoco.com.br\/inicio\/lei-federal-obrigou-criacao-de-taxa-do-lixo-em-alagoinhas-descumprimento-poderia-significar-crime-de-responsabilidade-fiscal-afirma-prefeitura\/#breadcrumblist","itemListElement":[{"@type":"ListItem","@id":"https:\/\/newsinfoco.com.br\/inicio#listItem","position":1,"name":"In\u00edcio","item":"https:\/\/newsinfoco.com.br\/inicio","nextItem":{"@type":"ListItem","@id":"https:\/\/newsinfoco.com.br\/inicio\/category\/alagoinhas-e-regiao\/#listItem","name":"Alagoinhas e Regi\u00e3o"}},{"@type":"ListItem","@id":"https:\/\/newsinfoco.com.br\/inicio\/category\/alagoinhas-e-regiao\/#listItem","position":2,"name":"Alagoinhas e Regi\u00e3o","item":"https:\/\/newsinfoco.com.br\/inicio\/category\/alagoinhas-e-regiao\/","nextItem":{"@type":"ListItem","@id":"https:\/\/newsinfoco.com.br\/inicio\/lei-federal-obrigou-criacao-de-taxa-do-lixo-em-alagoinhas-descumprimento-poderia-significar-crime-de-responsabilidade-fiscal-afirma-prefeitura\/#listItem","name":"Lei Federal obrigou cria\u00e7\u00e3o de taxa do lixo em Alagoinhas; descumprimento poderia significar crime de responsabilidade fiscal, afirma prefeitura"},"previousItem":{"@type":"ListItem","@id":"https:\/\/newsinfoco.com.br\/inicio#listItem","name":"In\u00edcio"}},{"@type":"ListItem","@id":"https:\/\/newsinfoco.com.br\/inicio\/lei-federal-obrigou-criacao-de-taxa-do-lixo-em-alagoinhas-descumprimento-poderia-significar-crime-de-responsabilidade-fiscal-afirma-prefeitura\/#listItem","position":3,"name":"Lei Federal obrigou cria\u00e7\u00e3o de taxa do lixo em Alagoinhas; descumprimento poderia significar crime de responsabilidade fiscal, afirma prefeitura","previousItem":{"@type":"ListItem","@id":"https:\/\/newsinfoco.com.br\/inicio\/category\/alagoinhas-e-regiao\/#listItem","name":"Alagoinhas e Regi\u00e3o"}}]},{"@type":"Organization","@id":"https:\/\/newsinfoco.com.br\/inicio\/#organization","name":"News In Foco - Editado por Caio Pimenta","description":"O principal site de noticias de Alagoinhas e regi\u00e3o","url":"https:\/\/newsinfoco.com.br\/inicio\/"},{"@type":"Person","@id":"https:\/\/newsinfoco.com.br\/inicio\/author\/administrador\/#author","url":"https:\/\/newsinfoco.com.br\/inicio\/author\/administrador\/","name":"administrador","image":{"@type":"ImageObject","@id":"https:\/\/newsinfoco.com.br\/inicio\/lei-federal-obrigou-criacao-de-taxa-do-lixo-em-alagoinhas-descumprimento-poderia-significar-crime-de-responsabilidade-fiscal-afirma-prefeitura\/#authorImage","url":"https:\/\/secure.gravatar.com\/avatar\/c17a617433de8c1dc9584bb79aab7563b46f5bb7e1728c9b17d9cc3ce6a08e49?s=96&d=mm&r=g","width":96,"height":96,"caption":"administrador"}},{"@type":"WebPage","@id":"https:\/\/newsinfoco.com.br\/inicio\/lei-federal-obrigou-criacao-de-taxa-do-lixo-em-alagoinhas-descumprimento-poderia-significar-crime-de-responsabilidade-fiscal-afirma-prefeitura\/#webpage","url":"https:\/\/newsinfoco.com.br\/inicio\/lei-federal-obrigou-criacao-de-taxa-do-lixo-em-alagoinhas-descumprimento-poderia-significar-crime-de-responsabilidade-fiscal-afirma-prefeitura\/","name":"Lei Federal obrigou cria\u00e7\u00e3o de taxa do lixo em Alagoinhas; descumprimento poderia significar crime de responsabilidade fiscal, afirma prefeitura - News In Foco - Editado por Caio Pimenta","description":"A institui\u00e7\u00e3o da Taxa de Coleta, Remo\u00e7\u00e3o e Destina\u00e7\u00e3o de Res\u00edduos S\u00f3lidos \u2013 TRSD, mais conhecida como taxa de lixo, nos munic\u00edpios brasileiros, entre eles Alagoinhas, foi uma determina\u00e7\u00e3o de uma lei federal. Assim fala a nota publicada pela secretaria municipal de comunica\u00e7\u00e3o de Alagoinhas(SECOM), ap\u00f3s a revolta da popula\u00e7\u00e3o alagoinhense que foi surpreendida com","inLanguage":"pt-BR","isPartOf":{"@id":"https:\/\/newsinfoco.com.br\/inicio\/#website"},"breadcrumb":{"@id":"https:\/\/newsinfoco.com.br\/inicio\/lei-federal-obrigou-criacao-de-taxa-do-lixo-em-alagoinhas-descumprimento-poderia-significar-crime-de-responsabilidade-fiscal-afirma-prefeitura\/#breadcrumblist"},"author":{"@id":"https:\/\/newsinfoco.com.br\/inicio\/author\/administrador\/#author"},"creator":{"@id":"https:\/\/newsinfoco.com.br\/inicio\/author\/administrador\/#author"},"image":{"@type":"ImageObject","url":"https:\/\/newsinfoco.com.br\/inicio\/wp-content\/uploads\/2021\/12\/WhatsApp-Image-2021-12-30-at-18.02.37-1-550x368-1.jpeg","@id":"https:\/\/newsinfoco.com.br\/inicio\/lei-federal-obrigou-criacao-de-taxa-do-lixo-em-alagoinhas-descumprimento-poderia-significar-crime-de-responsabilidade-fiscal-afirma-prefeitura\/#mainImage","width":550,"height":368},"primaryImageOfPage":{"@id":"https:\/\/newsinfoco.com.br\/inicio\/lei-federal-obrigou-criacao-de-taxa-do-lixo-em-alagoinhas-descumprimento-poderia-significar-crime-de-responsabilidade-fiscal-afirma-prefeitura\/#mainImage"},"datePublished":"2021-12-31T08:49:34-03:00","dateModified":"2021-12-31T08:49:34-03:00"},{"@type":"WebSite","@id":"https:\/\/newsinfoco.com.br\/inicio\/#website","url":"https:\/\/newsinfoco.com.br\/inicio\/","name":"News In Foco - Editado por Caio Pimenta","description":"O principal site de noticias de Alagoinhas e regi\u00e3o","inLanguage":"pt-BR","publisher":{"@id":"https:\/\/newsinfoco.com.br\/inicio\/#organization"}}]},"og:locale":"pt_BR","og:site_name":"News In Foco - Editado por Caio Pimenta - O principal site de noticias de Alagoinhas e regi\u00e3o","og:type":"article","og:title":"Lei Federal obrigou cria\u00e7\u00e3o de taxa do lixo em Alagoinhas; descumprimento poderia significar crime de responsabilidade fiscal, afirma prefeitura - News In Foco - Editado por Caio Pimenta","og:description":"A institui\u00e7\u00e3o da Taxa de Coleta, Remo\u00e7\u00e3o e Destina\u00e7\u00e3o de Res\u00edduos S\u00f3lidos \u2013 TRSD, mais conhecida como taxa de lixo, nos munic\u00edpios brasileiros, entre eles Alagoinhas, foi uma determina\u00e7\u00e3o de uma lei federal. Assim fala a nota publicada pela secretaria municipal de comunica\u00e7\u00e3o de Alagoinhas(SECOM), ap\u00f3s a revolta da popula\u00e7\u00e3o alagoinhense que foi surpreendida com","og:url":"https:\/\/newsinfoco.com.br\/inicio\/lei-federal-obrigou-criacao-de-taxa-do-lixo-em-alagoinhas-descumprimento-poderia-significar-crime-de-responsabilidade-fiscal-afirma-prefeitura\/","article:published_time":"2021-12-31T11:49:34+00:00","article:modified_time":"2021-12-31T11:49:34+00:00","twitter:card":"summary_large_image","twitter:title":"Lei Federal obrigou cria\u00e7\u00e3o de taxa do lixo em Alagoinhas; descumprimento poderia significar crime de responsabilidade fiscal, afirma prefeitura - News In Foco - Editado por Caio Pimenta","twitter:description":"A institui\u00e7\u00e3o da Taxa de Coleta, Remo\u00e7\u00e3o e Destina\u00e7\u00e3o de Res\u00edduos S\u00f3lidos \u2013 TRSD, mais conhecida como taxa de lixo, nos munic\u00edpios brasileiros, entre eles Alagoinhas, foi uma determina\u00e7\u00e3o de uma lei federal. Assim fala a nota publicada pela secretaria municipal de comunica\u00e7\u00e3o de Alagoinhas(SECOM), ap\u00f3s a revolta da popula\u00e7\u00e3o alagoinhense que foi surpreendida com"},"aioseo_meta_data":{"post_id":"28209","title":null,"description":null,"keywords":null,"keyphrases":null,"primary_term":null,"canonical_url":null,"og_title":null,"og_description":null,"og_object_type":"default","og_image_type":"default","og_image_url":null,"og_image_width":null,"og_image_height":null,"og_image_custom_url":null,"og_image_custom_fields":null,"og_video":null,"og_custom_url":null,"og_article_section":null,"og_article_tags":null,"twitter_use_og":false,"twitter_card":"default","twitter_image_type":"default","twitter_image_url":null,"twitter_image_custom_url":null,"twitter_image_custom_fields":null,"twitter_title":null,"twitter_description":null,"schema":{"blockGraphs":[],"customGraphs":[],"default":{"data":{"Article":[],"Course":[],"Dataset":[],"FAQPage":[],"Movie":[],"Person":[],"Product":[],"ProductReview":[],"Car":[],"Recipe":[],"Service":[],"SoftwareApplication":[],"WebPage":[]},"graphName":"","isEnabled":true},"graphs":[]},"schema_type":"default","schema_type_options":null,"pillar_content":false,"robots_default":true,"robots_noindex":false,"robots_noarchive":false,"robots_nosnippet":false,"robots_nofollow":false,"robots_noimageindex":false,"robots_noodp":false,"robots_notranslate":false,"robots_max_snippet":null,"robots_max_videopreview":null,"robots_max_imagepreview":"large","priority":null,"frequency":null,"local_seo":null,"breadcrumb_settings":null,"limit_modified_date":false,"ai":null,"created":"2023-06-12 20:21:13","updated":"2025-07-11 06:35:48","seo_analyzer_scan_date":null},"aioseo_breadcrumb":"<div class=\"aioseo-breadcrumbs\"><span class=\"aioseo-breadcrumb\">\n\t\t\t<a href=\"https:\/\/newsinfoco.com.br\/inicio\" title=\"In\u00edcio\">In\u00edcio<\/a>\n\t\t<\/span><span class=\"aioseo-breadcrumb-separator\">&raquo;<\/span><span class=\"aioseo-breadcrumb\">\n\t\t\t<a href=\"https:\/\/newsinfoco.com.br\/inicio\/category\/alagoinhas-e-regiao\/\" title=\"Alagoinhas e Regi\u00e3o\">Alagoinhas e Regi\u00e3o<\/a>\n\t\t<\/span><span class=\"aioseo-breadcrumb-separator\">&raquo;<\/span><span class=\"aioseo-breadcrumb\">\n\t\t\tLei Federal obrigou cria\u00e7\u00e3o de taxa do lixo em Alagoinhas; descumprimento poderia significar crime de responsabilidade fiscal, afirma prefeitura\n\t\t<\/span><\/div>","aioseo_breadcrumb_json":[{"label":"In\u00edcio","link":"https:\/\/newsinfoco.com.br\/inicio"},{"label":"Alagoinhas e Regi\u00e3o","link":"https:\/\/newsinfoco.com.br\/inicio\/category\/alagoinhas-e-regiao\/"},{"label":"Lei Federal obrigou cria\u00e7\u00e3o de taxa do lixo em Alagoinhas; descumprimento poderia significar crime de responsabilidade fiscal, afirma prefeitura","link":"https:\/\/newsinfoco.com.br\/inicio\/lei-federal-obrigou-criacao-de-taxa-do-lixo-em-alagoinhas-descumprimento-poderia-significar-crime-de-responsabilidade-fiscal-afirma-prefeitura\/"}],"_links":{"self":[{"href":"https:\/\/newsinfoco.com.br\/inicio\/wp-json\/wp\/v2\/posts\/28209","targetHints":{"allow":["GET"]}}],"collection":[{"href":"https:\/\/newsinfoco.com.br\/inicio\/wp-json\/wp\/v2\/posts"}],"about":[{"href":"https:\/\/newsinfoco.com.br\/inicio\/wp-json\/wp\/v2\/types\/post"}],"author":[{"embeddable":true,"href":"https:\/\/newsinfoco.com.br\/inicio\/wp-json\/wp\/v2\/users\/1"}],"replies":[{"embeddable":true,"href":"https:\/\/newsinfoco.com.br\/inicio\/wp-json\/wp\/v2\/comments?post=28209"}],"version-history":[{"count":1,"href":"https:\/\/newsinfoco.com.br\/inicio\/wp-json\/wp\/v2\/posts\/28209\/revisions"}],"predecessor-version":[{"id":28212,"href":"https:\/\/newsinfoco.com.br\/inicio\/wp-json\/wp\/v2\/posts\/28209\/revisions\/28212"}],"wp:featuredmedia":[{"embeddable":true,"href":"https:\/\/newsinfoco.com.br\/inicio\/wp-json\/wp\/v2\/media\/28210"}],"wp:attachment":[{"href":"https:\/\/newsinfoco.com.br\/inicio\/wp-json\/wp\/v2\/media?parent=28209"}],"wp:term":[{"taxonomy":"category","embeddable":true,"href":"https:\/\/newsinfoco.com.br\/inicio\/wp-json\/wp\/v2\/categories?post=28209"},{"taxonomy":"post_tag","embeddable":true,"href":"https:\/\/newsinfoco.com.br\/inicio\/wp-json\/wp\/v2\/tags?post=28209"}],"curies":[{"name":"wp","href":"https:\/\/api.w.org\/{rel}","templated":true}]}}