{"id":28218,"date":"2022-01-03T17:21:41","date_gmt":"2022-01-03T20:21:41","guid":{"rendered":"https:\/\/newsinfoco.com.br\/inicio\/?p=28218"},"modified":"2022-01-03T17:21:41","modified_gmt":"2022-01-03T20:21:41","slug":"atestado-para-faltar-ao-trabalho-ironiza-lidice-apos-bolsonaro-ser-internado","status":"publish","type":"post","link":"https:\/\/newsinfoco.com.br\/inicio\/atestado-para-faltar-ao-trabalho-ironiza-lidice-apos-bolsonaro-ser-internado\/","title":{"rendered":"\u201cAtestado para faltar ao trabalho\u201d, ironiza L\u00eddice ap\u00f3s Bolsonaro ser internado"},"content":{"rendered":"<p>A deputada federal L\u00eddice da Mata (PSB) ironizou, em suas redes sociais, a interna\u00e7\u00e3o do presidente Jair Bolsonaro (PL), nas primeiras horas desta segunda-feira (3), ap\u00f3s uma suspeita de um novo quadro de obstru\u00e7\u00e3o intestinal.<\/p>\n<p>L\u00eddice compartilhou um \u2018meme\u2019 em que aparece Bolsonaro em diferentes momentos de descontra\u00e7\u00e3o durante os dias de f\u00e9rias em Santa Catarina, na \u00faltima semana, e ao lado o presidente em uma montagem onde aparece deitado em uma cama \u2018debilitado\u2019. Em seguida, a parlamentar coloca a seguinte legenda: \u201cNo Planalto, 2022 come\u00e7ou com aquele velho atestado para faltar ao trabalho\u201d.<\/p>\n<p>A deputada faz parte da bancada de oposi\u00e7\u00e3o.<\/p>\n<p>Nas redes sociais, a interna\u00e7\u00e3o de Bolsonaro dividiu opini\u00f5es e desejos. Enquanto uma parte subestimou o acontecimento, outras pessoas mostraram solidariedade ao chefe do Pal\u00e1cio do Planalto.<\/p>\n<div class='share-to-whatsapp-wrapper'><div class='share-on-whsp'>Share on: <\/div><a data-text='\u201cAtestado para faltar ao trabalho\u201d, ironiza L\u00eddice ap\u00f3s Bolsonaro ser internado' data-link='https:\/\/newsinfoco.com.br\/inicio\/atestado-para-faltar-ao-trabalho-ironiza-lidice-apos-bolsonaro-ser-internado\/' class='whatsapp-button whatsapp-share'>WhatsApp<\/a><div class='clear '><\/div><\/div>","protected":false},"excerpt":{"rendered":"<p>A deputada federal L\u00eddice da Mata (PSB) ironizou, em suas redes sociais, a interna\u00e7\u00e3o do presidente Jair Bolsonaro (PL), nas primeiras horas desta segunda-feira (3), ap\u00f3s uma suspeita de um novo quadro de obstru\u00e7\u00e3o intestinal. L\u00eddice compartilhou um \u2018meme\u2019 em que aparece Bolsonaro em diferentes momentos de descontra\u00e7\u00e3o durante os dias de f\u00e9rias em Santa [&hellip;]<\/p>\n","protected":false},"author":1,"featured_media":13434,"comment_status":"closed","ping_status":"closed","sticky":false,"template":"","format":"standard","meta":{"om_disable_all_campaigns":false,"rop_custom_images_group":[],"rop_custom_messages_group":[],"rop_publish_now":"initial","rop_publish_now_accounts":[],"rop_publish_now_history":[],"rop_publish_now_status":"pending","_exactmetrics_skip_tracking":false,"footnotes":""},"categories":[19],"tags":[],"class_list":["post-28218","post","type-post","status-publish","format-standard","has-post-thumbnail","hentry","category-bahia"],"aioseo_notices":[],"aioseo_head":"\n\t\t<!-- All in One SEO 4.9.10 - aioseo.com -->\n\t<meta name=\"description\" content=\"A deputada federal L\u00eddice da Mata (PSB) ironizou, em suas redes sociais, a interna\u00e7\u00e3o do presidente Jair Bolsonaro (PL), nas primeiras horas desta segunda-feira (3), ap\u00f3s uma suspeita de um novo quadro de obstru\u00e7\u00e3o intestinal. L\u00eddice compartilhou um \u2018meme\u2019 em que aparece Bolsonaro em diferentes momentos de descontra\u00e7\u00e3o durante os dias de f\u00e9rias em Santa\" \/>\n\t<meta name=\"robots\" content=\"max-image-preview:large\" \/>\n\t<meta name=\"author\" content=\"administrador\"\/>\n\t<link rel=\"canonical\" href=\"https:\/\/newsinfoco.com.br\/inicio\/atestado-para-faltar-ao-trabalho-ironiza-lidice-apos-bolsonaro-ser-internado\/\" \/>\n\t<meta name=\"generator\" content=\"All in One SEO (AIOSEO) 4.9.10\" \/>\n\t\t<meta property=\"og:locale\" content=\"pt_BR\" \/>\n\t\t<meta property=\"og:site_name\" content=\"News In Foco - Editado por Caio Pimenta - O principal site de noticias de Alagoinhas e regi\u00e3o\" \/>\n\t\t<meta property=\"og:type\" content=\"article\" \/>\n\t\t<meta property=\"og:title\" content=\"\u201cAtestado para faltar ao trabalho\u201d, ironiza L\u00eddice ap\u00f3s Bolsonaro ser internado - News In Foco - Editado por Caio Pimenta\" \/>\n\t\t<meta property=\"og:description\" content=\"A deputada federal L\u00eddice da Mata (PSB) ironizou, em suas redes sociais, a interna\u00e7\u00e3o do presidente Jair Bolsonaro (PL), nas primeiras horas desta segunda-feira (3), ap\u00f3s uma suspeita de um novo quadro de obstru\u00e7\u00e3o intestinal. L\u00eddice compartilhou um \u2018meme\u2019 em que aparece Bolsonaro em diferentes momentos de descontra\u00e7\u00e3o durante os dias de f\u00e9rias em Santa\" \/>\n\t\t<meta property=\"og:url\" content=\"https:\/\/newsinfoco.com.br\/inicio\/atestado-para-faltar-ao-trabalho-ironiza-lidice-apos-bolsonaro-ser-internado\/\" \/>\n\t\t<meta property=\"article:published_time\" content=\"2022-01-03T20:21:41+00:00\" \/>\n\t\t<meta property=\"article:modified_time\" content=\"2022-01-03T20:21:41+00:00\" \/>\n\t\t<meta name=\"twitter:card\" content=\"summary_large_image\" \/>\n\t\t<meta name=\"twitter:title\" content=\"\u201cAtestado para faltar ao trabalho\u201d, ironiza L\u00eddice ap\u00f3s Bolsonaro ser internado - News In Foco - Editado por Caio Pimenta\" \/>\n\t\t<meta name=\"twitter:description\" content=\"A deputada federal L\u00eddice da Mata (PSB) ironizou, em suas redes sociais, a interna\u00e7\u00e3o do presidente Jair Bolsonaro (PL), nas primeiras horas desta segunda-feira (3), ap\u00f3s uma suspeita de um novo quadro de obstru\u00e7\u00e3o intestinal. L\u00eddice compartilhou um \u2018meme\u2019 em que aparece Bolsonaro em diferentes momentos de descontra\u00e7\u00e3o durante os dias de f\u00e9rias em Santa\" \/>\n\t\t<script type=\"application\/ld+json\" class=\"aioseo-schema\">\n\t\t\t{\"@context\":\"https:\\\/\\\/schema.org\",\"@graph\":[{\"@type\":\"BlogPosting\",\"@id\":\"https:\\\/\\\/newsinfoco.com.br\\\/inicio\\\/atestado-para-faltar-ao-trabalho-ironiza-lidice-apos-bolsonaro-ser-internado\\\/#blogposting\",\"name\":\"\\u201cAtestado para faltar ao trabalho\\u201d, ironiza L\\u00eddice ap\\u00f3s Bolsonaro ser internado - News In Foco - Editado por Caio Pimenta\",\"headline\":\"\\u201cAtestado para faltar ao trabalho\\u201d, ironiza L\\u00eddice ap\\u00f3s Bolsonaro ser internado\",\"author\":{\"@id\":\"https:\\\/\\\/newsinfoco.com.br\\\/inicio\\\/author\\\/administrador\\\/#author\"},\"publisher\":{\"@id\":\"https:\\\/\\\/newsinfoco.com.br\\\/inicio\\\/#organization\"},\"image\":{\"@type\":\"ImageObject\",\"url\":\"https:\\\/\\\/newsinfoco.com.br\\\/inicio\\\/wp-content\\\/uploads\\\/2019\\\/02\\\/e6d0839a26372665b6965dd1a314da59.jpg\",\"width\":590,\"height\":320,\"caption\":\"L\\u00eddice da Mata\"},\"datePublished\":\"2022-01-03T17:21:41-03:00\",\"dateModified\":\"2022-01-03T17:21:41-03:00\",\"inLanguage\":\"pt-BR\",\"mainEntityOfPage\":{\"@id\":\"https:\\\/\\\/newsinfoco.com.br\\\/inicio\\\/atestado-para-faltar-ao-trabalho-ironiza-lidice-apos-bolsonaro-ser-internado\\\/#webpage\"},\"isPartOf\":{\"@id\":\"https:\\\/\\\/newsinfoco.com.br\\\/inicio\\\/atestado-para-faltar-ao-trabalho-ironiza-lidice-apos-bolsonaro-ser-internado\\\/#webpage\"},\"articleSection\":\"Bahia\"},{\"@type\":\"BreadcrumbList\",\"@id\":\"https:\\\/\\\/newsinfoco.com.br\\\/inicio\\\/atestado-para-faltar-ao-trabalho-ironiza-lidice-apos-bolsonaro-ser-internado\\\/#breadcrumblist\",\"itemListElement\":[{\"@type\":\"ListItem\",\"@id\":\"https:\\\/\\\/newsinfoco.com.br\\\/inicio#listItem\",\"position\":1,\"name\":\"In\\u00edcio\",\"item\":\"https:\\\/\\\/newsinfoco.com.br\\\/inicio\",\"nextItem\":{\"@type\":\"ListItem\",\"@id\":\"https:\\\/\\\/newsinfoco.com.br\\\/inicio\\\/category\\\/bahia\\\/#listItem\",\"name\":\"Bahia\"}},{\"@type\":\"ListItem\",\"@id\":\"https:\\\/\\\/newsinfoco.com.br\\\/inicio\\\/category\\\/bahia\\\/#listItem\",\"position\":2,\"name\":\"Bahia\",\"item\":\"https:\\\/\\\/newsinfoco.com.br\\\/inicio\\\/category\\\/bahia\\\/\",\"nextItem\":{\"@type\":\"ListItem\",\"@id\":\"https:\\\/\\\/newsinfoco.com.br\\\/inicio\\\/atestado-para-faltar-ao-trabalho-ironiza-lidice-apos-bolsonaro-ser-internado\\\/#listItem\",\"name\":\"\\u201cAtestado para faltar ao trabalho\\u201d, ironiza L\\u00eddice ap\\u00f3s Bolsonaro ser internado\"},\"previousItem\":{\"@type\":\"ListItem\",\"@id\":\"https:\\\/\\\/newsinfoco.com.br\\\/inicio#listItem\",\"name\":\"In\\u00edcio\"}},{\"@type\":\"ListItem\",\"@id\":\"https:\\\/\\\/newsinfoco.com.br\\\/inicio\\\/atestado-para-faltar-ao-trabalho-ironiza-lidice-apos-bolsonaro-ser-internado\\\/#listItem\",\"position\":3,\"name\":\"\\u201cAtestado para faltar ao trabalho\\u201d, ironiza L\\u00eddice ap\\u00f3s Bolsonaro ser internado\",\"previousItem\":{\"@type\":\"ListItem\",\"@id\":\"https:\\\/\\\/newsinfoco.com.br\\\/inicio\\\/category\\\/bahia\\\/#listItem\",\"name\":\"Bahia\"}}]},{\"@type\":\"Organization\",\"@id\":\"https:\\\/\\\/newsinfoco.com.br\\\/inicio\\\/#organization\",\"name\":\"News In Foco - Editado por Caio Pimenta\",\"description\":\"O principal site de noticias de Alagoinhas e regi\\u00e3o\",\"url\":\"https:\\\/\\\/newsinfoco.com.br\\\/inicio\\\/\"},{\"@type\":\"Person\",\"@id\":\"https:\\\/\\\/newsinfoco.com.br\\\/inicio\\\/author\\\/administrador\\\/#author\",\"url\":\"https:\\\/\\\/newsinfoco.com.br\\\/inicio\\\/author\\\/administrador\\\/\",\"name\":\"administrador\",\"image\":{\"@type\":\"ImageObject\",\"@id\":\"https:\\\/\\\/newsinfoco.com.br\\\/inicio\\\/atestado-para-faltar-ao-trabalho-ironiza-lidice-apos-bolsonaro-ser-internado\\\/#authorImage\",\"url\":\"https:\\\/\\\/secure.gravatar.com\\\/avatar\\\/c17a617433de8c1dc9584bb79aab7563b46f5bb7e1728c9b17d9cc3ce6a08e49?s=96&d=mm&r=g\",\"width\":96,\"height\":96,\"caption\":\"administrador\"}},{\"@type\":\"WebPage\",\"@id\":\"https:\\\/\\\/newsinfoco.com.br\\\/inicio\\\/atestado-para-faltar-ao-trabalho-ironiza-lidice-apos-bolsonaro-ser-internado\\\/#webpage\",\"url\":\"https:\\\/\\\/newsinfoco.com.br\\\/inicio\\\/atestado-para-faltar-ao-trabalho-ironiza-lidice-apos-bolsonaro-ser-internado\\\/\",\"name\":\"\\u201cAtestado para faltar ao trabalho\\u201d, ironiza L\\u00eddice ap\\u00f3s Bolsonaro ser internado - News In Foco - Editado por Caio Pimenta\",\"description\":\"A deputada federal L\\u00eddice da Mata (PSB) ironizou, em suas redes sociais, a interna\\u00e7\\u00e3o do presidente Jair Bolsonaro (PL), nas primeiras horas desta segunda-feira (3), ap\\u00f3s uma suspeita de um novo quadro de obstru\\u00e7\\u00e3o intestinal. L\\u00eddice compartilhou um \\u2018meme\\u2019 em que aparece Bolsonaro em diferentes momentos de descontra\\u00e7\\u00e3o durante os dias de f\\u00e9rias em Santa\",\"inLanguage\":\"pt-BR\",\"isPartOf\":{\"@id\":\"https:\\\/\\\/newsinfoco.com.br\\\/inicio\\\/#website\"},\"breadcrumb\":{\"@id\":\"https:\\\/\\\/newsinfoco.com.br\\\/inicio\\\/atestado-para-faltar-ao-trabalho-ironiza-lidice-apos-bolsonaro-ser-internado\\\/#breadcrumblist\"},\"author\":{\"@id\":\"https:\\\/\\\/newsinfoco.com.br\\\/inicio\\\/author\\\/administrador\\\/#author\"},\"creator\":{\"@id\":\"https:\\\/\\\/newsinfoco.com.br\\\/inicio\\\/author\\\/administrador\\\/#author\"},\"image\":{\"@type\":\"ImageObject\",\"url\":\"https:\\\/\\\/newsinfoco.com.br\\\/inicio\\\/wp-content\\\/uploads\\\/2019\\\/02\\\/e6d0839a26372665b6965dd1a314da59.jpg\",\"@id\":\"https:\\\/\\\/newsinfoco.com.br\\\/inicio\\\/atestado-para-faltar-ao-trabalho-ironiza-lidice-apos-bolsonaro-ser-internado\\\/#mainImage\",\"width\":590,\"height\":320,\"caption\":\"L\\u00eddice da Mata\"},\"primaryImageOfPage\":{\"@id\":\"https:\\\/\\\/newsinfoco.com.br\\\/inicio\\\/atestado-para-faltar-ao-trabalho-ironiza-lidice-apos-bolsonaro-ser-internado\\\/#mainImage\"},\"datePublished\":\"2022-01-03T17:21:41-03:00\",\"dateModified\":\"2022-01-03T17:21:41-03:00\"},{\"@type\":\"WebSite\",\"@id\":\"https:\\\/\\\/newsinfoco.com.br\\\/inicio\\\/#website\",\"url\":\"https:\\\/\\\/newsinfoco.com.br\\\/inicio\\\/\",\"name\":\"News In Foco - Editado por Caio Pimenta\",\"description\":\"O principal site de noticias de Alagoinhas e regi\\u00e3o\",\"inLanguage\":\"pt-BR\",\"publisher\":{\"@id\":\"https:\\\/\\\/newsinfoco.com.br\\\/inicio\\\/#organization\"}}]}\n\t\t<\/script>\n\t\t<!-- All in One SEO -->\n\n","aioseo_head_json":{"title":"\u201cAtestado para faltar ao trabalho\u201d, ironiza L\u00eddice ap\u00f3s Bolsonaro ser internado - News In Foco - Editado por Caio Pimenta","description":"A deputada federal L\u00eddice da Mata (PSB) ironizou, em suas redes sociais, a interna\u00e7\u00e3o do presidente Jair Bolsonaro (PL), nas primeiras horas desta segunda-feira (3), ap\u00f3s uma suspeita de um novo quadro de obstru\u00e7\u00e3o intestinal. L\u00eddice compartilhou um \u2018meme\u2019 em que aparece Bolsonaro em diferentes momentos de descontra\u00e7\u00e3o durante os dias de f\u00e9rias em Santa","canonical_url":"https:\/\/newsinfoco.com.br\/inicio\/atestado-para-faltar-ao-trabalho-ironiza-lidice-apos-bolsonaro-ser-internado\/","robots":"max-image-preview:large","keywords":"","webmasterTools":{"miscellaneous":""},"schema":{"@context":"https:\/\/schema.org","@graph":[{"@type":"BlogPosting","@id":"https:\/\/newsinfoco.com.br\/inicio\/atestado-para-faltar-ao-trabalho-ironiza-lidice-apos-bolsonaro-ser-internado\/#blogposting","name":"\u201cAtestado para faltar ao trabalho\u201d, ironiza L\u00eddice ap\u00f3s Bolsonaro ser internado - News In Foco - Editado por Caio Pimenta","headline":"\u201cAtestado para faltar ao trabalho\u201d, ironiza L\u00eddice ap\u00f3s Bolsonaro ser internado","author":{"@id":"https:\/\/newsinfoco.com.br\/inicio\/author\/administrador\/#author"},"publisher":{"@id":"https:\/\/newsinfoco.com.br\/inicio\/#organization"},"image":{"@type":"ImageObject","url":"https:\/\/newsinfoco.com.br\/inicio\/wp-content\/uploads\/2019\/02\/e6d0839a26372665b6965dd1a314da59.jpg","width":590,"height":320,"caption":"L\u00eddice da Mata"},"datePublished":"2022-01-03T17:21:41-03:00","dateModified":"2022-01-03T17:21:41-03:00","inLanguage":"pt-BR","mainEntityOfPage":{"@id":"https:\/\/newsinfoco.com.br\/inicio\/atestado-para-faltar-ao-trabalho-ironiza-lidice-apos-bolsonaro-ser-internado\/#webpage"},"isPartOf":{"@id":"https:\/\/newsinfoco.com.br\/inicio\/atestado-para-faltar-ao-trabalho-ironiza-lidice-apos-bolsonaro-ser-internado\/#webpage"},"articleSection":"Bahia"},{"@type":"BreadcrumbList","@id":"https:\/\/newsinfoco.com.br\/inicio\/atestado-para-faltar-ao-trabalho-ironiza-lidice-apos-bolsonaro-ser-internado\/#breadcrumblist","itemListElement":[{"@type":"ListItem","@id":"https:\/\/newsinfoco.com.br\/inicio#listItem","position":1,"name":"In\u00edcio","item":"https:\/\/newsinfoco.com.br\/inicio","nextItem":{"@type":"ListItem","@id":"https:\/\/newsinfoco.com.br\/inicio\/category\/bahia\/#listItem","name":"Bahia"}},{"@type":"ListItem","@id":"https:\/\/newsinfoco.com.br\/inicio\/category\/bahia\/#listItem","position":2,"name":"Bahia","item":"https:\/\/newsinfoco.com.br\/inicio\/category\/bahia\/","nextItem":{"@type":"ListItem","@id":"https:\/\/newsinfoco.com.br\/inicio\/atestado-para-faltar-ao-trabalho-ironiza-lidice-apos-bolsonaro-ser-internado\/#listItem","name":"\u201cAtestado para faltar ao trabalho\u201d, ironiza L\u00eddice ap\u00f3s Bolsonaro ser internado"},"previousItem":{"@type":"ListItem","@id":"https:\/\/newsinfoco.com.br\/inicio#listItem","name":"In\u00edcio"}},{"@type":"ListItem","@id":"https:\/\/newsinfoco.com.br\/inicio\/atestado-para-faltar-ao-trabalho-ironiza-lidice-apos-bolsonaro-ser-internado\/#listItem","position":3,"name":"\u201cAtestado para faltar ao trabalho\u201d, ironiza L\u00eddice ap\u00f3s Bolsonaro ser internado","previousItem":{"@type":"ListItem","@id":"https:\/\/newsinfoco.com.br\/inicio\/category\/bahia\/#listItem","name":"Bahia"}}]},{"@type":"Organization","@id":"https:\/\/newsinfoco.com.br\/inicio\/#organization","name":"News In Foco - Editado por Caio Pimenta","description":"O principal site de noticias de Alagoinhas e regi\u00e3o","url":"https:\/\/newsinfoco.com.br\/inicio\/"},{"@type":"Person","@id":"https:\/\/newsinfoco.com.br\/inicio\/author\/administrador\/#author","url":"https:\/\/newsinfoco.com.br\/inicio\/author\/administrador\/","name":"administrador","image":{"@type":"ImageObject","@id":"https:\/\/newsinfoco.com.br\/inicio\/atestado-para-faltar-ao-trabalho-ironiza-lidice-apos-bolsonaro-ser-internado\/#authorImage","url":"https:\/\/secure.gravatar.com\/avatar\/c17a617433de8c1dc9584bb79aab7563b46f5bb7e1728c9b17d9cc3ce6a08e49?s=96&d=mm&r=g","width":96,"height":96,"caption":"administrador"}},{"@type":"WebPage","@id":"https:\/\/newsinfoco.com.br\/inicio\/atestado-para-faltar-ao-trabalho-ironiza-lidice-apos-bolsonaro-ser-internado\/#webpage","url":"https:\/\/newsinfoco.com.br\/inicio\/atestado-para-faltar-ao-trabalho-ironiza-lidice-apos-bolsonaro-ser-internado\/","name":"\u201cAtestado para faltar ao trabalho\u201d, ironiza L\u00eddice ap\u00f3s Bolsonaro ser internado - News In Foco - Editado por Caio Pimenta","description":"A deputada federal L\u00eddice da Mata (PSB) ironizou, em suas redes sociais, a interna\u00e7\u00e3o do presidente Jair Bolsonaro (PL), nas primeiras horas desta segunda-feira (3), ap\u00f3s uma suspeita de um novo quadro de obstru\u00e7\u00e3o intestinal. L\u00eddice compartilhou um \u2018meme\u2019 em que aparece Bolsonaro em diferentes momentos de descontra\u00e7\u00e3o durante os dias de f\u00e9rias em Santa","inLanguage":"pt-BR","isPartOf":{"@id":"https:\/\/newsinfoco.com.br\/inicio\/#website"},"breadcrumb":{"@id":"https:\/\/newsinfoco.com.br\/inicio\/atestado-para-faltar-ao-trabalho-ironiza-lidice-apos-bolsonaro-ser-internado\/#breadcrumblist"},"author":{"@id":"https:\/\/newsinfoco.com.br\/inicio\/author\/administrador\/#author"},"creator":{"@id":"https:\/\/newsinfoco.com.br\/inicio\/author\/administrador\/#author"},"image":{"@type":"ImageObject","url":"https:\/\/newsinfoco.com.br\/inicio\/wp-content\/uploads\/2019\/02\/e6d0839a26372665b6965dd1a314da59.jpg","@id":"https:\/\/newsinfoco.com.br\/inicio\/atestado-para-faltar-ao-trabalho-ironiza-lidice-apos-bolsonaro-ser-internado\/#mainImage","width":590,"height":320,"caption":"L\u00eddice da Mata"},"primaryImageOfPage":{"@id":"https:\/\/newsinfoco.com.br\/inicio\/atestado-para-faltar-ao-trabalho-ironiza-lidice-apos-bolsonaro-ser-internado\/#mainImage"},"datePublished":"2022-01-03T17:21:41-03:00","dateModified":"2022-01-03T17:21:41-03:00"},{"@type":"WebSite","@id":"https:\/\/newsinfoco.com.br\/inicio\/#website","url":"https:\/\/newsinfoco.com.br\/inicio\/","name":"News In Foco - Editado por Caio Pimenta","description":"O principal site de noticias de Alagoinhas e regi\u00e3o","inLanguage":"pt-BR","publisher":{"@id":"https:\/\/newsinfoco.com.br\/inicio\/#organization"}}]},"og:locale":"pt_BR","og:site_name":"News In Foco - Editado por Caio Pimenta - O principal site de noticias de Alagoinhas e regi\u00e3o","og:type":"article","og:title":"\u201cAtestado para faltar ao trabalho\u201d, ironiza L\u00eddice ap\u00f3s Bolsonaro ser internado - News In Foco - Editado por Caio Pimenta","og:description":"A deputada federal L\u00eddice da Mata (PSB) ironizou, em suas redes sociais, a interna\u00e7\u00e3o do presidente Jair Bolsonaro (PL), nas primeiras horas desta segunda-feira (3), ap\u00f3s uma suspeita de um novo quadro de obstru\u00e7\u00e3o intestinal. L\u00eddice compartilhou um \u2018meme\u2019 em que aparece Bolsonaro em diferentes momentos de descontra\u00e7\u00e3o durante os dias de f\u00e9rias em Santa","og:url":"https:\/\/newsinfoco.com.br\/inicio\/atestado-para-faltar-ao-trabalho-ironiza-lidice-apos-bolsonaro-ser-internado\/","article:published_time":"2022-01-03T20:21:41+00:00","article:modified_time":"2022-01-03T20:21:41+00:00","twitter:card":"summary_large_image","twitter:title":"\u201cAtestado para faltar ao trabalho\u201d, ironiza L\u00eddice ap\u00f3s Bolsonaro ser internado - News In Foco - Editado por Caio Pimenta","twitter:description":"A deputada federal L\u00eddice da Mata (PSB) ironizou, em suas redes sociais, a interna\u00e7\u00e3o do presidente Jair Bolsonaro (PL), nas primeiras horas desta segunda-feira (3), ap\u00f3s uma suspeita de um novo quadro de obstru\u00e7\u00e3o intestinal. L\u00eddice compartilhou um \u2018meme\u2019 em que aparece Bolsonaro em diferentes momentos de descontra\u00e7\u00e3o durante os dias de f\u00e9rias em Santa"},"aioseo_meta_data":{"post_id":"28218","title":null,"description":null,"keywords":null,"keyphrases":null,"primary_term":null,"canonical_url":null,"og_title":null,"og_description":null,"og_object_type":"default","og_image_type":"default","og_image_url":null,"og_image_width":null,"og_image_height":null,"og_image_custom_url":null,"og_image_custom_fields":null,"og_video":null,"og_custom_url":null,"og_article_section":null,"og_article_tags":null,"twitter_use_og":false,"twitter_card":"default","twitter_image_type":"default","twitter_image_url":null,"twitter_image_custom_url":null,"twitter_image_custom_fields":null,"twitter_title":null,"twitter_description":null,"schema":{"blockGraphs":[],"customGraphs":[],"default":{"data":{"Article":[],"Course":[],"Dataset":[],"FAQPage":[],"Movie":[],"Person":[],"Product":[],"ProductReview":[],"Car":[],"Recipe":[],"Service":[],"SoftwareApplication":[],"WebPage":[]},"graphName":"","isEnabled":true},"graphs":[]},"schema_type":"default","schema_type_options":null,"pillar_content":false,"robots_default":true,"robots_noindex":false,"robots_noarchive":false,"robots_nosnippet":false,"robots_nofollow":false,"robots_noimageindex":false,"robots_noodp":false,"robots_notranslate":false,"robots_max_snippet":null,"robots_max_videopreview":null,"robots_max_imagepreview":"large","priority":null,"frequency":null,"local_seo":null,"breadcrumb_settings":null,"limit_modified_date":false,"ai":null,"created":"2023-06-12 20:21:13","updated":"2025-07-11 06:35:48","seo_analyzer_scan_date":null},"aioseo_breadcrumb":"<div class=\"aioseo-breadcrumbs\"><span class=\"aioseo-breadcrumb\">\n\t\t\t<a href=\"https:\/\/newsinfoco.com.br\/inicio\" title=\"In\u00edcio\">In\u00edcio<\/a>\n\t\t<\/span><span class=\"aioseo-breadcrumb-separator\">&raquo;<\/span><span class=\"aioseo-breadcrumb\">\n\t\t\t<a href=\"https:\/\/newsinfoco.com.br\/inicio\/category\/bahia\/\" title=\"Bahia\">Bahia<\/a>\n\t\t<\/span><span class=\"aioseo-breadcrumb-separator\">&raquo;<\/span><span class=\"aioseo-breadcrumb\">\n\t\t\t\u201cAtestado para faltar ao trabalho\u201d, ironiza L\u00eddice ap\u00f3s Bolsonaro ser internado\n\t\t<\/span><\/div>","aioseo_breadcrumb_json":[{"label":"In\u00edcio","link":"https:\/\/newsinfoco.com.br\/inicio"},{"label":"Bahia","link":"https:\/\/newsinfoco.com.br\/inicio\/category\/bahia\/"},{"label":"\u201cAtestado para faltar ao trabalho\u201d, ironiza L\u00eddice ap\u00f3s Bolsonaro ser internado","link":"https:\/\/newsinfoco.com.br\/inicio\/atestado-para-faltar-ao-trabalho-ironiza-lidice-apos-bolsonaro-ser-internado\/"}],"_links":{"self":[{"href":"https:\/\/newsinfoco.com.br\/inicio\/wp-json\/wp\/v2\/posts\/28218","targetHints":{"allow":["GET"]}}],"collection":[{"href":"https:\/\/newsinfoco.com.br\/inicio\/wp-json\/wp\/v2\/posts"}],"about":[{"href":"https:\/\/newsinfoco.com.br\/inicio\/wp-json\/wp\/v2\/types\/post"}],"author":[{"embeddable":true,"href":"https:\/\/newsinfoco.com.br\/inicio\/wp-json\/wp\/v2\/users\/1"}],"replies":[{"embeddable":true,"href":"https:\/\/newsinfoco.com.br\/inicio\/wp-json\/wp\/v2\/comments?post=28218"}],"version-history":[{"count":2,"href":"https:\/\/newsinfoco.com.br\/inicio\/wp-json\/wp\/v2\/posts\/28218\/revisions"}],"predecessor-version":[{"id":28220,"href":"https:\/\/newsinfoco.com.br\/inicio\/wp-json\/wp\/v2\/posts\/28218\/revisions\/28220"}],"wp:featuredmedia":[{"embeddable":true,"href":"https:\/\/newsinfoco.com.br\/inicio\/wp-json\/wp\/v2\/media\/13434"}],"wp:attachment":[{"href":"https:\/\/newsinfoco.com.br\/inicio\/wp-json\/wp\/v2\/media?parent=28218"}],"wp:term":[{"taxonomy":"category","embeddable":true,"href":"https:\/\/newsinfoco.com.br\/inicio\/wp-json\/wp\/v2\/categories?post=28218"},{"taxonomy":"post_tag","embeddable":true,"href":"https:\/\/newsinfoco.com.br\/inicio\/wp-json\/wp\/v2\/tags?post=28218"}],"curies":[{"name":"wp","href":"https:\/\/api.w.org\/{rel}","templated":true}]}}