{"id":28223,"date":"2022-01-03T17:25:28","date_gmt":"2022-01-03T20:25:28","guid":{"rendered":"https:\/\/newsinfoco.com.br\/inicio\/?p=28223"},"modified":"2022-01-03T17:25:28","modified_gmt":"2022-01-03T20:25:28","slug":"medicos-enviados-pelo-governo-federal-desembarcam-em-ilheus","status":"publish","type":"post","link":"https:\/\/newsinfoco.com.br\/inicio\/medicos-enviados-pelo-governo-federal-desembarcam-em-ilheus\/","title":{"rendered":"M\u00e9dicos enviados pelo governo federal desembarcam em Ilh\u00e9us"},"content":{"rendered":"<p>Os\u00a023 m\u00e9dicos enviados pelo governo federal para ajudar no atendimento \u00e0 popula\u00e7\u00e3o afetada pelas fortes chuvas na Bahia\u00a0j\u00e1 desembarcou em Ilh\u00e9us nesta segunda-feira (3). A comitiva recepcionada pela secret\u00e1ria da Sa\u00fade da Bahia, Tereza Paim, contou ainda com as presen\u00e7as dos dos ministros Damares Alves (Direitos Humanos), Marcelo Queiroga (Sa\u00fade) e Jo\u00e3o Roma (Cidadania).<\/p>\n<p>\u201cEles atuar\u00e3o em munic\u00edpios do Sul, Extremo Sul e Sudoeste do estado, atendendo a v\u00edtimas afetadas pelas fortes chuvas. Sigo trabalhando, sob o comando do governador Rui Costa, para salvar vidas e preservar a sa\u00fade das fam\u00edlias afetadas\u201d, disse Tereza Paim, no Instagram.<\/p>\n<p>Secretaria de Sa\u00fade da Bahia (Sesab) prev\u00ea que at\u00e9 o dia 10 de janeiro o n\u00famero de profissionais do Mais M\u00e9dicos enviados pelo governo federal chegue a 90 \u2013 mais cedo, nota do Minist\u00e9rio da Sa\u00fade informou que seriam 119 at\u00e9 a mesma data. A Sesab remanejou 12 m\u00e9dicos para as \u00e1reas mais cr\u00edticas no estado.<\/p>\n<p>O ministro Jo\u00e3o Roma tamb\u00e9m comentou, via Instagram, a chegada dos m\u00e9dicos em solo baiano. \u201cCome\u00e7amos o novo ano com uma miss\u00e3o importante: cuidar da sa\u00fade da popula\u00e7\u00e3o afetada pelas fortes chuvas na Bahia. O Minist\u00e9rio da Sa\u00fade, representado pelo ministro Marcelo Queiroga, apresentou parte da equipe m\u00e9dica que ir\u00e1 trabalhar para cuidar dos baianos\u201d, escreveu Roma.<\/p>\n<p>Jo\u00e3o Roma salientou que a chegada do trio ministerial a Ilh\u00e9us cumpre compromisso que o presidente Jair Bolsonaro confiou a eles: \u201ccontinuar presente nessas regi\u00f5es at\u00e9 que o governo do Brasil consiga atender as necessidades urgentes dos nossos irm\u00e3os que t\u00eam sofrido com os efeitos dessa trag\u00e9dia\u201d.<\/p>\n<div class='share-to-whatsapp-wrapper'><div class='share-on-whsp'>Share on: <\/div><a data-text='M\u00e9dicos enviados pelo governo federal desembarcam em Ilh\u00e9us' data-link='https:\/\/newsinfoco.com.br\/inicio\/medicos-enviados-pelo-governo-federal-desembarcam-em-ilheus\/' class='whatsapp-button whatsapp-share'>WhatsApp<\/a><div class='clear '><\/div><\/div>","protected":false},"excerpt":{"rendered":"<p>Os\u00a023 m\u00e9dicos enviados pelo governo federal para ajudar no atendimento \u00e0 popula\u00e7\u00e3o afetada pelas fortes chuvas na Bahia\u00a0j\u00e1 desembarcou em Ilh\u00e9us nesta segunda-feira (3). A comitiva recepcionada pela secret\u00e1ria da Sa\u00fade da Bahia, Tereza Paim, contou ainda com as presen\u00e7as dos dos ministros Damares Alves (Direitos Humanos), Marcelo Queiroga (Sa\u00fade) e Jo\u00e3o Roma (Cidadania). \u201cEles [&hellip;]<\/p>\n","protected":false},"author":1,"featured_media":28224,"comment_status":"closed","ping_status":"closed","sticky":false,"template":"","format":"standard","meta":{"om_disable_all_campaigns":false,"rop_custom_images_group":[],"rop_custom_messages_group":[],"rop_publish_now":"initial","rop_publish_now_accounts":[],"rop_publish_now_history":[],"rop_publish_now_status":"pending","_exactmetrics_skip_tracking":false,"footnotes":""},"categories":[19],"tags":[],"class_list":["post-28223","post","type-post","status-publish","format-standard","has-post-thumbnail","hentry","category-bahia"],"aioseo_notices":[],"aioseo_head":"\n\t\t<!-- All in One SEO 4.9.10 - aioseo.com -->\n\t<meta name=\"description\" content=\"Os 23 m\u00e9dicos enviados pelo governo federal para ajudar no atendimento \u00e0 popula\u00e7\u00e3o afetada pelas fortes chuvas na Bahia j\u00e1 desembarcou em Ilh\u00e9us nesta segunda-feira (3). A comitiva recepcionada pela secret\u00e1ria da Sa\u00fade da Bahia, Tereza Paim, contou ainda com as presen\u00e7as dos dos ministros Damares Alves (Direitos Humanos), Marcelo Queiroga (Sa\u00fade) e Jo\u00e3o Roma (Cidadania). \u201cEles\" \/>\n\t<meta name=\"robots\" content=\"max-image-preview:large\" \/>\n\t<meta name=\"author\" content=\"administrador\"\/>\n\t<link rel=\"canonical\" href=\"https:\/\/newsinfoco.com.br\/inicio\/medicos-enviados-pelo-governo-federal-desembarcam-em-ilheus\/\" \/>\n\t<meta name=\"generator\" content=\"All in One SEO (AIOSEO) 4.9.10\" \/>\n\t\t<meta property=\"og:locale\" content=\"pt_BR\" \/>\n\t\t<meta property=\"og:site_name\" content=\"News In Foco - Editado por Caio Pimenta - O principal site de noticias de Alagoinhas e regi\u00e3o\" \/>\n\t\t<meta property=\"og:type\" content=\"article\" \/>\n\t\t<meta property=\"og:title\" content=\"M\u00e9dicos enviados pelo governo federal desembarcam em Ilh\u00e9us - News In Foco - Editado por Caio Pimenta\" \/>\n\t\t<meta property=\"og:description\" content=\"Os 23 m\u00e9dicos enviados pelo governo federal para ajudar no atendimento \u00e0 popula\u00e7\u00e3o afetada pelas fortes chuvas na Bahia j\u00e1 desembarcou em Ilh\u00e9us nesta segunda-feira (3). A comitiva recepcionada pela secret\u00e1ria da Sa\u00fade da Bahia, Tereza Paim, contou ainda com as presen\u00e7as dos dos ministros Damares Alves (Direitos Humanos), Marcelo Queiroga (Sa\u00fade) e Jo\u00e3o Roma (Cidadania). \u201cEles\" \/>\n\t\t<meta property=\"og:url\" content=\"https:\/\/newsinfoco.com.br\/inicio\/medicos-enviados-pelo-governo-federal-desembarcam-em-ilheus\/\" \/>\n\t\t<meta property=\"article:published_time\" content=\"2022-01-03T20:25:28+00:00\" \/>\n\t\t<meta property=\"article:modified_time\" content=\"2022-01-03T20:25:28+00:00\" \/>\n\t\t<meta name=\"twitter:card\" content=\"summary_large_image\" \/>\n\t\t<meta name=\"twitter:title\" content=\"M\u00e9dicos enviados pelo governo federal desembarcam em Ilh\u00e9us - News In Foco - Editado por Caio Pimenta\" \/>\n\t\t<meta name=\"twitter:description\" content=\"Os 23 m\u00e9dicos enviados pelo governo federal para ajudar no atendimento \u00e0 popula\u00e7\u00e3o afetada pelas fortes chuvas na Bahia j\u00e1 desembarcou em Ilh\u00e9us nesta segunda-feira (3). A comitiva recepcionada pela secret\u00e1ria da Sa\u00fade da Bahia, Tereza Paim, contou ainda com as presen\u00e7as dos dos ministros Damares Alves (Direitos Humanos), Marcelo Queiroga (Sa\u00fade) e Jo\u00e3o Roma (Cidadania). \u201cEles\" \/>\n\t\t<script type=\"application\/ld+json\" class=\"aioseo-schema\">\n\t\t\t{\"@context\":\"https:\\\/\\\/schema.org\",\"@graph\":[{\"@type\":\"BlogPosting\",\"@id\":\"https:\\\/\\\/newsinfoco.com.br\\\/inicio\\\/medicos-enviados-pelo-governo-federal-desembarcam-em-ilheus\\\/#blogposting\",\"name\":\"M\\u00e9dicos enviados pelo governo federal desembarcam em Ilh\\u00e9us - News In Foco - Editado por Caio Pimenta\",\"headline\":\"M\\u00e9dicos enviados pelo governo federal desembarcam em Ilh\\u00e9us\",\"author\":{\"@id\":\"https:\\\/\\\/newsinfoco.com.br\\\/inicio\\\/author\\\/administrador\\\/#author\"},\"publisher\":{\"@id\":\"https:\\\/\\\/newsinfoco.com.br\\\/inicio\\\/#organization\"},\"image\":{\"@type\":\"ImageObject\",\"url\":\"https:\\\/\\\/newsinfoco.com.br\\\/inicio\\\/wp-content\\\/uploads\\\/2022\\\/01\\\/3ecb8ce8fd461fb9f4b62319102437f5.jpg\",\"width\":984,\"height\":713},\"datePublished\":\"2022-01-03T17:25:28-03:00\",\"dateModified\":\"2022-01-03T17:25:28-03:00\",\"inLanguage\":\"pt-BR\",\"mainEntityOfPage\":{\"@id\":\"https:\\\/\\\/newsinfoco.com.br\\\/inicio\\\/medicos-enviados-pelo-governo-federal-desembarcam-em-ilheus\\\/#webpage\"},\"isPartOf\":{\"@id\":\"https:\\\/\\\/newsinfoco.com.br\\\/inicio\\\/medicos-enviados-pelo-governo-federal-desembarcam-em-ilheus\\\/#webpage\"},\"articleSection\":\"Bahia\"},{\"@type\":\"BreadcrumbList\",\"@id\":\"https:\\\/\\\/newsinfoco.com.br\\\/inicio\\\/medicos-enviados-pelo-governo-federal-desembarcam-em-ilheus\\\/#breadcrumblist\",\"itemListElement\":[{\"@type\":\"ListItem\",\"@id\":\"https:\\\/\\\/newsinfoco.com.br\\\/inicio#listItem\",\"position\":1,\"name\":\"In\\u00edcio\",\"item\":\"https:\\\/\\\/newsinfoco.com.br\\\/inicio\",\"nextItem\":{\"@type\":\"ListItem\",\"@id\":\"https:\\\/\\\/newsinfoco.com.br\\\/inicio\\\/category\\\/bahia\\\/#listItem\",\"name\":\"Bahia\"}},{\"@type\":\"ListItem\",\"@id\":\"https:\\\/\\\/newsinfoco.com.br\\\/inicio\\\/category\\\/bahia\\\/#listItem\",\"position\":2,\"name\":\"Bahia\",\"item\":\"https:\\\/\\\/newsinfoco.com.br\\\/inicio\\\/category\\\/bahia\\\/\",\"nextItem\":{\"@type\":\"ListItem\",\"@id\":\"https:\\\/\\\/newsinfoco.com.br\\\/inicio\\\/medicos-enviados-pelo-governo-federal-desembarcam-em-ilheus\\\/#listItem\",\"name\":\"M\\u00e9dicos enviados pelo governo federal desembarcam em Ilh\\u00e9us\"},\"previousItem\":{\"@type\":\"ListItem\",\"@id\":\"https:\\\/\\\/newsinfoco.com.br\\\/inicio#listItem\",\"name\":\"In\\u00edcio\"}},{\"@type\":\"ListItem\",\"@id\":\"https:\\\/\\\/newsinfoco.com.br\\\/inicio\\\/medicos-enviados-pelo-governo-federal-desembarcam-em-ilheus\\\/#listItem\",\"position\":3,\"name\":\"M\\u00e9dicos enviados pelo governo federal desembarcam em Ilh\\u00e9us\",\"previousItem\":{\"@type\":\"ListItem\",\"@id\":\"https:\\\/\\\/newsinfoco.com.br\\\/inicio\\\/category\\\/bahia\\\/#listItem\",\"name\":\"Bahia\"}}]},{\"@type\":\"Organization\",\"@id\":\"https:\\\/\\\/newsinfoco.com.br\\\/inicio\\\/#organization\",\"name\":\"News In Foco - Editado por Caio Pimenta\",\"description\":\"O principal site de noticias de Alagoinhas e regi\\u00e3o\",\"url\":\"https:\\\/\\\/newsinfoco.com.br\\\/inicio\\\/\"},{\"@type\":\"Person\",\"@id\":\"https:\\\/\\\/newsinfoco.com.br\\\/inicio\\\/author\\\/administrador\\\/#author\",\"url\":\"https:\\\/\\\/newsinfoco.com.br\\\/inicio\\\/author\\\/administrador\\\/\",\"name\":\"administrador\",\"image\":{\"@type\":\"ImageObject\",\"@id\":\"https:\\\/\\\/newsinfoco.com.br\\\/inicio\\\/medicos-enviados-pelo-governo-federal-desembarcam-em-ilheus\\\/#authorImage\",\"url\":\"https:\\\/\\\/secure.gravatar.com\\\/avatar\\\/c17a617433de8c1dc9584bb79aab7563b46f5bb7e1728c9b17d9cc3ce6a08e49?s=96&d=mm&r=g\",\"width\":96,\"height\":96,\"caption\":\"administrador\"}},{\"@type\":\"WebPage\",\"@id\":\"https:\\\/\\\/newsinfoco.com.br\\\/inicio\\\/medicos-enviados-pelo-governo-federal-desembarcam-em-ilheus\\\/#webpage\",\"url\":\"https:\\\/\\\/newsinfoco.com.br\\\/inicio\\\/medicos-enviados-pelo-governo-federal-desembarcam-em-ilheus\\\/\",\"name\":\"M\\u00e9dicos enviados pelo governo federal desembarcam em Ilh\\u00e9us - News In Foco - Editado por Caio Pimenta\",\"description\":\"Os 23 m\\u00e9dicos enviados pelo governo federal para ajudar no atendimento \\u00e0 popula\\u00e7\\u00e3o afetada pelas fortes chuvas na Bahia j\\u00e1 desembarcou em Ilh\\u00e9us nesta segunda-feira (3). A comitiva recepcionada pela secret\\u00e1ria da Sa\\u00fade da Bahia, Tereza Paim, contou ainda com as presen\\u00e7as dos dos ministros Damares Alves (Direitos Humanos), Marcelo Queiroga (Sa\\u00fade) e Jo\\u00e3o Roma (Cidadania). \\u201cEles\",\"inLanguage\":\"pt-BR\",\"isPartOf\":{\"@id\":\"https:\\\/\\\/newsinfoco.com.br\\\/inicio\\\/#website\"},\"breadcrumb\":{\"@id\":\"https:\\\/\\\/newsinfoco.com.br\\\/inicio\\\/medicos-enviados-pelo-governo-federal-desembarcam-em-ilheus\\\/#breadcrumblist\"},\"author\":{\"@id\":\"https:\\\/\\\/newsinfoco.com.br\\\/inicio\\\/author\\\/administrador\\\/#author\"},\"creator\":{\"@id\":\"https:\\\/\\\/newsinfoco.com.br\\\/inicio\\\/author\\\/administrador\\\/#author\"},\"image\":{\"@type\":\"ImageObject\",\"url\":\"https:\\\/\\\/newsinfoco.com.br\\\/inicio\\\/wp-content\\\/uploads\\\/2022\\\/01\\\/3ecb8ce8fd461fb9f4b62319102437f5.jpg\",\"@id\":\"https:\\\/\\\/newsinfoco.com.br\\\/inicio\\\/medicos-enviados-pelo-governo-federal-desembarcam-em-ilheus\\\/#mainImage\",\"width\":984,\"height\":713},\"primaryImageOfPage\":{\"@id\":\"https:\\\/\\\/newsinfoco.com.br\\\/inicio\\\/medicos-enviados-pelo-governo-federal-desembarcam-em-ilheus\\\/#mainImage\"},\"datePublished\":\"2022-01-03T17:25:28-03:00\",\"dateModified\":\"2022-01-03T17:25:28-03:00\"},{\"@type\":\"WebSite\",\"@id\":\"https:\\\/\\\/newsinfoco.com.br\\\/inicio\\\/#website\",\"url\":\"https:\\\/\\\/newsinfoco.com.br\\\/inicio\\\/\",\"name\":\"News In Foco - Editado por Caio Pimenta\",\"description\":\"O principal site de noticias de Alagoinhas e regi\\u00e3o\",\"inLanguage\":\"pt-BR\",\"publisher\":{\"@id\":\"https:\\\/\\\/newsinfoco.com.br\\\/inicio\\\/#organization\"}}]}\n\t\t<\/script>\n\t\t<!-- All in One SEO -->\n\n","aioseo_head_json":{"title":"M\u00e9dicos enviados pelo governo federal desembarcam em Ilh\u00e9us - News In Foco - Editado por Caio Pimenta","description":"Os 23 m\u00e9dicos enviados pelo governo federal para ajudar no atendimento \u00e0 popula\u00e7\u00e3o afetada pelas fortes chuvas na Bahia j\u00e1 desembarcou em Ilh\u00e9us nesta segunda-feira (3). A comitiva recepcionada pela secret\u00e1ria da Sa\u00fade da Bahia, Tereza Paim, contou ainda com as presen\u00e7as dos dos ministros Damares Alves (Direitos Humanos), Marcelo Queiroga (Sa\u00fade) e Jo\u00e3o Roma (Cidadania). \u201cEles","canonical_url":"https:\/\/newsinfoco.com.br\/inicio\/medicos-enviados-pelo-governo-federal-desembarcam-em-ilheus\/","robots":"max-image-preview:large","keywords":"","webmasterTools":{"miscellaneous":""},"schema":{"@context":"https:\/\/schema.org","@graph":[{"@type":"BlogPosting","@id":"https:\/\/newsinfoco.com.br\/inicio\/medicos-enviados-pelo-governo-federal-desembarcam-em-ilheus\/#blogposting","name":"M\u00e9dicos enviados pelo governo federal desembarcam em Ilh\u00e9us - News In Foco - Editado por Caio Pimenta","headline":"M\u00e9dicos enviados pelo governo federal desembarcam em Ilh\u00e9us","author":{"@id":"https:\/\/newsinfoco.com.br\/inicio\/author\/administrador\/#author"},"publisher":{"@id":"https:\/\/newsinfoco.com.br\/inicio\/#organization"},"image":{"@type":"ImageObject","url":"https:\/\/newsinfoco.com.br\/inicio\/wp-content\/uploads\/2022\/01\/3ecb8ce8fd461fb9f4b62319102437f5.jpg","width":984,"height":713},"datePublished":"2022-01-03T17:25:28-03:00","dateModified":"2022-01-03T17:25:28-03:00","inLanguage":"pt-BR","mainEntityOfPage":{"@id":"https:\/\/newsinfoco.com.br\/inicio\/medicos-enviados-pelo-governo-federal-desembarcam-em-ilheus\/#webpage"},"isPartOf":{"@id":"https:\/\/newsinfoco.com.br\/inicio\/medicos-enviados-pelo-governo-federal-desembarcam-em-ilheus\/#webpage"},"articleSection":"Bahia"},{"@type":"BreadcrumbList","@id":"https:\/\/newsinfoco.com.br\/inicio\/medicos-enviados-pelo-governo-federal-desembarcam-em-ilheus\/#breadcrumblist","itemListElement":[{"@type":"ListItem","@id":"https:\/\/newsinfoco.com.br\/inicio#listItem","position":1,"name":"In\u00edcio","item":"https:\/\/newsinfoco.com.br\/inicio","nextItem":{"@type":"ListItem","@id":"https:\/\/newsinfoco.com.br\/inicio\/category\/bahia\/#listItem","name":"Bahia"}},{"@type":"ListItem","@id":"https:\/\/newsinfoco.com.br\/inicio\/category\/bahia\/#listItem","position":2,"name":"Bahia","item":"https:\/\/newsinfoco.com.br\/inicio\/category\/bahia\/","nextItem":{"@type":"ListItem","@id":"https:\/\/newsinfoco.com.br\/inicio\/medicos-enviados-pelo-governo-federal-desembarcam-em-ilheus\/#listItem","name":"M\u00e9dicos enviados pelo governo federal desembarcam em Ilh\u00e9us"},"previousItem":{"@type":"ListItem","@id":"https:\/\/newsinfoco.com.br\/inicio#listItem","name":"In\u00edcio"}},{"@type":"ListItem","@id":"https:\/\/newsinfoco.com.br\/inicio\/medicos-enviados-pelo-governo-federal-desembarcam-em-ilheus\/#listItem","position":3,"name":"M\u00e9dicos enviados pelo governo federal desembarcam em Ilh\u00e9us","previousItem":{"@type":"ListItem","@id":"https:\/\/newsinfoco.com.br\/inicio\/category\/bahia\/#listItem","name":"Bahia"}}]},{"@type":"Organization","@id":"https:\/\/newsinfoco.com.br\/inicio\/#organization","name":"News In Foco - Editado por Caio Pimenta","description":"O principal site de noticias de Alagoinhas e regi\u00e3o","url":"https:\/\/newsinfoco.com.br\/inicio\/"},{"@type":"Person","@id":"https:\/\/newsinfoco.com.br\/inicio\/author\/administrador\/#author","url":"https:\/\/newsinfoco.com.br\/inicio\/author\/administrador\/","name":"administrador","image":{"@type":"ImageObject","@id":"https:\/\/newsinfoco.com.br\/inicio\/medicos-enviados-pelo-governo-federal-desembarcam-em-ilheus\/#authorImage","url":"https:\/\/secure.gravatar.com\/avatar\/c17a617433de8c1dc9584bb79aab7563b46f5bb7e1728c9b17d9cc3ce6a08e49?s=96&d=mm&r=g","width":96,"height":96,"caption":"administrador"}},{"@type":"WebPage","@id":"https:\/\/newsinfoco.com.br\/inicio\/medicos-enviados-pelo-governo-federal-desembarcam-em-ilheus\/#webpage","url":"https:\/\/newsinfoco.com.br\/inicio\/medicos-enviados-pelo-governo-federal-desembarcam-em-ilheus\/","name":"M\u00e9dicos enviados pelo governo federal desembarcam em Ilh\u00e9us - News In Foco - Editado por Caio Pimenta","description":"Os 23 m\u00e9dicos enviados pelo governo federal para ajudar no atendimento \u00e0 popula\u00e7\u00e3o afetada pelas fortes chuvas na Bahia j\u00e1 desembarcou em Ilh\u00e9us nesta segunda-feira (3). A comitiva recepcionada pela secret\u00e1ria da Sa\u00fade da Bahia, Tereza Paim, contou ainda com as presen\u00e7as dos dos ministros Damares Alves (Direitos Humanos), Marcelo Queiroga (Sa\u00fade) e Jo\u00e3o Roma (Cidadania). \u201cEles","inLanguage":"pt-BR","isPartOf":{"@id":"https:\/\/newsinfoco.com.br\/inicio\/#website"},"breadcrumb":{"@id":"https:\/\/newsinfoco.com.br\/inicio\/medicos-enviados-pelo-governo-federal-desembarcam-em-ilheus\/#breadcrumblist"},"author":{"@id":"https:\/\/newsinfoco.com.br\/inicio\/author\/administrador\/#author"},"creator":{"@id":"https:\/\/newsinfoco.com.br\/inicio\/author\/administrador\/#author"},"image":{"@type":"ImageObject","url":"https:\/\/newsinfoco.com.br\/inicio\/wp-content\/uploads\/2022\/01\/3ecb8ce8fd461fb9f4b62319102437f5.jpg","@id":"https:\/\/newsinfoco.com.br\/inicio\/medicos-enviados-pelo-governo-federal-desembarcam-em-ilheus\/#mainImage","width":984,"height":713},"primaryImageOfPage":{"@id":"https:\/\/newsinfoco.com.br\/inicio\/medicos-enviados-pelo-governo-federal-desembarcam-em-ilheus\/#mainImage"},"datePublished":"2022-01-03T17:25:28-03:00","dateModified":"2022-01-03T17:25:28-03:00"},{"@type":"WebSite","@id":"https:\/\/newsinfoco.com.br\/inicio\/#website","url":"https:\/\/newsinfoco.com.br\/inicio\/","name":"News In Foco - Editado por Caio Pimenta","description":"O principal site de noticias de Alagoinhas e regi\u00e3o","inLanguage":"pt-BR","publisher":{"@id":"https:\/\/newsinfoco.com.br\/inicio\/#organization"}}]},"og:locale":"pt_BR","og:site_name":"News In Foco - Editado por Caio Pimenta - O principal site de noticias de Alagoinhas e regi\u00e3o","og:type":"article","og:title":"M\u00e9dicos enviados pelo governo federal desembarcam em Ilh\u00e9us - News In Foco - Editado por Caio Pimenta","og:description":"Os 23 m\u00e9dicos enviados pelo governo federal para ajudar no atendimento \u00e0 popula\u00e7\u00e3o afetada pelas fortes chuvas na Bahia j\u00e1 desembarcou em Ilh\u00e9us nesta segunda-feira (3). A comitiva recepcionada pela secret\u00e1ria da Sa\u00fade da Bahia, Tereza Paim, contou ainda com as presen\u00e7as dos dos ministros Damares Alves (Direitos Humanos), Marcelo Queiroga (Sa\u00fade) e Jo\u00e3o Roma (Cidadania). \u201cEles","og:url":"https:\/\/newsinfoco.com.br\/inicio\/medicos-enviados-pelo-governo-federal-desembarcam-em-ilheus\/","article:published_time":"2022-01-03T20:25:28+00:00","article:modified_time":"2022-01-03T20:25:28+00:00","twitter:card":"summary_large_image","twitter:title":"M\u00e9dicos enviados pelo governo federal desembarcam em Ilh\u00e9us - News In Foco - Editado por Caio Pimenta","twitter:description":"Os 23 m\u00e9dicos enviados pelo governo federal para ajudar no atendimento \u00e0 popula\u00e7\u00e3o afetada pelas fortes chuvas na Bahia j\u00e1 desembarcou em Ilh\u00e9us nesta segunda-feira (3). A comitiva recepcionada pela secret\u00e1ria da Sa\u00fade da Bahia, Tereza Paim, contou ainda com as presen\u00e7as dos dos ministros Damares Alves (Direitos Humanos), Marcelo Queiroga (Sa\u00fade) e Jo\u00e3o Roma (Cidadania). \u201cEles"},"aioseo_meta_data":{"post_id":"28223","title":null,"description":null,"keywords":null,"keyphrases":null,"primary_term":null,"canonical_url":null,"og_title":null,"og_description":null,"og_object_type":"default","og_image_type":"default","og_image_url":null,"og_image_width":null,"og_image_height":null,"og_image_custom_url":null,"og_image_custom_fields":null,"og_video":null,"og_custom_url":null,"og_article_section":null,"og_article_tags":null,"twitter_use_og":false,"twitter_card":"default","twitter_image_type":"default","twitter_image_url":null,"twitter_image_custom_url":null,"twitter_image_custom_fields":null,"twitter_title":null,"twitter_description":null,"schema":{"blockGraphs":[],"customGraphs":[],"default":{"data":{"Article":[],"Course":[],"Dataset":[],"FAQPage":[],"Movie":[],"Person":[],"Product":[],"ProductReview":[],"Car":[],"Recipe":[],"Service":[],"SoftwareApplication":[],"WebPage":[]},"graphName":"","isEnabled":true},"graphs":[]},"schema_type":"default","schema_type_options":null,"pillar_content":false,"robots_default":true,"robots_noindex":false,"robots_noarchive":false,"robots_nosnippet":false,"robots_nofollow":false,"robots_noimageindex":false,"robots_noodp":false,"robots_notranslate":false,"robots_max_snippet":null,"robots_max_videopreview":null,"robots_max_imagepreview":"large","priority":null,"frequency":null,"local_seo":null,"breadcrumb_settings":null,"limit_modified_date":false,"ai":null,"created":"2023-06-12 20:23:44","updated":"2025-07-11 06:37:02","seo_analyzer_scan_date":null},"aioseo_breadcrumb":"<div class=\"aioseo-breadcrumbs\"><span class=\"aioseo-breadcrumb\">\n\t\t\t<a href=\"https:\/\/newsinfoco.com.br\/inicio\" title=\"In\u00edcio\">In\u00edcio<\/a>\n\t\t<\/span><span class=\"aioseo-breadcrumb-separator\">&raquo;<\/span><span class=\"aioseo-breadcrumb\">\n\t\t\t<a href=\"https:\/\/newsinfoco.com.br\/inicio\/category\/bahia\/\" title=\"Bahia\">Bahia<\/a>\n\t\t<\/span><span class=\"aioseo-breadcrumb-separator\">&raquo;<\/span><span class=\"aioseo-breadcrumb\">\n\t\t\tM\u00e9dicos enviados pelo governo federal desembarcam em Ilh\u00e9us\n\t\t<\/span><\/div>","aioseo_breadcrumb_json":[{"label":"In\u00edcio","link":"https:\/\/newsinfoco.com.br\/inicio"},{"label":"Bahia","link":"https:\/\/newsinfoco.com.br\/inicio\/category\/bahia\/"},{"label":"M\u00e9dicos enviados pelo governo federal desembarcam em Ilh\u00e9us","link":"https:\/\/newsinfoco.com.br\/inicio\/medicos-enviados-pelo-governo-federal-desembarcam-em-ilheus\/"}],"_links":{"self":[{"href":"https:\/\/newsinfoco.com.br\/inicio\/wp-json\/wp\/v2\/posts\/28223","targetHints":{"allow":["GET"]}}],"collection":[{"href":"https:\/\/newsinfoco.com.br\/inicio\/wp-json\/wp\/v2\/posts"}],"about":[{"href":"https:\/\/newsinfoco.com.br\/inicio\/wp-json\/wp\/v2\/types\/post"}],"author":[{"embeddable":true,"href":"https:\/\/newsinfoco.com.br\/inicio\/wp-json\/wp\/v2\/users\/1"}],"replies":[{"embeddable":true,"href":"https:\/\/newsinfoco.com.br\/inicio\/wp-json\/wp\/v2\/comments?post=28223"}],"version-history":[{"count":1,"href":"https:\/\/newsinfoco.com.br\/inicio\/wp-json\/wp\/v2\/posts\/28223\/revisions"}],"predecessor-version":[{"id":28225,"href":"https:\/\/newsinfoco.com.br\/inicio\/wp-json\/wp\/v2\/posts\/28223\/revisions\/28225"}],"wp:featuredmedia":[{"embeddable":true,"href":"https:\/\/newsinfoco.com.br\/inicio\/wp-json\/wp\/v2\/media\/28224"}],"wp:attachment":[{"href":"https:\/\/newsinfoco.com.br\/inicio\/wp-json\/wp\/v2\/media?parent=28223"}],"wp:term":[{"taxonomy":"category","embeddable":true,"href":"https:\/\/newsinfoco.com.br\/inicio\/wp-json\/wp\/v2\/categories?post=28223"},{"taxonomy":"post_tag","embeddable":true,"href":"https:\/\/newsinfoco.com.br\/inicio\/wp-json\/wp\/v2\/tags?post=28223"}],"curies":[{"name":"wp","href":"https:\/\/api.w.org\/{rel}","templated":true}]}}