{"id":28226,"date":"2022-01-03T17:27:14","date_gmt":"2022-01-03T20:27:14","guid":{"rendered":"https:\/\/newsinfoco.com.br\/inicio\/?p=28226"},"modified":"2022-01-03T17:27:14","modified_gmt":"2022-01-03T20:27:14","slug":"geddel-vira-interlocutor-frequente-de-wagner-e-acm-neto-candidatos-ao-governo-baiano","status":"publish","type":"post","link":"https:\/\/newsinfoco.com.br\/inicio\/geddel-vira-interlocutor-frequente-de-wagner-e-acm-neto-candidatos-ao-governo-baiano\/","title":{"rendered":"Geddel vira interlocutor frequente de Wagner e ACM Neto, candidatos ao governo baiano"},"content":{"rendered":"<p>Quando disse, numa entrevista exclusiva ao site Politica Livre, na semana passada,\u00a0que o irm\u00e3o Geddel passara a ser procurado por candidatos a fim de discutir a sucess\u00e3o de 2022, o ex-deputado federal L\u00facio Vieira Lima n\u00e3o estava mentindo.<\/p>\n<p>De fato, Geddel vem conversando com frequ\u00eancia com pol\u00edticos e empres\u00e1rios, que passaram a visit\u00e1-lo ou a conversar com ele por telefone desde o final do ano passado.<\/p>\n<p>Entre eles, est\u00e3o o senador Jaques Wagner (PT) e o ex-prefeito de Salvador ACM Neto (DEM).\u00a0Candidatos ao governo baiano, os dois est\u00e3o de olho no apoio do MDB, controlado pela fam\u00edlia Vieira Lima, para a sucess\u00e3o estadual.<\/p>\n<p>O ex-ministro est\u00e1 em regime semiaberto desde setembro do ano passado, depois de ter sido condenado por lavagem de dinheiro no caso da descoberta, em Salvador, de um bunker com mais de R$ 50 milh\u00f5es em malas atribu\u00eddos a ele.<\/p>\n<p>Politica Livre<\/p>\n<div class='share-to-whatsapp-wrapper'><div class='share-on-whsp'>Share on: <\/div><a data-text='Geddel vira interlocutor frequente de Wagner e ACM Neto, candidatos ao governo baiano' data-link='https:\/\/newsinfoco.com.br\/inicio\/geddel-vira-interlocutor-frequente-de-wagner-e-acm-neto-candidatos-ao-governo-baiano\/' class='whatsapp-button whatsapp-share'>WhatsApp<\/a><div class='clear '><\/div><\/div>","protected":false},"excerpt":{"rendered":"<p>Quando disse, numa entrevista exclusiva ao site Politica Livre, na semana passada,\u00a0que o irm\u00e3o Geddel passara a ser procurado por candidatos a fim de discutir a sucess\u00e3o de 2022, o ex-deputado federal L\u00facio Vieira Lima n\u00e3o estava mentindo. De fato, Geddel vem conversando com frequ\u00eancia com pol\u00edticos e empres\u00e1rios, que passaram a visit\u00e1-lo ou a [&hellip;]<\/p>\n","protected":false},"author":1,"featured_media":15596,"comment_status":"closed","ping_status":"closed","sticky":false,"template":"","format":"standard","meta":{"om_disable_all_campaigns":false,"rop_custom_images_group":[],"rop_custom_messages_group":[],"rop_publish_now":"initial","rop_publish_now_accounts":[],"rop_publish_now_history":[],"rop_publish_now_status":"pending","_exactmetrics_skip_tracking":false,"footnotes":""},"categories":[19],"tags":[],"class_list":["post-28226","post","type-post","status-publish","format-standard","has-post-thumbnail","hentry","category-bahia"],"aioseo_notices":[],"aioseo_head":"\n\t\t<!-- All in One SEO 4.9.10 - aioseo.com -->\n\t<meta name=\"description\" content=\"Quando disse, numa entrevista exclusiva ao site Politica Livre, na semana passada, que o irm\u00e3o Geddel passara a ser procurado por candidatos a fim de discutir a sucess\u00e3o de 2022, o ex-deputado federal L\u00facio Vieira Lima n\u00e3o estava mentindo. De fato, Geddel vem conversando com frequ\u00eancia com pol\u00edticos e empres\u00e1rios, que passaram a visit\u00e1-lo ou a\" \/>\n\t<meta name=\"robots\" content=\"max-image-preview:large\" \/>\n\t<meta name=\"author\" content=\"administrador\"\/>\n\t<link rel=\"canonical\" href=\"https:\/\/newsinfoco.com.br\/inicio\/geddel-vira-interlocutor-frequente-de-wagner-e-acm-neto-candidatos-ao-governo-baiano\/\" \/>\n\t<meta name=\"generator\" content=\"All in One SEO (AIOSEO) 4.9.10\" \/>\n\t\t<meta property=\"og:locale\" content=\"pt_BR\" \/>\n\t\t<meta property=\"og:site_name\" content=\"News In Foco - Editado por Caio Pimenta - O principal site de noticias de Alagoinhas e regi\u00e3o\" \/>\n\t\t<meta property=\"og:type\" content=\"article\" \/>\n\t\t<meta property=\"og:title\" content=\"Geddel vira interlocutor frequente de Wagner e ACM Neto, candidatos ao governo baiano - News In Foco - Editado por Caio Pimenta\" \/>\n\t\t<meta property=\"og:description\" content=\"Quando disse, numa entrevista exclusiva ao site Politica Livre, na semana passada, que o irm\u00e3o Geddel passara a ser procurado por candidatos a fim de discutir a sucess\u00e3o de 2022, o ex-deputado federal L\u00facio Vieira Lima n\u00e3o estava mentindo. De fato, Geddel vem conversando com frequ\u00eancia com pol\u00edticos e empres\u00e1rios, que passaram a visit\u00e1-lo ou a\" \/>\n\t\t<meta property=\"og:url\" content=\"https:\/\/newsinfoco.com.br\/inicio\/geddel-vira-interlocutor-frequente-de-wagner-e-acm-neto-candidatos-ao-governo-baiano\/\" \/>\n\t\t<meta property=\"article:published_time\" content=\"2022-01-03T20:27:14+00:00\" \/>\n\t\t<meta property=\"article:modified_time\" content=\"2022-01-03T20:27:14+00:00\" \/>\n\t\t<meta name=\"twitter:card\" content=\"summary_large_image\" \/>\n\t\t<meta name=\"twitter:title\" content=\"Geddel vira interlocutor frequente de Wagner e ACM Neto, candidatos ao governo baiano - News In Foco - Editado por Caio Pimenta\" \/>\n\t\t<meta name=\"twitter:description\" content=\"Quando disse, numa entrevista exclusiva ao site Politica Livre, na semana passada, que o irm\u00e3o Geddel passara a ser procurado por candidatos a fim de discutir a sucess\u00e3o de 2022, o ex-deputado federal L\u00facio Vieira Lima n\u00e3o estava mentindo. De fato, Geddel vem conversando com frequ\u00eancia com pol\u00edticos e empres\u00e1rios, que passaram a visit\u00e1-lo ou a\" \/>\n\t\t<script type=\"application\/ld+json\" class=\"aioseo-schema\">\n\t\t\t{\"@context\":\"https:\\\/\\\/schema.org\",\"@graph\":[{\"@type\":\"BlogPosting\",\"@id\":\"https:\\\/\\\/newsinfoco.com.br\\\/inicio\\\/geddel-vira-interlocutor-frequente-de-wagner-e-acm-neto-candidatos-ao-governo-baiano\\\/#blogposting\",\"name\":\"Geddel vira interlocutor frequente de Wagner e ACM Neto, candidatos ao governo baiano - News In Foco - Editado por Caio Pimenta\",\"headline\":\"Geddel vira interlocutor frequente de Wagner e ACM Neto, candidatos ao governo baiano\",\"author\":{\"@id\":\"https:\\\/\\\/newsinfoco.com.br\\\/inicio\\\/author\\\/administrador\\\/#author\"},\"publisher\":{\"@id\":\"https:\\\/\\\/newsinfoco.com.br\\\/inicio\\\/#organization\"},\"image\":{\"@type\":\"ImageObject\",\"url\":\"https:\\\/\\\/newsinfoco.com.br\\\/inicio\\\/wp-content\\\/uploads\\\/2019\\\/07\\\/geddel.jpg\",\"width\":600,\"height\":420},\"datePublished\":\"2022-01-03T17:27:14-03:00\",\"dateModified\":\"2022-01-03T17:27:14-03:00\",\"inLanguage\":\"pt-BR\",\"mainEntityOfPage\":{\"@id\":\"https:\\\/\\\/newsinfoco.com.br\\\/inicio\\\/geddel-vira-interlocutor-frequente-de-wagner-e-acm-neto-candidatos-ao-governo-baiano\\\/#webpage\"},\"isPartOf\":{\"@id\":\"https:\\\/\\\/newsinfoco.com.br\\\/inicio\\\/geddel-vira-interlocutor-frequente-de-wagner-e-acm-neto-candidatos-ao-governo-baiano\\\/#webpage\"},\"articleSection\":\"Bahia\"},{\"@type\":\"BreadcrumbList\",\"@id\":\"https:\\\/\\\/newsinfoco.com.br\\\/inicio\\\/geddel-vira-interlocutor-frequente-de-wagner-e-acm-neto-candidatos-ao-governo-baiano\\\/#breadcrumblist\",\"itemListElement\":[{\"@type\":\"ListItem\",\"@id\":\"https:\\\/\\\/newsinfoco.com.br\\\/inicio#listItem\",\"position\":1,\"name\":\"In\\u00edcio\",\"item\":\"https:\\\/\\\/newsinfoco.com.br\\\/inicio\",\"nextItem\":{\"@type\":\"ListItem\",\"@id\":\"https:\\\/\\\/newsinfoco.com.br\\\/inicio\\\/category\\\/bahia\\\/#listItem\",\"name\":\"Bahia\"}},{\"@type\":\"ListItem\",\"@id\":\"https:\\\/\\\/newsinfoco.com.br\\\/inicio\\\/category\\\/bahia\\\/#listItem\",\"position\":2,\"name\":\"Bahia\",\"item\":\"https:\\\/\\\/newsinfoco.com.br\\\/inicio\\\/category\\\/bahia\\\/\",\"nextItem\":{\"@type\":\"ListItem\",\"@id\":\"https:\\\/\\\/newsinfoco.com.br\\\/inicio\\\/geddel-vira-interlocutor-frequente-de-wagner-e-acm-neto-candidatos-ao-governo-baiano\\\/#listItem\",\"name\":\"Geddel vira interlocutor frequente de Wagner e ACM Neto, candidatos ao governo baiano\"},\"previousItem\":{\"@type\":\"ListItem\",\"@id\":\"https:\\\/\\\/newsinfoco.com.br\\\/inicio#listItem\",\"name\":\"In\\u00edcio\"}},{\"@type\":\"ListItem\",\"@id\":\"https:\\\/\\\/newsinfoco.com.br\\\/inicio\\\/geddel-vira-interlocutor-frequente-de-wagner-e-acm-neto-candidatos-ao-governo-baiano\\\/#listItem\",\"position\":3,\"name\":\"Geddel vira interlocutor frequente de Wagner e ACM Neto, candidatos ao governo baiano\",\"previousItem\":{\"@type\":\"ListItem\",\"@id\":\"https:\\\/\\\/newsinfoco.com.br\\\/inicio\\\/category\\\/bahia\\\/#listItem\",\"name\":\"Bahia\"}}]},{\"@type\":\"Organization\",\"@id\":\"https:\\\/\\\/newsinfoco.com.br\\\/inicio\\\/#organization\",\"name\":\"News In Foco - Editado por Caio Pimenta\",\"description\":\"O principal site de noticias de Alagoinhas e regi\\u00e3o\",\"url\":\"https:\\\/\\\/newsinfoco.com.br\\\/inicio\\\/\"},{\"@type\":\"Person\",\"@id\":\"https:\\\/\\\/newsinfoco.com.br\\\/inicio\\\/author\\\/administrador\\\/#author\",\"url\":\"https:\\\/\\\/newsinfoco.com.br\\\/inicio\\\/author\\\/administrador\\\/\",\"name\":\"administrador\",\"image\":{\"@type\":\"ImageObject\",\"@id\":\"https:\\\/\\\/newsinfoco.com.br\\\/inicio\\\/geddel-vira-interlocutor-frequente-de-wagner-e-acm-neto-candidatos-ao-governo-baiano\\\/#authorImage\",\"url\":\"https:\\\/\\\/secure.gravatar.com\\\/avatar\\\/c17a617433de8c1dc9584bb79aab7563b46f5bb7e1728c9b17d9cc3ce6a08e49?s=96&d=mm&r=g\",\"width\":96,\"height\":96,\"caption\":\"administrador\"}},{\"@type\":\"WebPage\",\"@id\":\"https:\\\/\\\/newsinfoco.com.br\\\/inicio\\\/geddel-vira-interlocutor-frequente-de-wagner-e-acm-neto-candidatos-ao-governo-baiano\\\/#webpage\",\"url\":\"https:\\\/\\\/newsinfoco.com.br\\\/inicio\\\/geddel-vira-interlocutor-frequente-de-wagner-e-acm-neto-candidatos-ao-governo-baiano\\\/\",\"name\":\"Geddel vira interlocutor frequente de Wagner e ACM Neto, candidatos ao governo baiano - News In Foco - Editado por Caio Pimenta\",\"description\":\"Quando disse, numa entrevista exclusiva ao site Politica Livre, na semana passada, que o irm\\u00e3o Geddel passara a ser procurado por candidatos a fim de discutir a sucess\\u00e3o de 2022, o ex-deputado federal L\\u00facio Vieira Lima n\\u00e3o estava mentindo. De fato, Geddel vem conversando com frequ\\u00eancia com pol\\u00edticos e empres\\u00e1rios, que passaram a visit\\u00e1-lo ou a\",\"inLanguage\":\"pt-BR\",\"isPartOf\":{\"@id\":\"https:\\\/\\\/newsinfoco.com.br\\\/inicio\\\/#website\"},\"breadcrumb\":{\"@id\":\"https:\\\/\\\/newsinfoco.com.br\\\/inicio\\\/geddel-vira-interlocutor-frequente-de-wagner-e-acm-neto-candidatos-ao-governo-baiano\\\/#breadcrumblist\"},\"author\":{\"@id\":\"https:\\\/\\\/newsinfoco.com.br\\\/inicio\\\/author\\\/administrador\\\/#author\"},\"creator\":{\"@id\":\"https:\\\/\\\/newsinfoco.com.br\\\/inicio\\\/author\\\/administrador\\\/#author\"},\"image\":{\"@type\":\"ImageObject\",\"url\":\"https:\\\/\\\/newsinfoco.com.br\\\/inicio\\\/wp-content\\\/uploads\\\/2019\\\/07\\\/geddel.jpg\",\"@id\":\"https:\\\/\\\/newsinfoco.com.br\\\/inicio\\\/geddel-vira-interlocutor-frequente-de-wagner-e-acm-neto-candidatos-ao-governo-baiano\\\/#mainImage\",\"width\":600,\"height\":420},\"primaryImageOfPage\":{\"@id\":\"https:\\\/\\\/newsinfoco.com.br\\\/inicio\\\/geddel-vira-interlocutor-frequente-de-wagner-e-acm-neto-candidatos-ao-governo-baiano\\\/#mainImage\"},\"datePublished\":\"2022-01-03T17:27:14-03:00\",\"dateModified\":\"2022-01-03T17:27:14-03:00\"},{\"@type\":\"WebSite\",\"@id\":\"https:\\\/\\\/newsinfoco.com.br\\\/inicio\\\/#website\",\"url\":\"https:\\\/\\\/newsinfoco.com.br\\\/inicio\\\/\",\"name\":\"News In Foco - Editado por Caio Pimenta\",\"description\":\"O principal site de noticias de Alagoinhas e regi\\u00e3o\",\"inLanguage\":\"pt-BR\",\"publisher\":{\"@id\":\"https:\\\/\\\/newsinfoco.com.br\\\/inicio\\\/#organization\"}}]}\n\t\t<\/script>\n\t\t<!-- All in One SEO -->\n\n","aioseo_head_json":{"title":"Geddel vira interlocutor frequente de Wagner e ACM Neto, candidatos ao governo baiano - News In Foco - Editado por Caio Pimenta","description":"Quando disse, numa entrevista exclusiva ao site Politica Livre, na semana passada, que o irm\u00e3o Geddel passara a ser procurado por candidatos a fim de discutir a sucess\u00e3o de 2022, o ex-deputado federal L\u00facio Vieira Lima n\u00e3o estava mentindo. De fato, Geddel vem conversando com frequ\u00eancia com pol\u00edticos e empres\u00e1rios, que passaram a visit\u00e1-lo ou a","canonical_url":"https:\/\/newsinfoco.com.br\/inicio\/geddel-vira-interlocutor-frequente-de-wagner-e-acm-neto-candidatos-ao-governo-baiano\/","robots":"max-image-preview:large","keywords":"","webmasterTools":{"miscellaneous":""},"schema":{"@context":"https:\/\/schema.org","@graph":[{"@type":"BlogPosting","@id":"https:\/\/newsinfoco.com.br\/inicio\/geddel-vira-interlocutor-frequente-de-wagner-e-acm-neto-candidatos-ao-governo-baiano\/#blogposting","name":"Geddel vira interlocutor frequente de Wagner e ACM Neto, candidatos ao governo baiano - News In Foco - Editado por Caio Pimenta","headline":"Geddel vira interlocutor frequente de Wagner e ACM Neto, candidatos ao governo baiano","author":{"@id":"https:\/\/newsinfoco.com.br\/inicio\/author\/administrador\/#author"},"publisher":{"@id":"https:\/\/newsinfoco.com.br\/inicio\/#organization"},"image":{"@type":"ImageObject","url":"https:\/\/newsinfoco.com.br\/inicio\/wp-content\/uploads\/2019\/07\/geddel.jpg","width":600,"height":420},"datePublished":"2022-01-03T17:27:14-03:00","dateModified":"2022-01-03T17:27:14-03:00","inLanguage":"pt-BR","mainEntityOfPage":{"@id":"https:\/\/newsinfoco.com.br\/inicio\/geddel-vira-interlocutor-frequente-de-wagner-e-acm-neto-candidatos-ao-governo-baiano\/#webpage"},"isPartOf":{"@id":"https:\/\/newsinfoco.com.br\/inicio\/geddel-vira-interlocutor-frequente-de-wagner-e-acm-neto-candidatos-ao-governo-baiano\/#webpage"},"articleSection":"Bahia"},{"@type":"BreadcrumbList","@id":"https:\/\/newsinfoco.com.br\/inicio\/geddel-vira-interlocutor-frequente-de-wagner-e-acm-neto-candidatos-ao-governo-baiano\/#breadcrumblist","itemListElement":[{"@type":"ListItem","@id":"https:\/\/newsinfoco.com.br\/inicio#listItem","position":1,"name":"In\u00edcio","item":"https:\/\/newsinfoco.com.br\/inicio","nextItem":{"@type":"ListItem","@id":"https:\/\/newsinfoco.com.br\/inicio\/category\/bahia\/#listItem","name":"Bahia"}},{"@type":"ListItem","@id":"https:\/\/newsinfoco.com.br\/inicio\/category\/bahia\/#listItem","position":2,"name":"Bahia","item":"https:\/\/newsinfoco.com.br\/inicio\/category\/bahia\/","nextItem":{"@type":"ListItem","@id":"https:\/\/newsinfoco.com.br\/inicio\/geddel-vira-interlocutor-frequente-de-wagner-e-acm-neto-candidatos-ao-governo-baiano\/#listItem","name":"Geddel vira interlocutor frequente de Wagner e ACM Neto, candidatos ao governo baiano"},"previousItem":{"@type":"ListItem","@id":"https:\/\/newsinfoco.com.br\/inicio#listItem","name":"In\u00edcio"}},{"@type":"ListItem","@id":"https:\/\/newsinfoco.com.br\/inicio\/geddel-vira-interlocutor-frequente-de-wagner-e-acm-neto-candidatos-ao-governo-baiano\/#listItem","position":3,"name":"Geddel vira interlocutor frequente de Wagner e ACM Neto, candidatos ao governo baiano","previousItem":{"@type":"ListItem","@id":"https:\/\/newsinfoco.com.br\/inicio\/category\/bahia\/#listItem","name":"Bahia"}}]},{"@type":"Organization","@id":"https:\/\/newsinfoco.com.br\/inicio\/#organization","name":"News In Foco - Editado por Caio Pimenta","description":"O principal site de noticias de Alagoinhas e regi\u00e3o","url":"https:\/\/newsinfoco.com.br\/inicio\/"},{"@type":"Person","@id":"https:\/\/newsinfoco.com.br\/inicio\/author\/administrador\/#author","url":"https:\/\/newsinfoco.com.br\/inicio\/author\/administrador\/","name":"administrador","image":{"@type":"ImageObject","@id":"https:\/\/newsinfoco.com.br\/inicio\/geddel-vira-interlocutor-frequente-de-wagner-e-acm-neto-candidatos-ao-governo-baiano\/#authorImage","url":"https:\/\/secure.gravatar.com\/avatar\/c17a617433de8c1dc9584bb79aab7563b46f5bb7e1728c9b17d9cc3ce6a08e49?s=96&d=mm&r=g","width":96,"height":96,"caption":"administrador"}},{"@type":"WebPage","@id":"https:\/\/newsinfoco.com.br\/inicio\/geddel-vira-interlocutor-frequente-de-wagner-e-acm-neto-candidatos-ao-governo-baiano\/#webpage","url":"https:\/\/newsinfoco.com.br\/inicio\/geddel-vira-interlocutor-frequente-de-wagner-e-acm-neto-candidatos-ao-governo-baiano\/","name":"Geddel vira interlocutor frequente de Wagner e ACM Neto, candidatos ao governo baiano - News In Foco - Editado por Caio Pimenta","description":"Quando disse, numa entrevista exclusiva ao site Politica Livre, na semana passada, que o irm\u00e3o Geddel passara a ser procurado por candidatos a fim de discutir a sucess\u00e3o de 2022, o ex-deputado federal L\u00facio Vieira Lima n\u00e3o estava mentindo. De fato, Geddel vem conversando com frequ\u00eancia com pol\u00edticos e empres\u00e1rios, que passaram a visit\u00e1-lo ou a","inLanguage":"pt-BR","isPartOf":{"@id":"https:\/\/newsinfoco.com.br\/inicio\/#website"},"breadcrumb":{"@id":"https:\/\/newsinfoco.com.br\/inicio\/geddel-vira-interlocutor-frequente-de-wagner-e-acm-neto-candidatos-ao-governo-baiano\/#breadcrumblist"},"author":{"@id":"https:\/\/newsinfoco.com.br\/inicio\/author\/administrador\/#author"},"creator":{"@id":"https:\/\/newsinfoco.com.br\/inicio\/author\/administrador\/#author"},"image":{"@type":"ImageObject","url":"https:\/\/newsinfoco.com.br\/inicio\/wp-content\/uploads\/2019\/07\/geddel.jpg","@id":"https:\/\/newsinfoco.com.br\/inicio\/geddel-vira-interlocutor-frequente-de-wagner-e-acm-neto-candidatos-ao-governo-baiano\/#mainImage","width":600,"height":420},"primaryImageOfPage":{"@id":"https:\/\/newsinfoco.com.br\/inicio\/geddel-vira-interlocutor-frequente-de-wagner-e-acm-neto-candidatos-ao-governo-baiano\/#mainImage"},"datePublished":"2022-01-03T17:27:14-03:00","dateModified":"2022-01-03T17:27:14-03:00"},{"@type":"WebSite","@id":"https:\/\/newsinfoco.com.br\/inicio\/#website","url":"https:\/\/newsinfoco.com.br\/inicio\/","name":"News In Foco - Editado por Caio Pimenta","description":"O principal site de noticias de Alagoinhas e regi\u00e3o","inLanguage":"pt-BR","publisher":{"@id":"https:\/\/newsinfoco.com.br\/inicio\/#organization"}}]},"og:locale":"pt_BR","og:site_name":"News In Foco - Editado por Caio Pimenta - O principal site de noticias de Alagoinhas e regi\u00e3o","og:type":"article","og:title":"Geddel vira interlocutor frequente de Wagner e ACM Neto, candidatos ao governo baiano - News In Foco - Editado por Caio Pimenta","og:description":"Quando disse, numa entrevista exclusiva ao site Politica Livre, na semana passada, que o irm\u00e3o Geddel passara a ser procurado por candidatos a fim de discutir a sucess\u00e3o de 2022, o ex-deputado federal L\u00facio Vieira Lima n\u00e3o estava mentindo. De fato, Geddel vem conversando com frequ\u00eancia com pol\u00edticos e empres\u00e1rios, que passaram a visit\u00e1-lo ou a","og:url":"https:\/\/newsinfoco.com.br\/inicio\/geddel-vira-interlocutor-frequente-de-wagner-e-acm-neto-candidatos-ao-governo-baiano\/","article:published_time":"2022-01-03T20:27:14+00:00","article:modified_time":"2022-01-03T20:27:14+00:00","twitter:card":"summary_large_image","twitter:title":"Geddel vira interlocutor frequente de Wagner e ACM Neto, candidatos ao governo baiano - News In Foco - Editado por Caio Pimenta","twitter:description":"Quando disse, numa entrevista exclusiva ao site Politica Livre, na semana passada, que o irm\u00e3o Geddel passara a ser procurado por candidatos a fim de discutir a sucess\u00e3o de 2022, o ex-deputado federal L\u00facio Vieira Lima n\u00e3o estava mentindo. De fato, Geddel vem conversando com frequ\u00eancia com pol\u00edticos e empres\u00e1rios, que passaram a visit\u00e1-lo ou a"},"aioseo_meta_data":{"post_id":"28226","title":null,"description":null,"keywords":null,"keyphrases":null,"primary_term":null,"canonical_url":null,"og_title":null,"og_description":null,"og_object_type":"default","og_image_type":"default","og_image_url":null,"og_image_width":null,"og_image_height":null,"og_image_custom_url":null,"og_image_custom_fields":null,"og_video":null,"og_custom_url":null,"og_article_section":null,"og_article_tags":null,"twitter_use_og":false,"twitter_card":"default","twitter_image_type":"default","twitter_image_url":null,"twitter_image_custom_url":null,"twitter_image_custom_fields":null,"twitter_title":null,"twitter_description":null,"schema":{"blockGraphs":[],"customGraphs":[],"default":{"data":{"Article":[],"Course":[],"Dataset":[],"FAQPage":[],"Movie":[],"Person":[],"Product":[],"ProductReview":[],"Car":[],"Recipe":[],"Service":[],"SoftwareApplication":[],"WebPage":[]},"graphName":"","isEnabled":true},"graphs":[]},"schema_type":"default","schema_type_options":null,"pillar_content":false,"robots_default":true,"robots_noindex":false,"robots_noarchive":false,"robots_nosnippet":false,"robots_nofollow":false,"robots_noimageindex":false,"robots_noodp":false,"robots_notranslate":false,"robots_max_snippet":null,"robots_max_videopreview":null,"robots_max_imagepreview":"large","priority":null,"frequency":null,"local_seo":null,"breadcrumb_settings":null,"limit_modified_date":false,"ai":null,"created":"2023-06-12 20:23:44","updated":"2025-07-11 06:37:02","seo_analyzer_scan_date":null},"aioseo_breadcrumb":"<div class=\"aioseo-breadcrumbs\"><span class=\"aioseo-breadcrumb\">\n\t\t\t<a href=\"https:\/\/newsinfoco.com.br\/inicio\" title=\"In\u00edcio\">In\u00edcio<\/a>\n\t\t<\/span><span class=\"aioseo-breadcrumb-separator\">&raquo;<\/span><span class=\"aioseo-breadcrumb\">\n\t\t\t<a href=\"https:\/\/newsinfoco.com.br\/inicio\/category\/bahia\/\" title=\"Bahia\">Bahia<\/a>\n\t\t<\/span><span class=\"aioseo-breadcrumb-separator\">&raquo;<\/span><span class=\"aioseo-breadcrumb\">\n\t\t\tGeddel vira interlocutor frequente de Wagner e ACM Neto, candidatos ao governo baiano\n\t\t<\/span><\/div>","aioseo_breadcrumb_json":[{"label":"In\u00edcio","link":"https:\/\/newsinfoco.com.br\/inicio"},{"label":"Bahia","link":"https:\/\/newsinfoco.com.br\/inicio\/category\/bahia\/"},{"label":"Geddel vira interlocutor frequente de Wagner e ACM Neto, candidatos ao governo baiano","link":"https:\/\/newsinfoco.com.br\/inicio\/geddel-vira-interlocutor-frequente-de-wagner-e-acm-neto-candidatos-ao-governo-baiano\/"}],"_links":{"self":[{"href":"https:\/\/newsinfoco.com.br\/inicio\/wp-json\/wp\/v2\/posts\/28226","targetHints":{"allow":["GET"]}}],"collection":[{"href":"https:\/\/newsinfoco.com.br\/inicio\/wp-json\/wp\/v2\/posts"}],"about":[{"href":"https:\/\/newsinfoco.com.br\/inicio\/wp-json\/wp\/v2\/types\/post"}],"author":[{"embeddable":true,"href":"https:\/\/newsinfoco.com.br\/inicio\/wp-json\/wp\/v2\/users\/1"}],"replies":[{"embeddable":true,"href":"https:\/\/newsinfoco.com.br\/inicio\/wp-json\/wp\/v2\/comments?post=28226"}],"version-history":[{"count":2,"href":"https:\/\/newsinfoco.com.br\/inicio\/wp-json\/wp\/v2\/posts\/28226\/revisions"}],"predecessor-version":[{"id":28228,"href":"https:\/\/newsinfoco.com.br\/inicio\/wp-json\/wp\/v2\/posts\/28226\/revisions\/28228"}],"wp:featuredmedia":[{"embeddable":true,"href":"https:\/\/newsinfoco.com.br\/inicio\/wp-json\/wp\/v2\/media\/15596"}],"wp:attachment":[{"href":"https:\/\/newsinfoco.com.br\/inicio\/wp-json\/wp\/v2\/media?parent=28226"}],"wp:term":[{"taxonomy":"category","embeddable":true,"href":"https:\/\/newsinfoco.com.br\/inicio\/wp-json\/wp\/v2\/categories?post=28226"},{"taxonomy":"post_tag","embeddable":true,"href":"https:\/\/newsinfoco.com.br\/inicio\/wp-json\/wp\/v2\/tags?post=28226"}],"curies":[{"name":"wp","href":"https:\/\/api.w.org\/{rel}","templated":true}]}}