{"id":28260,"date":"2022-01-04T20:18:13","date_gmt":"2022-01-04T23:18:13","guid":{"rendered":"https:\/\/newsinfoco.com.br\/inicio\/?p=28260"},"modified":"2022-01-04T20:18:13","modified_gmt":"2022-01-04T23:18:13","slug":"aliados-acreditam-que-enchente-na-bahia-pode-alavancar-candidatura-de-roma-diz-coluna","status":"publish","type":"post","link":"https:\/\/newsinfoco.com.br\/inicio\/aliados-acreditam-que-enchente-na-bahia-pode-alavancar-candidatura-de-roma-diz-coluna\/","title":{"rendered":"Aliados acreditam que enchente na Bahia pode alavancar candidatura de Roma, diz coluna"},"content":{"rendered":"<p>Aliados do ministro da Cidadania, Jo\u00e3o Roma (Republicanos), acreditam que as enchentes enfrentadas pela popula\u00e7\u00e3o baiana podem surtir efeito pol\u00edtico positivo em sua candidatura ao governo do estado. \u00c9 o que diz Lauro Jardim, em sua coluna no jornal O Globo.<ins class=\"adsbygoogle\" data-ad-format=\"fluid\" data-ad-layout-key=\"-87+et-w-1e+64\" data-ad-client=\"ca-pub-2345950003494206\" data-ad-slot=\"3650143156\" data-adsbygoogle-status=\"done\" data-ad-status=\"filled\"><ins id=\"aswift_0_expand\" tabindex=\"0\" title=\"Advertisement\" aria-label=\"Advertisement\"><ins id=\"aswift_0_anchor\"><\/ins><\/ins><\/ins><\/p>\n<p>Segundo o colunista, a avalia\u00e7\u00e3o \u00e9 de que o impacto pode ser parecido com o que teve a facada no ent\u00e3o candidato a presidente da Rep\u00fablica, Jair Bolsonaro, em setembro de 2018, e ajude a propagar o nome do ministro da Cidadania, que tem atuado na linha de frente das a\u00e7\u00f5es do governo federal diante do desastre causado pelas fortes chuvas no estado.<\/p>\n<p>Roma \u00e9 pr\u00e9-candidato ao governo da Bahia, mas tem aparecido com n\u00fameros abaixo do esperado para emplacar seu nome de fato na disputa, nas primeiras pesquisas de inten\u00e7\u00e3o de voto. Na sua frente, com n\u00fameros bem superiores, est\u00e3o ACM Neto (UB) e Jaques Wagner (PT).<\/p>\n<div class='share-to-whatsapp-wrapper'><div class='share-on-whsp'>Share on: <\/div><a data-text='Aliados acreditam que enchente na Bahia pode alavancar candidatura de Roma, diz coluna' data-link='https:\/\/newsinfoco.com.br\/inicio\/aliados-acreditam-que-enchente-na-bahia-pode-alavancar-candidatura-de-roma-diz-coluna\/' class='whatsapp-button whatsapp-share'>WhatsApp<\/a><div class='clear '><\/div><\/div>","protected":false},"excerpt":{"rendered":"<p>Aliados do ministro da Cidadania, Jo\u00e3o Roma (Republicanos), acreditam que as enchentes enfrentadas pela popula\u00e7\u00e3o baiana podem surtir efeito pol\u00edtico positivo em sua candidatura ao governo do estado. \u00c9 o que diz Lauro Jardim, em sua coluna no jornal O Globo. Segundo o colunista, a avalia\u00e7\u00e3o \u00e9 de que o impacto pode ser parecido com [&hellip;]<\/p>\n","protected":false},"author":1,"featured_media":27903,"comment_status":"closed","ping_status":"closed","sticky":false,"template":"","format":"standard","meta":{"om_disable_all_campaigns":false,"rop_custom_images_group":[],"rop_custom_messages_group":[],"rop_publish_now":"initial","rop_publish_now_accounts":[],"rop_publish_now_history":[],"rop_publish_now_status":"pending","_exactmetrics_skip_tracking":false,"footnotes":""},"categories":[19],"tags":[],"class_list":["post-28260","post","type-post","status-publish","format-standard","has-post-thumbnail","hentry","category-bahia"],"aioseo_notices":[],"aioseo_head":"\n\t\t<!-- All in One SEO 4.9.10 - aioseo.com -->\n\t<meta name=\"description\" content=\"Aliados do ministro da Cidadania, Jo\u00e3o Roma (Republicanos), acreditam que as enchentes enfrentadas pela popula\u00e7\u00e3o baiana podem surtir efeito pol\u00edtico positivo em sua candidatura ao governo do estado. \u00c9 o que diz Lauro Jardim, em sua coluna no jornal O Globo. Segundo o colunista, a avalia\u00e7\u00e3o \u00e9 de que o impacto pode ser parecido com\" \/>\n\t<meta name=\"robots\" content=\"max-image-preview:large\" \/>\n\t<meta name=\"author\" content=\"administrador\"\/>\n\t<link rel=\"canonical\" href=\"https:\/\/newsinfoco.com.br\/inicio\/aliados-acreditam-que-enchente-na-bahia-pode-alavancar-candidatura-de-roma-diz-coluna\/\" \/>\n\t<meta name=\"generator\" content=\"All in One SEO (AIOSEO) 4.9.10\" \/>\n\t\t<meta property=\"og:locale\" content=\"pt_BR\" \/>\n\t\t<meta property=\"og:site_name\" content=\"News In Foco - Editado por Caio Pimenta - O principal site de noticias de Alagoinhas e regi\u00e3o\" \/>\n\t\t<meta property=\"og:type\" content=\"article\" \/>\n\t\t<meta property=\"og:title\" content=\"Aliados acreditam que enchente na Bahia pode alavancar candidatura de Roma, diz coluna - News In Foco - Editado por Caio Pimenta\" \/>\n\t\t<meta property=\"og:description\" content=\"Aliados do ministro da Cidadania, Jo\u00e3o Roma (Republicanos), acreditam que as enchentes enfrentadas pela popula\u00e7\u00e3o baiana podem surtir efeito pol\u00edtico positivo em sua candidatura ao governo do estado. \u00c9 o que diz Lauro Jardim, em sua coluna no jornal O Globo. Segundo o colunista, a avalia\u00e7\u00e3o \u00e9 de que o impacto pode ser parecido com\" \/>\n\t\t<meta property=\"og:url\" content=\"https:\/\/newsinfoco.com.br\/inicio\/aliados-acreditam-que-enchente-na-bahia-pode-alavancar-candidatura-de-roma-diz-coluna\/\" \/>\n\t\t<meta property=\"article:published_time\" content=\"2022-01-04T23:18:13+00:00\" \/>\n\t\t<meta property=\"article:modified_time\" content=\"2022-01-04T23:18:13+00:00\" \/>\n\t\t<meta name=\"twitter:card\" content=\"summary_large_image\" \/>\n\t\t<meta name=\"twitter:title\" content=\"Aliados acreditam que enchente na Bahia pode alavancar candidatura de Roma, diz coluna - News In Foco - Editado por Caio Pimenta\" \/>\n\t\t<meta name=\"twitter:description\" content=\"Aliados do ministro da Cidadania, Jo\u00e3o Roma (Republicanos), acreditam que as enchentes enfrentadas pela popula\u00e7\u00e3o baiana podem surtir efeito pol\u00edtico positivo em sua candidatura ao governo do estado. \u00c9 o que diz Lauro Jardim, em sua coluna no jornal O Globo. Segundo o colunista, a avalia\u00e7\u00e3o \u00e9 de que o impacto pode ser parecido com\" \/>\n\t\t<script type=\"application\/ld+json\" class=\"aioseo-schema\">\n\t\t\t{\"@context\":\"https:\\\/\\\/schema.org\",\"@graph\":[{\"@type\":\"BlogPosting\",\"@id\":\"https:\\\/\\\/newsinfoco.com.br\\\/inicio\\\/aliados-acreditam-que-enchente-na-bahia-pode-alavancar-candidatura-de-roma-diz-coluna\\\/#blogposting\",\"name\":\"Aliados acreditam que enchente na Bahia pode alavancar candidatura de Roma, diz coluna - News In Foco - Editado por Caio Pimenta\",\"headline\":\"Aliados acreditam que enchente na Bahia pode alavancar candidatura de Roma, diz coluna\",\"author\":{\"@id\":\"https:\\\/\\\/newsinfoco.com.br\\\/inicio\\\/author\\\/administrador\\\/#author\"},\"publisher\":{\"@id\":\"https:\\\/\\\/newsinfoco.com.br\\\/inicio\\\/#organization\"},\"image\":{\"@type\":\"ImageObject\",\"url\":\"https:\\\/\\\/newsinfoco.com.br\\\/inicio\\\/wp-content\\\/uploads\\\/2021\\\/12\\\/jorao-roma.jpg\",\"width\":1237,\"height\":651},\"datePublished\":\"2022-01-04T20:18:13-03:00\",\"dateModified\":\"2022-01-04T20:18:13-03:00\",\"inLanguage\":\"pt-BR\",\"mainEntityOfPage\":{\"@id\":\"https:\\\/\\\/newsinfoco.com.br\\\/inicio\\\/aliados-acreditam-que-enchente-na-bahia-pode-alavancar-candidatura-de-roma-diz-coluna\\\/#webpage\"},\"isPartOf\":{\"@id\":\"https:\\\/\\\/newsinfoco.com.br\\\/inicio\\\/aliados-acreditam-que-enchente-na-bahia-pode-alavancar-candidatura-de-roma-diz-coluna\\\/#webpage\"},\"articleSection\":\"Bahia\"},{\"@type\":\"BreadcrumbList\",\"@id\":\"https:\\\/\\\/newsinfoco.com.br\\\/inicio\\\/aliados-acreditam-que-enchente-na-bahia-pode-alavancar-candidatura-de-roma-diz-coluna\\\/#breadcrumblist\",\"itemListElement\":[{\"@type\":\"ListItem\",\"@id\":\"https:\\\/\\\/newsinfoco.com.br\\\/inicio#listItem\",\"position\":1,\"name\":\"In\\u00edcio\",\"item\":\"https:\\\/\\\/newsinfoco.com.br\\\/inicio\",\"nextItem\":{\"@type\":\"ListItem\",\"@id\":\"https:\\\/\\\/newsinfoco.com.br\\\/inicio\\\/category\\\/bahia\\\/#listItem\",\"name\":\"Bahia\"}},{\"@type\":\"ListItem\",\"@id\":\"https:\\\/\\\/newsinfoco.com.br\\\/inicio\\\/category\\\/bahia\\\/#listItem\",\"position\":2,\"name\":\"Bahia\",\"item\":\"https:\\\/\\\/newsinfoco.com.br\\\/inicio\\\/category\\\/bahia\\\/\",\"nextItem\":{\"@type\":\"ListItem\",\"@id\":\"https:\\\/\\\/newsinfoco.com.br\\\/inicio\\\/aliados-acreditam-que-enchente-na-bahia-pode-alavancar-candidatura-de-roma-diz-coluna\\\/#listItem\",\"name\":\"Aliados acreditam que enchente na Bahia pode alavancar candidatura de Roma, diz coluna\"},\"previousItem\":{\"@type\":\"ListItem\",\"@id\":\"https:\\\/\\\/newsinfoco.com.br\\\/inicio#listItem\",\"name\":\"In\\u00edcio\"}},{\"@type\":\"ListItem\",\"@id\":\"https:\\\/\\\/newsinfoco.com.br\\\/inicio\\\/aliados-acreditam-que-enchente-na-bahia-pode-alavancar-candidatura-de-roma-diz-coluna\\\/#listItem\",\"position\":3,\"name\":\"Aliados acreditam que enchente na Bahia pode alavancar candidatura de Roma, diz coluna\",\"previousItem\":{\"@type\":\"ListItem\",\"@id\":\"https:\\\/\\\/newsinfoco.com.br\\\/inicio\\\/category\\\/bahia\\\/#listItem\",\"name\":\"Bahia\"}}]},{\"@type\":\"Organization\",\"@id\":\"https:\\\/\\\/newsinfoco.com.br\\\/inicio\\\/#organization\",\"name\":\"News In Foco - Editado por Caio Pimenta\",\"description\":\"O principal site de noticias de Alagoinhas e regi\\u00e3o\",\"url\":\"https:\\\/\\\/newsinfoco.com.br\\\/inicio\\\/\"},{\"@type\":\"Person\",\"@id\":\"https:\\\/\\\/newsinfoco.com.br\\\/inicio\\\/author\\\/administrador\\\/#author\",\"url\":\"https:\\\/\\\/newsinfoco.com.br\\\/inicio\\\/author\\\/administrador\\\/\",\"name\":\"administrador\",\"image\":{\"@type\":\"ImageObject\",\"@id\":\"https:\\\/\\\/newsinfoco.com.br\\\/inicio\\\/aliados-acreditam-que-enchente-na-bahia-pode-alavancar-candidatura-de-roma-diz-coluna\\\/#authorImage\",\"url\":\"https:\\\/\\\/secure.gravatar.com\\\/avatar\\\/c17a617433de8c1dc9584bb79aab7563b46f5bb7e1728c9b17d9cc3ce6a08e49?s=96&d=mm&r=g\",\"width\":96,\"height\":96,\"caption\":\"administrador\"}},{\"@type\":\"WebPage\",\"@id\":\"https:\\\/\\\/newsinfoco.com.br\\\/inicio\\\/aliados-acreditam-que-enchente-na-bahia-pode-alavancar-candidatura-de-roma-diz-coluna\\\/#webpage\",\"url\":\"https:\\\/\\\/newsinfoco.com.br\\\/inicio\\\/aliados-acreditam-que-enchente-na-bahia-pode-alavancar-candidatura-de-roma-diz-coluna\\\/\",\"name\":\"Aliados acreditam que enchente na Bahia pode alavancar candidatura de Roma, diz coluna - News In Foco - Editado por Caio Pimenta\",\"description\":\"Aliados do ministro da Cidadania, Jo\\u00e3o Roma (Republicanos), acreditam que as enchentes enfrentadas pela popula\\u00e7\\u00e3o baiana podem surtir efeito pol\\u00edtico positivo em sua candidatura ao governo do estado. \\u00c9 o que diz Lauro Jardim, em sua coluna no jornal O Globo. Segundo o colunista, a avalia\\u00e7\\u00e3o \\u00e9 de que o impacto pode ser parecido com\",\"inLanguage\":\"pt-BR\",\"isPartOf\":{\"@id\":\"https:\\\/\\\/newsinfoco.com.br\\\/inicio\\\/#website\"},\"breadcrumb\":{\"@id\":\"https:\\\/\\\/newsinfoco.com.br\\\/inicio\\\/aliados-acreditam-que-enchente-na-bahia-pode-alavancar-candidatura-de-roma-diz-coluna\\\/#breadcrumblist\"},\"author\":{\"@id\":\"https:\\\/\\\/newsinfoco.com.br\\\/inicio\\\/author\\\/administrador\\\/#author\"},\"creator\":{\"@id\":\"https:\\\/\\\/newsinfoco.com.br\\\/inicio\\\/author\\\/administrador\\\/#author\"},\"image\":{\"@type\":\"ImageObject\",\"url\":\"https:\\\/\\\/newsinfoco.com.br\\\/inicio\\\/wp-content\\\/uploads\\\/2021\\\/12\\\/jorao-roma.jpg\",\"@id\":\"https:\\\/\\\/newsinfoco.com.br\\\/inicio\\\/aliados-acreditam-que-enchente-na-bahia-pode-alavancar-candidatura-de-roma-diz-coluna\\\/#mainImage\",\"width\":1237,\"height\":651},\"primaryImageOfPage\":{\"@id\":\"https:\\\/\\\/newsinfoco.com.br\\\/inicio\\\/aliados-acreditam-que-enchente-na-bahia-pode-alavancar-candidatura-de-roma-diz-coluna\\\/#mainImage\"},\"datePublished\":\"2022-01-04T20:18:13-03:00\",\"dateModified\":\"2022-01-04T20:18:13-03:00\"},{\"@type\":\"WebSite\",\"@id\":\"https:\\\/\\\/newsinfoco.com.br\\\/inicio\\\/#website\",\"url\":\"https:\\\/\\\/newsinfoco.com.br\\\/inicio\\\/\",\"name\":\"News In Foco - Editado por Caio Pimenta\",\"description\":\"O principal site de noticias de Alagoinhas e regi\\u00e3o\",\"inLanguage\":\"pt-BR\",\"publisher\":{\"@id\":\"https:\\\/\\\/newsinfoco.com.br\\\/inicio\\\/#organization\"}}]}\n\t\t<\/script>\n\t\t<!-- All in One SEO -->\n\n","aioseo_head_json":{"title":"Aliados acreditam que enchente na Bahia pode alavancar candidatura de Roma, diz coluna - News In Foco - Editado por Caio Pimenta","description":"Aliados do ministro da Cidadania, Jo\u00e3o Roma (Republicanos), acreditam que as enchentes enfrentadas pela popula\u00e7\u00e3o baiana podem surtir efeito pol\u00edtico positivo em sua candidatura ao governo do estado. \u00c9 o que diz Lauro Jardim, em sua coluna no jornal O Globo. Segundo o colunista, a avalia\u00e7\u00e3o \u00e9 de que o impacto pode ser parecido com","canonical_url":"https:\/\/newsinfoco.com.br\/inicio\/aliados-acreditam-que-enchente-na-bahia-pode-alavancar-candidatura-de-roma-diz-coluna\/","robots":"max-image-preview:large","keywords":"","webmasterTools":{"miscellaneous":""},"schema":{"@context":"https:\/\/schema.org","@graph":[{"@type":"BlogPosting","@id":"https:\/\/newsinfoco.com.br\/inicio\/aliados-acreditam-que-enchente-na-bahia-pode-alavancar-candidatura-de-roma-diz-coluna\/#blogposting","name":"Aliados acreditam que enchente na Bahia pode alavancar candidatura de Roma, diz coluna - News In Foco - Editado por Caio Pimenta","headline":"Aliados acreditam que enchente na Bahia pode alavancar candidatura de Roma, diz coluna","author":{"@id":"https:\/\/newsinfoco.com.br\/inicio\/author\/administrador\/#author"},"publisher":{"@id":"https:\/\/newsinfoco.com.br\/inicio\/#organization"},"image":{"@type":"ImageObject","url":"https:\/\/newsinfoco.com.br\/inicio\/wp-content\/uploads\/2021\/12\/jorao-roma.jpg","width":1237,"height":651},"datePublished":"2022-01-04T20:18:13-03:00","dateModified":"2022-01-04T20:18:13-03:00","inLanguage":"pt-BR","mainEntityOfPage":{"@id":"https:\/\/newsinfoco.com.br\/inicio\/aliados-acreditam-que-enchente-na-bahia-pode-alavancar-candidatura-de-roma-diz-coluna\/#webpage"},"isPartOf":{"@id":"https:\/\/newsinfoco.com.br\/inicio\/aliados-acreditam-que-enchente-na-bahia-pode-alavancar-candidatura-de-roma-diz-coluna\/#webpage"},"articleSection":"Bahia"},{"@type":"BreadcrumbList","@id":"https:\/\/newsinfoco.com.br\/inicio\/aliados-acreditam-que-enchente-na-bahia-pode-alavancar-candidatura-de-roma-diz-coluna\/#breadcrumblist","itemListElement":[{"@type":"ListItem","@id":"https:\/\/newsinfoco.com.br\/inicio#listItem","position":1,"name":"In\u00edcio","item":"https:\/\/newsinfoco.com.br\/inicio","nextItem":{"@type":"ListItem","@id":"https:\/\/newsinfoco.com.br\/inicio\/category\/bahia\/#listItem","name":"Bahia"}},{"@type":"ListItem","@id":"https:\/\/newsinfoco.com.br\/inicio\/category\/bahia\/#listItem","position":2,"name":"Bahia","item":"https:\/\/newsinfoco.com.br\/inicio\/category\/bahia\/","nextItem":{"@type":"ListItem","@id":"https:\/\/newsinfoco.com.br\/inicio\/aliados-acreditam-que-enchente-na-bahia-pode-alavancar-candidatura-de-roma-diz-coluna\/#listItem","name":"Aliados acreditam que enchente na Bahia pode alavancar candidatura de Roma, diz coluna"},"previousItem":{"@type":"ListItem","@id":"https:\/\/newsinfoco.com.br\/inicio#listItem","name":"In\u00edcio"}},{"@type":"ListItem","@id":"https:\/\/newsinfoco.com.br\/inicio\/aliados-acreditam-que-enchente-na-bahia-pode-alavancar-candidatura-de-roma-diz-coluna\/#listItem","position":3,"name":"Aliados acreditam que enchente na Bahia pode alavancar candidatura de Roma, diz coluna","previousItem":{"@type":"ListItem","@id":"https:\/\/newsinfoco.com.br\/inicio\/category\/bahia\/#listItem","name":"Bahia"}}]},{"@type":"Organization","@id":"https:\/\/newsinfoco.com.br\/inicio\/#organization","name":"News In Foco - Editado por Caio Pimenta","description":"O principal site de noticias de Alagoinhas e regi\u00e3o","url":"https:\/\/newsinfoco.com.br\/inicio\/"},{"@type":"Person","@id":"https:\/\/newsinfoco.com.br\/inicio\/author\/administrador\/#author","url":"https:\/\/newsinfoco.com.br\/inicio\/author\/administrador\/","name":"administrador","image":{"@type":"ImageObject","@id":"https:\/\/newsinfoco.com.br\/inicio\/aliados-acreditam-que-enchente-na-bahia-pode-alavancar-candidatura-de-roma-diz-coluna\/#authorImage","url":"https:\/\/secure.gravatar.com\/avatar\/c17a617433de8c1dc9584bb79aab7563b46f5bb7e1728c9b17d9cc3ce6a08e49?s=96&d=mm&r=g","width":96,"height":96,"caption":"administrador"}},{"@type":"WebPage","@id":"https:\/\/newsinfoco.com.br\/inicio\/aliados-acreditam-que-enchente-na-bahia-pode-alavancar-candidatura-de-roma-diz-coluna\/#webpage","url":"https:\/\/newsinfoco.com.br\/inicio\/aliados-acreditam-que-enchente-na-bahia-pode-alavancar-candidatura-de-roma-diz-coluna\/","name":"Aliados acreditam que enchente na Bahia pode alavancar candidatura de Roma, diz coluna - News In Foco - Editado por Caio Pimenta","description":"Aliados do ministro da Cidadania, Jo\u00e3o Roma (Republicanos), acreditam que as enchentes enfrentadas pela popula\u00e7\u00e3o baiana podem surtir efeito pol\u00edtico positivo em sua candidatura ao governo do estado. \u00c9 o que diz Lauro Jardim, em sua coluna no jornal O Globo. Segundo o colunista, a avalia\u00e7\u00e3o \u00e9 de que o impacto pode ser parecido com","inLanguage":"pt-BR","isPartOf":{"@id":"https:\/\/newsinfoco.com.br\/inicio\/#website"},"breadcrumb":{"@id":"https:\/\/newsinfoco.com.br\/inicio\/aliados-acreditam-que-enchente-na-bahia-pode-alavancar-candidatura-de-roma-diz-coluna\/#breadcrumblist"},"author":{"@id":"https:\/\/newsinfoco.com.br\/inicio\/author\/administrador\/#author"},"creator":{"@id":"https:\/\/newsinfoco.com.br\/inicio\/author\/administrador\/#author"},"image":{"@type":"ImageObject","url":"https:\/\/newsinfoco.com.br\/inicio\/wp-content\/uploads\/2021\/12\/jorao-roma.jpg","@id":"https:\/\/newsinfoco.com.br\/inicio\/aliados-acreditam-que-enchente-na-bahia-pode-alavancar-candidatura-de-roma-diz-coluna\/#mainImage","width":1237,"height":651},"primaryImageOfPage":{"@id":"https:\/\/newsinfoco.com.br\/inicio\/aliados-acreditam-que-enchente-na-bahia-pode-alavancar-candidatura-de-roma-diz-coluna\/#mainImage"},"datePublished":"2022-01-04T20:18:13-03:00","dateModified":"2022-01-04T20:18:13-03:00"},{"@type":"WebSite","@id":"https:\/\/newsinfoco.com.br\/inicio\/#website","url":"https:\/\/newsinfoco.com.br\/inicio\/","name":"News In Foco - Editado por Caio Pimenta","description":"O principal site de noticias de Alagoinhas e regi\u00e3o","inLanguage":"pt-BR","publisher":{"@id":"https:\/\/newsinfoco.com.br\/inicio\/#organization"}}]},"og:locale":"pt_BR","og:site_name":"News In Foco - Editado por Caio Pimenta - O principal site de noticias de Alagoinhas e regi\u00e3o","og:type":"article","og:title":"Aliados acreditam que enchente na Bahia pode alavancar candidatura de Roma, diz coluna - News In Foco - Editado por Caio Pimenta","og:description":"Aliados do ministro da Cidadania, Jo\u00e3o Roma (Republicanos), acreditam que as enchentes enfrentadas pela popula\u00e7\u00e3o baiana podem surtir efeito pol\u00edtico positivo em sua candidatura ao governo do estado. \u00c9 o que diz Lauro Jardim, em sua coluna no jornal O Globo. Segundo o colunista, a avalia\u00e7\u00e3o \u00e9 de que o impacto pode ser parecido com","og:url":"https:\/\/newsinfoco.com.br\/inicio\/aliados-acreditam-que-enchente-na-bahia-pode-alavancar-candidatura-de-roma-diz-coluna\/","article:published_time":"2022-01-04T23:18:13+00:00","article:modified_time":"2022-01-04T23:18:13+00:00","twitter:card":"summary_large_image","twitter:title":"Aliados acreditam que enchente na Bahia pode alavancar candidatura de Roma, diz coluna - News In Foco - Editado por Caio Pimenta","twitter:description":"Aliados do ministro da Cidadania, Jo\u00e3o Roma (Republicanos), acreditam que as enchentes enfrentadas pela popula\u00e7\u00e3o baiana podem surtir efeito pol\u00edtico positivo em sua candidatura ao governo do estado. \u00c9 o que diz Lauro Jardim, em sua coluna no jornal O Globo. Segundo o colunista, a avalia\u00e7\u00e3o \u00e9 de que o impacto pode ser parecido com"},"aioseo_meta_data":{"post_id":"28260","title":null,"description":null,"keywords":null,"keyphrases":null,"primary_term":null,"canonical_url":null,"og_title":null,"og_description":null,"og_object_type":"default","og_image_type":"default","og_image_url":null,"og_image_width":null,"og_image_height":null,"og_image_custom_url":null,"og_image_custom_fields":null,"og_video":null,"og_custom_url":null,"og_article_section":null,"og_article_tags":null,"twitter_use_og":false,"twitter_card":"default","twitter_image_type":"default","twitter_image_url":null,"twitter_image_custom_url":null,"twitter_image_custom_fields":null,"twitter_title":null,"twitter_description":null,"schema":{"blockGraphs":[],"customGraphs":[],"default":{"data":{"Article":[],"Course":[],"Dataset":[],"FAQPage":[],"Movie":[],"Person":[],"Product":[],"ProductReview":[],"Car":[],"Recipe":[],"Service":[],"SoftwareApplication":[],"WebPage":[]},"graphName":"","isEnabled":true},"graphs":[]},"schema_type":"default","schema_type_options":null,"pillar_content":false,"robots_default":true,"robots_noindex":false,"robots_noarchive":false,"robots_nosnippet":false,"robots_nofollow":false,"robots_noimageindex":false,"robots_noodp":false,"robots_notranslate":false,"robots_max_snippet":null,"robots_max_videopreview":null,"robots_max_imagepreview":"large","priority":null,"frequency":null,"local_seo":null,"breadcrumb_settings":null,"limit_modified_date":false,"ai":null,"created":"2023-06-12 20:25:03","updated":"2025-07-11 06:37:56","seo_analyzer_scan_date":null},"aioseo_breadcrumb":"<div class=\"aioseo-breadcrumbs\"><span class=\"aioseo-breadcrumb\">\n\t\t\t<a href=\"https:\/\/newsinfoco.com.br\/inicio\" title=\"In\u00edcio\">In\u00edcio<\/a>\n\t\t<\/span><span class=\"aioseo-breadcrumb-separator\">&raquo;<\/span><span class=\"aioseo-breadcrumb\">\n\t\t\t<a href=\"https:\/\/newsinfoco.com.br\/inicio\/category\/bahia\/\" title=\"Bahia\">Bahia<\/a>\n\t\t<\/span><span class=\"aioseo-breadcrumb-separator\">&raquo;<\/span><span class=\"aioseo-breadcrumb\">\n\t\t\tAliados acreditam que enchente na Bahia pode alavancar candidatura de Roma, diz coluna\n\t\t<\/span><\/div>","aioseo_breadcrumb_json":[{"label":"In\u00edcio","link":"https:\/\/newsinfoco.com.br\/inicio"},{"label":"Bahia","link":"https:\/\/newsinfoco.com.br\/inicio\/category\/bahia\/"},{"label":"Aliados acreditam que enchente na Bahia pode alavancar candidatura de Roma, diz coluna","link":"https:\/\/newsinfoco.com.br\/inicio\/aliados-acreditam-que-enchente-na-bahia-pode-alavancar-candidatura-de-roma-diz-coluna\/"}],"_links":{"self":[{"href":"https:\/\/newsinfoco.com.br\/inicio\/wp-json\/wp\/v2\/posts\/28260","targetHints":{"allow":["GET"]}}],"collection":[{"href":"https:\/\/newsinfoco.com.br\/inicio\/wp-json\/wp\/v2\/posts"}],"about":[{"href":"https:\/\/newsinfoco.com.br\/inicio\/wp-json\/wp\/v2\/types\/post"}],"author":[{"embeddable":true,"href":"https:\/\/newsinfoco.com.br\/inicio\/wp-json\/wp\/v2\/users\/1"}],"replies":[{"embeddable":true,"href":"https:\/\/newsinfoco.com.br\/inicio\/wp-json\/wp\/v2\/comments?post=28260"}],"version-history":[{"count":1,"href":"https:\/\/newsinfoco.com.br\/inicio\/wp-json\/wp\/v2\/posts\/28260\/revisions"}],"predecessor-version":[{"id":28261,"href":"https:\/\/newsinfoco.com.br\/inicio\/wp-json\/wp\/v2\/posts\/28260\/revisions\/28261"}],"wp:featuredmedia":[{"embeddable":true,"href":"https:\/\/newsinfoco.com.br\/inicio\/wp-json\/wp\/v2\/media\/27903"}],"wp:attachment":[{"href":"https:\/\/newsinfoco.com.br\/inicio\/wp-json\/wp\/v2\/media?parent=28260"}],"wp:term":[{"taxonomy":"category","embeddable":true,"href":"https:\/\/newsinfoco.com.br\/inicio\/wp-json\/wp\/v2\/categories?post=28260"},{"taxonomy":"post_tag","embeddable":true,"href":"https:\/\/newsinfoco.com.br\/inicio\/wp-json\/wp\/v2\/tags?post=28260"}],"curies":[{"name":"wp","href":"https:\/\/api.w.org\/{rel}","templated":true}]}}