{"id":28270,"date":"2022-01-05T17:32:43","date_gmt":"2022-01-05T20:32:43","guid":{"rendered":"https:\/\/newsinfoco.com.br\/inicio\/?p=28270"},"modified":"2022-01-05T17:32:43","modified_gmt":"2022-01-05T20:32:43","slug":"alagoinhas-esta-com-baixo-estoque-de-vacinas-contra-a-gripe","status":"publish","type":"post","link":"https:\/\/newsinfoco.com.br\/inicio\/alagoinhas-esta-com-baixo-estoque-de-vacinas-contra-a-gripe\/","title":{"rendered":"Alagoinhas est\u00e1 com baixo estoque de vacinas contra a gripe"},"content":{"rendered":"<p>Com cerca de 800 doses dispon\u00edveis, Alagoinhas est\u00e1 com o estoque de vacinas contra a gripe chegando ao fim na rede p\u00fablica. Isso porque a campanha de vacina\u00e7\u00e3o foi encerrada em setembro de 2021, atingindo 100% de cobertura ao grupo priorit\u00e1rio.<\/p>\n<p>Os imunizantes estavam dispon\u00edveis desde abril de 2021, quando come\u00e7ou a campanha, sendo ofertados para crian\u00e7as entre 6 meses e 6 anos; gestantes e pu\u00e9rperas; pessoas com 60 anos ou mais; povos ind\u00edgenas e quilombolas; popula\u00e7\u00e3o privada de liberdade; adolescentes sob medidas socioeducativas; pessoas com comorbidades ou defici\u00eancia permanente.<\/p>\n<p>Ap\u00f3s ter alcan\u00e7ado cobertura do p\u00fablico alvo, a Prefeitura de Alagoinhas, atrav\u00e9s da Secretaria Municipal de Sa\u00fade (SESAU), continuou disponibilizando o imunizante nos postos de sa\u00fade para toda a popula\u00e7\u00e3o, j\u00e1 que a vacina contra influenza \u00e9 campanha e n\u00e3o imuniza\u00e7\u00e3o de rotina. O \u00faltimo lote recebido foi em 16 de dezembro de 2021, com 1000 doses.<\/p>\n<p>De acordo com o balan\u00e7o parcial da vacina\u00e7\u00e3o contra o v\u00edrus, foram aplicadas 46.959 doses do imunizante. O levantamento aponta que a a\u00e7\u00e3o atingiu uma cobertura vacinal de mais de 100%, j\u00e1 que a meta era 46.957 doses. At\u00e9 01 de setembro de 2021 tamb\u00e9m foram aplicadas 19.788 doses do imunizantes fora do grupo priorit\u00e1rio.<\/p>\n<p>Ap\u00f3s quase um ano de vacina\u00e7\u00e3o, agora a popula\u00e7\u00e3o vai precisar aguardar o in\u00edcio da Campanha Contra a Gripe de 2022, j\u00e1 que o munic\u00edpio aguarda as determina\u00e7\u00f5es e orienta\u00e7\u00f5es federais e estaduais, assim como o envio de lotes de imunobiol\u00f3gico para operacionaliza\u00e7\u00e3o.<\/p>\n<p>\u201cA popula\u00e7\u00e3o deve aguardar a libera\u00e7\u00e3o de mais vacinas pelo Minist\u00e9rio da Sa\u00fade e enquanto aguarda deve manter as medidas preventivas como o distanciamento, uso de m\u00e1scaras, higieniza\u00e7\u00e3o das m\u00e3os freq\u00fcentemente, ou seja, todos os cuidados que j\u00e1 est\u00e3o sendo tomados\u201d, explica a secret\u00e1ria de Sa\u00fade, La\u00edna Passos.<\/p>\n<div class='share-to-whatsapp-wrapper'><div class='share-on-whsp'>Share on: <\/div><a data-text='Alagoinhas est\u00e1 com baixo estoque de vacinas contra a gripe' data-link='https:\/\/newsinfoco.com.br\/inicio\/alagoinhas-esta-com-baixo-estoque-de-vacinas-contra-a-gripe\/' class='whatsapp-button whatsapp-share'>WhatsApp<\/a><div class='clear '><\/div><\/div>","protected":false},"excerpt":{"rendered":"<p>Com cerca de 800 doses dispon\u00edveis, Alagoinhas est\u00e1 com o estoque de vacinas contra a gripe chegando ao fim na rede p\u00fablica. Isso porque a campanha de vacina\u00e7\u00e3o foi encerrada em setembro de 2021, atingindo 100% de cobertura ao grupo priorit\u00e1rio. Os imunizantes estavam dispon\u00edveis desde abril de 2021, quando come\u00e7ou a campanha, sendo ofertados [&hellip;]<\/p>\n","protected":false},"author":1,"featured_media":28271,"comment_status":"closed","ping_status":"closed","sticky":false,"template":"","format":"standard","meta":{"om_disable_all_campaigns":false,"rop_custom_images_group":[],"rop_custom_messages_group":[],"rop_publish_now":"initial","rop_publish_now_accounts":[],"rop_publish_now_history":[],"rop_publish_now_status":"pending","_exactmetrics_skip_tracking":false,"footnotes":""},"categories":[38,167],"tags":[],"class_list":["post-28270","post","type-post","status-publish","format-standard","has-post-thumbnail","hentry","category-alagoinhas-e-regiao","category-exclusivas"],"aioseo_notices":[],"aioseo_head":"\n\t\t<!-- All in One SEO 4.9.10 - aioseo.com -->\n\t<meta name=\"description\" content=\"Com cerca de 800 doses dispon\u00edveis, Alagoinhas est\u00e1 com o estoque de vacinas contra a gripe chegando ao fim na rede p\u00fablica. Isso porque a campanha de vacina\u00e7\u00e3o foi encerrada em setembro de 2021, atingindo 100% de cobertura ao grupo priorit\u00e1rio. Os imunizantes estavam dispon\u00edveis desde abril de 2021, quando come\u00e7ou a campanha, sendo ofertados\" \/>\n\t<meta name=\"robots\" content=\"max-image-preview:large\" \/>\n\t<meta name=\"author\" content=\"administrador\"\/>\n\t<link rel=\"canonical\" href=\"https:\/\/newsinfoco.com.br\/inicio\/alagoinhas-esta-com-baixo-estoque-de-vacinas-contra-a-gripe\/\" \/>\n\t<meta name=\"generator\" content=\"All in One SEO (AIOSEO) 4.9.10\" \/>\n\t\t<meta property=\"og:locale\" content=\"pt_BR\" \/>\n\t\t<meta property=\"og:site_name\" content=\"News In Foco - Editado por Caio Pimenta - O principal site de noticias de Alagoinhas e regi\u00e3o\" \/>\n\t\t<meta property=\"og:type\" content=\"article\" \/>\n\t\t<meta property=\"og:title\" content=\"Alagoinhas est\u00e1 com baixo estoque de vacinas contra a gripe - News In Foco - Editado por Caio Pimenta\" \/>\n\t\t<meta property=\"og:description\" content=\"Com cerca de 800 doses dispon\u00edveis, Alagoinhas est\u00e1 com o estoque de vacinas contra a gripe chegando ao fim na rede p\u00fablica. Isso porque a campanha de vacina\u00e7\u00e3o foi encerrada em setembro de 2021, atingindo 100% de cobertura ao grupo priorit\u00e1rio. Os imunizantes estavam dispon\u00edveis desde abril de 2021, quando come\u00e7ou a campanha, sendo ofertados\" \/>\n\t\t<meta property=\"og:url\" content=\"https:\/\/newsinfoco.com.br\/inicio\/alagoinhas-esta-com-baixo-estoque-de-vacinas-contra-a-gripe\/\" \/>\n\t\t<meta property=\"article:published_time\" content=\"2022-01-05T20:32:43+00:00\" \/>\n\t\t<meta property=\"article:modified_time\" content=\"2022-01-05T20:32:43+00:00\" \/>\n\t\t<meta name=\"twitter:card\" content=\"summary_large_image\" \/>\n\t\t<meta name=\"twitter:title\" content=\"Alagoinhas est\u00e1 com baixo estoque de vacinas contra a gripe - News In Foco - Editado por Caio Pimenta\" \/>\n\t\t<meta name=\"twitter:description\" content=\"Com cerca de 800 doses dispon\u00edveis, Alagoinhas est\u00e1 com o estoque de vacinas contra a gripe chegando ao fim na rede p\u00fablica. Isso porque a campanha de vacina\u00e7\u00e3o foi encerrada em setembro de 2021, atingindo 100% de cobertura ao grupo priorit\u00e1rio. Os imunizantes estavam dispon\u00edveis desde abril de 2021, quando come\u00e7ou a campanha, sendo ofertados\" \/>\n\t\t<script type=\"application\/ld+json\" class=\"aioseo-schema\">\n\t\t\t{\"@context\":\"https:\\\/\\\/schema.org\",\"@graph\":[{\"@type\":\"BlogPosting\",\"@id\":\"https:\\\/\\\/newsinfoco.com.br\\\/inicio\\\/alagoinhas-esta-com-baixo-estoque-de-vacinas-contra-a-gripe\\\/#blogposting\",\"name\":\"Alagoinhas est\\u00e1 com baixo estoque de vacinas contra a gripe - News In Foco - Editado por Caio Pimenta\",\"headline\":\"Alagoinhas est\\u00e1 com baixo estoque de vacinas contra a gripe\",\"author\":{\"@id\":\"https:\\\/\\\/newsinfoco.com.br\\\/inicio\\\/author\\\/administrador\\\/#author\"},\"publisher\":{\"@id\":\"https:\\\/\\\/newsinfoco.com.br\\\/inicio\\\/#organization\"},\"image\":{\"@type\":\"ImageObject\",\"url\":\"https:\\\/\\\/newsinfoco.com.br\\\/inicio\\\/wp-content\\\/uploads\\\/2022\\\/01\\\/51322386713_5b08fe17e3_k-550x368-1.jpg\",\"width\":550,\"height\":368},\"datePublished\":\"2022-01-05T17:32:43-03:00\",\"dateModified\":\"2022-01-05T17:32:43-03:00\",\"inLanguage\":\"pt-BR\",\"mainEntityOfPage\":{\"@id\":\"https:\\\/\\\/newsinfoco.com.br\\\/inicio\\\/alagoinhas-esta-com-baixo-estoque-de-vacinas-contra-a-gripe\\\/#webpage\"},\"isPartOf\":{\"@id\":\"https:\\\/\\\/newsinfoco.com.br\\\/inicio\\\/alagoinhas-esta-com-baixo-estoque-de-vacinas-contra-a-gripe\\\/#webpage\"},\"articleSection\":\"Alagoinhas e Regi\\u00e3o, Manchete\"},{\"@type\":\"BreadcrumbList\",\"@id\":\"https:\\\/\\\/newsinfoco.com.br\\\/inicio\\\/alagoinhas-esta-com-baixo-estoque-de-vacinas-contra-a-gripe\\\/#breadcrumblist\",\"itemListElement\":[{\"@type\":\"ListItem\",\"@id\":\"https:\\\/\\\/newsinfoco.com.br\\\/inicio#listItem\",\"position\":1,\"name\":\"In\\u00edcio\",\"item\":\"https:\\\/\\\/newsinfoco.com.br\\\/inicio\",\"nextItem\":{\"@type\":\"ListItem\",\"@id\":\"https:\\\/\\\/newsinfoco.com.br\\\/inicio\\\/category\\\/alagoinhas-e-regiao\\\/#listItem\",\"name\":\"Alagoinhas e Regi\\u00e3o\"}},{\"@type\":\"ListItem\",\"@id\":\"https:\\\/\\\/newsinfoco.com.br\\\/inicio\\\/category\\\/alagoinhas-e-regiao\\\/#listItem\",\"position\":2,\"name\":\"Alagoinhas e Regi\\u00e3o\",\"item\":\"https:\\\/\\\/newsinfoco.com.br\\\/inicio\\\/category\\\/alagoinhas-e-regiao\\\/\",\"nextItem\":{\"@type\":\"ListItem\",\"@id\":\"https:\\\/\\\/newsinfoco.com.br\\\/inicio\\\/alagoinhas-esta-com-baixo-estoque-de-vacinas-contra-a-gripe\\\/#listItem\",\"name\":\"Alagoinhas est\\u00e1 com baixo estoque de vacinas contra a gripe\"},\"previousItem\":{\"@type\":\"ListItem\",\"@id\":\"https:\\\/\\\/newsinfoco.com.br\\\/inicio#listItem\",\"name\":\"In\\u00edcio\"}},{\"@type\":\"ListItem\",\"@id\":\"https:\\\/\\\/newsinfoco.com.br\\\/inicio\\\/alagoinhas-esta-com-baixo-estoque-de-vacinas-contra-a-gripe\\\/#listItem\",\"position\":3,\"name\":\"Alagoinhas est\\u00e1 com baixo estoque de vacinas contra a gripe\",\"previousItem\":{\"@type\":\"ListItem\",\"@id\":\"https:\\\/\\\/newsinfoco.com.br\\\/inicio\\\/category\\\/alagoinhas-e-regiao\\\/#listItem\",\"name\":\"Alagoinhas e Regi\\u00e3o\"}}]},{\"@type\":\"Organization\",\"@id\":\"https:\\\/\\\/newsinfoco.com.br\\\/inicio\\\/#organization\",\"name\":\"News In Foco - Editado por Caio Pimenta\",\"description\":\"O principal site de noticias de Alagoinhas e regi\\u00e3o\",\"url\":\"https:\\\/\\\/newsinfoco.com.br\\\/inicio\\\/\"},{\"@type\":\"Person\",\"@id\":\"https:\\\/\\\/newsinfoco.com.br\\\/inicio\\\/author\\\/administrador\\\/#author\",\"url\":\"https:\\\/\\\/newsinfoco.com.br\\\/inicio\\\/author\\\/administrador\\\/\",\"name\":\"administrador\",\"image\":{\"@type\":\"ImageObject\",\"@id\":\"https:\\\/\\\/newsinfoco.com.br\\\/inicio\\\/alagoinhas-esta-com-baixo-estoque-de-vacinas-contra-a-gripe\\\/#authorImage\",\"url\":\"https:\\\/\\\/secure.gravatar.com\\\/avatar\\\/c17a617433de8c1dc9584bb79aab7563b46f5bb7e1728c9b17d9cc3ce6a08e49?s=96&d=mm&r=g\",\"width\":96,\"height\":96,\"caption\":\"administrador\"}},{\"@type\":\"WebPage\",\"@id\":\"https:\\\/\\\/newsinfoco.com.br\\\/inicio\\\/alagoinhas-esta-com-baixo-estoque-de-vacinas-contra-a-gripe\\\/#webpage\",\"url\":\"https:\\\/\\\/newsinfoco.com.br\\\/inicio\\\/alagoinhas-esta-com-baixo-estoque-de-vacinas-contra-a-gripe\\\/\",\"name\":\"Alagoinhas est\\u00e1 com baixo estoque de vacinas contra a gripe - News In Foco - Editado por Caio Pimenta\",\"description\":\"Com cerca de 800 doses dispon\\u00edveis, Alagoinhas est\\u00e1 com o estoque de vacinas contra a gripe chegando ao fim na rede p\\u00fablica. Isso porque a campanha de vacina\\u00e7\\u00e3o foi encerrada em setembro de 2021, atingindo 100% de cobertura ao grupo priorit\\u00e1rio. Os imunizantes estavam dispon\\u00edveis desde abril de 2021, quando come\\u00e7ou a campanha, sendo ofertados\",\"inLanguage\":\"pt-BR\",\"isPartOf\":{\"@id\":\"https:\\\/\\\/newsinfoco.com.br\\\/inicio\\\/#website\"},\"breadcrumb\":{\"@id\":\"https:\\\/\\\/newsinfoco.com.br\\\/inicio\\\/alagoinhas-esta-com-baixo-estoque-de-vacinas-contra-a-gripe\\\/#breadcrumblist\"},\"author\":{\"@id\":\"https:\\\/\\\/newsinfoco.com.br\\\/inicio\\\/author\\\/administrador\\\/#author\"},\"creator\":{\"@id\":\"https:\\\/\\\/newsinfoco.com.br\\\/inicio\\\/author\\\/administrador\\\/#author\"},\"image\":{\"@type\":\"ImageObject\",\"url\":\"https:\\\/\\\/newsinfoco.com.br\\\/inicio\\\/wp-content\\\/uploads\\\/2022\\\/01\\\/51322386713_5b08fe17e3_k-550x368-1.jpg\",\"@id\":\"https:\\\/\\\/newsinfoco.com.br\\\/inicio\\\/alagoinhas-esta-com-baixo-estoque-de-vacinas-contra-a-gripe\\\/#mainImage\",\"width\":550,\"height\":368},\"primaryImageOfPage\":{\"@id\":\"https:\\\/\\\/newsinfoco.com.br\\\/inicio\\\/alagoinhas-esta-com-baixo-estoque-de-vacinas-contra-a-gripe\\\/#mainImage\"},\"datePublished\":\"2022-01-05T17:32:43-03:00\",\"dateModified\":\"2022-01-05T17:32:43-03:00\"},{\"@type\":\"WebSite\",\"@id\":\"https:\\\/\\\/newsinfoco.com.br\\\/inicio\\\/#website\",\"url\":\"https:\\\/\\\/newsinfoco.com.br\\\/inicio\\\/\",\"name\":\"News In Foco - Editado por Caio Pimenta\",\"description\":\"O principal site de noticias de Alagoinhas e regi\\u00e3o\",\"inLanguage\":\"pt-BR\",\"publisher\":{\"@id\":\"https:\\\/\\\/newsinfoco.com.br\\\/inicio\\\/#organization\"}}]}\n\t\t<\/script>\n\t\t<!-- All in One SEO -->\n\n","aioseo_head_json":{"title":"Alagoinhas est\u00e1 com baixo estoque de vacinas contra a gripe - News In Foco - Editado por Caio Pimenta","description":"Com cerca de 800 doses dispon\u00edveis, Alagoinhas est\u00e1 com o estoque de vacinas contra a gripe chegando ao fim na rede p\u00fablica. Isso porque a campanha de vacina\u00e7\u00e3o foi encerrada em setembro de 2021, atingindo 100% de cobertura ao grupo priorit\u00e1rio. Os imunizantes estavam dispon\u00edveis desde abril de 2021, quando come\u00e7ou a campanha, sendo ofertados","canonical_url":"https:\/\/newsinfoco.com.br\/inicio\/alagoinhas-esta-com-baixo-estoque-de-vacinas-contra-a-gripe\/","robots":"max-image-preview:large","keywords":"","webmasterTools":{"miscellaneous":""},"schema":{"@context":"https:\/\/schema.org","@graph":[{"@type":"BlogPosting","@id":"https:\/\/newsinfoco.com.br\/inicio\/alagoinhas-esta-com-baixo-estoque-de-vacinas-contra-a-gripe\/#blogposting","name":"Alagoinhas est\u00e1 com baixo estoque de vacinas contra a gripe - News In Foco - Editado por Caio Pimenta","headline":"Alagoinhas est\u00e1 com baixo estoque de vacinas contra a gripe","author":{"@id":"https:\/\/newsinfoco.com.br\/inicio\/author\/administrador\/#author"},"publisher":{"@id":"https:\/\/newsinfoco.com.br\/inicio\/#organization"},"image":{"@type":"ImageObject","url":"https:\/\/newsinfoco.com.br\/inicio\/wp-content\/uploads\/2022\/01\/51322386713_5b08fe17e3_k-550x368-1.jpg","width":550,"height":368},"datePublished":"2022-01-05T17:32:43-03:00","dateModified":"2022-01-05T17:32:43-03:00","inLanguage":"pt-BR","mainEntityOfPage":{"@id":"https:\/\/newsinfoco.com.br\/inicio\/alagoinhas-esta-com-baixo-estoque-de-vacinas-contra-a-gripe\/#webpage"},"isPartOf":{"@id":"https:\/\/newsinfoco.com.br\/inicio\/alagoinhas-esta-com-baixo-estoque-de-vacinas-contra-a-gripe\/#webpage"},"articleSection":"Alagoinhas e Regi\u00e3o, Manchete"},{"@type":"BreadcrumbList","@id":"https:\/\/newsinfoco.com.br\/inicio\/alagoinhas-esta-com-baixo-estoque-de-vacinas-contra-a-gripe\/#breadcrumblist","itemListElement":[{"@type":"ListItem","@id":"https:\/\/newsinfoco.com.br\/inicio#listItem","position":1,"name":"In\u00edcio","item":"https:\/\/newsinfoco.com.br\/inicio","nextItem":{"@type":"ListItem","@id":"https:\/\/newsinfoco.com.br\/inicio\/category\/alagoinhas-e-regiao\/#listItem","name":"Alagoinhas e Regi\u00e3o"}},{"@type":"ListItem","@id":"https:\/\/newsinfoco.com.br\/inicio\/category\/alagoinhas-e-regiao\/#listItem","position":2,"name":"Alagoinhas e Regi\u00e3o","item":"https:\/\/newsinfoco.com.br\/inicio\/category\/alagoinhas-e-regiao\/","nextItem":{"@type":"ListItem","@id":"https:\/\/newsinfoco.com.br\/inicio\/alagoinhas-esta-com-baixo-estoque-de-vacinas-contra-a-gripe\/#listItem","name":"Alagoinhas est\u00e1 com baixo estoque de vacinas contra a gripe"},"previousItem":{"@type":"ListItem","@id":"https:\/\/newsinfoco.com.br\/inicio#listItem","name":"In\u00edcio"}},{"@type":"ListItem","@id":"https:\/\/newsinfoco.com.br\/inicio\/alagoinhas-esta-com-baixo-estoque-de-vacinas-contra-a-gripe\/#listItem","position":3,"name":"Alagoinhas est\u00e1 com baixo estoque de vacinas contra a gripe","previousItem":{"@type":"ListItem","@id":"https:\/\/newsinfoco.com.br\/inicio\/category\/alagoinhas-e-regiao\/#listItem","name":"Alagoinhas e Regi\u00e3o"}}]},{"@type":"Organization","@id":"https:\/\/newsinfoco.com.br\/inicio\/#organization","name":"News In Foco - Editado por Caio Pimenta","description":"O principal site de noticias de Alagoinhas e regi\u00e3o","url":"https:\/\/newsinfoco.com.br\/inicio\/"},{"@type":"Person","@id":"https:\/\/newsinfoco.com.br\/inicio\/author\/administrador\/#author","url":"https:\/\/newsinfoco.com.br\/inicio\/author\/administrador\/","name":"administrador","image":{"@type":"ImageObject","@id":"https:\/\/newsinfoco.com.br\/inicio\/alagoinhas-esta-com-baixo-estoque-de-vacinas-contra-a-gripe\/#authorImage","url":"https:\/\/secure.gravatar.com\/avatar\/c17a617433de8c1dc9584bb79aab7563b46f5bb7e1728c9b17d9cc3ce6a08e49?s=96&d=mm&r=g","width":96,"height":96,"caption":"administrador"}},{"@type":"WebPage","@id":"https:\/\/newsinfoco.com.br\/inicio\/alagoinhas-esta-com-baixo-estoque-de-vacinas-contra-a-gripe\/#webpage","url":"https:\/\/newsinfoco.com.br\/inicio\/alagoinhas-esta-com-baixo-estoque-de-vacinas-contra-a-gripe\/","name":"Alagoinhas est\u00e1 com baixo estoque de vacinas contra a gripe - News In Foco - Editado por Caio Pimenta","description":"Com cerca de 800 doses dispon\u00edveis, Alagoinhas est\u00e1 com o estoque de vacinas contra a gripe chegando ao fim na rede p\u00fablica. Isso porque a campanha de vacina\u00e7\u00e3o foi encerrada em setembro de 2021, atingindo 100% de cobertura ao grupo priorit\u00e1rio. Os imunizantes estavam dispon\u00edveis desde abril de 2021, quando come\u00e7ou a campanha, sendo ofertados","inLanguage":"pt-BR","isPartOf":{"@id":"https:\/\/newsinfoco.com.br\/inicio\/#website"},"breadcrumb":{"@id":"https:\/\/newsinfoco.com.br\/inicio\/alagoinhas-esta-com-baixo-estoque-de-vacinas-contra-a-gripe\/#breadcrumblist"},"author":{"@id":"https:\/\/newsinfoco.com.br\/inicio\/author\/administrador\/#author"},"creator":{"@id":"https:\/\/newsinfoco.com.br\/inicio\/author\/administrador\/#author"},"image":{"@type":"ImageObject","url":"https:\/\/newsinfoco.com.br\/inicio\/wp-content\/uploads\/2022\/01\/51322386713_5b08fe17e3_k-550x368-1.jpg","@id":"https:\/\/newsinfoco.com.br\/inicio\/alagoinhas-esta-com-baixo-estoque-de-vacinas-contra-a-gripe\/#mainImage","width":550,"height":368},"primaryImageOfPage":{"@id":"https:\/\/newsinfoco.com.br\/inicio\/alagoinhas-esta-com-baixo-estoque-de-vacinas-contra-a-gripe\/#mainImage"},"datePublished":"2022-01-05T17:32:43-03:00","dateModified":"2022-01-05T17:32:43-03:00"},{"@type":"WebSite","@id":"https:\/\/newsinfoco.com.br\/inicio\/#website","url":"https:\/\/newsinfoco.com.br\/inicio\/","name":"News In Foco - Editado por Caio Pimenta","description":"O principal site de noticias de Alagoinhas e regi\u00e3o","inLanguage":"pt-BR","publisher":{"@id":"https:\/\/newsinfoco.com.br\/inicio\/#organization"}}]},"og:locale":"pt_BR","og:site_name":"News In Foco - Editado por Caio Pimenta - O principal site de noticias de Alagoinhas e regi\u00e3o","og:type":"article","og:title":"Alagoinhas est\u00e1 com baixo estoque de vacinas contra a gripe - News In Foco - Editado por Caio Pimenta","og:description":"Com cerca de 800 doses dispon\u00edveis, Alagoinhas est\u00e1 com o estoque de vacinas contra a gripe chegando ao fim na rede p\u00fablica. Isso porque a campanha de vacina\u00e7\u00e3o foi encerrada em setembro de 2021, atingindo 100% de cobertura ao grupo priorit\u00e1rio. Os imunizantes estavam dispon\u00edveis desde abril de 2021, quando come\u00e7ou a campanha, sendo ofertados","og:url":"https:\/\/newsinfoco.com.br\/inicio\/alagoinhas-esta-com-baixo-estoque-de-vacinas-contra-a-gripe\/","article:published_time":"2022-01-05T20:32:43+00:00","article:modified_time":"2022-01-05T20:32:43+00:00","twitter:card":"summary_large_image","twitter:title":"Alagoinhas est\u00e1 com baixo estoque de vacinas contra a gripe - News In Foco - Editado por Caio Pimenta","twitter:description":"Com cerca de 800 doses dispon\u00edveis, Alagoinhas est\u00e1 com o estoque de vacinas contra a gripe chegando ao fim na rede p\u00fablica. Isso porque a campanha de vacina\u00e7\u00e3o foi encerrada em setembro de 2021, atingindo 100% de cobertura ao grupo priorit\u00e1rio. Os imunizantes estavam dispon\u00edveis desde abril de 2021, quando come\u00e7ou a campanha, sendo ofertados"},"aioseo_meta_data":{"post_id":"28270","title":null,"description":null,"keywords":null,"keyphrases":null,"primary_term":null,"canonical_url":null,"og_title":null,"og_description":null,"og_object_type":"default","og_image_type":"default","og_image_url":null,"og_image_width":null,"og_image_height":null,"og_image_custom_url":null,"og_image_custom_fields":null,"og_video":null,"og_custom_url":null,"og_article_section":null,"og_article_tags":null,"twitter_use_og":false,"twitter_card":"default","twitter_image_type":"default","twitter_image_url":null,"twitter_image_custom_url":null,"twitter_image_custom_fields":null,"twitter_title":null,"twitter_description":null,"schema":{"blockGraphs":[],"customGraphs":[],"default":{"data":{"Article":[],"Course":[],"Dataset":[],"FAQPage":[],"Movie":[],"Person":[],"Product":[],"ProductReview":[],"Car":[],"Recipe":[],"Service":[],"SoftwareApplication":[],"WebPage":[]},"graphName":"","isEnabled":true},"graphs":[]},"schema_type":"default","schema_type_options":null,"pillar_content":false,"robots_default":true,"robots_noindex":false,"robots_noarchive":false,"robots_nosnippet":false,"robots_nofollow":false,"robots_noimageindex":false,"robots_noodp":false,"robots_notranslate":false,"robots_max_snippet":null,"robots_max_videopreview":null,"robots_max_imagepreview":"large","priority":null,"frequency":null,"local_seo":null,"breadcrumb_settings":null,"limit_modified_date":false,"ai":null,"created":"2023-06-12 20:25:03","updated":"2025-07-11 06:37:56","seo_analyzer_scan_date":null},"aioseo_breadcrumb":"<div class=\"aioseo-breadcrumbs\"><span class=\"aioseo-breadcrumb\">\n\t\t\t<a href=\"https:\/\/newsinfoco.com.br\/inicio\" title=\"In\u00edcio\">In\u00edcio<\/a>\n\t\t<\/span><span class=\"aioseo-breadcrumb-separator\">&raquo;<\/span><span class=\"aioseo-breadcrumb\">\n\t\t\t<a href=\"https:\/\/newsinfoco.com.br\/inicio\/category\/alagoinhas-e-regiao\/\" title=\"Alagoinhas e Regi\u00e3o\">Alagoinhas e Regi\u00e3o<\/a>\n\t\t<\/span><span class=\"aioseo-breadcrumb-separator\">&raquo;<\/span><span class=\"aioseo-breadcrumb\">\n\t\t\tAlagoinhas est\u00e1 com baixo estoque de vacinas contra a gripe\n\t\t<\/span><\/div>","aioseo_breadcrumb_json":[{"label":"In\u00edcio","link":"https:\/\/newsinfoco.com.br\/inicio"},{"label":"Alagoinhas e Regi\u00e3o","link":"https:\/\/newsinfoco.com.br\/inicio\/category\/alagoinhas-e-regiao\/"},{"label":"Alagoinhas est\u00e1 com baixo estoque de vacinas contra a gripe","link":"https:\/\/newsinfoco.com.br\/inicio\/alagoinhas-esta-com-baixo-estoque-de-vacinas-contra-a-gripe\/"}],"_links":{"self":[{"href":"https:\/\/newsinfoco.com.br\/inicio\/wp-json\/wp\/v2\/posts\/28270","targetHints":{"allow":["GET"]}}],"collection":[{"href":"https:\/\/newsinfoco.com.br\/inicio\/wp-json\/wp\/v2\/posts"}],"about":[{"href":"https:\/\/newsinfoco.com.br\/inicio\/wp-json\/wp\/v2\/types\/post"}],"author":[{"embeddable":true,"href":"https:\/\/newsinfoco.com.br\/inicio\/wp-json\/wp\/v2\/users\/1"}],"replies":[{"embeddable":true,"href":"https:\/\/newsinfoco.com.br\/inicio\/wp-json\/wp\/v2\/comments?post=28270"}],"version-history":[{"count":1,"href":"https:\/\/newsinfoco.com.br\/inicio\/wp-json\/wp\/v2\/posts\/28270\/revisions"}],"predecessor-version":[{"id":28272,"href":"https:\/\/newsinfoco.com.br\/inicio\/wp-json\/wp\/v2\/posts\/28270\/revisions\/28272"}],"wp:featuredmedia":[{"embeddable":true,"href":"https:\/\/newsinfoco.com.br\/inicio\/wp-json\/wp\/v2\/media\/28271"}],"wp:attachment":[{"href":"https:\/\/newsinfoco.com.br\/inicio\/wp-json\/wp\/v2\/media?parent=28270"}],"wp:term":[{"taxonomy":"category","embeddable":true,"href":"https:\/\/newsinfoco.com.br\/inicio\/wp-json\/wp\/v2\/categories?post=28270"},{"taxonomy":"post_tag","embeddable":true,"href":"https:\/\/newsinfoco.com.br\/inicio\/wp-json\/wp\/v2\/tags?post=28270"}],"curies":[{"name":"wp","href":"https:\/\/api.w.org\/{rel}","templated":true}]}}