{"id":28299,"date":"2022-01-08T18:30:18","date_gmt":"2022-01-08T21:30:18","guid":{"rendered":"https:\/\/newsinfoco.com.br\/inicio\/?p=28299"},"modified":"2022-01-08T18:43:14","modified_gmt":"2022-01-08T21:43:14","slug":"crise-no-transporte-publico-municipal-de-feira-de-santana-rodoviarios-da-empresa-rosa-continuam-paralisados-por-falta-de-pagamento-dos-salarios","status":"publish","type":"post","link":"https:\/\/newsinfoco.com.br\/inicio\/crise-no-transporte-publico-municipal-de-feira-de-santana-rodoviarios-da-empresa-rosa-continuam-paralisados-por-falta-de-pagamento-dos-salarios\/","title":{"rendered":"Crise no transporte p\u00fablico municipal de Feira de Santana: rodovi\u00e1rios da empresa Rosa continuam paralisados por falta de pagamento dos sal\u00e1rios"},"content":{"rendered":"<p>Os usu\u00e1rios do transporte coletivo urbano de Feira de Santana chegam a mais um dia sem os \u00f4nibus da empresa Rosa.\u00a0Desde ontem (7),\u00a0os motoristas e cobradores da empresa paralisaram as atividades por falta de pagamento dos sal\u00e1rios. O Terminal Central continua fechado neste s\u00e1bado (8) e\u00a0os passageiros aguardam os \u00f4nibus da empresa S\u00e3o Jo\u00e3o do lado de fora.<\/p>\n<p>A informa\u00e7\u00e3o \u00e9 de que o pagamento deve sair s\u00f3 na pr\u00f3xima segunda-feira (10). A quinzena dos rodovi\u00e1rios deveria ser paga at\u00e9 o dia 5, o que n\u00e3o ocorreu. Em dezembro os trabalhadores tamb\u00e9m cruzaram os bra\u00e7os pelo mesmo motivo.<\/p>\n<p>A prefeitura, por meio de nota, diz que a Procuradoria Geral do Munic\u00edpio (PGM) j\u00e1 foi acionada e adota provid\u00eancias jur\u00eddicas visando restabelecer a normalidade da opera\u00e7\u00e3o. O Governo Municipal ressaltou ainda que o pagamento das gratuidades para Pessoas com Necessidades Especiais (PNE), uma especie de subsidio que a prefeitura ao sistema de transporte p\u00fablico municipal, foi antecipado no m\u00eas de dezembro \u00e0 concession\u00e1ria Rosa.<\/p>\n<p>Em Feira de Santana a tarifa do \u00f4nibus custa R$ 4,15 se for em dinheiro e R$ 3,78 no cart\u00e3o Via Feira.<\/p>\n<p>Em todo o Brasil, empresas do setor de transporte urbano acumulam preju\u00edzos. Ao longo da pandemia, de acordo com mat\u00e9ria publicada pelo Jornal Folha de S. Paulo no \u00faltimo dia 02, o setor j\u00e1 acumula um rombo que supera R$ 21 bilh\u00f5es. Para evitar a interrup\u00e7\u00e3o do servi\u00e7o diversas cidades tem promovido reajustes tarif\u00e1rios ou subsidiando o sistema.<\/p>\n<p>Por Caio Pimenta para o News Infoco<\/p>\n<p>&nbsp;<\/p>\n<p>&nbsp;<\/p>\n<div class='share-to-whatsapp-wrapper'><div class='share-on-whsp'>Share on: <\/div><a data-text='Crise no transporte p\u00fablico municipal de Feira de Santana: rodovi\u00e1rios da empresa Rosa continuam paralisados por falta de pagamento dos sal\u00e1rios' data-link='https:\/\/newsinfoco.com.br\/inicio\/crise-no-transporte-publico-municipal-de-feira-de-santana-rodoviarios-da-empresa-rosa-continuam-paralisados-por-falta-de-pagamento-dos-salarios\/' class='whatsapp-button whatsapp-share'>WhatsApp<\/a><div class='clear '><\/div><\/div>","protected":false},"excerpt":{"rendered":"<p>Os usu\u00e1rios do transporte coletivo urbano de Feira de Santana chegam a mais um dia sem os \u00f4nibus da empresa Rosa.\u00a0Desde ontem (7),\u00a0os motoristas e cobradores da empresa paralisaram as atividades por falta de pagamento dos sal\u00e1rios. O Terminal Central continua fechado neste s\u00e1bado (8) e\u00a0os passageiros aguardam os \u00f4nibus da empresa S\u00e3o Jo\u00e3o do [&hellip;]<\/p>\n","protected":false},"author":1,"featured_media":28300,"comment_status":"closed","ping_status":"closed","sticky":false,"template":"","format":"standard","meta":{"om_disable_all_campaigns":false,"rop_custom_images_group":[],"rop_custom_messages_group":[],"rop_publish_now":"initial","rop_publish_now_accounts":[],"rop_publish_now_history":[],"rop_publish_now_status":"pending","_exactmetrics_skip_tracking":false,"footnotes":""},"categories":[38,167],"tags":[],"class_list":["post-28299","post","type-post","status-publish","format-standard","has-post-thumbnail","hentry","category-alagoinhas-e-regiao","category-exclusivas"],"aioseo_notices":[],"aioseo_head":"\n\t\t<!-- All in One SEO 4.9.10 - aioseo.com -->\n\t<meta name=\"description\" content=\"Os usu\u00e1rios do transporte coletivo urbano de Feira de Santana chegam a mais um dia sem os \u00f4nibus da empresa Rosa. Desde ontem (7), os motoristas e cobradores da empresa paralisaram as atividades por falta de pagamento dos sal\u00e1rios. O Terminal Central continua fechado neste s\u00e1bado (8) e os passageiros aguardam os \u00f4nibus da empresa S\u00e3o Jo\u00e3o do\" \/>\n\t<meta name=\"robots\" content=\"max-image-preview:large\" \/>\n\t<meta name=\"author\" content=\"administrador\"\/>\n\t<link rel=\"canonical\" href=\"https:\/\/newsinfoco.com.br\/inicio\/crise-no-transporte-publico-municipal-de-feira-de-santana-rodoviarios-da-empresa-rosa-continuam-paralisados-por-falta-de-pagamento-dos-salarios\/\" \/>\n\t<meta name=\"generator\" content=\"All in One SEO (AIOSEO) 4.9.10\" \/>\n\t\t<meta property=\"og:locale\" content=\"pt_BR\" \/>\n\t\t<meta property=\"og:site_name\" content=\"News In Foco - Editado por Caio Pimenta - O principal site de noticias de Alagoinhas e regi\u00e3o\" \/>\n\t\t<meta property=\"og:type\" content=\"article\" \/>\n\t\t<meta property=\"og:title\" content=\"Crise no transporte p\u00fablico municipal de Feira de Santana: rodovi\u00e1rios da empresa Rosa continuam paralisados por falta de pagamento dos sal\u00e1rios - News In Foco - Editado por Caio Pimenta\" \/>\n\t\t<meta property=\"og:description\" content=\"Os usu\u00e1rios do transporte coletivo urbano de Feira de Santana chegam a mais um dia sem os \u00f4nibus da empresa Rosa. Desde ontem (7), os motoristas e cobradores da empresa paralisaram as atividades por falta de pagamento dos sal\u00e1rios. O Terminal Central continua fechado neste s\u00e1bado (8) e os passageiros aguardam os \u00f4nibus da empresa S\u00e3o Jo\u00e3o do\" \/>\n\t\t<meta property=\"og:url\" content=\"https:\/\/newsinfoco.com.br\/inicio\/crise-no-transporte-publico-municipal-de-feira-de-santana-rodoviarios-da-empresa-rosa-continuam-paralisados-por-falta-de-pagamento-dos-salarios\/\" \/>\n\t\t<meta property=\"article:published_time\" content=\"2022-01-08T21:30:18+00:00\" \/>\n\t\t<meta property=\"article:modified_time\" content=\"2022-01-08T21:43:14+00:00\" \/>\n\t\t<meta name=\"twitter:card\" content=\"summary_large_image\" \/>\n\t\t<meta name=\"twitter:title\" content=\"Crise no transporte p\u00fablico municipal de Feira de Santana: rodovi\u00e1rios da empresa Rosa continuam paralisados por falta de pagamento dos sal\u00e1rios - News In Foco - Editado por Caio Pimenta\" \/>\n\t\t<meta name=\"twitter:description\" content=\"Os usu\u00e1rios do transporte coletivo urbano de Feira de Santana chegam a mais um dia sem os \u00f4nibus da empresa Rosa. Desde ontem (7), os motoristas e cobradores da empresa paralisaram as atividades por falta de pagamento dos sal\u00e1rios. O Terminal Central continua fechado neste s\u00e1bado (8) e os passageiros aguardam os \u00f4nibus da empresa S\u00e3o Jo\u00e3o do\" \/>\n\t\t<script type=\"application\/ld+json\" class=\"aioseo-schema\">\n\t\t\t{\"@context\":\"https:\\\/\\\/schema.org\",\"@graph\":[{\"@type\":\"BlogPosting\",\"@id\":\"https:\\\/\\\/newsinfoco.com.br\\\/inicio\\\/crise-no-transporte-publico-municipal-de-feira-de-santana-rodoviarios-da-empresa-rosa-continuam-paralisados-por-falta-de-pagamento-dos-salarios\\\/#blogposting\",\"name\":\"Crise no transporte p\\u00fablico municipal de Feira de Santana: rodovi\\u00e1rios da empresa Rosa continuam paralisados por falta de pagamento dos sal\\u00e1rios - News In Foco - Editado por Caio Pimenta\",\"headline\":\"Crise no transporte p\\u00fablico municipal de Feira de Santana: rodovi\\u00e1rios da empresa Rosa continuam paralisados por falta de pagamento dos sal\\u00e1rios\",\"author\":{\"@id\":\"https:\\\/\\\/newsinfoco.com.br\\\/inicio\\\/author\\\/administrador\\\/#author\"},\"publisher\":{\"@id\":\"https:\\\/\\\/newsinfoco.com.br\\\/inicio\\\/#organization\"},\"image\":{\"@type\":\"ImageObject\",\"url\":\"https:\\\/\\\/newsinfoco.com.br\\\/inicio\\\/wp-content\\\/uploads\\\/2022\\\/01\\\/WhatsApp-Image-2022-01-08-at-07.31.23.jpeg\",\"width\":800,\"height\":533},\"datePublished\":\"2022-01-08T18:30:18-03:00\",\"dateModified\":\"2022-01-08T18:43:14-03:00\",\"inLanguage\":\"pt-BR\",\"mainEntityOfPage\":{\"@id\":\"https:\\\/\\\/newsinfoco.com.br\\\/inicio\\\/crise-no-transporte-publico-municipal-de-feira-de-santana-rodoviarios-da-empresa-rosa-continuam-paralisados-por-falta-de-pagamento-dos-salarios\\\/#webpage\"},\"isPartOf\":{\"@id\":\"https:\\\/\\\/newsinfoco.com.br\\\/inicio\\\/crise-no-transporte-publico-municipal-de-feira-de-santana-rodoviarios-da-empresa-rosa-continuam-paralisados-por-falta-de-pagamento-dos-salarios\\\/#webpage\"},\"articleSection\":\"Alagoinhas e Regi\\u00e3o, Manchete\"},{\"@type\":\"BreadcrumbList\",\"@id\":\"https:\\\/\\\/newsinfoco.com.br\\\/inicio\\\/crise-no-transporte-publico-municipal-de-feira-de-santana-rodoviarios-da-empresa-rosa-continuam-paralisados-por-falta-de-pagamento-dos-salarios\\\/#breadcrumblist\",\"itemListElement\":[{\"@type\":\"ListItem\",\"@id\":\"https:\\\/\\\/newsinfoco.com.br\\\/inicio#listItem\",\"position\":1,\"name\":\"In\\u00edcio\",\"item\":\"https:\\\/\\\/newsinfoco.com.br\\\/inicio\",\"nextItem\":{\"@type\":\"ListItem\",\"@id\":\"https:\\\/\\\/newsinfoco.com.br\\\/inicio\\\/category\\\/alagoinhas-e-regiao\\\/#listItem\",\"name\":\"Alagoinhas e Regi\\u00e3o\"}},{\"@type\":\"ListItem\",\"@id\":\"https:\\\/\\\/newsinfoco.com.br\\\/inicio\\\/category\\\/alagoinhas-e-regiao\\\/#listItem\",\"position\":2,\"name\":\"Alagoinhas e Regi\\u00e3o\",\"item\":\"https:\\\/\\\/newsinfoco.com.br\\\/inicio\\\/category\\\/alagoinhas-e-regiao\\\/\",\"nextItem\":{\"@type\":\"ListItem\",\"@id\":\"https:\\\/\\\/newsinfoco.com.br\\\/inicio\\\/crise-no-transporte-publico-municipal-de-feira-de-santana-rodoviarios-da-empresa-rosa-continuam-paralisados-por-falta-de-pagamento-dos-salarios\\\/#listItem\",\"name\":\"Crise no transporte p\\u00fablico municipal de Feira de Santana: rodovi\\u00e1rios da empresa Rosa continuam paralisados por falta de pagamento dos sal\\u00e1rios\"},\"previousItem\":{\"@type\":\"ListItem\",\"@id\":\"https:\\\/\\\/newsinfoco.com.br\\\/inicio#listItem\",\"name\":\"In\\u00edcio\"}},{\"@type\":\"ListItem\",\"@id\":\"https:\\\/\\\/newsinfoco.com.br\\\/inicio\\\/crise-no-transporte-publico-municipal-de-feira-de-santana-rodoviarios-da-empresa-rosa-continuam-paralisados-por-falta-de-pagamento-dos-salarios\\\/#listItem\",\"position\":3,\"name\":\"Crise no transporte p\\u00fablico municipal de Feira de Santana: rodovi\\u00e1rios da empresa Rosa continuam paralisados por falta de pagamento dos sal\\u00e1rios\",\"previousItem\":{\"@type\":\"ListItem\",\"@id\":\"https:\\\/\\\/newsinfoco.com.br\\\/inicio\\\/category\\\/alagoinhas-e-regiao\\\/#listItem\",\"name\":\"Alagoinhas e Regi\\u00e3o\"}}]},{\"@type\":\"Organization\",\"@id\":\"https:\\\/\\\/newsinfoco.com.br\\\/inicio\\\/#organization\",\"name\":\"News In Foco - Editado por Caio Pimenta\",\"description\":\"O principal site de noticias de Alagoinhas e regi\\u00e3o\",\"url\":\"https:\\\/\\\/newsinfoco.com.br\\\/inicio\\\/\"},{\"@type\":\"Person\",\"@id\":\"https:\\\/\\\/newsinfoco.com.br\\\/inicio\\\/author\\\/administrador\\\/#author\",\"url\":\"https:\\\/\\\/newsinfoco.com.br\\\/inicio\\\/author\\\/administrador\\\/\",\"name\":\"administrador\",\"image\":{\"@type\":\"ImageObject\",\"@id\":\"https:\\\/\\\/newsinfoco.com.br\\\/inicio\\\/crise-no-transporte-publico-municipal-de-feira-de-santana-rodoviarios-da-empresa-rosa-continuam-paralisados-por-falta-de-pagamento-dos-salarios\\\/#authorImage\",\"url\":\"https:\\\/\\\/secure.gravatar.com\\\/avatar\\\/c17a617433de8c1dc9584bb79aab7563b46f5bb7e1728c9b17d9cc3ce6a08e49?s=96&d=mm&r=g\",\"width\":96,\"height\":96,\"caption\":\"administrador\"}},{\"@type\":\"WebPage\",\"@id\":\"https:\\\/\\\/newsinfoco.com.br\\\/inicio\\\/crise-no-transporte-publico-municipal-de-feira-de-santana-rodoviarios-da-empresa-rosa-continuam-paralisados-por-falta-de-pagamento-dos-salarios\\\/#webpage\",\"url\":\"https:\\\/\\\/newsinfoco.com.br\\\/inicio\\\/crise-no-transporte-publico-municipal-de-feira-de-santana-rodoviarios-da-empresa-rosa-continuam-paralisados-por-falta-de-pagamento-dos-salarios\\\/\",\"name\":\"Crise no transporte p\\u00fablico municipal de Feira de Santana: rodovi\\u00e1rios da empresa Rosa continuam paralisados por falta de pagamento dos sal\\u00e1rios - News In Foco - Editado por Caio Pimenta\",\"description\":\"Os usu\\u00e1rios do transporte coletivo urbano de Feira de Santana chegam a mais um dia sem os \\u00f4nibus da empresa Rosa. Desde ontem (7), os motoristas e cobradores da empresa paralisaram as atividades por falta de pagamento dos sal\\u00e1rios. O Terminal Central continua fechado neste s\\u00e1bado (8) e os passageiros aguardam os \\u00f4nibus da empresa S\\u00e3o Jo\\u00e3o do\",\"inLanguage\":\"pt-BR\",\"isPartOf\":{\"@id\":\"https:\\\/\\\/newsinfoco.com.br\\\/inicio\\\/#website\"},\"breadcrumb\":{\"@id\":\"https:\\\/\\\/newsinfoco.com.br\\\/inicio\\\/crise-no-transporte-publico-municipal-de-feira-de-santana-rodoviarios-da-empresa-rosa-continuam-paralisados-por-falta-de-pagamento-dos-salarios\\\/#breadcrumblist\"},\"author\":{\"@id\":\"https:\\\/\\\/newsinfoco.com.br\\\/inicio\\\/author\\\/administrador\\\/#author\"},\"creator\":{\"@id\":\"https:\\\/\\\/newsinfoco.com.br\\\/inicio\\\/author\\\/administrador\\\/#author\"},\"image\":{\"@type\":\"ImageObject\",\"url\":\"https:\\\/\\\/newsinfoco.com.br\\\/inicio\\\/wp-content\\\/uploads\\\/2022\\\/01\\\/WhatsApp-Image-2022-01-08-at-07.31.23.jpeg\",\"@id\":\"https:\\\/\\\/newsinfoco.com.br\\\/inicio\\\/crise-no-transporte-publico-municipal-de-feira-de-santana-rodoviarios-da-empresa-rosa-continuam-paralisados-por-falta-de-pagamento-dos-salarios\\\/#mainImage\",\"width\":800,\"height\":533},\"primaryImageOfPage\":{\"@id\":\"https:\\\/\\\/newsinfoco.com.br\\\/inicio\\\/crise-no-transporte-publico-municipal-de-feira-de-santana-rodoviarios-da-empresa-rosa-continuam-paralisados-por-falta-de-pagamento-dos-salarios\\\/#mainImage\"},\"datePublished\":\"2022-01-08T18:30:18-03:00\",\"dateModified\":\"2022-01-08T18:43:14-03:00\"},{\"@type\":\"WebSite\",\"@id\":\"https:\\\/\\\/newsinfoco.com.br\\\/inicio\\\/#website\",\"url\":\"https:\\\/\\\/newsinfoco.com.br\\\/inicio\\\/\",\"name\":\"News In Foco - Editado por Caio Pimenta\",\"description\":\"O principal site de noticias de Alagoinhas e regi\\u00e3o\",\"inLanguage\":\"pt-BR\",\"publisher\":{\"@id\":\"https:\\\/\\\/newsinfoco.com.br\\\/inicio\\\/#organization\"}}]}\n\t\t<\/script>\n\t\t<!-- All in One SEO -->\n\n","aioseo_head_json":{"title":"Crise no transporte p\u00fablico municipal de Feira de Santana: rodovi\u00e1rios da empresa Rosa continuam paralisados por falta de pagamento dos sal\u00e1rios - News In Foco - Editado por Caio Pimenta","description":"Os usu\u00e1rios do transporte coletivo urbano de Feira de Santana chegam a mais um dia sem os \u00f4nibus da empresa Rosa. Desde ontem (7), os motoristas e cobradores da empresa paralisaram as atividades por falta de pagamento dos sal\u00e1rios. O Terminal Central continua fechado neste s\u00e1bado (8) e os passageiros aguardam os \u00f4nibus da empresa S\u00e3o Jo\u00e3o do","canonical_url":"https:\/\/newsinfoco.com.br\/inicio\/crise-no-transporte-publico-municipal-de-feira-de-santana-rodoviarios-da-empresa-rosa-continuam-paralisados-por-falta-de-pagamento-dos-salarios\/","robots":"max-image-preview:large","keywords":"","webmasterTools":{"miscellaneous":""},"schema":{"@context":"https:\/\/schema.org","@graph":[{"@type":"BlogPosting","@id":"https:\/\/newsinfoco.com.br\/inicio\/crise-no-transporte-publico-municipal-de-feira-de-santana-rodoviarios-da-empresa-rosa-continuam-paralisados-por-falta-de-pagamento-dos-salarios\/#blogposting","name":"Crise no transporte p\u00fablico municipal de Feira de Santana: rodovi\u00e1rios da empresa Rosa continuam paralisados por falta de pagamento dos sal\u00e1rios - News In Foco - Editado por Caio Pimenta","headline":"Crise no transporte p\u00fablico municipal de Feira de Santana: rodovi\u00e1rios da empresa Rosa continuam paralisados por falta de pagamento dos sal\u00e1rios","author":{"@id":"https:\/\/newsinfoco.com.br\/inicio\/author\/administrador\/#author"},"publisher":{"@id":"https:\/\/newsinfoco.com.br\/inicio\/#organization"},"image":{"@type":"ImageObject","url":"https:\/\/newsinfoco.com.br\/inicio\/wp-content\/uploads\/2022\/01\/WhatsApp-Image-2022-01-08-at-07.31.23.jpeg","width":800,"height":533},"datePublished":"2022-01-08T18:30:18-03:00","dateModified":"2022-01-08T18:43:14-03:00","inLanguage":"pt-BR","mainEntityOfPage":{"@id":"https:\/\/newsinfoco.com.br\/inicio\/crise-no-transporte-publico-municipal-de-feira-de-santana-rodoviarios-da-empresa-rosa-continuam-paralisados-por-falta-de-pagamento-dos-salarios\/#webpage"},"isPartOf":{"@id":"https:\/\/newsinfoco.com.br\/inicio\/crise-no-transporte-publico-municipal-de-feira-de-santana-rodoviarios-da-empresa-rosa-continuam-paralisados-por-falta-de-pagamento-dos-salarios\/#webpage"},"articleSection":"Alagoinhas e Regi\u00e3o, Manchete"},{"@type":"BreadcrumbList","@id":"https:\/\/newsinfoco.com.br\/inicio\/crise-no-transporte-publico-municipal-de-feira-de-santana-rodoviarios-da-empresa-rosa-continuam-paralisados-por-falta-de-pagamento-dos-salarios\/#breadcrumblist","itemListElement":[{"@type":"ListItem","@id":"https:\/\/newsinfoco.com.br\/inicio#listItem","position":1,"name":"In\u00edcio","item":"https:\/\/newsinfoco.com.br\/inicio","nextItem":{"@type":"ListItem","@id":"https:\/\/newsinfoco.com.br\/inicio\/category\/alagoinhas-e-regiao\/#listItem","name":"Alagoinhas e Regi\u00e3o"}},{"@type":"ListItem","@id":"https:\/\/newsinfoco.com.br\/inicio\/category\/alagoinhas-e-regiao\/#listItem","position":2,"name":"Alagoinhas e Regi\u00e3o","item":"https:\/\/newsinfoco.com.br\/inicio\/category\/alagoinhas-e-regiao\/","nextItem":{"@type":"ListItem","@id":"https:\/\/newsinfoco.com.br\/inicio\/crise-no-transporte-publico-municipal-de-feira-de-santana-rodoviarios-da-empresa-rosa-continuam-paralisados-por-falta-de-pagamento-dos-salarios\/#listItem","name":"Crise no transporte p\u00fablico municipal de Feira de Santana: rodovi\u00e1rios da empresa Rosa continuam paralisados por falta de pagamento dos sal\u00e1rios"},"previousItem":{"@type":"ListItem","@id":"https:\/\/newsinfoco.com.br\/inicio#listItem","name":"In\u00edcio"}},{"@type":"ListItem","@id":"https:\/\/newsinfoco.com.br\/inicio\/crise-no-transporte-publico-municipal-de-feira-de-santana-rodoviarios-da-empresa-rosa-continuam-paralisados-por-falta-de-pagamento-dos-salarios\/#listItem","position":3,"name":"Crise no transporte p\u00fablico municipal de Feira de Santana: rodovi\u00e1rios da empresa Rosa continuam paralisados por falta de pagamento dos sal\u00e1rios","previousItem":{"@type":"ListItem","@id":"https:\/\/newsinfoco.com.br\/inicio\/category\/alagoinhas-e-regiao\/#listItem","name":"Alagoinhas e Regi\u00e3o"}}]},{"@type":"Organization","@id":"https:\/\/newsinfoco.com.br\/inicio\/#organization","name":"News In Foco - Editado por Caio Pimenta","description":"O principal site de noticias de Alagoinhas e regi\u00e3o","url":"https:\/\/newsinfoco.com.br\/inicio\/"},{"@type":"Person","@id":"https:\/\/newsinfoco.com.br\/inicio\/author\/administrador\/#author","url":"https:\/\/newsinfoco.com.br\/inicio\/author\/administrador\/","name":"administrador","image":{"@type":"ImageObject","@id":"https:\/\/newsinfoco.com.br\/inicio\/crise-no-transporte-publico-municipal-de-feira-de-santana-rodoviarios-da-empresa-rosa-continuam-paralisados-por-falta-de-pagamento-dos-salarios\/#authorImage","url":"https:\/\/secure.gravatar.com\/avatar\/c17a617433de8c1dc9584bb79aab7563b46f5bb7e1728c9b17d9cc3ce6a08e49?s=96&d=mm&r=g","width":96,"height":96,"caption":"administrador"}},{"@type":"WebPage","@id":"https:\/\/newsinfoco.com.br\/inicio\/crise-no-transporte-publico-municipal-de-feira-de-santana-rodoviarios-da-empresa-rosa-continuam-paralisados-por-falta-de-pagamento-dos-salarios\/#webpage","url":"https:\/\/newsinfoco.com.br\/inicio\/crise-no-transporte-publico-municipal-de-feira-de-santana-rodoviarios-da-empresa-rosa-continuam-paralisados-por-falta-de-pagamento-dos-salarios\/","name":"Crise no transporte p\u00fablico municipal de Feira de Santana: rodovi\u00e1rios da empresa Rosa continuam paralisados por falta de pagamento dos sal\u00e1rios - News In Foco - Editado por Caio Pimenta","description":"Os usu\u00e1rios do transporte coletivo urbano de Feira de Santana chegam a mais um dia sem os \u00f4nibus da empresa Rosa. Desde ontem (7), os motoristas e cobradores da empresa paralisaram as atividades por falta de pagamento dos sal\u00e1rios. O Terminal Central continua fechado neste s\u00e1bado (8) e os passageiros aguardam os \u00f4nibus da empresa S\u00e3o Jo\u00e3o do","inLanguage":"pt-BR","isPartOf":{"@id":"https:\/\/newsinfoco.com.br\/inicio\/#website"},"breadcrumb":{"@id":"https:\/\/newsinfoco.com.br\/inicio\/crise-no-transporte-publico-municipal-de-feira-de-santana-rodoviarios-da-empresa-rosa-continuam-paralisados-por-falta-de-pagamento-dos-salarios\/#breadcrumblist"},"author":{"@id":"https:\/\/newsinfoco.com.br\/inicio\/author\/administrador\/#author"},"creator":{"@id":"https:\/\/newsinfoco.com.br\/inicio\/author\/administrador\/#author"},"image":{"@type":"ImageObject","url":"https:\/\/newsinfoco.com.br\/inicio\/wp-content\/uploads\/2022\/01\/WhatsApp-Image-2022-01-08-at-07.31.23.jpeg","@id":"https:\/\/newsinfoco.com.br\/inicio\/crise-no-transporte-publico-municipal-de-feira-de-santana-rodoviarios-da-empresa-rosa-continuam-paralisados-por-falta-de-pagamento-dos-salarios\/#mainImage","width":800,"height":533},"primaryImageOfPage":{"@id":"https:\/\/newsinfoco.com.br\/inicio\/crise-no-transporte-publico-municipal-de-feira-de-santana-rodoviarios-da-empresa-rosa-continuam-paralisados-por-falta-de-pagamento-dos-salarios\/#mainImage"},"datePublished":"2022-01-08T18:30:18-03:00","dateModified":"2022-01-08T18:43:14-03:00"},{"@type":"WebSite","@id":"https:\/\/newsinfoco.com.br\/inicio\/#website","url":"https:\/\/newsinfoco.com.br\/inicio\/","name":"News In Foco - Editado por Caio Pimenta","description":"O principal site de noticias de Alagoinhas e regi\u00e3o","inLanguage":"pt-BR","publisher":{"@id":"https:\/\/newsinfoco.com.br\/inicio\/#organization"}}]},"og:locale":"pt_BR","og:site_name":"News In Foco - Editado por Caio Pimenta - O principal site de noticias de Alagoinhas e regi\u00e3o","og:type":"article","og:title":"Crise no transporte p\u00fablico municipal de Feira de Santana: rodovi\u00e1rios da empresa Rosa continuam paralisados por falta de pagamento dos sal\u00e1rios - News In Foco - Editado por Caio Pimenta","og:description":"Os usu\u00e1rios do transporte coletivo urbano de Feira de Santana chegam a mais um dia sem os \u00f4nibus da empresa Rosa. Desde ontem (7), os motoristas e cobradores da empresa paralisaram as atividades por falta de pagamento dos sal\u00e1rios. O Terminal Central continua fechado neste s\u00e1bado (8) e os passageiros aguardam os \u00f4nibus da empresa S\u00e3o Jo\u00e3o do","og:url":"https:\/\/newsinfoco.com.br\/inicio\/crise-no-transporte-publico-municipal-de-feira-de-santana-rodoviarios-da-empresa-rosa-continuam-paralisados-por-falta-de-pagamento-dos-salarios\/","article:published_time":"2022-01-08T21:30:18+00:00","article:modified_time":"2022-01-08T21:43:14+00:00","twitter:card":"summary_large_image","twitter:title":"Crise no transporte p\u00fablico municipal de Feira de Santana: rodovi\u00e1rios da empresa Rosa continuam paralisados por falta de pagamento dos sal\u00e1rios - News In Foco - Editado por Caio Pimenta","twitter:description":"Os usu\u00e1rios do transporte coletivo urbano de Feira de Santana chegam a mais um dia sem os \u00f4nibus da empresa Rosa. Desde ontem (7), os motoristas e cobradores da empresa paralisaram as atividades por falta de pagamento dos sal\u00e1rios. O Terminal Central continua fechado neste s\u00e1bado (8) e os passageiros aguardam os \u00f4nibus da empresa S\u00e3o Jo\u00e3o do"},"aioseo_meta_data":{"post_id":"28299","title":null,"description":null,"keywords":null,"keyphrases":null,"primary_term":null,"canonical_url":null,"og_title":null,"og_description":null,"og_object_type":"default","og_image_type":"default","og_image_url":null,"og_image_width":null,"og_image_height":null,"og_image_custom_url":null,"og_image_custom_fields":null,"og_video":null,"og_custom_url":null,"og_article_section":null,"og_article_tags":null,"twitter_use_og":false,"twitter_card":"default","twitter_image_type":"default","twitter_image_url":null,"twitter_image_custom_url":null,"twitter_image_custom_fields":null,"twitter_title":null,"twitter_description":null,"schema":{"blockGraphs":[],"customGraphs":[],"default":{"data":{"Article":[],"Course":[],"Dataset":[],"FAQPage":[],"Movie":[],"Person":[],"Product":[],"ProductReview":[],"Car":[],"Recipe":[],"Service":[],"SoftwareApplication":[],"WebPage":[]},"graphName":"","isEnabled":true},"graphs":[]},"schema_type":"default","schema_type_options":null,"pillar_content":false,"robots_default":true,"robots_noindex":false,"robots_noarchive":false,"robots_nosnippet":false,"robots_nofollow":false,"robots_noimageindex":false,"robots_noodp":false,"robots_notranslate":false,"robots_max_snippet":null,"robots_max_videopreview":null,"robots_max_imagepreview":"large","priority":null,"frequency":null,"local_seo":null,"breadcrumb_settings":null,"limit_modified_date":false,"ai":null,"created":"2023-06-12 20:25:50","updated":"2025-07-11 06:38:47","seo_analyzer_scan_date":null},"aioseo_breadcrumb":"<div class=\"aioseo-breadcrumbs\"><span class=\"aioseo-breadcrumb\">\n\t\t\t<a href=\"https:\/\/newsinfoco.com.br\/inicio\" title=\"In\u00edcio\">In\u00edcio<\/a>\n\t\t<\/span><span class=\"aioseo-breadcrumb-separator\">&raquo;<\/span><span class=\"aioseo-breadcrumb\">\n\t\t\t<a href=\"https:\/\/newsinfoco.com.br\/inicio\/category\/alagoinhas-e-regiao\/\" title=\"Alagoinhas e Regi\u00e3o\">Alagoinhas e Regi\u00e3o<\/a>\n\t\t<\/span><span class=\"aioseo-breadcrumb-separator\">&raquo;<\/span><span class=\"aioseo-breadcrumb\">\n\t\t\tCrise no transporte p\u00fablico municipal de Feira de Santana: rodovi\u00e1rios da empresa Rosa continuam paralisados por falta de pagamento dos sal\u00e1rios\n\t\t<\/span><\/div>","aioseo_breadcrumb_json":[{"label":"In\u00edcio","link":"https:\/\/newsinfoco.com.br\/inicio"},{"label":"Alagoinhas e Regi\u00e3o","link":"https:\/\/newsinfoco.com.br\/inicio\/category\/alagoinhas-e-regiao\/"},{"label":"Crise no transporte p\u00fablico municipal de Feira de Santana: rodovi\u00e1rios da empresa Rosa continuam paralisados por falta de pagamento dos sal\u00e1rios","link":"https:\/\/newsinfoco.com.br\/inicio\/crise-no-transporte-publico-municipal-de-feira-de-santana-rodoviarios-da-empresa-rosa-continuam-paralisados-por-falta-de-pagamento-dos-salarios\/"}],"_links":{"self":[{"href":"https:\/\/newsinfoco.com.br\/inicio\/wp-json\/wp\/v2\/posts\/28299","targetHints":{"allow":["GET"]}}],"collection":[{"href":"https:\/\/newsinfoco.com.br\/inicio\/wp-json\/wp\/v2\/posts"}],"about":[{"href":"https:\/\/newsinfoco.com.br\/inicio\/wp-json\/wp\/v2\/types\/post"}],"author":[{"embeddable":true,"href":"https:\/\/newsinfoco.com.br\/inicio\/wp-json\/wp\/v2\/users\/1"}],"replies":[{"embeddable":true,"href":"https:\/\/newsinfoco.com.br\/inicio\/wp-json\/wp\/v2\/comments?post=28299"}],"version-history":[{"count":4,"href":"https:\/\/newsinfoco.com.br\/inicio\/wp-json\/wp\/v2\/posts\/28299\/revisions"}],"predecessor-version":[{"id":28304,"href":"https:\/\/newsinfoco.com.br\/inicio\/wp-json\/wp\/v2\/posts\/28299\/revisions\/28304"}],"wp:featuredmedia":[{"embeddable":true,"href":"https:\/\/newsinfoco.com.br\/inicio\/wp-json\/wp\/v2\/media\/28300"}],"wp:attachment":[{"href":"https:\/\/newsinfoco.com.br\/inicio\/wp-json\/wp\/v2\/media?parent=28299"}],"wp:term":[{"taxonomy":"category","embeddable":true,"href":"https:\/\/newsinfoco.com.br\/inicio\/wp-json\/wp\/v2\/categories?post=28299"},{"taxonomy":"post_tag","embeddable":true,"href":"https:\/\/newsinfoco.com.br\/inicio\/wp-json\/wp\/v2\/tags?post=28299"}],"curies":[{"name":"wp","href":"https:\/\/api.w.org\/{rel}","templated":true}]}}