{"id":28305,"date":"2022-01-08T19:08:20","date_gmt":"2022-01-08T22:08:20","guid":{"rendered":"https:\/\/newsinfoco.com.br\/inicio\/?p=28305"},"modified":"2022-01-08T19:08:20","modified_gmt":"2022-01-08T22:08:20","slug":"partidos-temem-que-stf-barre-federacoes-em-plenario","status":"publish","type":"post","link":"https:\/\/newsinfoco.com.br\/inicio\/partidos-temem-que-stf-barre-federacoes-em-plenario\/","title":{"rendered":"Partidos temem que STF barre federa\u00e7\u00f5es em plen\u00e1rio"},"content":{"rendered":"<p>Os partidos que pretendem se unir a outras legendas em uma federa\u00e7\u00e3o, como forma de juntar for\u00e7as e angariar mais votos, est\u00e3o tensos por causa da decis\u00e3o do Supremo Tribunal Federal (STF) de levar a quest\u00e3o a voto em plen\u00e1rio. As informa\u00e7\u00f5es s\u00e3o da coluna de Monica Bergamo, do Jornal Folha de S\u00e3o Paulo.<\/p>\n<p>Eles viram na decis\u00e3o, prossegue a jornalista, um sinal de que os magistrados podem barrar as federa\u00e7\u00f5es, alterando os planos de diversos partidos, como PT, PSB, PC do B, Rede e PSOL, de unirem for\u00e7as nas elei\u00e7\u00f5es de 2022 \u2014e tamb\u00e9m depois para governar. Pela lei das federa\u00e7\u00f5es, elas devem durar no m\u00ednimo quatro anos, quando as legendas devem atuar juntas \u2014mas preservando suas identidades.<\/p>\n<p>Alguns magistrados, na verdade, querem discutir o assunto com maior profundidade. A ideia \u00e9 evitar que as federa\u00e7\u00f5es propiciem, na pr\u00e1tica, a volta das coliga\u00e7\u00f5es, j\u00e1 vetadas pela Corte. A colunista lembra que as coliga\u00e7\u00f5es geravam efeitos considerados perniciosos para a democracia, permitindo uma pulveriza\u00e7\u00e3o de partidos e um descompromisso dos parlamentares, depois de eleitos, de seguirem qualquer programa pol\u00edtico consistente.<\/p>\n<p>Ministros do Supremo temem, por exemplo, que o Congresso aprove leis no futuro desobrigando partidos que est\u00e3o em federa\u00e7\u00f5es de seguirem um programa comum, distorcendo o sentido da lei que autorizou esse tipo de uni\u00e3o. A tend\u00eancia, portanto, \u00e9 a de que as federa\u00e7\u00f5es passem pelo crivo do STF e sobrevivam \u2014mas com regras estritas para que n\u00e3o haja desvios e atalhos que esvaziem a sua finalidade.<\/p>\n<p>Politicalivre<\/p>\n<div class='share-to-whatsapp-wrapper'><div class='share-on-whsp'>Share on: <\/div><a data-text='Partidos temem que STF barre federa\u00e7\u00f5es em plen\u00e1rio' data-link='https:\/\/newsinfoco.com.br\/inicio\/partidos-temem-que-stf-barre-federacoes-em-plenario\/' class='whatsapp-button whatsapp-share'>WhatsApp<\/a><div class='clear '><\/div><\/div>","protected":false},"excerpt":{"rendered":"<p>Os partidos que pretendem se unir a outras legendas em uma federa\u00e7\u00e3o, como forma de juntar for\u00e7as e angariar mais votos, est\u00e3o tensos por causa da decis\u00e3o do Supremo Tribunal Federal (STF) de levar a quest\u00e3o a voto em plen\u00e1rio. As informa\u00e7\u00f5es s\u00e3o da coluna de Monica Bergamo, do Jornal Folha de S\u00e3o Paulo. Eles [&hellip;]<\/p>\n","protected":false},"author":1,"featured_media":19146,"comment_status":"closed","ping_status":"closed","sticky":false,"template":"","format":"standard","meta":{"om_disable_all_campaigns":false,"rop_custom_images_group":[],"rop_custom_messages_group":[],"rop_publish_now":"initial","rop_publish_now_accounts":[],"rop_publish_now_history":[],"rop_publish_now_status":"pending","_exactmetrics_skip_tracking":false,"footnotes":""},"categories":[21],"tags":[],"class_list":["post-28305","post","type-post","status-publish","format-standard","has-post-thumbnail","hentry","category-brasil"],"aioseo_notices":[],"aioseo_head":"\n\t\t<!-- All in One SEO 4.9.10 - aioseo.com -->\n\t<meta name=\"description\" content=\"Os partidos que pretendem se unir a outras legendas em uma federa\u00e7\u00e3o, como forma de juntar for\u00e7as e angariar mais votos, est\u00e3o tensos por causa da decis\u00e3o do Supremo Tribunal Federal (STF) de levar a quest\u00e3o a voto em plen\u00e1rio. As informa\u00e7\u00f5es s\u00e3o da coluna de Monica Bergamo, do Jornal Folha de S\u00e3o Paulo. Eles\" \/>\n\t<meta name=\"robots\" content=\"max-image-preview:large\" \/>\n\t<meta name=\"author\" content=\"administrador\"\/>\n\t<link rel=\"canonical\" href=\"https:\/\/newsinfoco.com.br\/inicio\/partidos-temem-que-stf-barre-federacoes-em-plenario\/\" \/>\n\t<meta name=\"generator\" content=\"All in One SEO (AIOSEO) 4.9.10\" \/>\n\t\t<meta property=\"og:locale\" content=\"pt_BR\" \/>\n\t\t<meta property=\"og:site_name\" content=\"News In Foco - Editado por Caio Pimenta - O principal site de noticias de Alagoinhas e regi\u00e3o\" \/>\n\t\t<meta property=\"og:type\" content=\"article\" \/>\n\t\t<meta property=\"og:title\" content=\"Partidos temem que STF barre federa\u00e7\u00f5es em plen\u00e1rio - News In Foco - Editado por Caio Pimenta\" \/>\n\t\t<meta property=\"og:description\" content=\"Os partidos que pretendem se unir a outras legendas em uma federa\u00e7\u00e3o, como forma de juntar for\u00e7as e angariar mais votos, est\u00e3o tensos por causa da decis\u00e3o do Supremo Tribunal Federal (STF) de levar a quest\u00e3o a voto em plen\u00e1rio. As informa\u00e7\u00f5es s\u00e3o da coluna de Monica Bergamo, do Jornal Folha de S\u00e3o Paulo. Eles\" \/>\n\t\t<meta property=\"og:url\" content=\"https:\/\/newsinfoco.com.br\/inicio\/partidos-temem-que-stf-barre-federacoes-em-plenario\/\" \/>\n\t\t<meta property=\"article:published_time\" content=\"2022-01-08T22:08:20+00:00\" \/>\n\t\t<meta property=\"article:modified_time\" content=\"2022-01-08T22:08:20+00:00\" \/>\n\t\t<meta name=\"twitter:card\" content=\"summary_large_image\" \/>\n\t\t<meta name=\"twitter:title\" content=\"Partidos temem que STF barre federa\u00e7\u00f5es em plen\u00e1rio - News In Foco - Editado por Caio Pimenta\" \/>\n\t\t<meta name=\"twitter:description\" content=\"Os partidos que pretendem se unir a outras legendas em uma federa\u00e7\u00e3o, como forma de juntar for\u00e7as e angariar mais votos, est\u00e3o tensos por causa da decis\u00e3o do Supremo Tribunal Federal (STF) de levar a quest\u00e3o a voto em plen\u00e1rio. As informa\u00e7\u00f5es s\u00e3o da coluna de Monica Bergamo, do Jornal Folha de S\u00e3o Paulo. Eles\" \/>\n\t\t<script type=\"application\/ld+json\" class=\"aioseo-schema\">\n\t\t\t{\"@context\":\"https:\\\/\\\/schema.org\",\"@graph\":[{\"@type\":\"BlogPosting\",\"@id\":\"https:\\\/\\\/newsinfoco.com.br\\\/inicio\\\/partidos-temem-que-stf-barre-federacoes-em-plenario\\\/#blogposting\",\"name\":\"Partidos temem que STF barre federa\\u00e7\\u00f5es em plen\\u00e1rio - News In Foco - Editado por Caio Pimenta\",\"headline\":\"Partidos temem que STF barre federa\\u00e7\\u00f5es em plen\\u00e1rio\",\"author\":{\"@id\":\"https:\\\/\\\/newsinfoco.com.br\\\/inicio\\\/author\\\/administrador\\\/#author\"},\"publisher\":{\"@id\":\"https:\\\/\\\/newsinfoco.com.br\\\/inicio\\\/#organization\"},\"image\":{\"@type\":\"ImageObject\",\"url\":\"https:\\\/\\\/newsinfoco.com.br\\\/inicio\\\/wp-content\\\/uploads\\\/2019\\\/12\\\/edit_fcpzzb_abr_241020196172.jpg\",\"width\":1140,\"height\":760,\"caption\":\"Abertura do terceiro dia de julgamento sobre a validade da pris\\u00e3o em segunda inst\\u00e2ncia no  Supremo Tribunal Federal (STF)\"},\"datePublished\":\"2022-01-08T19:08:20-03:00\",\"dateModified\":\"2022-01-08T19:08:20-03:00\",\"inLanguage\":\"pt-BR\",\"mainEntityOfPage\":{\"@id\":\"https:\\\/\\\/newsinfoco.com.br\\\/inicio\\\/partidos-temem-que-stf-barre-federacoes-em-plenario\\\/#webpage\"},\"isPartOf\":{\"@id\":\"https:\\\/\\\/newsinfoco.com.br\\\/inicio\\\/partidos-temem-que-stf-barre-federacoes-em-plenario\\\/#webpage\"},\"articleSection\":\"Brasil\"},{\"@type\":\"BreadcrumbList\",\"@id\":\"https:\\\/\\\/newsinfoco.com.br\\\/inicio\\\/partidos-temem-que-stf-barre-federacoes-em-plenario\\\/#breadcrumblist\",\"itemListElement\":[{\"@type\":\"ListItem\",\"@id\":\"https:\\\/\\\/newsinfoco.com.br\\\/inicio#listItem\",\"position\":1,\"name\":\"In\\u00edcio\",\"item\":\"https:\\\/\\\/newsinfoco.com.br\\\/inicio\",\"nextItem\":{\"@type\":\"ListItem\",\"@id\":\"https:\\\/\\\/newsinfoco.com.br\\\/inicio\\\/category\\\/brasil\\\/#listItem\",\"name\":\"Brasil\"}},{\"@type\":\"ListItem\",\"@id\":\"https:\\\/\\\/newsinfoco.com.br\\\/inicio\\\/category\\\/brasil\\\/#listItem\",\"position\":2,\"name\":\"Brasil\",\"item\":\"https:\\\/\\\/newsinfoco.com.br\\\/inicio\\\/category\\\/brasil\\\/\",\"nextItem\":{\"@type\":\"ListItem\",\"@id\":\"https:\\\/\\\/newsinfoco.com.br\\\/inicio\\\/partidos-temem-que-stf-barre-federacoes-em-plenario\\\/#listItem\",\"name\":\"Partidos temem que STF barre federa\\u00e7\\u00f5es em plen\\u00e1rio\"},\"previousItem\":{\"@type\":\"ListItem\",\"@id\":\"https:\\\/\\\/newsinfoco.com.br\\\/inicio#listItem\",\"name\":\"In\\u00edcio\"}},{\"@type\":\"ListItem\",\"@id\":\"https:\\\/\\\/newsinfoco.com.br\\\/inicio\\\/partidos-temem-que-stf-barre-federacoes-em-plenario\\\/#listItem\",\"position\":3,\"name\":\"Partidos temem que STF barre federa\\u00e7\\u00f5es em plen\\u00e1rio\",\"previousItem\":{\"@type\":\"ListItem\",\"@id\":\"https:\\\/\\\/newsinfoco.com.br\\\/inicio\\\/category\\\/brasil\\\/#listItem\",\"name\":\"Brasil\"}}]},{\"@type\":\"Organization\",\"@id\":\"https:\\\/\\\/newsinfoco.com.br\\\/inicio\\\/#organization\",\"name\":\"News In Foco - Editado por Caio Pimenta\",\"description\":\"O principal site de noticias de Alagoinhas e regi\\u00e3o\",\"url\":\"https:\\\/\\\/newsinfoco.com.br\\\/inicio\\\/\"},{\"@type\":\"Person\",\"@id\":\"https:\\\/\\\/newsinfoco.com.br\\\/inicio\\\/author\\\/administrador\\\/#author\",\"url\":\"https:\\\/\\\/newsinfoco.com.br\\\/inicio\\\/author\\\/administrador\\\/\",\"name\":\"administrador\",\"image\":{\"@type\":\"ImageObject\",\"@id\":\"https:\\\/\\\/newsinfoco.com.br\\\/inicio\\\/partidos-temem-que-stf-barre-federacoes-em-plenario\\\/#authorImage\",\"url\":\"https:\\\/\\\/secure.gravatar.com\\\/avatar\\\/c17a617433de8c1dc9584bb79aab7563b46f5bb7e1728c9b17d9cc3ce6a08e49?s=96&d=mm&r=g\",\"width\":96,\"height\":96,\"caption\":\"administrador\"}},{\"@type\":\"WebPage\",\"@id\":\"https:\\\/\\\/newsinfoco.com.br\\\/inicio\\\/partidos-temem-que-stf-barre-federacoes-em-plenario\\\/#webpage\",\"url\":\"https:\\\/\\\/newsinfoco.com.br\\\/inicio\\\/partidos-temem-que-stf-barre-federacoes-em-plenario\\\/\",\"name\":\"Partidos temem que STF barre federa\\u00e7\\u00f5es em plen\\u00e1rio - News In Foco - Editado por Caio Pimenta\",\"description\":\"Os partidos que pretendem se unir a outras legendas em uma federa\\u00e7\\u00e3o, como forma de juntar for\\u00e7as e angariar mais votos, est\\u00e3o tensos por causa da decis\\u00e3o do Supremo Tribunal Federal (STF) de levar a quest\\u00e3o a voto em plen\\u00e1rio. As informa\\u00e7\\u00f5es s\\u00e3o da coluna de Monica Bergamo, do Jornal Folha de S\\u00e3o Paulo. Eles\",\"inLanguage\":\"pt-BR\",\"isPartOf\":{\"@id\":\"https:\\\/\\\/newsinfoco.com.br\\\/inicio\\\/#website\"},\"breadcrumb\":{\"@id\":\"https:\\\/\\\/newsinfoco.com.br\\\/inicio\\\/partidos-temem-que-stf-barre-federacoes-em-plenario\\\/#breadcrumblist\"},\"author\":{\"@id\":\"https:\\\/\\\/newsinfoco.com.br\\\/inicio\\\/author\\\/administrador\\\/#author\"},\"creator\":{\"@id\":\"https:\\\/\\\/newsinfoco.com.br\\\/inicio\\\/author\\\/administrador\\\/#author\"},\"image\":{\"@type\":\"ImageObject\",\"url\":\"https:\\\/\\\/newsinfoco.com.br\\\/inicio\\\/wp-content\\\/uploads\\\/2019\\\/12\\\/edit_fcpzzb_abr_241020196172.jpg\",\"@id\":\"https:\\\/\\\/newsinfoco.com.br\\\/inicio\\\/partidos-temem-que-stf-barre-federacoes-em-plenario\\\/#mainImage\",\"width\":1140,\"height\":760,\"caption\":\"Abertura do terceiro dia de julgamento sobre a validade da pris\\u00e3o em segunda inst\\u00e2ncia no  Supremo Tribunal Federal (STF)\"},\"primaryImageOfPage\":{\"@id\":\"https:\\\/\\\/newsinfoco.com.br\\\/inicio\\\/partidos-temem-que-stf-barre-federacoes-em-plenario\\\/#mainImage\"},\"datePublished\":\"2022-01-08T19:08:20-03:00\",\"dateModified\":\"2022-01-08T19:08:20-03:00\"},{\"@type\":\"WebSite\",\"@id\":\"https:\\\/\\\/newsinfoco.com.br\\\/inicio\\\/#website\",\"url\":\"https:\\\/\\\/newsinfoco.com.br\\\/inicio\\\/\",\"name\":\"News In Foco - Editado por Caio Pimenta\",\"description\":\"O principal site de noticias de Alagoinhas e regi\\u00e3o\",\"inLanguage\":\"pt-BR\",\"publisher\":{\"@id\":\"https:\\\/\\\/newsinfoco.com.br\\\/inicio\\\/#organization\"}}]}\n\t\t<\/script>\n\t\t<!-- All in One SEO -->\n\n","aioseo_head_json":{"title":"Partidos temem que STF barre federa\u00e7\u00f5es em plen\u00e1rio - News In Foco - Editado por Caio Pimenta","description":"Os partidos que pretendem se unir a outras legendas em uma federa\u00e7\u00e3o, como forma de juntar for\u00e7as e angariar mais votos, est\u00e3o tensos por causa da decis\u00e3o do Supremo Tribunal Federal (STF) de levar a quest\u00e3o a voto em plen\u00e1rio. As informa\u00e7\u00f5es s\u00e3o da coluna de Monica Bergamo, do Jornal Folha de S\u00e3o Paulo. Eles","canonical_url":"https:\/\/newsinfoco.com.br\/inicio\/partidos-temem-que-stf-barre-federacoes-em-plenario\/","robots":"max-image-preview:large","keywords":"","webmasterTools":{"miscellaneous":""},"schema":{"@context":"https:\/\/schema.org","@graph":[{"@type":"BlogPosting","@id":"https:\/\/newsinfoco.com.br\/inicio\/partidos-temem-que-stf-barre-federacoes-em-plenario\/#blogposting","name":"Partidos temem que STF barre federa\u00e7\u00f5es em plen\u00e1rio - News In Foco - Editado por Caio Pimenta","headline":"Partidos temem que STF barre federa\u00e7\u00f5es em plen\u00e1rio","author":{"@id":"https:\/\/newsinfoco.com.br\/inicio\/author\/administrador\/#author"},"publisher":{"@id":"https:\/\/newsinfoco.com.br\/inicio\/#organization"},"image":{"@type":"ImageObject","url":"https:\/\/newsinfoco.com.br\/inicio\/wp-content\/uploads\/2019\/12\/edit_fcpzzb_abr_241020196172.jpg","width":1140,"height":760,"caption":"Abertura do terceiro dia de julgamento sobre a validade da pris\u00e3o em segunda inst\u00e2ncia no  Supremo Tribunal Federal (STF)"},"datePublished":"2022-01-08T19:08:20-03:00","dateModified":"2022-01-08T19:08:20-03:00","inLanguage":"pt-BR","mainEntityOfPage":{"@id":"https:\/\/newsinfoco.com.br\/inicio\/partidos-temem-que-stf-barre-federacoes-em-plenario\/#webpage"},"isPartOf":{"@id":"https:\/\/newsinfoco.com.br\/inicio\/partidos-temem-que-stf-barre-federacoes-em-plenario\/#webpage"},"articleSection":"Brasil"},{"@type":"BreadcrumbList","@id":"https:\/\/newsinfoco.com.br\/inicio\/partidos-temem-que-stf-barre-federacoes-em-plenario\/#breadcrumblist","itemListElement":[{"@type":"ListItem","@id":"https:\/\/newsinfoco.com.br\/inicio#listItem","position":1,"name":"In\u00edcio","item":"https:\/\/newsinfoco.com.br\/inicio","nextItem":{"@type":"ListItem","@id":"https:\/\/newsinfoco.com.br\/inicio\/category\/brasil\/#listItem","name":"Brasil"}},{"@type":"ListItem","@id":"https:\/\/newsinfoco.com.br\/inicio\/category\/brasil\/#listItem","position":2,"name":"Brasil","item":"https:\/\/newsinfoco.com.br\/inicio\/category\/brasil\/","nextItem":{"@type":"ListItem","@id":"https:\/\/newsinfoco.com.br\/inicio\/partidos-temem-que-stf-barre-federacoes-em-plenario\/#listItem","name":"Partidos temem que STF barre federa\u00e7\u00f5es em plen\u00e1rio"},"previousItem":{"@type":"ListItem","@id":"https:\/\/newsinfoco.com.br\/inicio#listItem","name":"In\u00edcio"}},{"@type":"ListItem","@id":"https:\/\/newsinfoco.com.br\/inicio\/partidos-temem-que-stf-barre-federacoes-em-plenario\/#listItem","position":3,"name":"Partidos temem que STF barre federa\u00e7\u00f5es em plen\u00e1rio","previousItem":{"@type":"ListItem","@id":"https:\/\/newsinfoco.com.br\/inicio\/category\/brasil\/#listItem","name":"Brasil"}}]},{"@type":"Organization","@id":"https:\/\/newsinfoco.com.br\/inicio\/#organization","name":"News In Foco - Editado por Caio Pimenta","description":"O principal site de noticias de Alagoinhas e regi\u00e3o","url":"https:\/\/newsinfoco.com.br\/inicio\/"},{"@type":"Person","@id":"https:\/\/newsinfoco.com.br\/inicio\/author\/administrador\/#author","url":"https:\/\/newsinfoco.com.br\/inicio\/author\/administrador\/","name":"administrador","image":{"@type":"ImageObject","@id":"https:\/\/newsinfoco.com.br\/inicio\/partidos-temem-que-stf-barre-federacoes-em-plenario\/#authorImage","url":"https:\/\/secure.gravatar.com\/avatar\/c17a617433de8c1dc9584bb79aab7563b46f5bb7e1728c9b17d9cc3ce6a08e49?s=96&d=mm&r=g","width":96,"height":96,"caption":"administrador"}},{"@type":"WebPage","@id":"https:\/\/newsinfoco.com.br\/inicio\/partidos-temem-que-stf-barre-federacoes-em-plenario\/#webpage","url":"https:\/\/newsinfoco.com.br\/inicio\/partidos-temem-que-stf-barre-federacoes-em-plenario\/","name":"Partidos temem que STF barre federa\u00e7\u00f5es em plen\u00e1rio - News In Foco - Editado por Caio Pimenta","description":"Os partidos que pretendem se unir a outras legendas em uma federa\u00e7\u00e3o, como forma de juntar for\u00e7as e angariar mais votos, est\u00e3o tensos por causa da decis\u00e3o do Supremo Tribunal Federal (STF) de levar a quest\u00e3o a voto em plen\u00e1rio. As informa\u00e7\u00f5es s\u00e3o da coluna de Monica Bergamo, do Jornal Folha de S\u00e3o Paulo. Eles","inLanguage":"pt-BR","isPartOf":{"@id":"https:\/\/newsinfoco.com.br\/inicio\/#website"},"breadcrumb":{"@id":"https:\/\/newsinfoco.com.br\/inicio\/partidos-temem-que-stf-barre-federacoes-em-plenario\/#breadcrumblist"},"author":{"@id":"https:\/\/newsinfoco.com.br\/inicio\/author\/administrador\/#author"},"creator":{"@id":"https:\/\/newsinfoco.com.br\/inicio\/author\/administrador\/#author"},"image":{"@type":"ImageObject","url":"https:\/\/newsinfoco.com.br\/inicio\/wp-content\/uploads\/2019\/12\/edit_fcpzzb_abr_241020196172.jpg","@id":"https:\/\/newsinfoco.com.br\/inicio\/partidos-temem-que-stf-barre-federacoes-em-plenario\/#mainImage","width":1140,"height":760,"caption":"Abertura do terceiro dia de julgamento sobre a validade da pris\u00e3o em segunda inst\u00e2ncia no  Supremo Tribunal Federal (STF)"},"primaryImageOfPage":{"@id":"https:\/\/newsinfoco.com.br\/inicio\/partidos-temem-que-stf-barre-federacoes-em-plenario\/#mainImage"},"datePublished":"2022-01-08T19:08:20-03:00","dateModified":"2022-01-08T19:08:20-03:00"},{"@type":"WebSite","@id":"https:\/\/newsinfoco.com.br\/inicio\/#website","url":"https:\/\/newsinfoco.com.br\/inicio\/","name":"News In Foco - Editado por Caio Pimenta","description":"O principal site de noticias de Alagoinhas e regi\u00e3o","inLanguage":"pt-BR","publisher":{"@id":"https:\/\/newsinfoco.com.br\/inicio\/#organization"}}]},"og:locale":"pt_BR","og:site_name":"News In Foco - Editado por Caio Pimenta - O principal site de noticias de Alagoinhas e regi\u00e3o","og:type":"article","og:title":"Partidos temem que STF barre federa\u00e7\u00f5es em plen\u00e1rio - News In Foco - Editado por Caio Pimenta","og:description":"Os partidos que pretendem se unir a outras legendas em uma federa\u00e7\u00e3o, como forma de juntar for\u00e7as e angariar mais votos, est\u00e3o tensos por causa da decis\u00e3o do Supremo Tribunal Federal (STF) de levar a quest\u00e3o a voto em plen\u00e1rio. As informa\u00e7\u00f5es s\u00e3o da coluna de Monica Bergamo, do Jornal Folha de S\u00e3o Paulo. Eles","og:url":"https:\/\/newsinfoco.com.br\/inicio\/partidos-temem-que-stf-barre-federacoes-em-plenario\/","article:published_time":"2022-01-08T22:08:20+00:00","article:modified_time":"2022-01-08T22:08:20+00:00","twitter:card":"summary_large_image","twitter:title":"Partidos temem que STF barre federa\u00e7\u00f5es em plen\u00e1rio - News In Foco - Editado por Caio Pimenta","twitter:description":"Os partidos que pretendem se unir a outras legendas em uma federa\u00e7\u00e3o, como forma de juntar for\u00e7as e angariar mais votos, est\u00e3o tensos por causa da decis\u00e3o do Supremo Tribunal Federal (STF) de levar a quest\u00e3o a voto em plen\u00e1rio. As informa\u00e7\u00f5es s\u00e3o da coluna de Monica Bergamo, do Jornal Folha de S\u00e3o Paulo. Eles"},"aioseo_meta_data":{"post_id":"28305","title":null,"description":null,"keywords":null,"keyphrases":null,"primary_term":null,"canonical_url":null,"og_title":null,"og_description":null,"og_object_type":"default","og_image_type":"default","og_image_url":null,"og_image_width":null,"og_image_height":null,"og_image_custom_url":null,"og_image_custom_fields":null,"og_video":null,"og_custom_url":null,"og_article_section":null,"og_article_tags":null,"twitter_use_og":false,"twitter_card":"default","twitter_image_type":"default","twitter_image_url":null,"twitter_image_custom_url":null,"twitter_image_custom_fields":null,"twitter_title":null,"twitter_description":null,"schema":{"blockGraphs":[],"customGraphs":[],"default":{"data":{"Article":[],"Course":[],"Dataset":[],"FAQPage":[],"Movie":[],"Person":[],"Product":[],"ProductReview":[],"Car":[],"Recipe":[],"Service":[],"SoftwareApplication":[],"WebPage":[]},"graphName":"","isEnabled":true},"graphs":[]},"schema_type":"default","schema_type_options":null,"pillar_content":false,"robots_default":true,"robots_noindex":false,"robots_noarchive":false,"robots_nosnippet":false,"robots_nofollow":false,"robots_noimageindex":false,"robots_noodp":false,"robots_notranslate":false,"robots_max_snippet":null,"robots_max_videopreview":null,"robots_max_imagepreview":"large","priority":null,"frequency":null,"local_seo":null,"breadcrumb_settings":null,"limit_modified_date":false,"ai":null,"created":"2023-06-12 20:25:50","updated":"2025-07-11 06:38:47","seo_analyzer_scan_date":null},"aioseo_breadcrumb":"<div class=\"aioseo-breadcrumbs\"><span class=\"aioseo-breadcrumb\">\n\t\t\t<a href=\"https:\/\/newsinfoco.com.br\/inicio\" title=\"In\u00edcio\">In\u00edcio<\/a>\n\t\t<\/span><span class=\"aioseo-breadcrumb-separator\">&raquo;<\/span><span class=\"aioseo-breadcrumb\">\n\t\t\t<a href=\"https:\/\/newsinfoco.com.br\/inicio\/category\/brasil\/\" title=\"Brasil\">Brasil<\/a>\n\t\t<\/span><span class=\"aioseo-breadcrumb-separator\">&raquo;<\/span><span class=\"aioseo-breadcrumb\">\n\t\t\tPartidos temem que STF barre federa\u00e7\u00f5es em plen\u00e1rio\n\t\t<\/span><\/div>","aioseo_breadcrumb_json":[{"label":"In\u00edcio","link":"https:\/\/newsinfoco.com.br\/inicio"},{"label":"Brasil","link":"https:\/\/newsinfoco.com.br\/inicio\/category\/brasil\/"},{"label":"Partidos temem que STF barre federa\u00e7\u00f5es em plen\u00e1rio","link":"https:\/\/newsinfoco.com.br\/inicio\/partidos-temem-que-stf-barre-federacoes-em-plenario\/"}],"_links":{"self":[{"href":"https:\/\/newsinfoco.com.br\/inicio\/wp-json\/wp\/v2\/posts\/28305","targetHints":{"allow":["GET"]}}],"collection":[{"href":"https:\/\/newsinfoco.com.br\/inicio\/wp-json\/wp\/v2\/posts"}],"about":[{"href":"https:\/\/newsinfoco.com.br\/inicio\/wp-json\/wp\/v2\/types\/post"}],"author":[{"embeddable":true,"href":"https:\/\/newsinfoco.com.br\/inicio\/wp-json\/wp\/v2\/users\/1"}],"replies":[{"embeddable":true,"href":"https:\/\/newsinfoco.com.br\/inicio\/wp-json\/wp\/v2\/comments?post=28305"}],"version-history":[{"count":2,"href":"https:\/\/newsinfoco.com.br\/inicio\/wp-json\/wp\/v2\/posts\/28305\/revisions"}],"predecessor-version":[{"id":28307,"href":"https:\/\/newsinfoco.com.br\/inicio\/wp-json\/wp\/v2\/posts\/28305\/revisions\/28307"}],"wp:featuredmedia":[{"embeddable":true,"href":"https:\/\/newsinfoco.com.br\/inicio\/wp-json\/wp\/v2\/media\/19146"}],"wp:attachment":[{"href":"https:\/\/newsinfoco.com.br\/inicio\/wp-json\/wp\/v2\/media?parent=28305"}],"wp:term":[{"taxonomy":"category","embeddable":true,"href":"https:\/\/newsinfoco.com.br\/inicio\/wp-json\/wp\/v2\/categories?post=28305"},{"taxonomy":"post_tag","embeddable":true,"href":"https:\/\/newsinfoco.com.br\/inicio\/wp-json\/wp\/v2\/tags?post=28305"}],"curies":[{"name":"wp","href":"https:\/\/api.w.org\/{rel}","templated":true}]}}