{"id":28319,"date":"2022-01-10T16:34:26","date_gmt":"2022-01-10T19:34:26","guid":{"rendered":"https:\/\/newsinfoco.com.br\/inicio\/?p=28319"},"modified":"2022-01-10T16:34:26","modified_gmt":"2022-01-10T19:34:26","slug":"prefeitura-de-alagoinhas-anuncia-contratacao-de-novos-medicos-para-reforcar-atendimento-na-rede-municipal-de-saude","status":"publish","type":"post","link":"https:\/\/newsinfoco.com.br\/inicio\/prefeitura-de-alagoinhas-anuncia-contratacao-de-novos-medicos-para-reforcar-atendimento-na-rede-municipal-de-saude\/","title":{"rendered":"Prefeitura de Alagoinhas anuncia contrata\u00e7\u00e3o de novos m\u00e9dicos para refor\u00e7ar atendimento na rede municipal de sa\u00fade"},"content":{"rendered":"<p>A fim de garantir importantes refor\u00e7os nos servi\u00e7os de sa\u00fade p\u00fablica, a Prefeitura de Alagoinhas, por meio da Secretaria Municipal de Sa\u00fade, inicia 2022 com a contrata\u00e7\u00e3o de novos m\u00e9dicos para a cidade.<\/p>\n<p>Atrav\u00e9s de edital de credenciamento e rela\u00e7\u00e3o de profissionais aptos \u00e0 contrata\u00e7\u00e3o publicados no Di\u00e1rio Oficial do Munic\u00edpio, a prefeitura iniciou o processo de contrata\u00e7\u00e3o de m\u00e9dicos de diferentes especialidades, a fim de garantir \u00e0 popula\u00e7\u00e3o atendimento de melhor qualidade.<\/p>\n<p>Esses profissionais ser\u00e3o alocados nas Unidades de Sa\u00fade da Fam\u00edlia, no CAPS, na Policl\u00ednica Municipal, no CAIHD, no CECAF, EMAD, EMAP, no Grip\u00e1rio de Santa Terezinha, no SAMU, na Maternidade Municipal, e no CEREST.<\/p>\n<p>A partir de agora ser\u00e1 iniciada a recomposi\u00e7\u00e3o das diversas equipes de sa\u00fade do munic\u00edpio, uma promessa da secret\u00e1ria de Sa\u00fade La\u00edna Passos.<\/p>\n<div align=\"right\"><\/div>\n<div class='share-to-whatsapp-wrapper'><div class='share-on-whsp'>Share on: <\/div><a data-text='Prefeitura de Alagoinhas anuncia contrata\u00e7\u00e3o de novos m\u00e9dicos para refor\u00e7ar atendimento na rede municipal de sa\u00fade' data-link='https:\/\/newsinfoco.com.br\/inicio\/prefeitura-de-alagoinhas-anuncia-contratacao-de-novos-medicos-para-reforcar-atendimento-na-rede-municipal-de-saude\/' class='whatsapp-button whatsapp-share'>WhatsApp<\/a><div class='clear '><\/div><\/div>","protected":false},"excerpt":{"rendered":"<p>A fim de garantir importantes refor\u00e7os nos servi\u00e7os de sa\u00fade p\u00fablica, a Prefeitura de Alagoinhas, por meio da Secretaria Municipal de Sa\u00fade, inicia 2022 com a contrata\u00e7\u00e3o de novos m\u00e9dicos para a cidade. Atrav\u00e9s de edital de credenciamento e rela\u00e7\u00e3o de profissionais aptos \u00e0 contrata\u00e7\u00e3o publicados no Di\u00e1rio Oficial do Munic\u00edpio, a prefeitura iniciou o [&hellip;]<\/p>\n","protected":false},"author":1,"featured_media":26462,"comment_status":"closed","ping_status":"closed","sticky":false,"template":"","format":"standard","meta":{"om_disable_all_campaigns":false,"rop_custom_images_group":[],"rop_custom_messages_group":[],"rop_publish_now":"initial","rop_publish_now_accounts":[],"rop_publish_now_history":[],"rop_publish_now_status":"pending","_exactmetrics_skip_tracking":false,"footnotes":""},"categories":[38,167],"tags":[],"class_list":["post-28319","post","type-post","status-publish","format-standard","has-post-thumbnail","hentry","category-alagoinhas-e-regiao","category-exclusivas"],"aioseo_notices":[],"aioseo_head":"\n\t\t<!-- All in One SEO 4.9.10 - aioseo.com -->\n\t<meta name=\"description\" content=\"A fim de garantir importantes refor\u00e7os nos servi\u00e7os de sa\u00fade p\u00fablica, a Prefeitura de Alagoinhas, por meio da Secretaria Municipal de Sa\u00fade, inicia 2022 com a contrata\u00e7\u00e3o de novos m\u00e9dicos para a cidade. Atrav\u00e9s de edital de credenciamento e rela\u00e7\u00e3o de profissionais aptos \u00e0 contrata\u00e7\u00e3o publicados no Di\u00e1rio Oficial do Munic\u00edpio, a prefeitura iniciou o\" \/>\n\t<meta name=\"robots\" content=\"max-image-preview:large\" \/>\n\t<meta name=\"author\" content=\"administrador\"\/>\n\t<link rel=\"canonical\" href=\"https:\/\/newsinfoco.com.br\/inicio\/prefeitura-de-alagoinhas-anuncia-contratacao-de-novos-medicos-para-reforcar-atendimento-na-rede-municipal-de-saude\/\" \/>\n\t<meta name=\"generator\" content=\"All in One SEO (AIOSEO) 4.9.10\" \/>\n\t\t<meta property=\"og:locale\" content=\"pt_BR\" \/>\n\t\t<meta property=\"og:site_name\" content=\"News In Foco - Editado por Caio Pimenta - O principal site de noticias de Alagoinhas e regi\u00e3o\" \/>\n\t\t<meta property=\"og:type\" content=\"article\" \/>\n\t\t<meta property=\"og:title\" content=\"Prefeitura de Alagoinhas anuncia contrata\u00e7\u00e3o de novos m\u00e9dicos para refor\u00e7ar atendimento na rede municipal de sa\u00fade - News In Foco - Editado por Caio Pimenta\" \/>\n\t\t<meta property=\"og:description\" content=\"A fim de garantir importantes refor\u00e7os nos servi\u00e7os de sa\u00fade p\u00fablica, a Prefeitura de Alagoinhas, por meio da Secretaria Municipal de Sa\u00fade, inicia 2022 com a contrata\u00e7\u00e3o de novos m\u00e9dicos para a cidade. Atrav\u00e9s de edital de credenciamento e rela\u00e7\u00e3o de profissionais aptos \u00e0 contrata\u00e7\u00e3o publicados no Di\u00e1rio Oficial do Munic\u00edpio, a prefeitura iniciou o\" \/>\n\t\t<meta property=\"og:url\" content=\"https:\/\/newsinfoco.com.br\/inicio\/prefeitura-de-alagoinhas-anuncia-contratacao-de-novos-medicos-para-reforcar-atendimento-na-rede-municipal-de-saude\/\" \/>\n\t\t<meta property=\"article:published_time\" content=\"2022-01-10T19:34:26+00:00\" \/>\n\t\t<meta property=\"article:modified_time\" content=\"2022-01-10T19:34:26+00:00\" \/>\n\t\t<meta name=\"twitter:card\" content=\"summary_large_image\" \/>\n\t\t<meta name=\"twitter:title\" content=\"Prefeitura de Alagoinhas anuncia contrata\u00e7\u00e3o de novos m\u00e9dicos para refor\u00e7ar atendimento na rede municipal de sa\u00fade - News In Foco - Editado por Caio Pimenta\" \/>\n\t\t<meta name=\"twitter:description\" content=\"A fim de garantir importantes refor\u00e7os nos servi\u00e7os de sa\u00fade p\u00fablica, a Prefeitura de Alagoinhas, por meio da Secretaria Municipal de Sa\u00fade, inicia 2022 com a contrata\u00e7\u00e3o de novos m\u00e9dicos para a cidade. Atrav\u00e9s de edital de credenciamento e rela\u00e7\u00e3o de profissionais aptos \u00e0 contrata\u00e7\u00e3o publicados no Di\u00e1rio Oficial do Munic\u00edpio, a prefeitura iniciou o\" \/>\n\t\t<script type=\"application\/ld+json\" class=\"aioseo-schema\">\n\t\t\t{\"@context\":\"https:\\\/\\\/schema.org\",\"@graph\":[{\"@type\":\"BlogPosting\",\"@id\":\"https:\\\/\\\/newsinfoco.com.br\\\/inicio\\\/prefeitura-de-alagoinhas-anuncia-contratacao-de-novos-medicos-para-reforcar-atendimento-na-rede-municipal-de-saude\\\/#blogposting\",\"name\":\"Prefeitura de Alagoinhas anuncia contrata\\u00e7\\u00e3o de novos m\\u00e9dicos para refor\\u00e7ar atendimento na rede municipal de sa\\u00fade - News In Foco - Editado por Caio Pimenta\",\"headline\":\"Prefeitura de Alagoinhas anuncia contrata\\u00e7\\u00e3o de novos m\\u00e9dicos para refor\\u00e7ar atendimento na rede municipal de sa\\u00fade\",\"author\":{\"@id\":\"https:\\\/\\\/newsinfoco.com.br\\\/inicio\\\/author\\\/administrador\\\/#author\"},\"publisher\":{\"@id\":\"https:\\\/\\\/newsinfoco.com.br\\\/inicio\\\/#organization\"},\"image\":{\"@type\":\"ImageObject\",\"url\":\"https:\\\/\\\/newsinfoco.com.br\\\/inicio\\\/wp-content\\\/uploads\\\/2021\\\/09\\\/IMG-20210505-WA0068.jpg\",\"width\":903,\"height\":669},\"datePublished\":\"2022-01-10T16:34:26-03:00\",\"dateModified\":\"2022-01-10T16:34:26-03:00\",\"inLanguage\":\"pt-BR\",\"mainEntityOfPage\":{\"@id\":\"https:\\\/\\\/newsinfoco.com.br\\\/inicio\\\/prefeitura-de-alagoinhas-anuncia-contratacao-de-novos-medicos-para-reforcar-atendimento-na-rede-municipal-de-saude\\\/#webpage\"},\"isPartOf\":{\"@id\":\"https:\\\/\\\/newsinfoco.com.br\\\/inicio\\\/prefeitura-de-alagoinhas-anuncia-contratacao-de-novos-medicos-para-reforcar-atendimento-na-rede-municipal-de-saude\\\/#webpage\"},\"articleSection\":\"Alagoinhas e Regi\\u00e3o, Manchete\"},{\"@type\":\"BreadcrumbList\",\"@id\":\"https:\\\/\\\/newsinfoco.com.br\\\/inicio\\\/prefeitura-de-alagoinhas-anuncia-contratacao-de-novos-medicos-para-reforcar-atendimento-na-rede-municipal-de-saude\\\/#breadcrumblist\",\"itemListElement\":[{\"@type\":\"ListItem\",\"@id\":\"https:\\\/\\\/newsinfoco.com.br\\\/inicio#listItem\",\"position\":1,\"name\":\"In\\u00edcio\",\"item\":\"https:\\\/\\\/newsinfoco.com.br\\\/inicio\",\"nextItem\":{\"@type\":\"ListItem\",\"@id\":\"https:\\\/\\\/newsinfoco.com.br\\\/inicio\\\/category\\\/alagoinhas-e-regiao\\\/#listItem\",\"name\":\"Alagoinhas e Regi\\u00e3o\"}},{\"@type\":\"ListItem\",\"@id\":\"https:\\\/\\\/newsinfoco.com.br\\\/inicio\\\/category\\\/alagoinhas-e-regiao\\\/#listItem\",\"position\":2,\"name\":\"Alagoinhas e Regi\\u00e3o\",\"item\":\"https:\\\/\\\/newsinfoco.com.br\\\/inicio\\\/category\\\/alagoinhas-e-regiao\\\/\",\"nextItem\":{\"@type\":\"ListItem\",\"@id\":\"https:\\\/\\\/newsinfoco.com.br\\\/inicio\\\/prefeitura-de-alagoinhas-anuncia-contratacao-de-novos-medicos-para-reforcar-atendimento-na-rede-municipal-de-saude\\\/#listItem\",\"name\":\"Prefeitura de Alagoinhas anuncia contrata\\u00e7\\u00e3o de novos m\\u00e9dicos para refor\\u00e7ar atendimento na rede municipal de sa\\u00fade\"},\"previousItem\":{\"@type\":\"ListItem\",\"@id\":\"https:\\\/\\\/newsinfoco.com.br\\\/inicio#listItem\",\"name\":\"In\\u00edcio\"}},{\"@type\":\"ListItem\",\"@id\":\"https:\\\/\\\/newsinfoco.com.br\\\/inicio\\\/prefeitura-de-alagoinhas-anuncia-contratacao-de-novos-medicos-para-reforcar-atendimento-na-rede-municipal-de-saude\\\/#listItem\",\"position\":3,\"name\":\"Prefeitura de Alagoinhas anuncia contrata\\u00e7\\u00e3o de novos m\\u00e9dicos para refor\\u00e7ar atendimento na rede municipal de sa\\u00fade\",\"previousItem\":{\"@type\":\"ListItem\",\"@id\":\"https:\\\/\\\/newsinfoco.com.br\\\/inicio\\\/category\\\/alagoinhas-e-regiao\\\/#listItem\",\"name\":\"Alagoinhas e Regi\\u00e3o\"}}]},{\"@type\":\"Organization\",\"@id\":\"https:\\\/\\\/newsinfoco.com.br\\\/inicio\\\/#organization\",\"name\":\"News In Foco - Editado por Caio Pimenta\",\"description\":\"O principal site de noticias de Alagoinhas e regi\\u00e3o\",\"url\":\"https:\\\/\\\/newsinfoco.com.br\\\/inicio\\\/\"},{\"@type\":\"Person\",\"@id\":\"https:\\\/\\\/newsinfoco.com.br\\\/inicio\\\/author\\\/administrador\\\/#author\",\"url\":\"https:\\\/\\\/newsinfoco.com.br\\\/inicio\\\/author\\\/administrador\\\/\",\"name\":\"administrador\",\"image\":{\"@type\":\"ImageObject\",\"@id\":\"https:\\\/\\\/newsinfoco.com.br\\\/inicio\\\/prefeitura-de-alagoinhas-anuncia-contratacao-de-novos-medicos-para-reforcar-atendimento-na-rede-municipal-de-saude\\\/#authorImage\",\"url\":\"https:\\\/\\\/secure.gravatar.com\\\/avatar\\\/c17a617433de8c1dc9584bb79aab7563b46f5bb7e1728c9b17d9cc3ce6a08e49?s=96&d=mm&r=g\",\"width\":96,\"height\":96,\"caption\":\"administrador\"}},{\"@type\":\"WebPage\",\"@id\":\"https:\\\/\\\/newsinfoco.com.br\\\/inicio\\\/prefeitura-de-alagoinhas-anuncia-contratacao-de-novos-medicos-para-reforcar-atendimento-na-rede-municipal-de-saude\\\/#webpage\",\"url\":\"https:\\\/\\\/newsinfoco.com.br\\\/inicio\\\/prefeitura-de-alagoinhas-anuncia-contratacao-de-novos-medicos-para-reforcar-atendimento-na-rede-municipal-de-saude\\\/\",\"name\":\"Prefeitura de Alagoinhas anuncia contrata\\u00e7\\u00e3o de novos m\\u00e9dicos para refor\\u00e7ar atendimento na rede municipal de sa\\u00fade - News In Foco - Editado por Caio Pimenta\",\"description\":\"A fim de garantir importantes refor\\u00e7os nos servi\\u00e7os de sa\\u00fade p\\u00fablica, a Prefeitura de Alagoinhas, por meio da Secretaria Municipal de Sa\\u00fade, inicia 2022 com a contrata\\u00e7\\u00e3o de novos m\\u00e9dicos para a cidade. Atrav\\u00e9s de edital de credenciamento e rela\\u00e7\\u00e3o de profissionais aptos \\u00e0 contrata\\u00e7\\u00e3o publicados no Di\\u00e1rio Oficial do Munic\\u00edpio, a prefeitura iniciou o\",\"inLanguage\":\"pt-BR\",\"isPartOf\":{\"@id\":\"https:\\\/\\\/newsinfoco.com.br\\\/inicio\\\/#website\"},\"breadcrumb\":{\"@id\":\"https:\\\/\\\/newsinfoco.com.br\\\/inicio\\\/prefeitura-de-alagoinhas-anuncia-contratacao-de-novos-medicos-para-reforcar-atendimento-na-rede-municipal-de-saude\\\/#breadcrumblist\"},\"author\":{\"@id\":\"https:\\\/\\\/newsinfoco.com.br\\\/inicio\\\/author\\\/administrador\\\/#author\"},\"creator\":{\"@id\":\"https:\\\/\\\/newsinfoco.com.br\\\/inicio\\\/author\\\/administrador\\\/#author\"},\"image\":{\"@type\":\"ImageObject\",\"url\":\"https:\\\/\\\/newsinfoco.com.br\\\/inicio\\\/wp-content\\\/uploads\\\/2021\\\/09\\\/IMG-20210505-WA0068.jpg\",\"@id\":\"https:\\\/\\\/newsinfoco.com.br\\\/inicio\\\/prefeitura-de-alagoinhas-anuncia-contratacao-de-novos-medicos-para-reforcar-atendimento-na-rede-municipal-de-saude\\\/#mainImage\",\"width\":903,\"height\":669},\"primaryImageOfPage\":{\"@id\":\"https:\\\/\\\/newsinfoco.com.br\\\/inicio\\\/prefeitura-de-alagoinhas-anuncia-contratacao-de-novos-medicos-para-reforcar-atendimento-na-rede-municipal-de-saude\\\/#mainImage\"},\"datePublished\":\"2022-01-10T16:34:26-03:00\",\"dateModified\":\"2022-01-10T16:34:26-03:00\"},{\"@type\":\"WebSite\",\"@id\":\"https:\\\/\\\/newsinfoco.com.br\\\/inicio\\\/#website\",\"url\":\"https:\\\/\\\/newsinfoco.com.br\\\/inicio\\\/\",\"name\":\"News In Foco - Editado por Caio Pimenta\",\"description\":\"O principal site de noticias de Alagoinhas e regi\\u00e3o\",\"inLanguage\":\"pt-BR\",\"publisher\":{\"@id\":\"https:\\\/\\\/newsinfoco.com.br\\\/inicio\\\/#organization\"}}]}\n\t\t<\/script>\n\t\t<!-- All in One SEO -->\n\n","aioseo_head_json":{"title":"Prefeitura de Alagoinhas anuncia contrata\u00e7\u00e3o de novos m\u00e9dicos para refor\u00e7ar atendimento na rede municipal de sa\u00fade - News In Foco - Editado por Caio Pimenta","description":"A fim de garantir importantes refor\u00e7os nos servi\u00e7os de sa\u00fade p\u00fablica, a Prefeitura de Alagoinhas, por meio da Secretaria Municipal de Sa\u00fade, inicia 2022 com a contrata\u00e7\u00e3o de novos m\u00e9dicos para a cidade. Atrav\u00e9s de edital de credenciamento e rela\u00e7\u00e3o de profissionais aptos \u00e0 contrata\u00e7\u00e3o publicados no Di\u00e1rio Oficial do Munic\u00edpio, a prefeitura iniciou o","canonical_url":"https:\/\/newsinfoco.com.br\/inicio\/prefeitura-de-alagoinhas-anuncia-contratacao-de-novos-medicos-para-reforcar-atendimento-na-rede-municipal-de-saude\/","robots":"max-image-preview:large","keywords":"","webmasterTools":{"miscellaneous":""},"schema":{"@context":"https:\/\/schema.org","@graph":[{"@type":"BlogPosting","@id":"https:\/\/newsinfoco.com.br\/inicio\/prefeitura-de-alagoinhas-anuncia-contratacao-de-novos-medicos-para-reforcar-atendimento-na-rede-municipal-de-saude\/#blogposting","name":"Prefeitura de Alagoinhas anuncia contrata\u00e7\u00e3o de novos m\u00e9dicos para refor\u00e7ar atendimento na rede municipal de sa\u00fade - News In Foco - Editado por Caio Pimenta","headline":"Prefeitura de Alagoinhas anuncia contrata\u00e7\u00e3o de novos m\u00e9dicos para refor\u00e7ar atendimento na rede municipal de sa\u00fade","author":{"@id":"https:\/\/newsinfoco.com.br\/inicio\/author\/administrador\/#author"},"publisher":{"@id":"https:\/\/newsinfoco.com.br\/inicio\/#organization"},"image":{"@type":"ImageObject","url":"https:\/\/newsinfoco.com.br\/inicio\/wp-content\/uploads\/2021\/09\/IMG-20210505-WA0068.jpg","width":903,"height":669},"datePublished":"2022-01-10T16:34:26-03:00","dateModified":"2022-01-10T16:34:26-03:00","inLanguage":"pt-BR","mainEntityOfPage":{"@id":"https:\/\/newsinfoco.com.br\/inicio\/prefeitura-de-alagoinhas-anuncia-contratacao-de-novos-medicos-para-reforcar-atendimento-na-rede-municipal-de-saude\/#webpage"},"isPartOf":{"@id":"https:\/\/newsinfoco.com.br\/inicio\/prefeitura-de-alagoinhas-anuncia-contratacao-de-novos-medicos-para-reforcar-atendimento-na-rede-municipal-de-saude\/#webpage"},"articleSection":"Alagoinhas e Regi\u00e3o, Manchete"},{"@type":"BreadcrumbList","@id":"https:\/\/newsinfoco.com.br\/inicio\/prefeitura-de-alagoinhas-anuncia-contratacao-de-novos-medicos-para-reforcar-atendimento-na-rede-municipal-de-saude\/#breadcrumblist","itemListElement":[{"@type":"ListItem","@id":"https:\/\/newsinfoco.com.br\/inicio#listItem","position":1,"name":"In\u00edcio","item":"https:\/\/newsinfoco.com.br\/inicio","nextItem":{"@type":"ListItem","@id":"https:\/\/newsinfoco.com.br\/inicio\/category\/alagoinhas-e-regiao\/#listItem","name":"Alagoinhas e Regi\u00e3o"}},{"@type":"ListItem","@id":"https:\/\/newsinfoco.com.br\/inicio\/category\/alagoinhas-e-regiao\/#listItem","position":2,"name":"Alagoinhas e Regi\u00e3o","item":"https:\/\/newsinfoco.com.br\/inicio\/category\/alagoinhas-e-regiao\/","nextItem":{"@type":"ListItem","@id":"https:\/\/newsinfoco.com.br\/inicio\/prefeitura-de-alagoinhas-anuncia-contratacao-de-novos-medicos-para-reforcar-atendimento-na-rede-municipal-de-saude\/#listItem","name":"Prefeitura de Alagoinhas anuncia contrata\u00e7\u00e3o de novos m\u00e9dicos para refor\u00e7ar atendimento na rede municipal de sa\u00fade"},"previousItem":{"@type":"ListItem","@id":"https:\/\/newsinfoco.com.br\/inicio#listItem","name":"In\u00edcio"}},{"@type":"ListItem","@id":"https:\/\/newsinfoco.com.br\/inicio\/prefeitura-de-alagoinhas-anuncia-contratacao-de-novos-medicos-para-reforcar-atendimento-na-rede-municipal-de-saude\/#listItem","position":3,"name":"Prefeitura de Alagoinhas anuncia contrata\u00e7\u00e3o de novos m\u00e9dicos para refor\u00e7ar atendimento na rede municipal de sa\u00fade","previousItem":{"@type":"ListItem","@id":"https:\/\/newsinfoco.com.br\/inicio\/category\/alagoinhas-e-regiao\/#listItem","name":"Alagoinhas e Regi\u00e3o"}}]},{"@type":"Organization","@id":"https:\/\/newsinfoco.com.br\/inicio\/#organization","name":"News In Foco - Editado por Caio Pimenta","description":"O principal site de noticias de Alagoinhas e regi\u00e3o","url":"https:\/\/newsinfoco.com.br\/inicio\/"},{"@type":"Person","@id":"https:\/\/newsinfoco.com.br\/inicio\/author\/administrador\/#author","url":"https:\/\/newsinfoco.com.br\/inicio\/author\/administrador\/","name":"administrador","image":{"@type":"ImageObject","@id":"https:\/\/newsinfoco.com.br\/inicio\/prefeitura-de-alagoinhas-anuncia-contratacao-de-novos-medicos-para-reforcar-atendimento-na-rede-municipal-de-saude\/#authorImage","url":"https:\/\/secure.gravatar.com\/avatar\/c17a617433de8c1dc9584bb79aab7563b46f5bb7e1728c9b17d9cc3ce6a08e49?s=96&d=mm&r=g","width":96,"height":96,"caption":"administrador"}},{"@type":"WebPage","@id":"https:\/\/newsinfoco.com.br\/inicio\/prefeitura-de-alagoinhas-anuncia-contratacao-de-novos-medicos-para-reforcar-atendimento-na-rede-municipal-de-saude\/#webpage","url":"https:\/\/newsinfoco.com.br\/inicio\/prefeitura-de-alagoinhas-anuncia-contratacao-de-novos-medicos-para-reforcar-atendimento-na-rede-municipal-de-saude\/","name":"Prefeitura de Alagoinhas anuncia contrata\u00e7\u00e3o de novos m\u00e9dicos para refor\u00e7ar atendimento na rede municipal de sa\u00fade - News In Foco - Editado por Caio Pimenta","description":"A fim de garantir importantes refor\u00e7os nos servi\u00e7os de sa\u00fade p\u00fablica, a Prefeitura de Alagoinhas, por meio da Secretaria Municipal de Sa\u00fade, inicia 2022 com a contrata\u00e7\u00e3o de novos m\u00e9dicos para a cidade. Atrav\u00e9s de edital de credenciamento e rela\u00e7\u00e3o de profissionais aptos \u00e0 contrata\u00e7\u00e3o publicados no Di\u00e1rio Oficial do Munic\u00edpio, a prefeitura iniciou o","inLanguage":"pt-BR","isPartOf":{"@id":"https:\/\/newsinfoco.com.br\/inicio\/#website"},"breadcrumb":{"@id":"https:\/\/newsinfoco.com.br\/inicio\/prefeitura-de-alagoinhas-anuncia-contratacao-de-novos-medicos-para-reforcar-atendimento-na-rede-municipal-de-saude\/#breadcrumblist"},"author":{"@id":"https:\/\/newsinfoco.com.br\/inicio\/author\/administrador\/#author"},"creator":{"@id":"https:\/\/newsinfoco.com.br\/inicio\/author\/administrador\/#author"},"image":{"@type":"ImageObject","url":"https:\/\/newsinfoco.com.br\/inicio\/wp-content\/uploads\/2021\/09\/IMG-20210505-WA0068.jpg","@id":"https:\/\/newsinfoco.com.br\/inicio\/prefeitura-de-alagoinhas-anuncia-contratacao-de-novos-medicos-para-reforcar-atendimento-na-rede-municipal-de-saude\/#mainImage","width":903,"height":669},"primaryImageOfPage":{"@id":"https:\/\/newsinfoco.com.br\/inicio\/prefeitura-de-alagoinhas-anuncia-contratacao-de-novos-medicos-para-reforcar-atendimento-na-rede-municipal-de-saude\/#mainImage"},"datePublished":"2022-01-10T16:34:26-03:00","dateModified":"2022-01-10T16:34:26-03:00"},{"@type":"WebSite","@id":"https:\/\/newsinfoco.com.br\/inicio\/#website","url":"https:\/\/newsinfoco.com.br\/inicio\/","name":"News In Foco - Editado por Caio Pimenta","description":"O principal site de noticias de Alagoinhas e regi\u00e3o","inLanguage":"pt-BR","publisher":{"@id":"https:\/\/newsinfoco.com.br\/inicio\/#organization"}}]},"og:locale":"pt_BR","og:site_name":"News In Foco - Editado por Caio Pimenta - O principal site de noticias de Alagoinhas e regi\u00e3o","og:type":"article","og:title":"Prefeitura de Alagoinhas anuncia contrata\u00e7\u00e3o de novos m\u00e9dicos para refor\u00e7ar atendimento na rede municipal de sa\u00fade - News In Foco - Editado por Caio Pimenta","og:description":"A fim de garantir importantes refor\u00e7os nos servi\u00e7os de sa\u00fade p\u00fablica, a Prefeitura de Alagoinhas, por meio da Secretaria Municipal de Sa\u00fade, inicia 2022 com a contrata\u00e7\u00e3o de novos m\u00e9dicos para a cidade. Atrav\u00e9s de edital de credenciamento e rela\u00e7\u00e3o de profissionais aptos \u00e0 contrata\u00e7\u00e3o publicados no Di\u00e1rio Oficial do Munic\u00edpio, a prefeitura iniciou o","og:url":"https:\/\/newsinfoco.com.br\/inicio\/prefeitura-de-alagoinhas-anuncia-contratacao-de-novos-medicos-para-reforcar-atendimento-na-rede-municipal-de-saude\/","article:published_time":"2022-01-10T19:34:26+00:00","article:modified_time":"2022-01-10T19:34:26+00:00","twitter:card":"summary_large_image","twitter:title":"Prefeitura de Alagoinhas anuncia contrata\u00e7\u00e3o de novos m\u00e9dicos para refor\u00e7ar atendimento na rede municipal de sa\u00fade - News In Foco - Editado por Caio Pimenta","twitter:description":"A fim de garantir importantes refor\u00e7os nos servi\u00e7os de sa\u00fade p\u00fablica, a Prefeitura de Alagoinhas, por meio da Secretaria Municipal de Sa\u00fade, inicia 2022 com a contrata\u00e7\u00e3o de novos m\u00e9dicos para a cidade. Atrav\u00e9s de edital de credenciamento e rela\u00e7\u00e3o de profissionais aptos \u00e0 contrata\u00e7\u00e3o publicados no Di\u00e1rio Oficial do Munic\u00edpio, a prefeitura iniciou o"},"aioseo_meta_data":{"post_id":"28319","title":null,"description":null,"keywords":null,"keyphrases":null,"primary_term":null,"canonical_url":null,"og_title":null,"og_description":null,"og_object_type":"default","og_image_type":"default","og_image_url":null,"og_image_width":null,"og_image_height":null,"og_image_custom_url":null,"og_image_custom_fields":null,"og_video":null,"og_custom_url":null,"og_article_section":null,"og_article_tags":null,"twitter_use_og":false,"twitter_card":"default","twitter_image_type":"default","twitter_image_url":null,"twitter_image_custom_url":null,"twitter_image_custom_fields":null,"twitter_title":null,"twitter_description":null,"schema":{"blockGraphs":[],"customGraphs":[],"default":{"data":{"Article":[],"Course":[],"Dataset":[],"FAQPage":[],"Movie":[],"Person":[],"Product":[],"ProductReview":[],"Car":[],"Recipe":[],"Service":[],"SoftwareApplication":[],"WebPage":[]},"graphName":"","isEnabled":true},"graphs":[]},"schema_type":"default","schema_type_options":null,"pillar_content":false,"robots_default":true,"robots_noindex":false,"robots_noarchive":false,"robots_nosnippet":false,"robots_nofollow":false,"robots_noimageindex":false,"robots_noodp":false,"robots_notranslate":false,"robots_max_snippet":null,"robots_max_videopreview":null,"robots_max_imagepreview":"large","priority":null,"frequency":null,"local_seo":null,"breadcrumb_settings":null,"limit_modified_date":false,"ai":null,"created":"2023-06-12 20:25:50","updated":"2025-07-11 06:38:48","seo_analyzer_scan_date":null},"aioseo_breadcrumb":"<div class=\"aioseo-breadcrumbs\"><span class=\"aioseo-breadcrumb\">\n\t\t\t<a href=\"https:\/\/newsinfoco.com.br\/inicio\" title=\"In\u00edcio\">In\u00edcio<\/a>\n\t\t<\/span><span class=\"aioseo-breadcrumb-separator\">&raquo;<\/span><span class=\"aioseo-breadcrumb\">\n\t\t\t<a href=\"https:\/\/newsinfoco.com.br\/inicio\/category\/alagoinhas-e-regiao\/\" title=\"Alagoinhas e Regi\u00e3o\">Alagoinhas e Regi\u00e3o<\/a>\n\t\t<\/span><span class=\"aioseo-breadcrumb-separator\">&raquo;<\/span><span class=\"aioseo-breadcrumb\">\n\t\t\tPrefeitura de Alagoinhas anuncia contrata\u00e7\u00e3o de novos m\u00e9dicos para refor\u00e7ar atendimento na rede municipal de sa\u00fade\n\t\t<\/span><\/div>","aioseo_breadcrumb_json":[{"label":"In\u00edcio","link":"https:\/\/newsinfoco.com.br\/inicio"},{"label":"Alagoinhas e Regi\u00e3o","link":"https:\/\/newsinfoco.com.br\/inicio\/category\/alagoinhas-e-regiao\/"},{"label":"Prefeitura de Alagoinhas anuncia contrata\u00e7\u00e3o de novos m\u00e9dicos para refor\u00e7ar atendimento na rede municipal de sa\u00fade","link":"https:\/\/newsinfoco.com.br\/inicio\/prefeitura-de-alagoinhas-anuncia-contratacao-de-novos-medicos-para-reforcar-atendimento-na-rede-municipal-de-saude\/"}],"_links":{"self":[{"href":"https:\/\/newsinfoco.com.br\/inicio\/wp-json\/wp\/v2\/posts\/28319","targetHints":{"allow":["GET"]}}],"collection":[{"href":"https:\/\/newsinfoco.com.br\/inicio\/wp-json\/wp\/v2\/posts"}],"about":[{"href":"https:\/\/newsinfoco.com.br\/inicio\/wp-json\/wp\/v2\/types\/post"}],"author":[{"embeddable":true,"href":"https:\/\/newsinfoco.com.br\/inicio\/wp-json\/wp\/v2\/users\/1"}],"replies":[{"embeddable":true,"href":"https:\/\/newsinfoco.com.br\/inicio\/wp-json\/wp\/v2\/comments?post=28319"}],"version-history":[{"count":1,"href":"https:\/\/newsinfoco.com.br\/inicio\/wp-json\/wp\/v2\/posts\/28319\/revisions"}],"predecessor-version":[{"id":28320,"href":"https:\/\/newsinfoco.com.br\/inicio\/wp-json\/wp\/v2\/posts\/28319\/revisions\/28320"}],"wp:featuredmedia":[{"embeddable":true,"href":"https:\/\/newsinfoco.com.br\/inicio\/wp-json\/wp\/v2\/media\/26462"}],"wp:attachment":[{"href":"https:\/\/newsinfoco.com.br\/inicio\/wp-json\/wp\/v2\/media?parent=28319"}],"wp:term":[{"taxonomy":"category","embeddable":true,"href":"https:\/\/newsinfoco.com.br\/inicio\/wp-json\/wp\/v2\/categories?post=28319"},{"taxonomy":"post_tag","embeddable":true,"href":"https:\/\/newsinfoco.com.br\/inicio\/wp-json\/wp\/v2\/tags?post=28319"}],"curies":[{"name":"wp","href":"https:\/\/api.w.org\/{rel}","templated":true}]}}