{"id":28321,"date":"2022-01-10T18:10:05","date_gmt":"2022-01-10T21:10:05","guid":{"rendered":"https:\/\/newsinfoco.com.br\/inicio\/?p=28321"},"modified":"2022-01-10T18:10:05","modified_gmt":"2022-01-10T21:10:05","slug":"luiz-argolo-prepara-retorno-a-vida-publica","status":"publish","type":"post","link":"https:\/\/newsinfoco.com.br\/inicio\/luiz-argolo-prepara-retorno-a-vida-publica\/","title":{"rendered":"Luiz Argolo prepara retorno \u00e0 vida p\u00fablica"},"content":{"rendered":"<p>O ex-deputado federal Luiz Argolo n\u00e3o deve ficar muito tempo sem enfrentar uma disputa eleitoral. Ap\u00f3s passar 4 anos preso condenado por corrup\u00e7\u00e3o passiva e lavagem de dinheiro no \u00e2mbito da Opera\u00e7\u00e3o Lava Jato e pagar uma multa de R$ 2 milh\u00f5es para ter a liberdade condicional concedida pela Justi\u00e7a em 2019, este ano de 2022 pode representar o ano da volta do ex-parlamentar \u00e0 vida p\u00fablica.<\/p>\n<p>Nos bastidores da politica, a sua candidatura a deputado federal j\u00e1 \u00e9 dada como certo, principalmente pela necessidade que o Governo Rui Costa tem de ter um palanque forte na regi\u00e3o para impedir o crescimento de seu principal advers\u00e1rio, o ACM Neto. Al\u00e9m disso, h\u00e1 o entendimento de que a escassez de novas lideran\u00e7as politicas , aliada ao desgaste dos deputados federais eleitos pela regi\u00e3o, podem gerar uma onda de saudosismo capaz de reconduzir Luiz Argolo \u00e1 C\u00e2mara Federal.<\/p>\n<p>Uma candidatura Luiz Argolo preocupa advers\u00e1rios. No PT, Joseildo Ramos ter\u00e1 mais dificuldades de repetir a expressiva vota\u00e7\u00e3o que teve na cidade em 2018. Do outo lado, o demista Paulo Azi pode ter uma vota\u00e7\u00e3o em Alagoinhas ainda mais vergonhosa do que a registrada em 2018.<\/p>\n<p>Por Caio Pimenta para o News Infoco<\/p>\n<p>&nbsp;<\/p>\n<div class='share-to-whatsapp-wrapper'><div class='share-on-whsp'>Share on: <\/div><a data-text='Luiz Argolo prepara retorno \u00e0 vida p\u00fablica' data-link='https:\/\/newsinfoco.com.br\/inicio\/luiz-argolo-prepara-retorno-a-vida-publica\/' class='whatsapp-button whatsapp-share'>WhatsApp<\/a><div class='clear '><\/div><\/div>","protected":false},"excerpt":{"rendered":"<p>O ex-deputado federal Luiz Argolo n\u00e3o deve ficar muito tempo sem enfrentar uma disputa eleitoral. Ap\u00f3s passar 4 anos preso condenado por corrup\u00e7\u00e3o passiva e lavagem de dinheiro no \u00e2mbito da Opera\u00e7\u00e3o Lava Jato e pagar uma multa de R$ 2 milh\u00f5es para ter a liberdade condicional concedida pela Justi\u00e7a em 2019, este ano de [&hellip;]<\/p>\n","protected":false},"author":1,"featured_media":28322,"comment_status":"closed","ping_status":"closed","sticky":false,"template":"","format":"standard","meta":{"om_disable_all_campaigns":false,"rop_custom_images_group":[],"rop_custom_messages_group":[],"rop_publish_now":"initial","rop_publish_now_accounts":[],"rop_publish_now_history":[],"rop_publish_now_status":"pending","_exactmetrics_skip_tracking":false,"footnotes":""},"categories":[38,167],"tags":[],"class_list":["post-28321","post","type-post","status-publish","format-standard","has-post-thumbnail","hentry","category-alagoinhas-e-regiao","category-exclusivas"],"aioseo_notices":[],"aioseo_head":"\n\t\t<!-- All in One SEO 4.9.10 - aioseo.com -->\n\t<meta name=\"description\" content=\"O ex-deputado federal Luiz Argolo n\u00e3o deve ficar muito tempo sem enfrentar uma disputa eleitoral. Ap\u00f3s passar 4 anos preso condenado por corrup\u00e7\u00e3o passiva e lavagem de dinheiro no \u00e2mbito da Opera\u00e7\u00e3o Lava Jato e pagar uma multa de R$ 2 milh\u00f5es para ter a liberdade condicional concedida pela Justi\u00e7a em 2019, este ano de\" \/>\n\t<meta name=\"robots\" content=\"max-image-preview:large\" \/>\n\t<meta name=\"author\" content=\"administrador\"\/>\n\t<link rel=\"canonical\" href=\"https:\/\/newsinfoco.com.br\/inicio\/luiz-argolo-prepara-retorno-a-vida-publica\/\" \/>\n\t<meta name=\"generator\" content=\"All in One SEO (AIOSEO) 4.9.10\" \/>\n\t\t<meta property=\"og:locale\" content=\"pt_BR\" \/>\n\t\t<meta property=\"og:site_name\" content=\"News In Foco - Editado por Caio Pimenta - O principal site de noticias de Alagoinhas e regi\u00e3o\" \/>\n\t\t<meta property=\"og:type\" content=\"article\" \/>\n\t\t<meta property=\"og:title\" content=\"Luiz Argolo prepara retorno \u00e0 vida p\u00fablica - News In Foco - Editado por Caio Pimenta\" \/>\n\t\t<meta property=\"og:description\" content=\"O ex-deputado federal Luiz Argolo n\u00e3o deve ficar muito tempo sem enfrentar uma disputa eleitoral. Ap\u00f3s passar 4 anos preso condenado por corrup\u00e7\u00e3o passiva e lavagem de dinheiro no \u00e2mbito da Opera\u00e7\u00e3o Lava Jato e pagar uma multa de R$ 2 milh\u00f5es para ter a liberdade condicional concedida pela Justi\u00e7a em 2019, este ano de\" \/>\n\t\t<meta property=\"og:url\" content=\"https:\/\/newsinfoco.com.br\/inicio\/luiz-argolo-prepara-retorno-a-vida-publica\/\" \/>\n\t\t<meta property=\"article:published_time\" content=\"2022-01-10T21:10:05+00:00\" \/>\n\t\t<meta property=\"article:modified_time\" content=\"2022-01-10T21:10:05+00:00\" \/>\n\t\t<meta name=\"twitter:card\" content=\"summary_large_image\" \/>\n\t\t<meta name=\"twitter:title\" content=\"Luiz Argolo prepara retorno \u00e0 vida p\u00fablica - News In Foco - Editado por Caio Pimenta\" \/>\n\t\t<meta name=\"twitter:description\" content=\"O ex-deputado federal Luiz Argolo n\u00e3o deve ficar muito tempo sem enfrentar uma disputa eleitoral. Ap\u00f3s passar 4 anos preso condenado por corrup\u00e7\u00e3o passiva e lavagem de dinheiro no \u00e2mbito da Opera\u00e7\u00e3o Lava Jato e pagar uma multa de R$ 2 milh\u00f5es para ter a liberdade condicional concedida pela Justi\u00e7a em 2019, este ano de\" \/>\n\t\t<script type=\"application\/ld+json\" class=\"aioseo-schema\">\n\t\t\t{\"@context\":\"https:\\\/\\\/schema.org\",\"@graph\":[{\"@type\":\"BlogPosting\",\"@id\":\"https:\\\/\\\/newsinfoco.com.br\\\/inicio\\\/luiz-argolo-prepara-retorno-a-vida-publica\\\/#blogposting\",\"name\":\"Luiz Argolo prepara retorno \\u00e0 vida p\\u00fablica - News In Foco - Editado por Caio Pimenta\",\"headline\":\"Luiz Argolo prepara retorno \\u00e0 vida p\\u00fablica\",\"author\":{\"@id\":\"https:\\\/\\\/newsinfoco.com.br\\\/inicio\\\/author\\\/administrador\\\/#author\"},\"publisher\":{\"@id\":\"https:\\\/\\\/newsinfoco.com.br\\\/inicio\\\/#organization\"},\"image\":{\"@type\":\"ImageObject\",\"url\":\"https:\\\/\\\/newsinfoco.com.br\\\/inicio\\\/wp-content\\\/uploads\\\/2022\\\/01\\\/72069solto-pela-justica-luiz-argolo-deve-ser-barrado-se-tentar-eleicao-3.jpg\",\"width\":1600,\"height\":752},\"datePublished\":\"2022-01-10T18:10:05-03:00\",\"dateModified\":\"2022-01-10T18:10:05-03:00\",\"inLanguage\":\"pt-BR\",\"mainEntityOfPage\":{\"@id\":\"https:\\\/\\\/newsinfoco.com.br\\\/inicio\\\/luiz-argolo-prepara-retorno-a-vida-publica\\\/#webpage\"},\"isPartOf\":{\"@id\":\"https:\\\/\\\/newsinfoco.com.br\\\/inicio\\\/luiz-argolo-prepara-retorno-a-vida-publica\\\/#webpage\"},\"articleSection\":\"Alagoinhas e Regi\\u00e3o, Manchete\"},{\"@type\":\"BreadcrumbList\",\"@id\":\"https:\\\/\\\/newsinfoco.com.br\\\/inicio\\\/luiz-argolo-prepara-retorno-a-vida-publica\\\/#breadcrumblist\",\"itemListElement\":[{\"@type\":\"ListItem\",\"@id\":\"https:\\\/\\\/newsinfoco.com.br\\\/inicio#listItem\",\"position\":1,\"name\":\"In\\u00edcio\",\"item\":\"https:\\\/\\\/newsinfoco.com.br\\\/inicio\",\"nextItem\":{\"@type\":\"ListItem\",\"@id\":\"https:\\\/\\\/newsinfoco.com.br\\\/inicio\\\/category\\\/alagoinhas-e-regiao\\\/#listItem\",\"name\":\"Alagoinhas e Regi\\u00e3o\"}},{\"@type\":\"ListItem\",\"@id\":\"https:\\\/\\\/newsinfoco.com.br\\\/inicio\\\/category\\\/alagoinhas-e-regiao\\\/#listItem\",\"position\":2,\"name\":\"Alagoinhas e Regi\\u00e3o\",\"item\":\"https:\\\/\\\/newsinfoco.com.br\\\/inicio\\\/category\\\/alagoinhas-e-regiao\\\/\",\"nextItem\":{\"@type\":\"ListItem\",\"@id\":\"https:\\\/\\\/newsinfoco.com.br\\\/inicio\\\/luiz-argolo-prepara-retorno-a-vida-publica\\\/#listItem\",\"name\":\"Luiz Argolo prepara retorno \\u00e0 vida p\\u00fablica\"},\"previousItem\":{\"@type\":\"ListItem\",\"@id\":\"https:\\\/\\\/newsinfoco.com.br\\\/inicio#listItem\",\"name\":\"In\\u00edcio\"}},{\"@type\":\"ListItem\",\"@id\":\"https:\\\/\\\/newsinfoco.com.br\\\/inicio\\\/luiz-argolo-prepara-retorno-a-vida-publica\\\/#listItem\",\"position\":3,\"name\":\"Luiz Argolo prepara retorno \\u00e0 vida p\\u00fablica\",\"previousItem\":{\"@type\":\"ListItem\",\"@id\":\"https:\\\/\\\/newsinfoco.com.br\\\/inicio\\\/category\\\/alagoinhas-e-regiao\\\/#listItem\",\"name\":\"Alagoinhas e Regi\\u00e3o\"}}]},{\"@type\":\"Organization\",\"@id\":\"https:\\\/\\\/newsinfoco.com.br\\\/inicio\\\/#organization\",\"name\":\"News In Foco - Editado por Caio Pimenta\",\"description\":\"O principal site de noticias de Alagoinhas e regi\\u00e3o\",\"url\":\"https:\\\/\\\/newsinfoco.com.br\\\/inicio\\\/\"},{\"@type\":\"Person\",\"@id\":\"https:\\\/\\\/newsinfoco.com.br\\\/inicio\\\/author\\\/administrador\\\/#author\",\"url\":\"https:\\\/\\\/newsinfoco.com.br\\\/inicio\\\/author\\\/administrador\\\/\",\"name\":\"administrador\",\"image\":{\"@type\":\"ImageObject\",\"@id\":\"https:\\\/\\\/newsinfoco.com.br\\\/inicio\\\/luiz-argolo-prepara-retorno-a-vida-publica\\\/#authorImage\",\"url\":\"https:\\\/\\\/secure.gravatar.com\\\/avatar\\\/c17a617433de8c1dc9584bb79aab7563b46f5bb7e1728c9b17d9cc3ce6a08e49?s=96&d=mm&r=g\",\"width\":96,\"height\":96,\"caption\":\"administrador\"}},{\"@type\":\"WebPage\",\"@id\":\"https:\\\/\\\/newsinfoco.com.br\\\/inicio\\\/luiz-argolo-prepara-retorno-a-vida-publica\\\/#webpage\",\"url\":\"https:\\\/\\\/newsinfoco.com.br\\\/inicio\\\/luiz-argolo-prepara-retorno-a-vida-publica\\\/\",\"name\":\"Luiz Argolo prepara retorno \\u00e0 vida p\\u00fablica - News In Foco - Editado por Caio Pimenta\",\"description\":\"O ex-deputado federal Luiz Argolo n\\u00e3o deve ficar muito tempo sem enfrentar uma disputa eleitoral. Ap\\u00f3s passar 4 anos preso condenado por corrup\\u00e7\\u00e3o passiva e lavagem de dinheiro no \\u00e2mbito da Opera\\u00e7\\u00e3o Lava Jato e pagar uma multa de R$ 2 milh\\u00f5es para ter a liberdade condicional concedida pela Justi\\u00e7a em 2019, este ano de\",\"inLanguage\":\"pt-BR\",\"isPartOf\":{\"@id\":\"https:\\\/\\\/newsinfoco.com.br\\\/inicio\\\/#website\"},\"breadcrumb\":{\"@id\":\"https:\\\/\\\/newsinfoco.com.br\\\/inicio\\\/luiz-argolo-prepara-retorno-a-vida-publica\\\/#breadcrumblist\"},\"author\":{\"@id\":\"https:\\\/\\\/newsinfoco.com.br\\\/inicio\\\/author\\\/administrador\\\/#author\"},\"creator\":{\"@id\":\"https:\\\/\\\/newsinfoco.com.br\\\/inicio\\\/author\\\/administrador\\\/#author\"},\"image\":{\"@type\":\"ImageObject\",\"url\":\"https:\\\/\\\/newsinfoco.com.br\\\/inicio\\\/wp-content\\\/uploads\\\/2022\\\/01\\\/72069solto-pela-justica-luiz-argolo-deve-ser-barrado-se-tentar-eleicao-3.jpg\",\"@id\":\"https:\\\/\\\/newsinfoco.com.br\\\/inicio\\\/luiz-argolo-prepara-retorno-a-vida-publica\\\/#mainImage\",\"width\":1600,\"height\":752},\"primaryImageOfPage\":{\"@id\":\"https:\\\/\\\/newsinfoco.com.br\\\/inicio\\\/luiz-argolo-prepara-retorno-a-vida-publica\\\/#mainImage\"},\"datePublished\":\"2022-01-10T18:10:05-03:00\",\"dateModified\":\"2022-01-10T18:10:05-03:00\"},{\"@type\":\"WebSite\",\"@id\":\"https:\\\/\\\/newsinfoco.com.br\\\/inicio\\\/#website\",\"url\":\"https:\\\/\\\/newsinfoco.com.br\\\/inicio\\\/\",\"name\":\"News In Foco - Editado por Caio Pimenta\",\"description\":\"O principal site de noticias de Alagoinhas e regi\\u00e3o\",\"inLanguage\":\"pt-BR\",\"publisher\":{\"@id\":\"https:\\\/\\\/newsinfoco.com.br\\\/inicio\\\/#organization\"}}]}\n\t\t<\/script>\n\t\t<!-- All in One SEO -->\n\n","aioseo_head_json":{"title":"Luiz Argolo prepara retorno \u00e0 vida p\u00fablica - News In Foco - Editado por Caio Pimenta","description":"O ex-deputado federal Luiz Argolo n\u00e3o deve ficar muito tempo sem enfrentar uma disputa eleitoral. Ap\u00f3s passar 4 anos preso condenado por corrup\u00e7\u00e3o passiva e lavagem de dinheiro no \u00e2mbito da Opera\u00e7\u00e3o Lava Jato e pagar uma multa de R$ 2 milh\u00f5es para ter a liberdade condicional concedida pela Justi\u00e7a em 2019, este ano de","canonical_url":"https:\/\/newsinfoco.com.br\/inicio\/luiz-argolo-prepara-retorno-a-vida-publica\/","robots":"max-image-preview:large","keywords":"","webmasterTools":{"miscellaneous":""},"schema":{"@context":"https:\/\/schema.org","@graph":[{"@type":"BlogPosting","@id":"https:\/\/newsinfoco.com.br\/inicio\/luiz-argolo-prepara-retorno-a-vida-publica\/#blogposting","name":"Luiz Argolo prepara retorno \u00e0 vida p\u00fablica - News In Foco - Editado por Caio Pimenta","headline":"Luiz Argolo prepara retorno \u00e0 vida p\u00fablica","author":{"@id":"https:\/\/newsinfoco.com.br\/inicio\/author\/administrador\/#author"},"publisher":{"@id":"https:\/\/newsinfoco.com.br\/inicio\/#organization"},"image":{"@type":"ImageObject","url":"https:\/\/newsinfoco.com.br\/inicio\/wp-content\/uploads\/2022\/01\/72069solto-pela-justica-luiz-argolo-deve-ser-barrado-se-tentar-eleicao-3.jpg","width":1600,"height":752},"datePublished":"2022-01-10T18:10:05-03:00","dateModified":"2022-01-10T18:10:05-03:00","inLanguage":"pt-BR","mainEntityOfPage":{"@id":"https:\/\/newsinfoco.com.br\/inicio\/luiz-argolo-prepara-retorno-a-vida-publica\/#webpage"},"isPartOf":{"@id":"https:\/\/newsinfoco.com.br\/inicio\/luiz-argolo-prepara-retorno-a-vida-publica\/#webpage"},"articleSection":"Alagoinhas e Regi\u00e3o, Manchete"},{"@type":"BreadcrumbList","@id":"https:\/\/newsinfoco.com.br\/inicio\/luiz-argolo-prepara-retorno-a-vida-publica\/#breadcrumblist","itemListElement":[{"@type":"ListItem","@id":"https:\/\/newsinfoco.com.br\/inicio#listItem","position":1,"name":"In\u00edcio","item":"https:\/\/newsinfoco.com.br\/inicio","nextItem":{"@type":"ListItem","@id":"https:\/\/newsinfoco.com.br\/inicio\/category\/alagoinhas-e-regiao\/#listItem","name":"Alagoinhas e Regi\u00e3o"}},{"@type":"ListItem","@id":"https:\/\/newsinfoco.com.br\/inicio\/category\/alagoinhas-e-regiao\/#listItem","position":2,"name":"Alagoinhas e Regi\u00e3o","item":"https:\/\/newsinfoco.com.br\/inicio\/category\/alagoinhas-e-regiao\/","nextItem":{"@type":"ListItem","@id":"https:\/\/newsinfoco.com.br\/inicio\/luiz-argolo-prepara-retorno-a-vida-publica\/#listItem","name":"Luiz Argolo prepara retorno \u00e0 vida p\u00fablica"},"previousItem":{"@type":"ListItem","@id":"https:\/\/newsinfoco.com.br\/inicio#listItem","name":"In\u00edcio"}},{"@type":"ListItem","@id":"https:\/\/newsinfoco.com.br\/inicio\/luiz-argolo-prepara-retorno-a-vida-publica\/#listItem","position":3,"name":"Luiz Argolo prepara retorno \u00e0 vida p\u00fablica","previousItem":{"@type":"ListItem","@id":"https:\/\/newsinfoco.com.br\/inicio\/category\/alagoinhas-e-regiao\/#listItem","name":"Alagoinhas e Regi\u00e3o"}}]},{"@type":"Organization","@id":"https:\/\/newsinfoco.com.br\/inicio\/#organization","name":"News In Foco - Editado por Caio Pimenta","description":"O principal site de noticias de Alagoinhas e regi\u00e3o","url":"https:\/\/newsinfoco.com.br\/inicio\/"},{"@type":"Person","@id":"https:\/\/newsinfoco.com.br\/inicio\/author\/administrador\/#author","url":"https:\/\/newsinfoco.com.br\/inicio\/author\/administrador\/","name":"administrador","image":{"@type":"ImageObject","@id":"https:\/\/newsinfoco.com.br\/inicio\/luiz-argolo-prepara-retorno-a-vida-publica\/#authorImage","url":"https:\/\/secure.gravatar.com\/avatar\/c17a617433de8c1dc9584bb79aab7563b46f5bb7e1728c9b17d9cc3ce6a08e49?s=96&d=mm&r=g","width":96,"height":96,"caption":"administrador"}},{"@type":"WebPage","@id":"https:\/\/newsinfoco.com.br\/inicio\/luiz-argolo-prepara-retorno-a-vida-publica\/#webpage","url":"https:\/\/newsinfoco.com.br\/inicio\/luiz-argolo-prepara-retorno-a-vida-publica\/","name":"Luiz Argolo prepara retorno \u00e0 vida p\u00fablica - News In Foco - Editado por Caio Pimenta","description":"O ex-deputado federal Luiz Argolo n\u00e3o deve ficar muito tempo sem enfrentar uma disputa eleitoral. Ap\u00f3s passar 4 anos preso condenado por corrup\u00e7\u00e3o passiva e lavagem de dinheiro no \u00e2mbito da Opera\u00e7\u00e3o Lava Jato e pagar uma multa de R$ 2 milh\u00f5es para ter a liberdade condicional concedida pela Justi\u00e7a em 2019, este ano de","inLanguage":"pt-BR","isPartOf":{"@id":"https:\/\/newsinfoco.com.br\/inicio\/#website"},"breadcrumb":{"@id":"https:\/\/newsinfoco.com.br\/inicio\/luiz-argolo-prepara-retorno-a-vida-publica\/#breadcrumblist"},"author":{"@id":"https:\/\/newsinfoco.com.br\/inicio\/author\/administrador\/#author"},"creator":{"@id":"https:\/\/newsinfoco.com.br\/inicio\/author\/administrador\/#author"},"image":{"@type":"ImageObject","url":"https:\/\/newsinfoco.com.br\/inicio\/wp-content\/uploads\/2022\/01\/72069solto-pela-justica-luiz-argolo-deve-ser-barrado-se-tentar-eleicao-3.jpg","@id":"https:\/\/newsinfoco.com.br\/inicio\/luiz-argolo-prepara-retorno-a-vida-publica\/#mainImage","width":1600,"height":752},"primaryImageOfPage":{"@id":"https:\/\/newsinfoco.com.br\/inicio\/luiz-argolo-prepara-retorno-a-vida-publica\/#mainImage"},"datePublished":"2022-01-10T18:10:05-03:00","dateModified":"2022-01-10T18:10:05-03:00"},{"@type":"WebSite","@id":"https:\/\/newsinfoco.com.br\/inicio\/#website","url":"https:\/\/newsinfoco.com.br\/inicio\/","name":"News In Foco - Editado por Caio Pimenta","description":"O principal site de noticias de Alagoinhas e regi\u00e3o","inLanguage":"pt-BR","publisher":{"@id":"https:\/\/newsinfoco.com.br\/inicio\/#organization"}}]},"og:locale":"pt_BR","og:site_name":"News In Foco - Editado por Caio Pimenta - O principal site de noticias de Alagoinhas e regi\u00e3o","og:type":"article","og:title":"Luiz Argolo prepara retorno \u00e0 vida p\u00fablica - News In Foco - Editado por Caio Pimenta","og:description":"O ex-deputado federal Luiz Argolo n\u00e3o deve ficar muito tempo sem enfrentar uma disputa eleitoral. Ap\u00f3s passar 4 anos preso condenado por corrup\u00e7\u00e3o passiva e lavagem de dinheiro no \u00e2mbito da Opera\u00e7\u00e3o Lava Jato e pagar uma multa de R$ 2 milh\u00f5es para ter a liberdade condicional concedida pela Justi\u00e7a em 2019, este ano de","og:url":"https:\/\/newsinfoco.com.br\/inicio\/luiz-argolo-prepara-retorno-a-vida-publica\/","article:published_time":"2022-01-10T21:10:05+00:00","article:modified_time":"2022-01-10T21:10:05+00:00","twitter:card":"summary_large_image","twitter:title":"Luiz Argolo prepara retorno \u00e0 vida p\u00fablica - News In Foco - Editado por Caio Pimenta","twitter:description":"O ex-deputado federal Luiz Argolo n\u00e3o deve ficar muito tempo sem enfrentar uma disputa eleitoral. Ap\u00f3s passar 4 anos preso condenado por corrup\u00e7\u00e3o passiva e lavagem de dinheiro no \u00e2mbito da Opera\u00e7\u00e3o Lava Jato e pagar uma multa de R$ 2 milh\u00f5es para ter a liberdade condicional concedida pela Justi\u00e7a em 2019, este ano de"},"aioseo_meta_data":{"post_id":"28321","title":null,"description":null,"keywords":null,"keyphrases":null,"primary_term":null,"canonical_url":null,"og_title":null,"og_description":null,"og_object_type":"default","og_image_type":"default","og_image_url":null,"og_image_width":null,"og_image_height":null,"og_image_custom_url":null,"og_image_custom_fields":null,"og_video":null,"og_custom_url":null,"og_article_section":null,"og_article_tags":null,"twitter_use_og":false,"twitter_card":"default","twitter_image_type":"default","twitter_image_url":null,"twitter_image_custom_url":null,"twitter_image_custom_fields":null,"twitter_title":null,"twitter_description":null,"schema":{"blockGraphs":[],"customGraphs":[],"default":{"data":{"Article":[],"Course":[],"Dataset":[],"FAQPage":[],"Movie":[],"Person":[],"Product":[],"ProductReview":[],"Car":[],"Recipe":[],"Service":[],"SoftwareApplication":[],"WebPage":[]},"graphName":"","isEnabled":true},"graphs":[]},"schema_type":"default","schema_type_options":null,"pillar_content":false,"robots_default":true,"robots_noindex":false,"robots_noarchive":false,"robots_nosnippet":false,"robots_nofollow":false,"robots_noimageindex":false,"robots_noodp":false,"robots_notranslate":false,"robots_max_snippet":null,"robots_max_videopreview":null,"robots_max_imagepreview":"large","priority":null,"frequency":null,"local_seo":null,"breadcrumb_settings":null,"limit_modified_date":false,"ai":null,"created":"2023-06-12 20:25:50","updated":"2025-07-11 06:38:48","seo_analyzer_scan_date":null},"aioseo_breadcrumb":"<div class=\"aioseo-breadcrumbs\"><span class=\"aioseo-breadcrumb\">\n\t\t\t<a href=\"https:\/\/newsinfoco.com.br\/inicio\" title=\"In\u00edcio\">In\u00edcio<\/a>\n\t\t<\/span><span class=\"aioseo-breadcrumb-separator\">&raquo;<\/span><span class=\"aioseo-breadcrumb\">\n\t\t\t<a href=\"https:\/\/newsinfoco.com.br\/inicio\/category\/alagoinhas-e-regiao\/\" title=\"Alagoinhas e Regi\u00e3o\">Alagoinhas e Regi\u00e3o<\/a>\n\t\t<\/span><span class=\"aioseo-breadcrumb-separator\">&raquo;<\/span><span class=\"aioseo-breadcrumb\">\n\t\t\tLuiz Argolo prepara retorno \u00e0 vida p\u00fablica\n\t\t<\/span><\/div>","aioseo_breadcrumb_json":[{"label":"In\u00edcio","link":"https:\/\/newsinfoco.com.br\/inicio"},{"label":"Alagoinhas e Regi\u00e3o","link":"https:\/\/newsinfoco.com.br\/inicio\/category\/alagoinhas-e-regiao\/"},{"label":"Luiz Argolo prepara retorno \u00e0 vida p\u00fablica","link":"https:\/\/newsinfoco.com.br\/inicio\/luiz-argolo-prepara-retorno-a-vida-publica\/"}],"_links":{"self":[{"href":"https:\/\/newsinfoco.com.br\/inicio\/wp-json\/wp\/v2\/posts\/28321","targetHints":{"allow":["GET"]}}],"collection":[{"href":"https:\/\/newsinfoco.com.br\/inicio\/wp-json\/wp\/v2\/posts"}],"about":[{"href":"https:\/\/newsinfoco.com.br\/inicio\/wp-json\/wp\/v2\/types\/post"}],"author":[{"embeddable":true,"href":"https:\/\/newsinfoco.com.br\/inicio\/wp-json\/wp\/v2\/users\/1"}],"replies":[{"embeddable":true,"href":"https:\/\/newsinfoco.com.br\/inicio\/wp-json\/wp\/v2\/comments?post=28321"}],"version-history":[{"count":1,"href":"https:\/\/newsinfoco.com.br\/inicio\/wp-json\/wp\/v2\/posts\/28321\/revisions"}],"predecessor-version":[{"id":28323,"href":"https:\/\/newsinfoco.com.br\/inicio\/wp-json\/wp\/v2\/posts\/28321\/revisions\/28323"}],"wp:featuredmedia":[{"embeddable":true,"href":"https:\/\/newsinfoco.com.br\/inicio\/wp-json\/wp\/v2\/media\/28322"}],"wp:attachment":[{"href":"https:\/\/newsinfoco.com.br\/inicio\/wp-json\/wp\/v2\/media?parent=28321"}],"wp:term":[{"taxonomy":"category","embeddable":true,"href":"https:\/\/newsinfoco.com.br\/inicio\/wp-json\/wp\/v2\/categories?post=28321"},{"taxonomy":"post_tag","embeddable":true,"href":"https:\/\/newsinfoco.com.br\/inicio\/wp-json\/wp\/v2\/tags?post=28321"}],"curies":[{"name":"wp","href":"https:\/\/api.w.org\/{rel}","templated":true}]}}