{"id":28327,"date":"2022-01-10T19:03:57","date_gmt":"2022-01-10T22:03:57","guid":{"rendered":"https:\/\/newsinfoco.com.br\/inicio\/?p=28327"},"modified":"2022-01-10T19:03:57","modified_gmt":"2022-01-10T22:03:57","slug":"alckmin-indica-preocupacao-com-discurso-de-lula-sobre-reforma-trabalhista","status":"publish","type":"post","link":"https:\/\/newsinfoco.com.br\/inicio\/alckmin-indica-preocupacao-com-discurso-de-lula-sobre-reforma-trabalhista\/","title":{"rendered":"Alckmin indica preocupa\u00e7\u00e3o com discurso de Lula sobre reforma trabalhista"},"content":{"rendered":"<p>Cotado para a vice da chapa do ex-presidente Luiz In\u00e1cio Lula da Silva (PT) \u00e0 Presid\u00eancia, o ex-governador Geraldo Alckmin (sem partido) manifestou preocupa\u00e7\u00e3o com a proposta de revoga\u00e7\u00e3o da reforma trabalhista encampada por setores petistas.<\/p>\n<p>Em caf\u00e9 da manh\u00e3 nesta segunda-feira (10) com o presidente nacional do Solidariedade, o deputado federal Paulo Pereira da Silva (SP), \u201cPaulinho da For\u00e7a\u201d, Alckmin pediu informa\u00e7\u00f5es sobre a revoga\u00e7\u00e3o de pontos da reforma trabalhista na Espanha e quis saber a opini\u00e3o das centrais sindicais sobre o tema.<\/p>\n<p>Segundo Paulinho, Alckmin disse que h\u00e1 apreens\u00e3o no mercado sobre a possibilidade de revis\u00e3o da reforma trabalhista conduzida pelo ex-presidente Michel Temer (MDB). O ex-governador tamb\u00e9m pediu que o deputado lhe encaminhasse material sobre o assunto, como sugest\u00e3o de emendas.<\/p>\n<p>Na conversa, Paulinho oficializou o convite para que Alckmin se filie ao Solidariedade, onde, segundo o presidente do partido, o ex-tucano teria total liberdade e poderia compor a chapa com Lula.<\/p>\n<p>A percep\u00e7\u00e3o de interlocutores de Alckmin \u00e9 a de que ele abandonou de vez a ideia de concorrer ao Governo de S\u00e3o Paulo e tem mirado no plano nacional, falando de quest\u00f5es do pa\u00eds, como desemprego e isolamento em rela\u00e7\u00e3o a outros pa\u00edses.<\/p>\n<p>Ainda de acordo com Paulinho, a percep\u00e7\u00e3o de Alckmin \u00e9 a de que a chamada terceira via n\u00e3o tem chances na elei\u00e7\u00e3o \u2014que deve ser decidida entre Lula e o presidente Jair Bolsonaro (PL). Com Alckmin vice, a vit\u00f3ria petista poderia vir no primeiro turno na avalia\u00e7\u00e3o dos aliados do ex-governador.<\/p>\n<p>O movimento para unir Alckmin e Lula partiu do PSB, que filiaria o ex-tucano e estuda formar uma federa\u00e7\u00e3o com o PT na elei\u00e7\u00e3o de 2022. Para isso, por\u00e9m, os partidos teriam que unificar candidaturas a governador em cinco estados.<\/p>\n<p>O cen\u00e1rio mais dif\u00edcil \u00e9 o de S\u00e3o Paulo, em que M\u00e1rcio Fran\u00e7a (PSB) e Fernando Haddad (PT) pleiteiam a candidatura a governador.<\/p>\n<p>O encontro com Paulinho sinaliza que Alckmin n\u00e3o depende da filia\u00e7\u00e3o ao PSB para compor a chapa com Lula \u2014Solidariedade e PV tamb\u00e9m s\u00e3o op\u00e7\u00f5es, sobretudo num contexto em que as negocia\u00e7\u00f5es entre PT e PSB est\u00e3o travadas diante do impasse paulista.<\/p>\n<p>Paulinho argumentou que o PSB tem se valido da negocia\u00e7\u00e3o com o ex-governador de S\u00e3o Paulo para exigir apoio do PT a seus candidatos a governos estaduais. Alckmin admitiu a possibilidade de se filiar ao Solidariedade. Mas n\u00e3o deu resposta.<\/p>\n<p>\u201cAqui [no Solidariedade], Alckmin n\u00e3o seria usado como moeda de troca\u201d, disse.<\/p>\n<p>Segundo Paulinho, Alckmin n\u00e3o mencionou as recentes manifesta\u00e7\u00f5es de Lula e da presidente do PT, deputada Gleisi Hoffmann (PR), favor\u00e1veis \u00e0 iniciativa do governo espanhol, que revogou a reforma trabalhista local.<\/p>\n<p>No \u00faltimo dia 4, Lula publicou nas redes um post afirmando ser \u201cimportante que os brasileiros acompanhem de perto o que est\u00e1 acontecendo na reforma trabalhista da Espanha, onde o presidente Pedro Sanchez est\u00e1 trabalhando para recuperar direitos dos trabalhadores\u201d.<\/p>\n<p>\u201cAlckmin disse que est\u00e1 preocupado com a discuss\u00e3o que surge nos \u00faltimos dias sobre a revoga\u00e7\u00e3o da reforma trabalhista\u201d, afirma Paulinho.<\/p>\n<p>Em resposta, o ex-presidente da For\u00e7a Sindical afirmou que as centrais n\u00e3o defendem a revoga\u00e7\u00e3o da reforma, mas a regulamenta\u00e7\u00e3o da possibilidade de fixa\u00e7\u00e3o, em assembleia, da cobran\u00e7a de contribui\u00e7\u00e3o sindical dos trabalhadores.<\/p>\n<p>Para Paulinho, deveria haver liberdade de negocia\u00e7\u00e3o nas assembleias e entre os sindicatos patronais para estabelecer o valor da contribui\u00e7\u00e3o. \u201cRevogar a reforma n\u00e3o nos agrada, achamos que n\u00e3o \u00e9 necess\u00e1rio\u201d, afirmou.<\/p>\n<p>Alckmin se disse preocupado com a crise econ\u00f4mica, chegando a ressaltar a exist\u00eancia de moradores de rua at\u00e9 mesmo em Pindamonhangaba (SP), sua cidade natal.<\/p>\n<p>Na Espanha, a nova reforma, chamada tamb\u00e9m de \u201ccontrarreforma\u201d, revisa mudan\u00e7as feitas em 2012 e que teriam impulsionado a precariza\u00e7\u00e3o das condi\u00e7\u00f5es de trabalho no pa\u00eds.<\/p>\n<p>Entre as medidas, extingue os contratos por obra, limita os contratos tempor\u00e1rios (que correspondem a cerca de 25% dos empregos no pa\u00eds) e estabelece regras mais rigorosas nas terceiriza\u00e7\u00f5es.<\/p>\n<p>Reportagem da Folha mostrou que quatro anos depois da entrada em vigor da reforma trabalhista, completados em novembro, o saldo \u00e9 de queda no n\u00famero de a\u00e7\u00f5es na Justi\u00e7a do Trabalho, mas o n\u00famero de empregos anunciado pelo governo \u00e0 \u00e9poca ficou s\u00f3 na promessa.<\/p>\n<p>Folhapress<\/p>\n<div class='share-to-whatsapp-wrapper'><div class='share-on-whsp'>Share on: <\/div><a data-text='Alckmin indica preocupa\u00e7\u00e3o com discurso de Lula sobre reforma trabalhista' data-link='https:\/\/newsinfoco.com.br\/inicio\/alckmin-indica-preocupacao-com-discurso-de-lula-sobre-reforma-trabalhista\/' class='whatsapp-button whatsapp-share'>WhatsApp<\/a><div class='clear '><\/div><\/div>","protected":false},"excerpt":{"rendered":"<p>Cotado para a vice da chapa do ex-presidente Luiz In\u00e1cio Lula da Silva (PT) \u00e0 Presid\u00eancia, o ex-governador Geraldo Alckmin (sem partido) manifestou preocupa\u00e7\u00e3o com a proposta de revoga\u00e7\u00e3o da reforma trabalhista encampada por setores petistas. Em caf\u00e9 da manh\u00e3 nesta segunda-feira (10) com o presidente nacional do Solidariedade, o deputado federal Paulo Pereira da [&hellip;]<\/p>\n","protected":false},"author":1,"featured_media":8803,"comment_status":"closed","ping_status":"closed","sticky":false,"template":"","format":"standard","meta":{"om_disable_all_campaigns":false,"rop_custom_images_group":[],"rop_custom_messages_group":[],"rop_publish_now":"initial","rop_publish_now_accounts":[],"rop_publish_now_history":[],"rop_publish_now_status":"pending","_exactmetrics_skip_tracking":false,"footnotes":""},"categories":[21],"tags":[],"class_list":["post-28327","post","type-post","status-publish","format-standard","has-post-thumbnail","hentry","category-brasil"],"aioseo_notices":[],"aioseo_head":"\n\t\t<!-- All in One SEO 4.9.10 - aioseo.com -->\n\t<meta name=\"description\" content=\"Cotado para a vice da chapa do ex-presidente Luiz In\u00e1cio Lula da Silva (PT) \u00e0 Presid\u00eancia, o ex-governador Geraldo Alckmin (sem partido) manifestou preocupa\u00e7\u00e3o com a proposta de revoga\u00e7\u00e3o da reforma trabalhista encampada por setores petistas. Em caf\u00e9 da manh\u00e3 nesta segunda-feira (10) com o presidente nacional do Solidariedade, o deputado federal Paulo Pereira da\" \/>\n\t<meta name=\"robots\" content=\"max-image-preview:large\" \/>\n\t<meta name=\"author\" content=\"administrador\"\/>\n\t<link rel=\"canonical\" href=\"https:\/\/newsinfoco.com.br\/inicio\/alckmin-indica-preocupacao-com-discurso-de-lula-sobre-reforma-trabalhista\/\" \/>\n\t<meta name=\"generator\" content=\"All in One SEO (AIOSEO) 4.9.10\" \/>\n\t\t<meta property=\"og:locale\" content=\"pt_BR\" \/>\n\t\t<meta property=\"og:site_name\" content=\"News In Foco - Editado por Caio Pimenta - O principal site de noticias de Alagoinhas e regi\u00e3o\" \/>\n\t\t<meta property=\"og:type\" content=\"article\" \/>\n\t\t<meta property=\"og:title\" content=\"Alckmin indica preocupa\u00e7\u00e3o com discurso de Lula sobre reforma trabalhista - News In Foco - Editado por Caio Pimenta\" \/>\n\t\t<meta property=\"og:description\" content=\"Cotado para a vice da chapa do ex-presidente Luiz In\u00e1cio Lula da Silva (PT) \u00e0 Presid\u00eancia, o ex-governador Geraldo Alckmin (sem partido) manifestou preocupa\u00e7\u00e3o com a proposta de revoga\u00e7\u00e3o da reforma trabalhista encampada por setores petistas. Em caf\u00e9 da manh\u00e3 nesta segunda-feira (10) com o presidente nacional do Solidariedade, o deputado federal Paulo Pereira da\" \/>\n\t\t<meta property=\"og:url\" content=\"https:\/\/newsinfoco.com.br\/inicio\/alckmin-indica-preocupacao-com-discurso-de-lula-sobre-reforma-trabalhista\/\" \/>\n\t\t<meta property=\"article:published_time\" content=\"2022-01-10T22:03:57+00:00\" \/>\n\t\t<meta property=\"article:modified_time\" content=\"2022-01-10T22:03:57+00:00\" \/>\n\t\t<meta name=\"twitter:card\" content=\"summary_large_image\" \/>\n\t\t<meta name=\"twitter:title\" content=\"Alckmin indica preocupa\u00e7\u00e3o com discurso de Lula sobre reforma trabalhista - News In Foco - Editado por Caio Pimenta\" \/>\n\t\t<meta name=\"twitter:description\" content=\"Cotado para a vice da chapa do ex-presidente Luiz In\u00e1cio Lula da Silva (PT) \u00e0 Presid\u00eancia, o ex-governador Geraldo Alckmin (sem partido) manifestou preocupa\u00e7\u00e3o com a proposta de revoga\u00e7\u00e3o da reforma trabalhista encampada por setores petistas. Em caf\u00e9 da manh\u00e3 nesta segunda-feira (10) com o presidente nacional do Solidariedade, o deputado federal Paulo Pereira da\" \/>\n\t\t<script type=\"application\/ld+json\" class=\"aioseo-schema\">\n\t\t\t{\"@context\":\"https:\\\/\\\/schema.org\",\"@graph\":[{\"@type\":\"BlogPosting\",\"@id\":\"https:\\\/\\\/newsinfoco.com.br\\\/inicio\\\/alckmin-indica-preocupacao-com-discurso-de-lula-sobre-reforma-trabalhista\\\/#blogposting\",\"name\":\"Alckmin indica preocupa\\u00e7\\u00e3o com discurso de Lula sobre reforma trabalhista - News In Foco - Editado por Caio Pimenta\",\"headline\":\"Alckmin indica preocupa\\u00e7\\u00e3o com discurso de Lula sobre reforma trabalhista\",\"author\":{\"@id\":\"https:\\\/\\\/newsinfoco.com.br\\\/inicio\\\/author\\\/administrador\\\/#author\"},\"publisher\":{\"@id\":\"https:\\\/\\\/newsinfoco.com.br\\\/inicio\\\/#organization\"},\"image\":{\"@type\":\"ImageObject\",\"url\":\"https:\\\/\\\/newsinfoco.com.br\\\/inicio\\\/wp-content\\\/uploads\\\/2018\\\/08\\\/5b801cf69775b_Sabatina-de-Alckmin-e1534802776365.png\",\"width\":653,\"height\":373},\"datePublished\":\"2022-01-10T19:03:57-03:00\",\"dateModified\":\"2022-01-10T19:03:57-03:00\",\"inLanguage\":\"pt-BR\",\"mainEntityOfPage\":{\"@id\":\"https:\\\/\\\/newsinfoco.com.br\\\/inicio\\\/alckmin-indica-preocupacao-com-discurso-de-lula-sobre-reforma-trabalhista\\\/#webpage\"},\"isPartOf\":{\"@id\":\"https:\\\/\\\/newsinfoco.com.br\\\/inicio\\\/alckmin-indica-preocupacao-com-discurso-de-lula-sobre-reforma-trabalhista\\\/#webpage\"},\"articleSection\":\"Brasil\"},{\"@type\":\"BreadcrumbList\",\"@id\":\"https:\\\/\\\/newsinfoco.com.br\\\/inicio\\\/alckmin-indica-preocupacao-com-discurso-de-lula-sobre-reforma-trabalhista\\\/#breadcrumblist\",\"itemListElement\":[{\"@type\":\"ListItem\",\"@id\":\"https:\\\/\\\/newsinfoco.com.br\\\/inicio#listItem\",\"position\":1,\"name\":\"In\\u00edcio\",\"item\":\"https:\\\/\\\/newsinfoco.com.br\\\/inicio\",\"nextItem\":{\"@type\":\"ListItem\",\"@id\":\"https:\\\/\\\/newsinfoco.com.br\\\/inicio\\\/category\\\/brasil\\\/#listItem\",\"name\":\"Brasil\"}},{\"@type\":\"ListItem\",\"@id\":\"https:\\\/\\\/newsinfoco.com.br\\\/inicio\\\/category\\\/brasil\\\/#listItem\",\"position\":2,\"name\":\"Brasil\",\"item\":\"https:\\\/\\\/newsinfoco.com.br\\\/inicio\\\/category\\\/brasil\\\/\",\"nextItem\":{\"@type\":\"ListItem\",\"@id\":\"https:\\\/\\\/newsinfoco.com.br\\\/inicio\\\/alckmin-indica-preocupacao-com-discurso-de-lula-sobre-reforma-trabalhista\\\/#listItem\",\"name\":\"Alckmin indica preocupa\\u00e7\\u00e3o com discurso de Lula sobre reforma trabalhista\"},\"previousItem\":{\"@type\":\"ListItem\",\"@id\":\"https:\\\/\\\/newsinfoco.com.br\\\/inicio#listItem\",\"name\":\"In\\u00edcio\"}},{\"@type\":\"ListItem\",\"@id\":\"https:\\\/\\\/newsinfoco.com.br\\\/inicio\\\/alckmin-indica-preocupacao-com-discurso-de-lula-sobre-reforma-trabalhista\\\/#listItem\",\"position\":3,\"name\":\"Alckmin indica preocupa\\u00e7\\u00e3o com discurso de Lula sobre reforma trabalhista\",\"previousItem\":{\"@type\":\"ListItem\",\"@id\":\"https:\\\/\\\/newsinfoco.com.br\\\/inicio\\\/category\\\/brasil\\\/#listItem\",\"name\":\"Brasil\"}}]},{\"@type\":\"Organization\",\"@id\":\"https:\\\/\\\/newsinfoco.com.br\\\/inicio\\\/#organization\",\"name\":\"News In Foco - Editado por Caio Pimenta\",\"description\":\"O principal site de noticias de Alagoinhas e regi\\u00e3o\",\"url\":\"https:\\\/\\\/newsinfoco.com.br\\\/inicio\\\/\"},{\"@type\":\"Person\",\"@id\":\"https:\\\/\\\/newsinfoco.com.br\\\/inicio\\\/author\\\/administrador\\\/#author\",\"url\":\"https:\\\/\\\/newsinfoco.com.br\\\/inicio\\\/author\\\/administrador\\\/\",\"name\":\"administrador\",\"image\":{\"@type\":\"ImageObject\",\"@id\":\"https:\\\/\\\/newsinfoco.com.br\\\/inicio\\\/alckmin-indica-preocupacao-com-discurso-de-lula-sobre-reforma-trabalhista\\\/#authorImage\",\"url\":\"https:\\\/\\\/secure.gravatar.com\\\/avatar\\\/c17a617433de8c1dc9584bb79aab7563b46f5bb7e1728c9b17d9cc3ce6a08e49?s=96&d=mm&r=g\",\"width\":96,\"height\":96,\"caption\":\"administrador\"}},{\"@type\":\"WebPage\",\"@id\":\"https:\\\/\\\/newsinfoco.com.br\\\/inicio\\\/alckmin-indica-preocupacao-com-discurso-de-lula-sobre-reforma-trabalhista\\\/#webpage\",\"url\":\"https:\\\/\\\/newsinfoco.com.br\\\/inicio\\\/alckmin-indica-preocupacao-com-discurso-de-lula-sobre-reforma-trabalhista\\\/\",\"name\":\"Alckmin indica preocupa\\u00e7\\u00e3o com discurso de Lula sobre reforma trabalhista - News In Foco - Editado por Caio Pimenta\",\"description\":\"Cotado para a vice da chapa do ex-presidente Luiz In\\u00e1cio Lula da Silva (PT) \\u00e0 Presid\\u00eancia, o ex-governador Geraldo Alckmin (sem partido) manifestou preocupa\\u00e7\\u00e3o com a proposta de revoga\\u00e7\\u00e3o da reforma trabalhista encampada por setores petistas. Em caf\\u00e9 da manh\\u00e3 nesta segunda-feira (10) com o presidente nacional do Solidariedade, o deputado federal Paulo Pereira da\",\"inLanguage\":\"pt-BR\",\"isPartOf\":{\"@id\":\"https:\\\/\\\/newsinfoco.com.br\\\/inicio\\\/#website\"},\"breadcrumb\":{\"@id\":\"https:\\\/\\\/newsinfoco.com.br\\\/inicio\\\/alckmin-indica-preocupacao-com-discurso-de-lula-sobre-reforma-trabalhista\\\/#breadcrumblist\"},\"author\":{\"@id\":\"https:\\\/\\\/newsinfoco.com.br\\\/inicio\\\/author\\\/administrador\\\/#author\"},\"creator\":{\"@id\":\"https:\\\/\\\/newsinfoco.com.br\\\/inicio\\\/author\\\/administrador\\\/#author\"},\"image\":{\"@type\":\"ImageObject\",\"url\":\"https:\\\/\\\/newsinfoco.com.br\\\/inicio\\\/wp-content\\\/uploads\\\/2018\\\/08\\\/5b801cf69775b_Sabatina-de-Alckmin-e1534802776365.png\",\"@id\":\"https:\\\/\\\/newsinfoco.com.br\\\/inicio\\\/alckmin-indica-preocupacao-com-discurso-de-lula-sobre-reforma-trabalhista\\\/#mainImage\",\"width\":653,\"height\":373},\"primaryImageOfPage\":{\"@id\":\"https:\\\/\\\/newsinfoco.com.br\\\/inicio\\\/alckmin-indica-preocupacao-com-discurso-de-lula-sobre-reforma-trabalhista\\\/#mainImage\"},\"datePublished\":\"2022-01-10T19:03:57-03:00\",\"dateModified\":\"2022-01-10T19:03:57-03:00\"},{\"@type\":\"WebSite\",\"@id\":\"https:\\\/\\\/newsinfoco.com.br\\\/inicio\\\/#website\",\"url\":\"https:\\\/\\\/newsinfoco.com.br\\\/inicio\\\/\",\"name\":\"News In Foco - Editado por Caio Pimenta\",\"description\":\"O principal site de noticias de Alagoinhas e regi\\u00e3o\",\"inLanguage\":\"pt-BR\",\"publisher\":{\"@id\":\"https:\\\/\\\/newsinfoco.com.br\\\/inicio\\\/#organization\"}}]}\n\t\t<\/script>\n\t\t<!-- All in One SEO -->\n\n","aioseo_head_json":{"title":"Alckmin indica preocupa\u00e7\u00e3o com discurso de Lula sobre reforma trabalhista - News In Foco - Editado por Caio Pimenta","description":"Cotado para a vice da chapa do ex-presidente Luiz In\u00e1cio Lula da Silva (PT) \u00e0 Presid\u00eancia, o ex-governador Geraldo Alckmin (sem partido) manifestou preocupa\u00e7\u00e3o com a proposta de revoga\u00e7\u00e3o da reforma trabalhista encampada por setores petistas. Em caf\u00e9 da manh\u00e3 nesta segunda-feira (10) com o presidente nacional do Solidariedade, o deputado federal Paulo Pereira da","canonical_url":"https:\/\/newsinfoco.com.br\/inicio\/alckmin-indica-preocupacao-com-discurso-de-lula-sobre-reforma-trabalhista\/","robots":"max-image-preview:large","keywords":"","webmasterTools":{"miscellaneous":""},"schema":{"@context":"https:\/\/schema.org","@graph":[{"@type":"BlogPosting","@id":"https:\/\/newsinfoco.com.br\/inicio\/alckmin-indica-preocupacao-com-discurso-de-lula-sobre-reforma-trabalhista\/#blogposting","name":"Alckmin indica preocupa\u00e7\u00e3o com discurso de Lula sobre reforma trabalhista - News In Foco - Editado por Caio Pimenta","headline":"Alckmin indica preocupa\u00e7\u00e3o com discurso de Lula sobre reforma trabalhista","author":{"@id":"https:\/\/newsinfoco.com.br\/inicio\/author\/administrador\/#author"},"publisher":{"@id":"https:\/\/newsinfoco.com.br\/inicio\/#organization"},"image":{"@type":"ImageObject","url":"https:\/\/newsinfoco.com.br\/inicio\/wp-content\/uploads\/2018\/08\/5b801cf69775b_Sabatina-de-Alckmin-e1534802776365.png","width":653,"height":373},"datePublished":"2022-01-10T19:03:57-03:00","dateModified":"2022-01-10T19:03:57-03:00","inLanguage":"pt-BR","mainEntityOfPage":{"@id":"https:\/\/newsinfoco.com.br\/inicio\/alckmin-indica-preocupacao-com-discurso-de-lula-sobre-reforma-trabalhista\/#webpage"},"isPartOf":{"@id":"https:\/\/newsinfoco.com.br\/inicio\/alckmin-indica-preocupacao-com-discurso-de-lula-sobre-reforma-trabalhista\/#webpage"},"articleSection":"Brasil"},{"@type":"BreadcrumbList","@id":"https:\/\/newsinfoco.com.br\/inicio\/alckmin-indica-preocupacao-com-discurso-de-lula-sobre-reforma-trabalhista\/#breadcrumblist","itemListElement":[{"@type":"ListItem","@id":"https:\/\/newsinfoco.com.br\/inicio#listItem","position":1,"name":"In\u00edcio","item":"https:\/\/newsinfoco.com.br\/inicio","nextItem":{"@type":"ListItem","@id":"https:\/\/newsinfoco.com.br\/inicio\/category\/brasil\/#listItem","name":"Brasil"}},{"@type":"ListItem","@id":"https:\/\/newsinfoco.com.br\/inicio\/category\/brasil\/#listItem","position":2,"name":"Brasil","item":"https:\/\/newsinfoco.com.br\/inicio\/category\/brasil\/","nextItem":{"@type":"ListItem","@id":"https:\/\/newsinfoco.com.br\/inicio\/alckmin-indica-preocupacao-com-discurso-de-lula-sobre-reforma-trabalhista\/#listItem","name":"Alckmin indica preocupa\u00e7\u00e3o com discurso de Lula sobre reforma trabalhista"},"previousItem":{"@type":"ListItem","@id":"https:\/\/newsinfoco.com.br\/inicio#listItem","name":"In\u00edcio"}},{"@type":"ListItem","@id":"https:\/\/newsinfoco.com.br\/inicio\/alckmin-indica-preocupacao-com-discurso-de-lula-sobre-reforma-trabalhista\/#listItem","position":3,"name":"Alckmin indica preocupa\u00e7\u00e3o com discurso de Lula sobre reforma trabalhista","previousItem":{"@type":"ListItem","@id":"https:\/\/newsinfoco.com.br\/inicio\/category\/brasil\/#listItem","name":"Brasil"}}]},{"@type":"Organization","@id":"https:\/\/newsinfoco.com.br\/inicio\/#organization","name":"News In Foco - Editado por Caio Pimenta","description":"O principal site de noticias de Alagoinhas e regi\u00e3o","url":"https:\/\/newsinfoco.com.br\/inicio\/"},{"@type":"Person","@id":"https:\/\/newsinfoco.com.br\/inicio\/author\/administrador\/#author","url":"https:\/\/newsinfoco.com.br\/inicio\/author\/administrador\/","name":"administrador","image":{"@type":"ImageObject","@id":"https:\/\/newsinfoco.com.br\/inicio\/alckmin-indica-preocupacao-com-discurso-de-lula-sobre-reforma-trabalhista\/#authorImage","url":"https:\/\/secure.gravatar.com\/avatar\/c17a617433de8c1dc9584bb79aab7563b46f5bb7e1728c9b17d9cc3ce6a08e49?s=96&d=mm&r=g","width":96,"height":96,"caption":"administrador"}},{"@type":"WebPage","@id":"https:\/\/newsinfoco.com.br\/inicio\/alckmin-indica-preocupacao-com-discurso-de-lula-sobre-reforma-trabalhista\/#webpage","url":"https:\/\/newsinfoco.com.br\/inicio\/alckmin-indica-preocupacao-com-discurso-de-lula-sobre-reforma-trabalhista\/","name":"Alckmin indica preocupa\u00e7\u00e3o com discurso de Lula sobre reforma trabalhista - News In Foco - Editado por Caio Pimenta","description":"Cotado para a vice da chapa do ex-presidente Luiz In\u00e1cio Lula da Silva (PT) \u00e0 Presid\u00eancia, o ex-governador Geraldo Alckmin (sem partido) manifestou preocupa\u00e7\u00e3o com a proposta de revoga\u00e7\u00e3o da reforma trabalhista encampada por setores petistas. Em caf\u00e9 da manh\u00e3 nesta segunda-feira (10) com o presidente nacional do Solidariedade, o deputado federal Paulo Pereira da","inLanguage":"pt-BR","isPartOf":{"@id":"https:\/\/newsinfoco.com.br\/inicio\/#website"},"breadcrumb":{"@id":"https:\/\/newsinfoco.com.br\/inicio\/alckmin-indica-preocupacao-com-discurso-de-lula-sobre-reforma-trabalhista\/#breadcrumblist"},"author":{"@id":"https:\/\/newsinfoco.com.br\/inicio\/author\/administrador\/#author"},"creator":{"@id":"https:\/\/newsinfoco.com.br\/inicio\/author\/administrador\/#author"},"image":{"@type":"ImageObject","url":"https:\/\/newsinfoco.com.br\/inicio\/wp-content\/uploads\/2018\/08\/5b801cf69775b_Sabatina-de-Alckmin-e1534802776365.png","@id":"https:\/\/newsinfoco.com.br\/inicio\/alckmin-indica-preocupacao-com-discurso-de-lula-sobre-reforma-trabalhista\/#mainImage","width":653,"height":373},"primaryImageOfPage":{"@id":"https:\/\/newsinfoco.com.br\/inicio\/alckmin-indica-preocupacao-com-discurso-de-lula-sobre-reforma-trabalhista\/#mainImage"},"datePublished":"2022-01-10T19:03:57-03:00","dateModified":"2022-01-10T19:03:57-03:00"},{"@type":"WebSite","@id":"https:\/\/newsinfoco.com.br\/inicio\/#website","url":"https:\/\/newsinfoco.com.br\/inicio\/","name":"News In Foco - Editado por Caio Pimenta","description":"O principal site de noticias de Alagoinhas e regi\u00e3o","inLanguage":"pt-BR","publisher":{"@id":"https:\/\/newsinfoco.com.br\/inicio\/#organization"}}]},"og:locale":"pt_BR","og:site_name":"News In Foco - Editado por Caio Pimenta - O principal site de noticias de Alagoinhas e regi\u00e3o","og:type":"article","og:title":"Alckmin indica preocupa\u00e7\u00e3o com discurso de Lula sobre reforma trabalhista - News In Foco - Editado por Caio Pimenta","og:description":"Cotado para a vice da chapa do ex-presidente Luiz In\u00e1cio Lula da Silva (PT) \u00e0 Presid\u00eancia, o ex-governador Geraldo Alckmin (sem partido) manifestou preocupa\u00e7\u00e3o com a proposta de revoga\u00e7\u00e3o da reforma trabalhista encampada por setores petistas. Em caf\u00e9 da manh\u00e3 nesta segunda-feira (10) com o presidente nacional do Solidariedade, o deputado federal Paulo Pereira da","og:url":"https:\/\/newsinfoco.com.br\/inicio\/alckmin-indica-preocupacao-com-discurso-de-lula-sobre-reforma-trabalhista\/","article:published_time":"2022-01-10T22:03:57+00:00","article:modified_time":"2022-01-10T22:03:57+00:00","twitter:card":"summary_large_image","twitter:title":"Alckmin indica preocupa\u00e7\u00e3o com discurso de Lula sobre reforma trabalhista - News In Foco - Editado por Caio Pimenta","twitter:description":"Cotado para a vice da chapa do ex-presidente Luiz In\u00e1cio Lula da Silva (PT) \u00e0 Presid\u00eancia, o ex-governador Geraldo Alckmin (sem partido) manifestou preocupa\u00e7\u00e3o com a proposta de revoga\u00e7\u00e3o da reforma trabalhista encampada por setores petistas. Em caf\u00e9 da manh\u00e3 nesta segunda-feira (10) com o presidente nacional do Solidariedade, o deputado federal Paulo Pereira da"},"aioseo_meta_data":{"post_id":"28327","title":null,"description":null,"keywords":null,"keyphrases":null,"primary_term":null,"canonical_url":null,"og_title":null,"og_description":null,"og_object_type":"default","og_image_type":"default","og_image_url":null,"og_image_width":null,"og_image_height":null,"og_image_custom_url":null,"og_image_custom_fields":null,"og_video":null,"og_custom_url":null,"og_article_section":null,"og_article_tags":null,"twitter_use_og":false,"twitter_card":"default","twitter_image_type":"default","twitter_image_url":null,"twitter_image_custom_url":null,"twitter_image_custom_fields":null,"twitter_title":null,"twitter_description":null,"schema":{"blockGraphs":[],"customGraphs":[],"default":{"data":{"Article":[],"Course":[],"Dataset":[],"FAQPage":[],"Movie":[],"Person":[],"Product":[],"ProductReview":[],"Car":[],"Recipe":[],"Service":[],"SoftwareApplication":[],"WebPage":[]},"graphName":"","isEnabled":true},"graphs":[]},"schema_type":"default","schema_type_options":null,"pillar_content":false,"robots_default":true,"robots_noindex":false,"robots_noarchive":false,"robots_nosnippet":false,"robots_nofollow":false,"robots_noimageindex":false,"robots_noodp":false,"robots_notranslate":false,"robots_max_snippet":null,"robots_max_videopreview":null,"robots_max_imagepreview":"large","priority":null,"frequency":null,"local_seo":null,"breadcrumb_settings":null,"limit_modified_date":false,"ai":null,"created":"2023-06-12 20:25:50","updated":"2025-07-11 06:38:48","seo_analyzer_scan_date":null},"aioseo_breadcrumb":"<div class=\"aioseo-breadcrumbs\"><span class=\"aioseo-breadcrumb\">\n\t\t\t<a href=\"https:\/\/newsinfoco.com.br\/inicio\" title=\"In\u00edcio\">In\u00edcio<\/a>\n\t\t<\/span><span class=\"aioseo-breadcrumb-separator\">&raquo;<\/span><span class=\"aioseo-breadcrumb\">\n\t\t\t<a href=\"https:\/\/newsinfoco.com.br\/inicio\/category\/brasil\/\" title=\"Brasil\">Brasil<\/a>\n\t\t<\/span><span class=\"aioseo-breadcrumb-separator\">&raquo;<\/span><span class=\"aioseo-breadcrumb\">\n\t\t\tAlckmin indica preocupa\u00e7\u00e3o com discurso de Lula sobre reforma trabalhista\n\t\t<\/span><\/div>","aioseo_breadcrumb_json":[{"label":"In\u00edcio","link":"https:\/\/newsinfoco.com.br\/inicio"},{"label":"Brasil","link":"https:\/\/newsinfoco.com.br\/inicio\/category\/brasil\/"},{"label":"Alckmin indica preocupa\u00e7\u00e3o com discurso de Lula sobre reforma trabalhista","link":"https:\/\/newsinfoco.com.br\/inicio\/alckmin-indica-preocupacao-com-discurso-de-lula-sobre-reforma-trabalhista\/"}],"_links":{"self":[{"href":"https:\/\/newsinfoco.com.br\/inicio\/wp-json\/wp\/v2\/posts\/28327","targetHints":{"allow":["GET"]}}],"collection":[{"href":"https:\/\/newsinfoco.com.br\/inicio\/wp-json\/wp\/v2\/posts"}],"about":[{"href":"https:\/\/newsinfoco.com.br\/inicio\/wp-json\/wp\/v2\/types\/post"}],"author":[{"embeddable":true,"href":"https:\/\/newsinfoco.com.br\/inicio\/wp-json\/wp\/v2\/users\/1"}],"replies":[{"embeddable":true,"href":"https:\/\/newsinfoco.com.br\/inicio\/wp-json\/wp\/v2\/comments?post=28327"}],"version-history":[{"count":2,"href":"https:\/\/newsinfoco.com.br\/inicio\/wp-json\/wp\/v2\/posts\/28327\/revisions"}],"predecessor-version":[{"id":28329,"href":"https:\/\/newsinfoco.com.br\/inicio\/wp-json\/wp\/v2\/posts\/28327\/revisions\/28329"}],"wp:featuredmedia":[{"embeddable":true,"href":"https:\/\/newsinfoco.com.br\/inicio\/wp-json\/wp\/v2\/media\/8803"}],"wp:attachment":[{"href":"https:\/\/newsinfoco.com.br\/inicio\/wp-json\/wp\/v2\/media?parent=28327"}],"wp:term":[{"taxonomy":"category","embeddable":true,"href":"https:\/\/newsinfoco.com.br\/inicio\/wp-json\/wp\/v2\/categories?post=28327"},{"taxonomy":"post_tag","embeddable":true,"href":"https:\/\/newsinfoco.com.br\/inicio\/wp-json\/wp\/v2\/tags?post=28327"}],"curies":[{"name":"wp","href":"https:\/\/api.w.org\/{rel}","templated":true}]}}