{"id":28357,"date":"2022-01-13T17:42:09","date_gmt":"2022-01-13T20:42:09","guid":{"rendered":"https:\/\/newsinfoco.com.br\/inicio\/?p=28357"},"modified":"2022-01-13T17:42:09","modified_gmt":"2022-01-13T20:42:09","slug":"boletim-covid-19-confira-a-atualizacao-desta-quinta-feira-13","status":"publish","type":"post","link":"https:\/\/newsinfoco.com.br\/inicio\/boletim-covid-19-confira-a-atualizacao-desta-quinta-feira-13\/","title":{"rendered":"Boletim Covid-19: confira a atualiza\u00e7\u00e3o desta quinta-feira (13)"},"content":{"rendered":"<p>O boletim epidemiol\u00f3gico divulgado pela Secretaria da Sa\u00fade de Alagoinhas (SESAU), nesta quinta-feira (13), mostra 13 novos casos foram registrados no munic\u00edpio, sendo eles 07 mulheres de 11 a 57 anos e 06 homens de 30 a 78 anos.<\/p>\n<p>De acordo com a SESAU, 159 pessoas est\u00e3o em monitoramento, tanto pela equipe da Vigil\u00e2ncia Epidemiol\u00f3gica, para controle dos dados de sa\u00fade coletiva, como tamb\u00e9m pela assist\u00eancia da equipe de Aten\u00e7\u00e3o Prim\u00e1ria. As pessoas que realizam exames na rede de sa\u00fade privada tamb\u00e9m s\u00e3o monitoradas pela Vigil\u00e2ncia Epidemiol\u00f3gica e recebem liga\u00e7\u00e3o do setor.<\/p>\n<p>O munic\u00edpio possui 55 casos ativos da doen\u00e7a, 104 moradores aguardam resultados de exames e 01 pessoa est\u00e1 hospitalizada. Desde o in\u00edcio da pandemia, 25.483 moradores testaram negativo para COVID-19 e 327 \u00f3bitos foram registrados pela Secretaria Municipal de Sa\u00fade.\u00a0 15.956 pessoas tiveram a recupera\u00e7\u00e3o constatada, ap\u00f3s infec\u00e7\u00e3o pelo coronav\u00edrus.<\/p>\n<p>Nas \u00faltimas 24 horas, a Unidade Grip\u00e1ria de Santa Terezinha realizou 43 atendimentos de pessoas com sintomas gripais que foram avaliadas em atendimento m\u00e9dico e 15 coletas de amostras microbiol\u00f3gicas para teste RT-PCR, de pessoas aptas para essa testagem, de acordo com o tempo de sintomas. Tamb\u00e9m foram realizados 06 teste r\u00e1pido, sendo os resultados deles negativos.<\/p>\n<p>&nbsp;<\/p>\n<p>Fonte: Secretaria Municipal de Sa\u00fade \u2013 Vigil\u00e2ncia Epidemiol\u00f3gica<\/p>\n<p>Atualiza\u00e7\u00e3o: 13-01-2021<\/p>\n<p>Confira os dados atualizados nesta quinta-feira (13):<\/p>\n<p><a href=\"https:\/\/www.alagoinhas.ba.gov.br\/index.php\/boletim-covid-19-confira-a-atualizacao-desta-quinta-feira-13-2\/whatsapp-image-2022-01-13-at-09-42-46\/\" rel=\"attachment wp-att-52074\"><img loading=\"lazy\" decoding=\"async\" class=\"aligncenter size-large wp-image-52074\" src=\"https:\/\/www.alagoinhas.ba.gov.br\/wp-content\/uploads\/2022\/01\/WhatsApp-Image-2022-01-13-at-09.42.46-819x1024.jpeg\" sizes=\"auto, (max-width: 800px) 100vw, 800px\" srcset=\"https:\/\/www.alagoinhas.ba.gov.br\/wp-content\/uploads\/2022\/01\/WhatsApp-Image-2022-01-13-at-09.42.46-819x1024.jpeg 819w, https:\/\/www.alagoinhas.ba.gov.br\/wp-content\/uploads\/2022\/01\/WhatsApp-Image-2022-01-13-at-09.42.46-240x300.jpeg 240w, https:\/\/www.alagoinhas.ba.gov.br\/wp-content\/uploads\/2022\/01\/WhatsApp-Image-2022-01-13-at-09.42.46-768x960.jpeg 768w, https:\/\/www.alagoinhas.ba.gov.br\/wp-content\/uploads\/2022\/01\/WhatsApp-Image-2022-01-13-at-09.42.46-67x84.jpeg 67w, https:\/\/www.alagoinhas.ba.gov.br\/wp-content\/uploads\/2022\/01\/WhatsApp-Image-2022-01-13-at-09.42.46.jpeg 1024w\" alt=\"\" width=\"800\" height=\"1000\" \/><\/a><\/p>\n<p><a href=\"https:\/\/www.alagoinhas.ba.gov.br\/index.php\/boletim-covid-19-confira-a-atualizacao-desta-quinta-feira-13-2\/whatsapp-image-2022-01-13-at-09-42-46-1\/\" rel=\"attachment wp-att-52075\"><img loading=\"lazy\" decoding=\"async\" class=\"aligncenter size-large wp-image-52075\" src=\"https:\/\/www.alagoinhas.ba.gov.br\/wp-content\/uploads\/2022\/01\/WhatsApp-Image-2022-01-13-at-09.42.46-1-576x1024.jpeg\" sizes=\"auto, (max-width: 576px) 100vw, 576px\" srcset=\"https:\/\/www.alagoinhas.ba.gov.br\/wp-content\/uploads\/2022\/01\/WhatsApp-Image-2022-01-13-at-09.42.46-1-576x1024.jpeg 576w, https:\/\/www.alagoinhas.ba.gov.br\/wp-content\/uploads\/2022\/01\/WhatsApp-Image-2022-01-13-at-09.42.46-1-169x300.jpeg 169w, https:\/\/www.alagoinhas.ba.gov.br\/wp-content\/uploads\/2022\/01\/WhatsApp-Image-2022-01-13-at-09.42.46-1-47x84.jpeg 47w, https:\/\/www.alagoinhas.ba.gov.br\/wp-content\/uploads\/2022\/01\/WhatsApp-Image-2022-01-13-at-09.42.46-1.jpeg 720w\" alt=\"\" width=\"576\" height=\"1024\" \/><\/a><\/p>\n<p>&nbsp;<\/p>\n<p>&nbsp;<\/p>\n<div class='share-to-whatsapp-wrapper'><div class='share-on-whsp'>Share on: <\/div><a data-text='Boletim Covid-19: confira a atualiza\u00e7\u00e3o desta quinta-feira (13)' data-link='https:\/\/newsinfoco.com.br\/inicio\/boletim-covid-19-confira-a-atualizacao-desta-quinta-feira-13\/' class='whatsapp-button whatsapp-share'>WhatsApp<\/a><div class='clear '><\/div><\/div>","protected":false},"excerpt":{"rendered":"<p>O boletim epidemiol\u00f3gico divulgado pela Secretaria da Sa\u00fade de Alagoinhas (SESAU), nesta quinta-feira (13), mostra 13 novos casos foram registrados no munic\u00edpio, sendo eles 07 mulheres de 11 a 57 anos e 06 homens de 30 a 78 anos. De acordo com a SESAU, 159 pessoas est\u00e3o em monitoramento, tanto pela equipe da Vigil\u00e2ncia Epidemiol\u00f3gica, [&hellip;]<\/p>\n","protected":false},"author":1,"featured_media":28358,"comment_status":"closed","ping_status":"closed","sticky":false,"template":"","format":"standard","meta":{"om_disable_all_campaigns":false,"rop_custom_images_group":[],"rop_custom_messages_group":[],"rop_publish_now":"initial","rop_publish_now_accounts":[],"rop_publish_now_history":[],"rop_publish_now_status":"pending","_exactmetrics_skip_tracking":false,"footnotes":""},"categories":[38,167],"tags":[],"class_list":["post-28357","post","type-post","status-publish","format-standard","has-post-thumbnail","hentry","category-alagoinhas-e-regiao","category-exclusivas"],"aioseo_notices":[],"aioseo_head":"\n\t\t<!-- All in One SEO 4.9.10 - aioseo.com -->\n\t<meta name=\"description\" content=\"O boletim epidemiol\u00f3gico divulgado pela Secretaria da Sa\u00fade de Alagoinhas (SESAU), nesta quinta-feira (13), mostra 13 novos casos foram registrados no munic\u00edpio, sendo eles 07 mulheres de 11 a 57 anos e 06 homens de 30 a 78 anos. De acordo com a SESAU, 159 pessoas est\u00e3o em monitoramento, tanto pela equipe da Vigil\u00e2ncia Epidemiol\u00f3gica,\" \/>\n\t<meta name=\"robots\" content=\"max-image-preview:large\" \/>\n\t<meta name=\"author\" content=\"administrador\"\/>\n\t<link rel=\"canonical\" href=\"https:\/\/newsinfoco.com.br\/inicio\/boletim-covid-19-confira-a-atualizacao-desta-quinta-feira-13\/\" \/>\n\t<meta name=\"generator\" content=\"All in One SEO (AIOSEO) 4.9.10\" \/>\n\t\t<meta property=\"og:locale\" content=\"pt_BR\" \/>\n\t\t<meta property=\"og:site_name\" content=\"News In Foco - Editado por Caio Pimenta - O principal site de noticias de Alagoinhas e regi\u00e3o\" \/>\n\t\t<meta property=\"og:type\" content=\"article\" \/>\n\t\t<meta property=\"og:title\" content=\"Boletim Covid-19: confira a atualiza\u00e7\u00e3o desta quinta-feira (13) - News In Foco - Editado por Caio Pimenta\" \/>\n\t\t<meta property=\"og:description\" content=\"O boletim epidemiol\u00f3gico divulgado pela Secretaria da Sa\u00fade de Alagoinhas (SESAU), nesta quinta-feira (13), mostra 13 novos casos foram registrados no munic\u00edpio, sendo eles 07 mulheres de 11 a 57 anos e 06 homens de 30 a 78 anos. De acordo com a SESAU, 159 pessoas est\u00e3o em monitoramento, tanto pela equipe da Vigil\u00e2ncia Epidemiol\u00f3gica,\" \/>\n\t\t<meta property=\"og:url\" content=\"https:\/\/newsinfoco.com.br\/inicio\/boletim-covid-19-confira-a-atualizacao-desta-quinta-feira-13\/\" \/>\n\t\t<meta property=\"article:published_time\" content=\"2022-01-13T20:42:09+00:00\" \/>\n\t\t<meta property=\"article:modified_time\" content=\"2022-01-13T20:42:09+00:00\" \/>\n\t\t<meta name=\"twitter:card\" content=\"summary_large_image\" \/>\n\t\t<meta name=\"twitter:title\" content=\"Boletim Covid-19: confira a atualiza\u00e7\u00e3o desta quinta-feira (13) - News In Foco - Editado por Caio Pimenta\" \/>\n\t\t<meta name=\"twitter:description\" content=\"O boletim epidemiol\u00f3gico divulgado pela Secretaria da Sa\u00fade de Alagoinhas (SESAU), nesta quinta-feira (13), mostra 13 novos casos foram registrados no munic\u00edpio, sendo eles 07 mulheres de 11 a 57 anos e 06 homens de 30 a 78 anos. De acordo com a SESAU, 159 pessoas est\u00e3o em monitoramento, tanto pela equipe da Vigil\u00e2ncia Epidemiol\u00f3gica,\" \/>\n\t\t<script type=\"application\/ld+json\" class=\"aioseo-schema\">\n\t\t\t{\"@context\":\"https:\\\/\\\/schema.org\",\"@graph\":[{\"@type\":\"BlogPosting\",\"@id\":\"https:\\\/\\\/newsinfoco.com.br\\\/inicio\\\/boletim-covid-19-confira-a-atualizacao-desta-quinta-feira-13\\\/#blogposting\",\"name\":\"Boletim Covid-19: confira a atualiza\\u00e7\\u00e3o desta quinta-feira (13) - News In Foco - Editado por Caio Pimenta\",\"headline\":\"Boletim Covid-19: confira a atualiza\\u00e7\\u00e3o desta quinta-feira (13)\",\"author\":{\"@id\":\"https:\\\/\\\/newsinfoco.com.br\\\/inicio\\\/author\\\/administrador\\\/#author\"},\"publisher\":{\"@id\":\"https:\\\/\\\/newsinfoco.com.br\\\/inicio\\\/#organization\"},\"image\":{\"@type\":\"ImageObject\",\"url\":\"https:\\\/\\\/newsinfoco.com.br\\\/inicio\\\/wp-content\\\/uploads\\\/2022\\\/01\\\/WhatsApp-Image-2022-01-13-at-09.42.46-550x368-1.jpeg\",\"width\":550,\"height\":368},\"datePublished\":\"2022-01-13T17:42:09-03:00\",\"dateModified\":\"2022-01-13T17:42:09-03:00\",\"inLanguage\":\"pt-BR\",\"mainEntityOfPage\":{\"@id\":\"https:\\\/\\\/newsinfoco.com.br\\\/inicio\\\/boletim-covid-19-confira-a-atualizacao-desta-quinta-feira-13\\\/#webpage\"},\"isPartOf\":{\"@id\":\"https:\\\/\\\/newsinfoco.com.br\\\/inicio\\\/boletim-covid-19-confira-a-atualizacao-desta-quinta-feira-13\\\/#webpage\"},\"articleSection\":\"Alagoinhas e Regi\\u00e3o, Manchete\"},{\"@type\":\"BreadcrumbList\",\"@id\":\"https:\\\/\\\/newsinfoco.com.br\\\/inicio\\\/boletim-covid-19-confira-a-atualizacao-desta-quinta-feira-13\\\/#breadcrumblist\",\"itemListElement\":[{\"@type\":\"ListItem\",\"@id\":\"https:\\\/\\\/newsinfoco.com.br\\\/inicio#listItem\",\"position\":1,\"name\":\"In\\u00edcio\",\"item\":\"https:\\\/\\\/newsinfoco.com.br\\\/inicio\",\"nextItem\":{\"@type\":\"ListItem\",\"@id\":\"https:\\\/\\\/newsinfoco.com.br\\\/inicio\\\/category\\\/alagoinhas-e-regiao\\\/#listItem\",\"name\":\"Alagoinhas e Regi\\u00e3o\"}},{\"@type\":\"ListItem\",\"@id\":\"https:\\\/\\\/newsinfoco.com.br\\\/inicio\\\/category\\\/alagoinhas-e-regiao\\\/#listItem\",\"position\":2,\"name\":\"Alagoinhas e Regi\\u00e3o\",\"item\":\"https:\\\/\\\/newsinfoco.com.br\\\/inicio\\\/category\\\/alagoinhas-e-regiao\\\/\",\"nextItem\":{\"@type\":\"ListItem\",\"@id\":\"https:\\\/\\\/newsinfoco.com.br\\\/inicio\\\/boletim-covid-19-confira-a-atualizacao-desta-quinta-feira-13\\\/#listItem\",\"name\":\"Boletim Covid-19: confira a atualiza\\u00e7\\u00e3o desta quinta-feira (13)\"},\"previousItem\":{\"@type\":\"ListItem\",\"@id\":\"https:\\\/\\\/newsinfoco.com.br\\\/inicio#listItem\",\"name\":\"In\\u00edcio\"}},{\"@type\":\"ListItem\",\"@id\":\"https:\\\/\\\/newsinfoco.com.br\\\/inicio\\\/boletim-covid-19-confira-a-atualizacao-desta-quinta-feira-13\\\/#listItem\",\"position\":3,\"name\":\"Boletim Covid-19: confira a atualiza\\u00e7\\u00e3o desta quinta-feira (13)\",\"previousItem\":{\"@type\":\"ListItem\",\"@id\":\"https:\\\/\\\/newsinfoco.com.br\\\/inicio\\\/category\\\/alagoinhas-e-regiao\\\/#listItem\",\"name\":\"Alagoinhas e Regi\\u00e3o\"}}]},{\"@type\":\"Organization\",\"@id\":\"https:\\\/\\\/newsinfoco.com.br\\\/inicio\\\/#organization\",\"name\":\"News In Foco - Editado por Caio Pimenta\",\"description\":\"O principal site de noticias de Alagoinhas e regi\\u00e3o\",\"url\":\"https:\\\/\\\/newsinfoco.com.br\\\/inicio\\\/\"},{\"@type\":\"Person\",\"@id\":\"https:\\\/\\\/newsinfoco.com.br\\\/inicio\\\/author\\\/administrador\\\/#author\",\"url\":\"https:\\\/\\\/newsinfoco.com.br\\\/inicio\\\/author\\\/administrador\\\/\",\"name\":\"administrador\",\"image\":{\"@type\":\"ImageObject\",\"@id\":\"https:\\\/\\\/newsinfoco.com.br\\\/inicio\\\/boletim-covid-19-confira-a-atualizacao-desta-quinta-feira-13\\\/#authorImage\",\"url\":\"https:\\\/\\\/secure.gravatar.com\\\/avatar\\\/c17a617433de8c1dc9584bb79aab7563b46f5bb7e1728c9b17d9cc3ce6a08e49?s=96&d=mm&r=g\",\"width\":96,\"height\":96,\"caption\":\"administrador\"}},{\"@type\":\"WebPage\",\"@id\":\"https:\\\/\\\/newsinfoco.com.br\\\/inicio\\\/boletim-covid-19-confira-a-atualizacao-desta-quinta-feira-13\\\/#webpage\",\"url\":\"https:\\\/\\\/newsinfoco.com.br\\\/inicio\\\/boletim-covid-19-confira-a-atualizacao-desta-quinta-feira-13\\\/\",\"name\":\"Boletim Covid-19: confira a atualiza\\u00e7\\u00e3o desta quinta-feira (13) - News In Foco - Editado por Caio Pimenta\",\"description\":\"O boletim epidemiol\\u00f3gico divulgado pela Secretaria da Sa\\u00fade de Alagoinhas (SESAU), nesta quinta-feira (13), mostra 13 novos casos foram registrados no munic\\u00edpio, sendo eles 07 mulheres de 11 a 57 anos e 06 homens de 30 a 78 anos. De acordo com a SESAU, 159 pessoas est\\u00e3o em monitoramento, tanto pela equipe da Vigil\\u00e2ncia Epidemiol\\u00f3gica,\",\"inLanguage\":\"pt-BR\",\"isPartOf\":{\"@id\":\"https:\\\/\\\/newsinfoco.com.br\\\/inicio\\\/#website\"},\"breadcrumb\":{\"@id\":\"https:\\\/\\\/newsinfoco.com.br\\\/inicio\\\/boletim-covid-19-confira-a-atualizacao-desta-quinta-feira-13\\\/#breadcrumblist\"},\"author\":{\"@id\":\"https:\\\/\\\/newsinfoco.com.br\\\/inicio\\\/author\\\/administrador\\\/#author\"},\"creator\":{\"@id\":\"https:\\\/\\\/newsinfoco.com.br\\\/inicio\\\/author\\\/administrador\\\/#author\"},\"image\":{\"@type\":\"ImageObject\",\"url\":\"https:\\\/\\\/newsinfoco.com.br\\\/inicio\\\/wp-content\\\/uploads\\\/2022\\\/01\\\/WhatsApp-Image-2022-01-13-at-09.42.46-550x368-1.jpeg\",\"@id\":\"https:\\\/\\\/newsinfoco.com.br\\\/inicio\\\/boletim-covid-19-confira-a-atualizacao-desta-quinta-feira-13\\\/#mainImage\",\"width\":550,\"height\":368},\"primaryImageOfPage\":{\"@id\":\"https:\\\/\\\/newsinfoco.com.br\\\/inicio\\\/boletim-covid-19-confira-a-atualizacao-desta-quinta-feira-13\\\/#mainImage\"},\"datePublished\":\"2022-01-13T17:42:09-03:00\",\"dateModified\":\"2022-01-13T17:42:09-03:00\"},{\"@type\":\"WebSite\",\"@id\":\"https:\\\/\\\/newsinfoco.com.br\\\/inicio\\\/#website\",\"url\":\"https:\\\/\\\/newsinfoco.com.br\\\/inicio\\\/\",\"name\":\"News In Foco - Editado por Caio Pimenta\",\"description\":\"O principal site de noticias de Alagoinhas e regi\\u00e3o\",\"inLanguage\":\"pt-BR\",\"publisher\":{\"@id\":\"https:\\\/\\\/newsinfoco.com.br\\\/inicio\\\/#organization\"}}]}\n\t\t<\/script>\n\t\t<!-- All in One SEO -->\n\n","aioseo_head_json":{"title":"Boletim Covid-19: confira a atualiza\u00e7\u00e3o desta quinta-feira (13) - News In Foco - Editado por Caio Pimenta","description":"O boletim epidemiol\u00f3gico divulgado pela Secretaria da Sa\u00fade de Alagoinhas (SESAU), nesta quinta-feira (13), mostra 13 novos casos foram registrados no munic\u00edpio, sendo eles 07 mulheres de 11 a 57 anos e 06 homens de 30 a 78 anos. De acordo com a SESAU, 159 pessoas est\u00e3o em monitoramento, tanto pela equipe da Vigil\u00e2ncia Epidemiol\u00f3gica,","canonical_url":"https:\/\/newsinfoco.com.br\/inicio\/boletim-covid-19-confira-a-atualizacao-desta-quinta-feira-13\/","robots":"max-image-preview:large","keywords":"","webmasterTools":{"miscellaneous":""},"schema":{"@context":"https:\/\/schema.org","@graph":[{"@type":"BlogPosting","@id":"https:\/\/newsinfoco.com.br\/inicio\/boletim-covid-19-confira-a-atualizacao-desta-quinta-feira-13\/#blogposting","name":"Boletim Covid-19: confira a atualiza\u00e7\u00e3o desta quinta-feira (13) - News In Foco - Editado por Caio Pimenta","headline":"Boletim Covid-19: confira a atualiza\u00e7\u00e3o desta quinta-feira (13)","author":{"@id":"https:\/\/newsinfoco.com.br\/inicio\/author\/administrador\/#author"},"publisher":{"@id":"https:\/\/newsinfoco.com.br\/inicio\/#organization"},"image":{"@type":"ImageObject","url":"https:\/\/newsinfoco.com.br\/inicio\/wp-content\/uploads\/2022\/01\/WhatsApp-Image-2022-01-13-at-09.42.46-550x368-1.jpeg","width":550,"height":368},"datePublished":"2022-01-13T17:42:09-03:00","dateModified":"2022-01-13T17:42:09-03:00","inLanguage":"pt-BR","mainEntityOfPage":{"@id":"https:\/\/newsinfoco.com.br\/inicio\/boletim-covid-19-confira-a-atualizacao-desta-quinta-feira-13\/#webpage"},"isPartOf":{"@id":"https:\/\/newsinfoco.com.br\/inicio\/boletim-covid-19-confira-a-atualizacao-desta-quinta-feira-13\/#webpage"},"articleSection":"Alagoinhas e Regi\u00e3o, Manchete"},{"@type":"BreadcrumbList","@id":"https:\/\/newsinfoco.com.br\/inicio\/boletim-covid-19-confira-a-atualizacao-desta-quinta-feira-13\/#breadcrumblist","itemListElement":[{"@type":"ListItem","@id":"https:\/\/newsinfoco.com.br\/inicio#listItem","position":1,"name":"In\u00edcio","item":"https:\/\/newsinfoco.com.br\/inicio","nextItem":{"@type":"ListItem","@id":"https:\/\/newsinfoco.com.br\/inicio\/category\/alagoinhas-e-regiao\/#listItem","name":"Alagoinhas e Regi\u00e3o"}},{"@type":"ListItem","@id":"https:\/\/newsinfoco.com.br\/inicio\/category\/alagoinhas-e-regiao\/#listItem","position":2,"name":"Alagoinhas e Regi\u00e3o","item":"https:\/\/newsinfoco.com.br\/inicio\/category\/alagoinhas-e-regiao\/","nextItem":{"@type":"ListItem","@id":"https:\/\/newsinfoco.com.br\/inicio\/boletim-covid-19-confira-a-atualizacao-desta-quinta-feira-13\/#listItem","name":"Boletim Covid-19: confira a atualiza\u00e7\u00e3o desta quinta-feira (13)"},"previousItem":{"@type":"ListItem","@id":"https:\/\/newsinfoco.com.br\/inicio#listItem","name":"In\u00edcio"}},{"@type":"ListItem","@id":"https:\/\/newsinfoco.com.br\/inicio\/boletim-covid-19-confira-a-atualizacao-desta-quinta-feira-13\/#listItem","position":3,"name":"Boletim Covid-19: confira a atualiza\u00e7\u00e3o desta quinta-feira (13)","previousItem":{"@type":"ListItem","@id":"https:\/\/newsinfoco.com.br\/inicio\/category\/alagoinhas-e-regiao\/#listItem","name":"Alagoinhas e Regi\u00e3o"}}]},{"@type":"Organization","@id":"https:\/\/newsinfoco.com.br\/inicio\/#organization","name":"News In Foco - Editado por Caio Pimenta","description":"O principal site de noticias de Alagoinhas e regi\u00e3o","url":"https:\/\/newsinfoco.com.br\/inicio\/"},{"@type":"Person","@id":"https:\/\/newsinfoco.com.br\/inicio\/author\/administrador\/#author","url":"https:\/\/newsinfoco.com.br\/inicio\/author\/administrador\/","name":"administrador","image":{"@type":"ImageObject","@id":"https:\/\/newsinfoco.com.br\/inicio\/boletim-covid-19-confira-a-atualizacao-desta-quinta-feira-13\/#authorImage","url":"https:\/\/secure.gravatar.com\/avatar\/c17a617433de8c1dc9584bb79aab7563b46f5bb7e1728c9b17d9cc3ce6a08e49?s=96&d=mm&r=g","width":96,"height":96,"caption":"administrador"}},{"@type":"WebPage","@id":"https:\/\/newsinfoco.com.br\/inicio\/boletim-covid-19-confira-a-atualizacao-desta-quinta-feira-13\/#webpage","url":"https:\/\/newsinfoco.com.br\/inicio\/boletim-covid-19-confira-a-atualizacao-desta-quinta-feira-13\/","name":"Boletim Covid-19: confira a atualiza\u00e7\u00e3o desta quinta-feira (13) - News In Foco - Editado por Caio Pimenta","description":"O boletim epidemiol\u00f3gico divulgado pela Secretaria da Sa\u00fade de Alagoinhas (SESAU), nesta quinta-feira (13), mostra 13 novos casos foram registrados no munic\u00edpio, sendo eles 07 mulheres de 11 a 57 anos e 06 homens de 30 a 78 anos. De acordo com a SESAU, 159 pessoas est\u00e3o em monitoramento, tanto pela equipe da Vigil\u00e2ncia Epidemiol\u00f3gica,","inLanguage":"pt-BR","isPartOf":{"@id":"https:\/\/newsinfoco.com.br\/inicio\/#website"},"breadcrumb":{"@id":"https:\/\/newsinfoco.com.br\/inicio\/boletim-covid-19-confira-a-atualizacao-desta-quinta-feira-13\/#breadcrumblist"},"author":{"@id":"https:\/\/newsinfoco.com.br\/inicio\/author\/administrador\/#author"},"creator":{"@id":"https:\/\/newsinfoco.com.br\/inicio\/author\/administrador\/#author"},"image":{"@type":"ImageObject","url":"https:\/\/newsinfoco.com.br\/inicio\/wp-content\/uploads\/2022\/01\/WhatsApp-Image-2022-01-13-at-09.42.46-550x368-1.jpeg","@id":"https:\/\/newsinfoco.com.br\/inicio\/boletim-covid-19-confira-a-atualizacao-desta-quinta-feira-13\/#mainImage","width":550,"height":368},"primaryImageOfPage":{"@id":"https:\/\/newsinfoco.com.br\/inicio\/boletim-covid-19-confira-a-atualizacao-desta-quinta-feira-13\/#mainImage"},"datePublished":"2022-01-13T17:42:09-03:00","dateModified":"2022-01-13T17:42:09-03:00"},{"@type":"WebSite","@id":"https:\/\/newsinfoco.com.br\/inicio\/#website","url":"https:\/\/newsinfoco.com.br\/inicio\/","name":"News In Foco - Editado por Caio Pimenta","description":"O principal site de noticias de Alagoinhas e regi\u00e3o","inLanguage":"pt-BR","publisher":{"@id":"https:\/\/newsinfoco.com.br\/inicio\/#organization"}}]},"og:locale":"pt_BR","og:site_name":"News In Foco - Editado por Caio Pimenta - O principal site de noticias de Alagoinhas e regi\u00e3o","og:type":"article","og:title":"Boletim Covid-19: confira a atualiza\u00e7\u00e3o desta quinta-feira (13) - News In Foco - Editado por Caio Pimenta","og:description":"O boletim epidemiol\u00f3gico divulgado pela Secretaria da Sa\u00fade de Alagoinhas (SESAU), nesta quinta-feira (13), mostra 13 novos casos foram registrados no munic\u00edpio, sendo eles 07 mulheres de 11 a 57 anos e 06 homens de 30 a 78 anos. De acordo com a SESAU, 159 pessoas est\u00e3o em monitoramento, tanto pela equipe da Vigil\u00e2ncia Epidemiol\u00f3gica,","og:url":"https:\/\/newsinfoco.com.br\/inicio\/boletim-covid-19-confira-a-atualizacao-desta-quinta-feira-13\/","article:published_time":"2022-01-13T20:42:09+00:00","article:modified_time":"2022-01-13T20:42:09+00:00","twitter:card":"summary_large_image","twitter:title":"Boletim Covid-19: confira a atualiza\u00e7\u00e3o desta quinta-feira (13) - News In Foco - Editado por Caio Pimenta","twitter:description":"O boletim epidemiol\u00f3gico divulgado pela Secretaria da Sa\u00fade de Alagoinhas (SESAU), nesta quinta-feira (13), mostra 13 novos casos foram registrados no munic\u00edpio, sendo eles 07 mulheres de 11 a 57 anos e 06 homens de 30 a 78 anos. De acordo com a SESAU, 159 pessoas est\u00e3o em monitoramento, tanto pela equipe da Vigil\u00e2ncia Epidemiol\u00f3gica,"},"aioseo_meta_data":{"post_id":"28357","title":null,"description":null,"keywords":null,"keyphrases":null,"primary_term":null,"canonical_url":null,"og_title":null,"og_description":null,"og_object_type":"default","og_image_type":"default","og_image_url":null,"og_image_width":null,"og_image_height":null,"og_image_custom_url":null,"og_image_custom_fields":null,"og_video":null,"og_custom_url":null,"og_article_section":null,"og_article_tags":null,"twitter_use_og":false,"twitter_card":"default","twitter_image_type":"default","twitter_image_url":null,"twitter_image_custom_url":null,"twitter_image_custom_fields":null,"twitter_title":null,"twitter_description":null,"schema":{"blockGraphs":[],"customGraphs":[],"default":{"data":{"Article":[],"Course":[],"Dataset":[],"FAQPage":[],"Movie":[],"Person":[],"Product":[],"ProductReview":[],"Car":[],"Recipe":[],"Service":[],"SoftwareApplication":[],"WebPage":[]},"graphName":"","isEnabled":true},"graphs":[]},"schema_type":"default","schema_type_options":null,"pillar_content":false,"robots_default":true,"robots_noindex":false,"robots_noarchive":false,"robots_nosnippet":false,"robots_nofollow":false,"robots_noimageindex":false,"robots_noodp":false,"robots_notranslate":false,"robots_max_snippet":null,"robots_max_videopreview":null,"robots_max_imagepreview":"large","priority":null,"frequency":null,"local_seo":null,"breadcrumb_settings":null,"limit_modified_date":false,"ai":null,"created":"2023-06-12 20:26:44","updated":"2025-07-11 06:39:52","seo_analyzer_scan_date":null},"aioseo_breadcrumb":"<div class=\"aioseo-breadcrumbs\"><span class=\"aioseo-breadcrumb\">\n\t\t\t<a href=\"https:\/\/newsinfoco.com.br\/inicio\" title=\"In\u00edcio\">In\u00edcio<\/a>\n\t\t<\/span><span class=\"aioseo-breadcrumb-separator\">&raquo;<\/span><span class=\"aioseo-breadcrumb\">\n\t\t\t<a href=\"https:\/\/newsinfoco.com.br\/inicio\/category\/alagoinhas-e-regiao\/\" title=\"Alagoinhas e Regi\u00e3o\">Alagoinhas e Regi\u00e3o<\/a>\n\t\t<\/span><span class=\"aioseo-breadcrumb-separator\">&raquo;<\/span><span class=\"aioseo-breadcrumb\">\n\t\t\tBoletim Covid-19: confira a atualiza\u00e7\u00e3o desta quinta-feira (13)\n\t\t<\/span><\/div>","aioseo_breadcrumb_json":[{"label":"In\u00edcio","link":"https:\/\/newsinfoco.com.br\/inicio"},{"label":"Alagoinhas e Regi\u00e3o","link":"https:\/\/newsinfoco.com.br\/inicio\/category\/alagoinhas-e-regiao\/"},{"label":"Boletim Covid-19: confira a atualiza\u00e7\u00e3o desta quinta-feira (13)","link":"https:\/\/newsinfoco.com.br\/inicio\/boletim-covid-19-confira-a-atualizacao-desta-quinta-feira-13\/"}],"_links":{"self":[{"href":"https:\/\/newsinfoco.com.br\/inicio\/wp-json\/wp\/v2\/posts\/28357","targetHints":{"allow":["GET"]}}],"collection":[{"href":"https:\/\/newsinfoco.com.br\/inicio\/wp-json\/wp\/v2\/posts"}],"about":[{"href":"https:\/\/newsinfoco.com.br\/inicio\/wp-json\/wp\/v2\/types\/post"}],"author":[{"embeddable":true,"href":"https:\/\/newsinfoco.com.br\/inicio\/wp-json\/wp\/v2\/users\/1"}],"replies":[{"embeddable":true,"href":"https:\/\/newsinfoco.com.br\/inicio\/wp-json\/wp\/v2\/comments?post=28357"}],"version-history":[{"count":2,"href":"https:\/\/newsinfoco.com.br\/inicio\/wp-json\/wp\/v2\/posts\/28357\/revisions"}],"predecessor-version":[{"id":28360,"href":"https:\/\/newsinfoco.com.br\/inicio\/wp-json\/wp\/v2\/posts\/28357\/revisions\/28360"}],"wp:featuredmedia":[{"embeddable":true,"href":"https:\/\/newsinfoco.com.br\/inicio\/wp-json\/wp\/v2\/media\/28358"}],"wp:attachment":[{"href":"https:\/\/newsinfoco.com.br\/inicio\/wp-json\/wp\/v2\/media?parent=28357"}],"wp:term":[{"taxonomy":"category","embeddable":true,"href":"https:\/\/newsinfoco.com.br\/inicio\/wp-json\/wp\/v2\/categories?post=28357"},{"taxonomy":"post_tag","embeddable":true,"href":"https:\/\/newsinfoco.com.br\/inicio\/wp-json\/wp\/v2\/tags?post=28357"}],"curies":[{"name":"wp","href":"https:\/\/api.w.org\/{rel}","templated":true}]}}