{"id":28361,"date":"2022-01-13T17:43:10","date_gmt":"2022-01-13T20:43:10","guid":{"rendered":"https:\/\/newsinfoco.com.br\/inicio\/?p=28361"},"modified":"2022-01-13T17:43:10","modified_gmt":"2022-01-13T20:43:10","slug":"vacinacao-covid-19-prefeitura-convoca-responsaveis-para-cadastros-de-menores-com-deficiencia-e-comorbidades","status":"publish","type":"post","link":"https:\/\/newsinfoco.com.br\/inicio\/vacinacao-covid-19-prefeitura-convoca-responsaveis-para-cadastros-de-menores-com-deficiencia-e-comorbidades\/","title":{"rendered":"Vacina\u00e7\u00e3o Covid-19: Prefeitura convoca respons\u00e1veis para cadastros de menores com defici\u00eancia e comorbidades"},"content":{"rendered":"<p>A Prefeitura de Alagoinhas inicia nesta quinta-feira (13) o cadastro das crian\u00e7as de 05 aos 11 anos com comorbidades e defici\u00eancia permanente. A lista subsidiar\u00e1 a Secretaria Municipal da Sa\u00fade (SESAU) no planejamento da imuniza\u00e7\u00e3o desse grupo. O cadastro segue at\u00e9 a sexta-feira (14).<\/p>\n<p>Para garantir seguran\u00e7a e evitar fraudes no processo de imuniza\u00e7\u00e3o, a Prefeitura disponibilizou uma equipe para a realiza\u00e7\u00e3o do protocolo locado na Central de Imuniza\u00e7\u00e3o das 09h \u00e0s 11h e das 14h \u00e0s 17h, onde os respons\u00e1veis dever\u00e3o comparecer portando documentos como c\u00f3pia do relat\u00f3rio, c\u00f3pia de documento de identifica\u00e7\u00e3o da crian\u00e7a e c\u00f3pia de documento do respons\u00e1vel.<\/p>\n<p>A demanda surge diante do deferimento do pedido de amplia\u00e7\u00e3o de uso do imunizante Comirnaty para crian\u00e7as, cuja seguran\u00e7a e efic\u00e1cia foi atestada pela Anvisa, pelo Minist\u00e9rio da Sa\u00fade (art. 13, par\u00e1grafo quinto da Lei no 14.124, de 10 de mar\u00e7o de 2021).<\/p>\n<div class='share-to-whatsapp-wrapper'><div class='share-on-whsp'>Share on: <\/div><a data-text='Vacina\u00e7\u00e3o Covid-19: Prefeitura convoca respons\u00e1veis para cadastros de menores com defici\u00eancia e comorbidades' data-link='https:\/\/newsinfoco.com.br\/inicio\/vacinacao-covid-19-prefeitura-convoca-responsaveis-para-cadastros-de-menores-com-deficiencia-e-comorbidades\/' class='whatsapp-button whatsapp-share'>WhatsApp<\/a><div class='clear '><\/div><\/div>","protected":false},"excerpt":{"rendered":"<p>A Prefeitura de Alagoinhas inicia nesta quinta-feira (13) o cadastro das crian\u00e7as de 05 aos 11 anos com comorbidades e defici\u00eancia permanente. A lista subsidiar\u00e1 a Secretaria Municipal da Sa\u00fade (SESAU) no planejamento da imuniza\u00e7\u00e3o desse grupo. O cadastro segue at\u00e9 a sexta-feira (14). Para garantir seguran\u00e7a e evitar fraudes no processo de imuniza\u00e7\u00e3o, a [&hellip;]<\/p>\n","protected":false},"author":1,"featured_media":10659,"comment_status":"closed","ping_status":"closed","sticky":false,"template":"","format":"standard","meta":{"om_disable_all_campaigns":false,"rop_custom_images_group":[],"rop_custom_messages_group":[],"rop_publish_now":"initial","rop_publish_now_accounts":[],"rop_publish_now_history":[],"rop_publish_now_status":"pending","_exactmetrics_skip_tracking":false,"footnotes":""},"categories":[38,167],"tags":[],"class_list":["post-28361","post","type-post","status-publish","format-standard","has-post-thumbnail","hentry","category-alagoinhas-e-regiao","category-exclusivas"],"aioseo_notices":[],"aioseo_head":"\n\t\t<!-- All in One SEO 4.9.10 - aioseo.com -->\n\t<meta name=\"description\" content=\"A Prefeitura de Alagoinhas inicia nesta quinta-feira (13) o cadastro das crian\u00e7as de 05 aos 11 anos com comorbidades e defici\u00eancia permanente. A lista subsidiar\u00e1 a Secretaria Municipal da Sa\u00fade (SESAU) no planejamento da imuniza\u00e7\u00e3o desse grupo. O cadastro segue at\u00e9 a sexta-feira (14). Para garantir seguran\u00e7a e evitar fraudes no processo de imuniza\u00e7\u00e3o, a\" \/>\n\t<meta name=\"robots\" content=\"max-image-preview:large\" \/>\n\t<meta name=\"author\" content=\"administrador\"\/>\n\t<link rel=\"canonical\" href=\"https:\/\/newsinfoco.com.br\/inicio\/vacinacao-covid-19-prefeitura-convoca-responsaveis-para-cadastros-de-menores-com-deficiencia-e-comorbidades\/\" \/>\n\t<meta name=\"generator\" content=\"All in One SEO (AIOSEO) 4.9.10\" \/>\n\t\t<meta property=\"og:locale\" content=\"pt_BR\" \/>\n\t\t<meta property=\"og:site_name\" content=\"News In Foco - Editado por Caio Pimenta - O principal site de noticias de Alagoinhas e regi\u00e3o\" \/>\n\t\t<meta property=\"og:type\" content=\"article\" \/>\n\t\t<meta property=\"og:title\" content=\"Vacina\u00e7\u00e3o Covid-19: Prefeitura convoca respons\u00e1veis para cadastros de menores com defici\u00eancia e comorbidades - News In Foco - Editado por Caio Pimenta\" \/>\n\t\t<meta property=\"og:description\" content=\"A Prefeitura de Alagoinhas inicia nesta quinta-feira (13) o cadastro das crian\u00e7as de 05 aos 11 anos com comorbidades e defici\u00eancia permanente. A lista subsidiar\u00e1 a Secretaria Municipal da Sa\u00fade (SESAU) no planejamento da imuniza\u00e7\u00e3o desse grupo. O cadastro segue at\u00e9 a sexta-feira (14). Para garantir seguran\u00e7a e evitar fraudes no processo de imuniza\u00e7\u00e3o, a\" \/>\n\t\t<meta property=\"og:url\" content=\"https:\/\/newsinfoco.com.br\/inicio\/vacinacao-covid-19-prefeitura-convoca-responsaveis-para-cadastros-de-menores-com-deficiencia-e-comorbidades\/\" \/>\n\t\t<meta property=\"article:published_time\" content=\"2022-01-13T20:43:10+00:00\" \/>\n\t\t<meta property=\"article:modified_time\" content=\"2022-01-13T20:43:10+00:00\" \/>\n\t\t<meta name=\"twitter:card\" content=\"summary_large_image\" \/>\n\t\t<meta name=\"twitter:title\" content=\"Vacina\u00e7\u00e3o Covid-19: Prefeitura convoca respons\u00e1veis para cadastros de menores com defici\u00eancia e comorbidades - News In Foco - Editado por Caio Pimenta\" \/>\n\t\t<meta name=\"twitter:description\" content=\"A Prefeitura de Alagoinhas inicia nesta quinta-feira (13) o cadastro das crian\u00e7as de 05 aos 11 anos com comorbidades e defici\u00eancia permanente. A lista subsidiar\u00e1 a Secretaria Municipal da Sa\u00fade (SESAU) no planejamento da imuniza\u00e7\u00e3o desse grupo. O cadastro segue at\u00e9 a sexta-feira (14). Para garantir seguran\u00e7a e evitar fraudes no processo de imuniza\u00e7\u00e3o, a\" \/>\n\t\t<script type=\"application\/ld+json\" class=\"aioseo-schema\">\n\t\t\t{\"@context\":\"https:\\\/\\\/schema.org\",\"@graph\":[{\"@type\":\"BlogPosting\",\"@id\":\"https:\\\/\\\/newsinfoco.com.br\\\/inicio\\\/vacinacao-covid-19-prefeitura-convoca-responsaveis-para-cadastros-de-menores-com-deficiencia-e-comorbidades\\\/#blogposting\",\"name\":\"Vacina\\u00e7\\u00e3o Covid-19: Prefeitura convoca respons\\u00e1veis para cadastros de menores com defici\\u00eancia e comorbidades - News In Foco - Editado por Caio Pimenta\",\"headline\":\"Vacina\\u00e7\\u00e3o Covid-19: Prefeitura convoca respons\\u00e1veis para cadastros de menores com defici\\u00eancia e comorbidades\",\"author\":{\"@id\":\"https:\\\/\\\/newsinfoco.com.br\\\/inicio\\\/author\\\/administrador\\\/#author\"},\"publisher\":{\"@id\":\"https:\\\/\\\/newsinfoco.com.br\\\/inicio\\\/#organization\"},\"image\":{\"@type\":\"ImageObject\",\"url\":\"https:\\\/\\\/newsinfoco.com.br\\\/inicio\\\/wp-content\\\/uploads\\\/2018\\\/10\\\/Prefeitura-de-Alagoinhas-Divulga\\u00e7\\u00e3o-web-1132x670-1.jpg\",\"width\":519,\"height\":346},\"datePublished\":\"2022-01-13T17:43:10-03:00\",\"dateModified\":\"2022-01-13T17:43:10-03:00\",\"inLanguage\":\"pt-BR\",\"mainEntityOfPage\":{\"@id\":\"https:\\\/\\\/newsinfoco.com.br\\\/inicio\\\/vacinacao-covid-19-prefeitura-convoca-responsaveis-para-cadastros-de-menores-com-deficiencia-e-comorbidades\\\/#webpage\"},\"isPartOf\":{\"@id\":\"https:\\\/\\\/newsinfoco.com.br\\\/inicio\\\/vacinacao-covid-19-prefeitura-convoca-responsaveis-para-cadastros-de-menores-com-deficiencia-e-comorbidades\\\/#webpage\"},\"articleSection\":\"Alagoinhas e Regi\\u00e3o, Manchete\"},{\"@type\":\"BreadcrumbList\",\"@id\":\"https:\\\/\\\/newsinfoco.com.br\\\/inicio\\\/vacinacao-covid-19-prefeitura-convoca-responsaveis-para-cadastros-de-menores-com-deficiencia-e-comorbidades\\\/#breadcrumblist\",\"itemListElement\":[{\"@type\":\"ListItem\",\"@id\":\"https:\\\/\\\/newsinfoco.com.br\\\/inicio#listItem\",\"position\":1,\"name\":\"In\\u00edcio\",\"item\":\"https:\\\/\\\/newsinfoco.com.br\\\/inicio\",\"nextItem\":{\"@type\":\"ListItem\",\"@id\":\"https:\\\/\\\/newsinfoco.com.br\\\/inicio\\\/category\\\/alagoinhas-e-regiao\\\/#listItem\",\"name\":\"Alagoinhas e Regi\\u00e3o\"}},{\"@type\":\"ListItem\",\"@id\":\"https:\\\/\\\/newsinfoco.com.br\\\/inicio\\\/category\\\/alagoinhas-e-regiao\\\/#listItem\",\"position\":2,\"name\":\"Alagoinhas e Regi\\u00e3o\",\"item\":\"https:\\\/\\\/newsinfoco.com.br\\\/inicio\\\/category\\\/alagoinhas-e-regiao\\\/\",\"nextItem\":{\"@type\":\"ListItem\",\"@id\":\"https:\\\/\\\/newsinfoco.com.br\\\/inicio\\\/vacinacao-covid-19-prefeitura-convoca-responsaveis-para-cadastros-de-menores-com-deficiencia-e-comorbidades\\\/#listItem\",\"name\":\"Vacina\\u00e7\\u00e3o Covid-19: Prefeitura convoca respons\\u00e1veis para cadastros de menores com defici\\u00eancia e comorbidades\"},\"previousItem\":{\"@type\":\"ListItem\",\"@id\":\"https:\\\/\\\/newsinfoco.com.br\\\/inicio#listItem\",\"name\":\"In\\u00edcio\"}},{\"@type\":\"ListItem\",\"@id\":\"https:\\\/\\\/newsinfoco.com.br\\\/inicio\\\/vacinacao-covid-19-prefeitura-convoca-responsaveis-para-cadastros-de-menores-com-deficiencia-e-comorbidades\\\/#listItem\",\"position\":3,\"name\":\"Vacina\\u00e7\\u00e3o Covid-19: Prefeitura convoca respons\\u00e1veis para cadastros de menores com defici\\u00eancia e comorbidades\",\"previousItem\":{\"@type\":\"ListItem\",\"@id\":\"https:\\\/\\\/newsinfoco.com.br\\\/inicio\\\/category\\\/alagoinhas-e-regiao\\\/#listItem\",\"name\":\"Alagoinhas e Regi\\u00e3o\"}}]},{\"@type\":\"Organization\",\"@id\":\"https:\\\/\\\/newsinfoco.com.br\\\/inicio\\\/#organization\",\"name\":\"News In Foco - Editado por Caio Pimenta\",\"description\":\"O principal site de noticias de Alagoinhas e regi\\u00e3o\",\"url\":\"https:\\\/\\\/newsinfoco.com.br\\\/inicio\\\/\"},{\"@type\":\"Person\",\"@id\":\"https:\\\/\\\/newsinfoco.com.br\\\/inicio\\\/author\\\/administrador\\\/#author\",\"url\":\"https:\\\/\\\/newsinfoco.com.br\\\/inicio\\\/author\\\/administrador\\\/\",\"name\":\"administrador\",\"image\":{\"@type\":\"ImageObject\",\"@id\":\"https:\\\/\\\/newsinfoco.com.br\\\/inicio\\\/vacinacao-covid-19-prefeitura-convoca-responsaveis-para-cadastros-de-menores-com-deficiencia-e-comorbidades\\\/#authorImage\",\"url\":\"https:\\\/\\\/secure.gravatar.com\\\/avatar\\\/c17a617433de8c1dc9584bb79aab7563b46f5bb7e1728c9b17d9cc3ce6a08e49?s=96&d=mm&r=g\",\"width\":96,\"height\":96,\"caption\":\"administrador\"}},{\"@type\":\"WebPage\",\"@id\":\"https:\\\/\\\/newsinfoco.com.br\\\/inicio\\\/vacinacao-covid-19-prefeitura-convoca-responsaveis-para-cadastros-de-menores-com-deficiencia-e-comorbidades\\\/#webpage\",\"url\":\"https:\\\/\\\/newsinfoco.com.br\\\/inicio\\\/vacinacao-covid-19-prefeitura-convoca-responsaveis-para-cadastros-de-menores-com-deficiencia-e-comorbidades\\\/\",\"name\":\"Vacina\\u00e7\\u00e3o Covid-19: Prefeitura convoca respons\\u00e1veis para cadastros de menores com defici\\u00eancia e comorbidades - News In Foco - Editado por Caio Pimenta\",\"description\":\"A Prefeitura de Alagoinhas inicia nesta quinta-feira (13) o cadastro das crian\\u00e7as de 05 aos 11 anos com comorbidades e defici\\u00eancia permanente. A lista subsidiar\\u00e1 a Secretaria Municipal da Sa\\u00fade (SESAU) no planejamento da imuniza\\u00e7\\u00e3o desse grupo. O cadastro segue at\\u00e9 a sexta-feira (14). Para garantir seguran\\u00e7a e evitar fraudes no processo de imuniza\\u00e7\\u00e3o, a\",\"inLanguage\":\"pt-BR\",\"isPartOf\":{\"@id\":\"https:\\\/\\\/newsinfoco.com.br\\\/inicio\\\/#website\"},\"breadcrumb\":{\"@id\":\"https:\\\/\\\/newsinfoco.com.br\\\/inicio\\\/vacinacao-covid-19-prefeitura-convoca-responsaveis-para-cadastros-de-menores-com-deficiencia-e-comorbidades\\\/#breadcrumblist\"},\"author\":{\"@id\":\"https:\\\/\\\/newsinfoco.com.br\\\/inicio\\\/author\\\/administrador\\\/#author\"},\"creator\":{\"@id\":\"https:\\\/\\\/newsinfoco.com.br\\\/inicio\\\/author\\\/administrador\\\/#author\"},\"image\":{\"@type\":\"ImageObject\",\"url\":\"https:\\\/\\\/newsinfoco.com.br\\\/inicio\\\/wp-content\\\/uploads\\\/2018\\\/10\\\/Prefeitura-de-Alagoinhas-Divulga\\u00e7\\u00e3o-web-1132x670-1.jpg\",\"@id\":\"https:\\\/\\\/newsinfoco.com.br\\\/inicio\\\/vacinacao-covid-19-prefeitura-convoca-responsaveis-para-cadastros-de-menores-com-deficiencia-e-comorbidades\\\/#mainImage\",\"width\":519,\"height\":346},\"primaryImageOfPage\":{\"@id\":\"https:\\\/\\\/newsinfoco.com.br\\\/inicio\\\/vacinacao-covid-19-prefeitura-convoca-responsaveis-para-cadastros-de-menores-com-deficiencia-e-comorbidades\\\/#mainImage\"},\"datePublished\":\"2022-01-13T17:43:10-03:00\",\"dateModified\":\"2022-01-13T17:43:10-03:00\"},{\"@type\":\"WebSite\",\"@id\":\"https:\\\/\\\/newsinfoco.com.br\\\/inicio\\\/#website\",\"url\":\"https:\\\/\\\/newsinfoco.com.br\\\/inicio\\\/\",\"name\":\"News In Foco - Editado por Caio Pimenta\",\"description\":\"O principal site de noticias de Alagoinhas e regi\\u00e3o\",\"inLanguage\":\"pt-BR\",\"publisher\":{\"@id\":\"https:\\\/\\\/newsinfoco.com.br\\\/inicio\\\/#organization\"}}]}\n\t\t<\/script>\n\t\t<!-- All in One SEO -->\n\n","aioseo_head_json":{"title":"Vacina\u00e7\u00e3o Covid-19: Prefeitura convoca respons\u00e1veis para cadastros de menores com defici\u00eancia e comorbidades - News In Foco - Editado por Caio Pimenta","description":"A Prefeitura de Alagoinhas inicia nesta quinta-feira (13) o cadastro das crian\u00e7as de 05 aos 11 anos com comorbidades e defici\u00eancia permanente. A lista subsidiar\u00e1 a Secretaria Municipal da Sa\u00fade (SESAU) no planejamento da imuniza\u00e7\u00e3o desse grupo. O cadastro segue at\u00e9 a sexta-feira (14). Para garantir seguran\u00e7a e evitar fraudes no processo de imuniza\u00e7\u00e3o, a","canonical_url":"https:\/\/newsinfoco.com.br\/inicio\/vacinacao-covid-19-prefeitura-convoca-responsaveis-para-cadastros-de-menores-com-deficiencia-e-comorbidades\/","robots":"max-image-preview:large","keywords":"","webmasterTools":{"miscellaneous":""},"schema":{"@context":"https:\/\/schema.org","@graph":[{"@type":"BlogPosting","@id":"https:\/\/newsinfoco.com.br\/inicio\/vacinacao-covid-19-prefeitura-convoca-responsaveis-para-cadastros-de-menores-com-deficiencia-e-comorbidades\/#blogposting","name":"Vacina\u00e7\u00e3o Covid-19: Prefeitura convoca respons\u00e1veis para cadastros de menores com defici\u00eancia e comorbidades - News In Foco - Editado por Caio Pimenta","headline":"Vacina\u00e7\u00e3o Covid-19: Prefeitura convoca respons\u00e1veis para cadastros de menores com defici\u00eancia e comorbidades","author":{"@id":"https:\/\/newsinfoco.com.br\/inicio\/author\/administrador\/#author"},"publisher":{"@id":"https:\/\/newsinfoco.com.br\/inicio\/#organization"},"image":{"@type":"ImageObject","url":"https:\/\/newsinfoco.com.br\/inicio\/wp-content\/uploads\/2018\/10\/Prefeitura-de-Alagoinhas-Divulga\u00e7\u00e3o-web-1132x670-1.jpg","width":519,"height":346},"datePublished":"2022-01-13T17:43:10-03:00","dateModified":"2022-01-13T17:43:10-03:00","inLanguage":"pt-BR","mainEntityOfPage":{"@id":"https:\/\/newsinfoco.com.br\/inicio\/vacinacao-covid-19-prefeitura-convoca-responsaveis-para-cadastros-de-menores-com-deficiencia-e-comorbidades\/#webpage"},"isPartOf":{"@id":"https:\/\/newsinfoco.com.br\/inicio\/vacinacao-covid-19-prefeitura-convoca-responsaveis-para-cadastros-de-menores-com-deficiencia-e-comorbidades\/#webpage"},"articleSection":"Alagoinhas e Regi\u00e3o, Manchete"},{"@type":"BreadcrumbList","@id":"https:\/\/newsinfoco.com.br\/inicio\/vacinacao-covid-19-prefeitura-convoca-responsaveis-para-cadastros-de-menores-com-deficiencia-e-comorbidades\/#breadcrumblist","itemListElement":[{"@type":"ListItem","@id":"https:\/\/newsinfoco.com.br\/inicio#listItem","position":1,"name":"In\u00edcio","item":"https:\/\/newsinfoco.com.br\/inicio","nextItem":{"@type":"ListItem","@id":"https:\/\/newsinfoco.com.br\/inicio\/category\/alagoinhas-e-regiao\/#listItem","name":"Alagoinhas e Regi\u00e3o"}},{"@type":"ListItem","@id":"https:\/\/newsinfoco.com.br\/inicio\/category\/alagoinhas-e-regiao\/#listItem","position":2,"name":"Alagoinhas e Regi\u00e3o","item":"https:\/\/newsinfoco.com.br\/inicio\/category\/alagoinhas-e-regiao\/","nextItem":{"@type":"ListItem","@id":"https:\/\/newsinfoco.com.br\/inicio\/vacinacao-covid-19-prefeitura-convoca-responsaveis-para-cadastros-de-menores-com-deficiencia-e-comorbidades\/#listItem","name":"Vacina\u00e7\u00e3o Covid-19: Prefeitura convoca respons\u00e1veis para cadastros de menores com defici\u00eancia e comorbidades"},"previousItem":{"@type":"ListItem","@id":"https:\/\/newsinfoco.com.br\/inicio#listItem","name":"In\u00edcio"}},{"@type":"ListItem","@id":"https:\/\/newsinfoco.com.br\/inicio\/vacinacao-covid-19-prefeitura-convoca-responsaveis-para-cadastros-de-menores-com-deficiencia-e-comorbidades\/#listItem","position":3,"name":"Vacina\u00e7\u00e3o Covid-19: Prefeitura convoca respons\u00e1veis para cadastros de menores com defici\u00eancia e comorbidades","previousItem":{"@type":"ListItem","@id":"https:\/\/newsinfoco.com.br\/inicio\/category\/alagoinhas-e-regiao\/#listItem","name":"Alagoinhas e Regi\u00e3o"}}]},{"@type":"Organization","@id":"https:\/\/newsinfoco.com.br\/inicio\/#organization","name":"News In Foco - Editado por Caio Pimenta","description":"O principal site de noticias de Alagoinhas e regi\u00e3o","url":"https:\/\/newsinfoco.com.br\/inicio\/"},{"@type":"Person","@id":"https:\/\/newsinfoco.com.br\/inicio\/author\/administrador\/#author","url":"https:\/\/newsinfoco.com.br\/inicio\/author\/administrador\/","name":"administrador","image":{"@type":"ImageObject","@id":"https:\/\/newsinfoco.com.br\/inicio\/vacinacao-covid-19-prefeitura-convoca-responsaveis-para-cadastros-de-menores-com-deficiencia-e-comorbidades\/#authorImage","url":"https:\/\/secure.gravatar.com\/avatar\/c17a617433de8c1dc9584bb79aab7563b46f5bb7e1728c9b17d9cc3ce6a08e49?s=96&d=mm&r=g","width":96,"height":96,"caption":"administrador"}},{"@type":"WebPage","@id":"https:\/\/newsinfoco.com.br\/inicio\/vacinacao-covid-19-prefeitura-convoca-responsaveis-para-cadastros-de-menores-com-deficiencia-e-comorbidades\/#webpage","url":"https:\/\/newsinfoco.com.br\/inicio\/vacinacao-covid-19-prefeitura-convoca-responsaveis-para-cadastros-de-menores-com-deficiencia-e-comorbidades\/","name":"Vacina\u00e7\u00e3o Covid-19: Prefeitura convoca respons\u00e1veis para cadastros de menores com defici\u00eancia e comorbidades - News In Foco - Editado por Caio Pimenta","description":"A Prefeitura de Alagoinhas inicia nesta quinta-feira (13) o cadastro das crian\u00e7as de 05 aos 11 anos com comorbidades e defici\u00eancia permanente. A lista subsidiar\u00e1 a Secretaria Municipal da Sa\u00fade (SESAU) no planejamento da imuniza\u00e7\u00e3o desse grupo. O cadastro segue at\u00e9 a sexta-feira (14). Para garantir seguran\u00e7a e evitar fraudes no processo de imuniza\u00e7\u00e3o, a","inLanguage":"pt-BR","isPartOf":{"@id":"https:\/\/newsinfoco.com.br\/inicio\/#website"},"breadcrumb":{"@id":"https:\/\/newsinfoco.com.br\/inicio\/vacinacao-covid-19-prefeitura-convoca-responsaveis-para-cadastros-de-menores-com-deficiencia-e-comorbidades\/#breadcrumblist"},"author":{"@id":"https:\/\/newsinfoco.com.br\/inicio\/author\/administrador\/#author"},"creator":{"@id":"https:\/\/newsinfoco.com.br\/inicio\/author\/administrador\/#author"},"image":{"@type":"ImageObject","url":"https:\/\/newsinfoco.com.br\/inicio\/wp-content\/uploads\/2018\/10\/Prefeitura-de-Alagoinhas-Divulga\u00e7\u00e3o-web-1132x670-1.jpg","@id":"https:\/\/newsinfoco.com.br\/inicio\/vacinacao-covid-19-prefeitura-convoca-responsaveis-para-cadastros-de-menores-com-deficiencia-e-comorbidades\/#mainImage","width":519,"height":346},"primaryImageOfPage":{"@id":"https:\/\/newsinfoco.com.br\/inicio\/vacinacao-covid-19-prefeitura-convoca-responsaveis-para-cadastros-de-menores-com-deficiencia-e-comorbidades\/#mainImage"},"datePublished":"2022-01-13T17:43:10-03:00","dateModified":"2022-01-13T17:43:10-03:00"},{"@type":"WebSite","@id":"https:\/\/newsinfoco.com.br\/inicio\/#website","url":"https:\/\/newsinfoco.com.br\/inicio\/","name":"News In Foco - Editado por Caio Pimenta","description":"O principal site de noticias de Alagoinhas e regi\u00e3o","inLanguage":"pt-BR","publisher":{"@id":"https:\/\/newsinfoco.com.br\/inicio\/#organization"}}]},"og:locale":"pt_BR","og:site_name":"News In Foco - Editado por Caio Pimenta - O principal site de noticias de Alagoinhas e regi\u00e3o","og:type":"article","og:title":"Vacina\u00e7\u00e3o Covid-19: Prefeitura convoca respons\u00e1veis para cadastros de menores com defici\u00eancia e comorbidades - News In Foco - Editado por Caio Pimenta","og:description":"A Prefeitura de Alagoinhas inicia nesta quinta-feira (13) o cadastro das crian\u00e7as de 05 aos 11 anos com comorbidades e defici\u00eancia permanente. A lista subsidiar\u00e1 a Secretaria Municipal da Sa\u00fade (SESAU) no planejamento da imuniza\u00e7\u00e3o desse grupo. O cadastro segue at\u00e9 a sexta-feira (14). Para garantir seguran\u00e7a e evitar fraudes no processo de imuniza\u00e7\u00e3o, a","og:url":"https:\/\/newsinfoco.com.br\/inicio\/vacinacao-covid-19-prefeitura-convoca-responsaveis-para-cadastros-de-menores-com-deficiencia-e-comorbidades\/","article:published_time":"2022-01-13T20:43:10+00:00","article:modified_time":"2022-01-13T20:43:10+00:00","twitter:card":"summary_large_image","twitter:title":"Vacina\u00e7\u00e3o Covid-19: Prefeitura convoca respons\u00e1veis para cadastros de menores com defici\u00eancia e comorbidades - News In Foco - Editado por Caio Pimenta","twitter:description":"A Prefeitura de Alagoinhas inicia nesta quinta-feira (13) o cadastro das crian\u00e7as de 05 aos 11 anos com comorbidades e defici\u00eancia permanente. A lista subsidiar\u00e1 a Secretaria Municipal da Sa\u00fade (SESAU) no planejamento da imuniza\u00e7\u00e3o desse grupo. O cadastro segue at\u00e9 a sexta-feira (14). Para garantir seguran\u00e7a e evitar fraudes no processo de imuniza\u00e7\u00e3o, a"},"aioseo_meta_data":{"post_id":"28361","title":null,"description":null,"keywords":null,"keyphrases":null,"primary_term":null,"canonical_url":null,"og_title":null,"og_description":null,"og_object_type":"default","og_image_type":"default","og_image_url":null,"og_image_width":null,"og_image_height":null,"og_image_custom_url":null,"og_image_custom_fields":null,"og_video":null,"og_custom_url":null,"og_article_section":null,"og_article_tags":null,"twitter_use_og":false,"twitter_card":"default","twitter_image_type":"default","twitter_image_url":null,"twitter_image_custom_url":null,"twitter_image_custom_fields":null,"twitter_title":null,"twitter_description":null,"schema":{"blockGraphs":[],"customGraphs":[],"default":{"data":{"Article":[],"Course":[],"Dataset":[],"FAQPage":[],"Movie":[],"Person":[],"Product":[],"ProductReview":[],"Car":[],"Recipe":[],"Service":[],"SoftwareApplication":[],"WebPage":[]},"graphName":"","isEnabled":true},"graphs":[]},"schema_type":"default","schema_type_options":null,"pillar_content":false,"robots_default":true,"robots_noindex":false,"robots_noarchive":false,"robots_nosnippet":false,"robots_nofollow":false,"robots_noimageindex":false,"robots_noodp":false,"robots_notranslate":false,"robots_max_snippet":null,"robots_max_videopreview":null,"robots_max_imagepreview":"large","priority":null,"frequency":null,"local_seo":null,"breadcrumb_settings":null,"limit_modified_date":false,"ai":null,"created":"2023-06-12 20:26:44","updated":"2025-07-11 06:39:52","seo_analyzer_scan_date":null},"aioseo_breadcrumb":"<div class=\"aioseo-breadcrumbs\"><span class=\"aioseo-breadcrumb\">\n\t\t\t<a href=\"https:\/\/newsinfoco.com.br\/inicio\" title=\"In\u00edcio\">In\u00edcio<\/a>\n\t\t<\/span><span class=\"aioseo-breadcrumb-separator\">&raquo;<\/span><span class=\"aioseo-breadcrumb\">\n\t\t\t<a href=\"https:\/\/newsinfoco.com.br\/inicio\/category\/alagoinhas-e-regiao\/\" title=\"Alagoinhas e Regi\u00e3o\">Alagoinhas e Regi\u00e3o<\/a>\n\t\t<\/span><span class=\"aioseo-breadcrumb-separator\">&raquo;<\/span><span class=\"aioseo-breadcrumb\">\n\t\t\tVacina\u00e7\u00e3o Covid-19: Prefeitura convoca respons\u00e1veis para cadastros de menores com defici\u00eancia e comorbidades\n\t\t<\/span><\/div>","aioseo_breadcrumb_json":[{"label":"In\u00edcio","link":"https:\/\/newsinfoco.com.br\/inicio"},{"label":"Alagoinhas e Regi\u00e3o","link":"https:\/\/newsinfoco.com.br\/inicio\/category\/alagoinhas-e-regiao\/"},{"label":"Vacina\u00e7\u00e3o Covid-19: Prefeitura convoca respons\u00e1veis para cadastros de menores com defici\u00eancia e comorbidades","link":"https:\/\/newsinfoco.com.br\/inicio\/vacinacao-covid-19-prefeitura-convoca-responsaveis-para-cadastros-de-menores-com-deficiencia-e-comorbidades\/"}],"_links":{"self":[{"href":"https:\/\/newsinfoco.com.br\/inicio\/wp-json\/wp\/v2\/posts\/28361","targetHints":{"allow":["GET"]}}],"collection":[{"href":"https:\/\/newsinfoco.com.br\/inicio\/wp-json\/wp\/v2\/posts"}],"about":[{"href":"https:\/\/newsinfoco.com.br\/inicio\/wp-json\/wp\/v2\/types\/post"}],"author":[{"embeddable":true,"href":"https:\/\/newsinfoco.com.br\/inicio\/wp-json\/wp\/v2\/users\/1"}],"replies":[{"embeddable":true,"href":"https:\/\/newsinfoco.com.br\/inicio\/wp-json\/wp\/v2\/comments?post=28361"}],"version-history":[{"count":1,"href":"https:\/\/newsinfoco.com.br\/inicio\/wp-json\/wp\/v2\/posts\/28361\/revisions"}],"predecessor-version":[{"id":28362,"href":"https:\/\/newsinfoco.com.br\/inicio\/wp-json\/wp\/v2\/posts\/28361\/revisions\/28362"}],"wp:featuredmedia":[{"embeddable":true,"href":"https:\/\/newsinfoco.com.br\/inicio\/wp-json\/wp\/v2\/media\/10659"}],"wp:attachment":[{"href":"https:\/\/newsinfoco.com.br\/inicio\/wp-json\/wp\/v2\/media?parent=28361"}],"wp:term":[{"taxonomy":"category","embeddable":true,"href":"https:\/\/newsinfoco.com.br\/inicio\/wp-json\/wp\/v2\/categories?post=28361"},{"taxonomy":"post_tag","embeddable":true,"href":"https:\/\/newsinfoco.com.br\/inicio\/wp-json\/wp\/v2\/tags?post=28361"}],"curies":[{"name":"wp","href":"https:\/\/api.w.org\/{rel}","templated":true}]}}