{"id":28367,"date":"2022-01-19T12:34:49","date_gmt":"2022-01-19T15:34:49","guid":{"rendered":"https:\/\/newsinfoco.com.br\/inicio\/?p=28367"},"modified":"2022-01-19T12:36:38","modified_gmt":"2022-01-19T15:36:38","slug":"integracao-das-linhas-de-onibus-em-alagoinhas-inicia-na-proxima-segunda-feira24-smtt-promete-expansao-do-sistema","status":"publish","type":"post","link":"https:\/\/newsinfoco.com.br\/inicio\/integracao-das-linhas-de-onibus-em-alagoinhas-inicia-na-proxima-segunda-feira24-smtt-promete-expansao-do-sistema\/","title":{"rendered":"Integra\u00e7\u00e3o das linhas de \u00f4nibus em Alagoinhas inicia na pr\u00f3xima segunda-feira(24); SMTT promete expans\u00e3o do sistema"},"content":{"rendered":"<p>A Superintend\u00eancia Municipal de Transporte e Tr\u00e2nsito de Alagoinhas(SMTT) inicia na pr\u00f3xima segunda-feira(24) a integra\u00e7\u00e3o das linhas de \u00f4nibus da cidade. A informa\u00e7\u00e3o foi dada na manh\u00e3 de hoje(19) pelo superintendente, Euller Fonseca, e pelo sub-procurador da prefeitura, Dr. Hilton Ribeiro, durante entrevista concedida ao programa Primeira M\u00e3o, da r\u00e1dio Ouro Negro 100,5 FM.<\/p>\n<p>Com a medida, a prefeitura promete levar o sistema de transporte p\u00fablico urbano para diversas localidades que ficaram desassistidas desde as sa\u00eddas das empresas Cidade das \u00e1guas e Avan\u00e7o. Al\u00e9m disso, o hor\u00e1rio de circula\u00e7\u00e3o de \u00f4nibus ser\u00e1 estendido inicialmente para as 21h, e com o inicio de retorno o hor\u00e1rio ser\u00e1 prorrogado at\u00e9 as 23h. Atualmente a circula\u00e7\u00e3o de \u00f4nibus ocorre at\u00e9 as 19h.<\/p>\n<p>Este conjunto de medidas, segundo o superintendente, objetiva suprir a demanda dos diversos segmentos sociais que utilizam o sistema(estudantes, empres\u00e1rios, trabalhadores, gratuidades).<\/p>\n<p>Com o inicio da integra\u00e7\u00e3o, os \u00f4nibus que saem dos bairros ter\u00e3o como ponto final o terminal de coletivos. O usu\u00e1rio ent\u00e3o ter\u00e1 a op\u00e7\u00e3o de pegar uma outra linha, no prazo de 50 minutos, sem custo adiciona, sentido rodovi\u00e1ria. A medida ir\u00e1 permitir com que moradores de bairros como Santa Terezinha, Parque S\u00e3o Bernardo e outras linhas que eram operadas anteriormente pelas empresas Cidade das \u00c1guas e Avan\u00e7o possam chegar at\u00e9 a rodovi\u00e1ria utilizando apenas 1 passagem. Antes eram necess\u00e1rios 2 passagens. Com isso, a SMTT acaba com as diferen\u00e7as entre as linhas, j\u00e1 que outras localidades como Barreiro j\u00e1 tinham como ponto final a rodovi\u00e1ria.<\/p>\n<p>O superintendente explicou ainda que com a integra\u00e7\u00e3o haver\u00e1 \u00f4nibus dispon\u00edveis no terminal a cada 8 minutos e que ser\u00e1 publicizado um quadro no terminal com o hor\u00e1rio de sa\u00edda\/chegada de \u00f4nibus para que o usu\u00e1rio possa planejar seu tempo. Paralelo a isso, um aplicativo est\u00e1 sendo desenvolvido para permitir que o usu\u00e1rio do sistema monitore o trajeto dos \u00f4nibus. Isso \u00e9 poss\u00edvel, j\u00e1 que todos os \u00f4nibus j\u00e1 possuem GPS.<\/p>\n<p>Sobre a renova\u00e7\u00e3o de frota, at\u00e9 final do ano metade da frota ser\u00e1 renovada, sendo que na segunda-feira alguns desses ve\u00edculos j\u00e1 ser\u00e3o utilizados. Ele lamentou o inc\u00eandio na garagem da ATP, onde dezenas de \u00f4nibus que seriam utilizados na renova\u00e7\u00e3o acabaram queimados. A policia investiga o caso, j\u00e1 que h\u00e1 ind\u00edcios de a\u00e7\u00e3o criminosa no evento.<\/p>\n<p>O sub-procurador municipal, que tamb\u00e9m preside uma Comiss\u00e3o Intersetorial crida pelo prefeito para acompanhar a implementa\u00e7\u00e3o das mudan\u00e7as no sistema, afirmou tamb\u00e9m que haver\u00e1 reforma do terminal de coletivos e a recupera\u00e7\u00e3o de vias por onde passam as linhas de \u00f4nibus.<\/p>\n<p>Por Caio Pimenta para o News Infoco<\/p>\n<p>&nbsp;<\/p>\n<div class='share-to-whatsapp-wrapper'><div class='share-on-whsp'>Share on: <\/div><a data-text='Integra\u00e7\u00e3o das linhas de \u00f4nibus em Alagoinhas inicia na pr\u00f3xima segunda-feira(24); SMTT promete expans\u00e3o do sistema' data-link='https:\/\/newsinfoco.com.br\/inicio\/integracao-das-linhas-de-onibus-em-alagoinhas-inicia-na-proxima-segunda-feira24-smtt-promete-expansao-do-sistema\/' class='whatsapp-button whatsapp-share'>WhatsApp<\/a><div class='clear '><\/div><\/div>","protected":false},"excerpt":{"rendered":"<p>A Superintend\u00eancia Municipal de Transporte e Tr\u00e2nsito de Alagoinhas(SMTT) inicia na pr\u00f3xima segunda-feira(24) a integra\u00e7\u00e3o das linhas de \u00f4nibus da cidade. A informa\u00e7\u00e3o foi dada na manh\u00e3 de hoje(19) pelo superintendente, Euller Fonseca, e pelo sub-procurador da prefeitura, Dr. Hilton Ribeiro, durante entrevista concedida ao programa Primeira M\u00e3o, da r\u00e1dio Ouro Negro 100,5 FM. Com [&hellip;]<\/p>\n","protected":false},"author":1,"featured_media":28368,"comment_status":"closed","ping_status":"closed","sticky":false,"template":"","format":"standard","meta":{"om_disable_all_campaigns":false,"rop_custom_images_group":[],"rop_custom_messages_group":[],"rop_publish_now":"initial","rop_publish_now_accounts":[],"rop_publish_now_history":[],"rop_publish_now_status":"pending","_exactmetrics_skip_tracking":false,"footnotes":""},"categories":[38,167],"tags":[],"class_list":["post-28367","post","type-post","status-publish","format-standard","has-post-thumbnail","hentry","category-alagoinhas-e-regiao","category-exclusivas"],"aioseo_notices":[],"aioseo_head":"\n\t\t<!-- All in One SEO 4.9.10 - aioseo.com -->\n\t<meta name=\"description\" content=\"A Superintend\u00eancia Municipal de Transporte e Tr\u00e2nsito de Alagoinhas(SMTT) inicia na pr\u00f3xima segunda-feira(24) a integra\u00e7\u00e3o das linhas de \u00f4nibus da cidade. A informa\u00e7\u00e3o foi dada na manh\u00e3 de hoje(19) pelo superintendente, Euller Fonseca, e pelo sub-procurador da prefeitura, Dr. Hilton Ribeiro, durante entrevista concedida ao programa Primeira M\u00e3o, da r\u00e1dio Ouro Negro 100,5 FM. Com\" \/>\n\t<meta name=\"robots\" content=\"max-image-preview:large\" \/>\n\t<meta name=\"author\" content=\"administrador\"\/>\n\t<link rel=\"canonical\" href=\"https:\/\/newsinfoco.com.br\/inicio\/integracao-das-linhas-de-onibus-em-alagoinhas-inicia-na-proxima-segunda-feira24-smtt-promete-expansao-do-sistema\/\" \/>\n\t<meta name=\"generator\" content=\"All in One SEO (AIOSEO) 4.9.10\" \/>\n\t\t<meta property=\"og:locale\" content=\"pt_BR\" \/>\n\t\t<meta property=\"og:site_name\" content=\"News In Foco - Editado por Caio Pimenta - O principal site de noticias de Alagoinhas e regi\u00e3o\" \/>\n\t\t<meta property=\"og:type\" content=\"article\" \/>\n\t\t<meta property=\"og:title\" content=\"Integra\u00e7\u00e3o das linhas de \u00f4nibus em Alagoinhas inicia na pr\u00f3xima segunda-feira(24); SMTT promete expans\u00e3o do sistema - News In Foco - Editado por Caio Pimenta\" \/>\n\t\t<meta property=\"og:description\" content=\"A Superintend\u00eancia Municipal de Transporte e Tr\u00e2nsito de Alagoinhas(SMTT) inicia na pr\u00f3xima segunda-feira(24) a integra\u00e7\u00e3o das linhas de \u00f4nibus da cidade. A informa\u00e7\u00e3o foi dada na manh\u00e3 de hoje(19) pelo superintendente, Euller Fonseca, e pelo sub-procurador da prefeitura, Dr. Hilton Ribeiro, durante entrevista concedida ao programa Primeira M\u00e3o, da r\u00e1dio Ouro Negro 100,5 FM. Com\" \/>\n\t\t<meta property=\"og:url\" content=\"https:\/\/newsinfoco.com.br\/inicio\/integracao-das-linhas-de-onibus-em-alagoinhas-inicia-na-proxima-segunda-feira24-smtt-promete-expansao-do-sistema\/\" \/>\n\t\t<meta property=\"article:published_time\" content=\"2022-01-19T15:34:49+00:00\" \/>\n\t\t<meta property=\"article:modified_time\" content=\"2022-01-19T15:36:38+00:00\" \/>\n\t\t<meta name=\"twitter:card\" content=\"summary_large_image\" \/>\n\t\t<meta name=\"twitter:title\" content=\"Integra\u00e7\u00e3o das linhas de \u00f4nibus em Alagoinhas inicia na pr\u00f3xima segunda-feira(24); SMTT promete expans\u00e3o do sistema - News In Foco - Editado por Caio Pimenta\" \/>\n\t\t<meta name=\"twitter:description\" content=\"A Superintend\u00eancia Municipal de Transporte e Tr\u00e2nsito de Alagoinhas(SMTT) inicia na pr\u00f3xima segunda-feira(24) a integra\u00e7\u00e3o das linhas de \u00f4nibus da cidade. A informa\u00e7\u00e3o foi dada na manh\u00e3 de hoje(19) pelo superintendente, Euller Fonseca, e pelo sub-procurador da prefeitura, Dr. Hilton Ribeiro, durante entrevista concedida ao programa Primeira M\u00e3o, da r\u00e1dio Ouro Negro 100,5 FM. Com\" \/>\n\t\t<script type=\"application\/ld+json\" class=\"aioseo-schema\">\n\t\t\t{\"@context\":\"https:\\\/\\\/schema.org\",\"@graph\":[{\"@type\":\"BlogPosting\",\"@id\":\"https:\\\/\\\/newsinfoco.com.br\\\/inicio\\\/integracao-das-linhas-de-onibus-em-alagoinhas-inicia-na-proxima-segunda-feira24-smtt-promete-expansao-do-sistema\\\/#blogposting\",\"name\":\"Integra\\u00e7\\u00e3o das linhas de \\u00f4nibus em Alagoinhas inicia na pr\\u00f3xima segunda-feira(24); SMTT promete expans\\u00e3o do sistema - News In Foco - Editado por Caio Pimenta\",\"headline\":\"Integra\\u00e7\\u00e3o das linhas de \\u00f4nibus em Alagoinhas inicia na pr\\u00f3xima segunda-feira(24); SMTT promete expans\\u00e3o do sistema\",\"author\":{\"@id\":\"https:\\\/\\\/newsinfoco.com.br\\\/inicio\\\/author\\\/administrador\\\/#author\"},\"publisher\":{\"@id\":\"https:\\\/\\\/newsinfoco.com.br\\\/inicio\\\/#organization\"},\"image\":{\"@type\":\"ImageObject\",\"url\":\"https:\\\/\\\/newsinfoco.com.br\\\/inicio\\\/wp-content\\\/uploads\\\/2022\\\/01\\\/DSCN0671.png\",\"width\":612,\"height\":431},\"datePublished\":\"2022-01-19T12:34:49-03:00\",\"dateModified\":\"2022-01-19T12:36:38-03:00\",\"inLanguage\":\"pt-BR\",\"mainEntityOfPage\":{\"@id\":\"https:\\\/\\\/newsinfoco.com.br\\\/inicio\\\/integracao-das-linhas-de-onibus-em-alagoinhas-inicia-na-proxima-segunda-feira24-smtt-promete-expansao-do-sistema\\\/#webpage\"},\"isPartOf\":{\"@id\":\"https:\\\/\\\/newsinfoco.com.br\\\/inicio\\\/integracao-das-linhas-de-onibus-em-alagoinhas-inicia-na-proxima-segunda-feira24-smtt-promete-expansao-do-sistema\\\/#webpage\"},\"articleSection\":\"Alagoinhas e Regi\\u00e3o, Manchete\"},{\"@type\":\"BreadcrumbList\",\"@id\":\"https:\\\/\\\/newsinfoco.com.br\\\/inicio\\\/integracao-das-linhas-de-onibus-em-alagoinhas-inicia-na-proxima-segunda-feira24-smtt-promete-expansao-do-sistema\\\/#breadcrumblist\",\"itemListElement\":[{\"@type\":\"ListItem\",\"@id\":\"https:\\\/\\\/newsinfoco.com.br\\\/inicio#listItem\",\"position\":1,\"name\":\"In\\u00edcio\",\"item\":\"https:\\\/\\\/newsinfoco.com.br\\\/inicio\",\"nextItem\":{\"@type\":\"ListItem\",\"@id\":\"https:\\\/\\\/newsinfoco.com.br\\\/inicio\\\/category\\\/alagoinhas-e-regiao\\\/#listItem\",\"name\":\"Alagoinhas e Regi\\u00e3o\"}},{\"@type\":\"ListItem\",\"@id\":\"https:\\\/\\\/newsinfoco.com.br\\\/inicio\\\/category\\\/alagoinhas-e-regiao\\\/#listItem\",\"position\":2,\"name\":\"Alagoinhas e Regi\\u00e3o\",\"item\":\"https:\\\/\\\/newsinfoco.com.br\\\/inicio\\\/category\\\/alagoinhas-e-regiao\\\/\",\"nextItem\":{\"@type\":\"ListItem\",\"@id\":\"https:\\\/\\\/newsinfoco.com.br\\\/inicio\\\/integracao-das-linhas-de-onibus-em-alagoinhas-inicia-na-proxima-segunda-feira24-smtt-promete-expansao-do-sistema\\\/#listItem\",\"name\":\"Integra\\u00e7\\u00e3o das linhas de \\u00f4nibus em Alagoinhas inicia na pr\\u00f3xima segunda-feira(24); SMTT promete expans\\u00e3o do sistema\"},\"previousItem\":{\"@type\":\"ListItem\",\"@id\":\"https:\\\/\\\/newsinfoco.com.br\\\/inicio#listItem\",\"name\":\"In\\u00edcio\"}},{\"@type\":\"ListItem\",\"@id\":\"https:\\\/\\\/newsinfoco.com.br\\\/inicio\\\/integracao-das-linhas-de-onibus-em-alagoinhas-inicia-na-proxima-segunda-feira24-smtt-promete-expansao-do-sistema\\\/#listItem\",\"position\":3,\"name\":\"Integra\\u00e7\\u00e3o das linhas de \\u00f4nibus em Alagoinhas inicia na pr\\u00f3xima segunda-feira(24); SMTT promete expans\\u00e3o do sistema\",\"previousItem\":{\"@type\":\"ListItem\",\"@id\":\"https:\\\/\\\/newsinfoco.com.br\\\/inicio\\\/category\\\/alagoinhas-e-regiao\\\/#listItem\",\"name\":\"Alagoinhas e Regi\\u00e3o\"}}]},{\"@type\":\"Organization\",\"@id\":\"https:\\\/\\\/newsinfoco.com.br\\\/inicio\\\/#organization\",\"name\":\"News In Foco - Editado por Caio Pimenta\",\"description\":\"O principal site de noticias de Alagoinhas e regi\\u00e3o\",\"url\":\"https:\\\/\\\/newsinfoco.com.br\\\/inicio\\\/\"},{\"@type\":\"Person\",\"@id\":\"https:\\\/\\\/newsinfoco.com.br\\\/inicio\\\/author\\\/administrador\\\/#author\",\"url\":\"https:\\\/\\\/newsinfoco.com.br\\\/inicio\\\/author\\\/administrador\\\/\",\"name\":\"administrador\",\"image\":{\"@type\":\"ImageObject\",\"@id\":\"https:\\\/\\\/newsinfoco.com.br\\\/inicio\\\/integracao-das-linhas-de-onibus-em-alagoinhas-inicia-na-proxima-segunda-feira24-smtt-promete-expansao-do-sistema\\\/#authorImage\",\"url\":\"https:\\\/\\\/secure.gravatar.com\\\/avatar\\\/c17a617433de8c1dc9584bb79aab7563b46f5bb7e1728c9b17d9cc3ce6a08e49?s=96&d=mm&r=g\",\"width\":96,\"height\":96,\"caption\":\"administrador\"}},{\"@type\":\"WebPage\",\"@id\":\"https:\\\/\\\/newsinfoco.com.br\\\/inicio\\\/integracao-das-linhas-de-onibus-em-alagoinhas-inicia-na-proxima-segunda-feira24-smtt-promete-expansao-do-sistema\\\/#webpage\",\"url\":\"https:\\\/\\\/newsinfoco.com.br\\\/inicio\\\/integracao-das-linhas-de-onibus-em-alagoinhas-inicia-na-proxima-segunda-feira24-smtt-promete-expansao-do-sistema\\\/\",\"name\":\"Integra\\u00e7\\u00e3o das linhas de \\u00f4nibus em Alagoinhas inicia na pr\\u00f3xima segunda-feira(24); SMTT promete expans\\u00e3o do sistema - News In Foco - Editado por Caio Pimenta\",\"description\":\"A Superintend\\u00eancia Municipal de Transporte e Tr\\u00e2nsito de Alagoinhas(SMTT) inicia na pr\\u00f3xima segunda-feira(24) a integra\\u00e7\\u00e3o das linhas de \\u00f4nibus da cidade. A informa\\u00e7\\u00e3o foi dada na manh\\u00e3 de hoje(19) pelo superintendente, Euller Fonseca, e pelo sub-procurador da prefeitura, Dr. Hilton Ribeiro, durante entrevista concedida ao programa Primeira M\\u00e3o, da r\\u00e1dio Ouro Negro 100,5 FM. Com\",\"inLanguage\":\"pt-BR\",\"isPartOf\":{\"@id\":\"https:\\\/\\\/newsinfoco.com.br\\\/inicio\\\/#website\"},\"breadcrumb\":{\"@id\":\"https:\\\/\\\/newsinfoco.com.br\\\/inicio\\\/integracao-das-linhas-de-onibus-em-alagoinhas-inicia-na-proxima-segunda-feira24-smtt-promete-expansao-do-sistema\\\/#breadcrumblist\"},\"author\":{\"@id\":\"https:\\\/\\\/newsinfoco.com.br\\\/inicio\\\/author\\\/administrador\\\/#author\"},\"creator\":{\"@id\":\"https:\\\/\\\/newsinfoco.com.br\\\/inicio\\\/author\\\/administrador\\\/#author\"},\"image\":{\"@type\":\"ImageObject\",\"url\":\"https:\\\/\\\/newsinfoco.com.br\\\/inicio\\\/wp-content\\\/uploads\\\/2022\\\/01\\\/DSCN0671.png\",\"@id\":\"https:\\\/\\\/newsinfoco.com.br\\\/inicio\\\/integracao-das-linhas-de-onibus-em-alagoinhas-inicia-na-proxima-segunda-feira24-smtt-promete-expansao-do-sistema\\\/#mainImage\",\"width\":612,\"height\":431},\"primaryImageOfPage\":{\"@id\":\"https:\\\/\\\/newsinfoco.com.br\\\/inicio\\\/integracao-das-linhas-de-onibus-em-alagoinhas-inicia-na-proxima-segunda-feira24-smtt-promete-expansao-do-sistema\\\/#mainImage\"},\"datePublished\":\"2022-01-19T12:34:49-03:00\",\"dateModified\":\"2022-01-19T12:36:38-03:00\"},{\"@type\":\"WebSite\",\"@id\":\"https:\\\/\\\/newsinfoco.com.br\\\/inicio\\\/#website\",\"url\":\"https:\\\/\\\/newsinfoco.com.br\\\/inicio\\\/\",\"name\":\"News In Foco - Editado por Caio Pimenta\",\"description\":\"O principal site de noticias de Alagoinhas e regi\\u00e3o\",\"inLanguage\":\"pt-BR\",\"publisher\":{\"@id\":\"https:\\\/\\\/newsinfoco.com.br\\\/inicio\\\/#organization\"}}]}\n\t\t<\/script>\n\t\t<!-- All in One SEO -->\n\n","aioseo_head_json":{"title":"Integra\u00e7\u00e3o das linhas de \u00f4nibus em Alagoinhas inicia na pr\u00f3xima segunda-feira(24); SMTT promete expans\u00e3o do sistema - News In Foco - Editado por Caio Pimenta","description":"A Superintend\u00eancia Municipal de Transporte e Tr\u00e2nsito de Alagoinhas(SMTT) inicia na pr\u00f3xima segunda-feira(24) a integra\u00e7\u00e3o das linhas de \u00f4nibus da cidade. A informa\u00e7\u00e3o foi dada na manh\u00e3 de hoje(19) pelo superintendente, Euller Fonseca, e pelo sub-procurador da prefeitura, Dr. Hilton Ribeiro, durante entrevista concedida ao programa Primeira M\u00e3o, da r\u00e1dio Ouro Negro 100,5 FM. Com","canonical_url":"https:\/\/newsinfoco.com.br\/inicio\/integracao-das-linhas-de-onibus-em-alagoinhas-inicia-na-proxima-segunda-feira24-smtt-promete-expansao-do-sistema\/","robots":"max-image-preview:large","keywords":"","webmasterTools":{"miscellaneous":""},"schema":{"@context":"https:\/\/schema.org","@graph":[{"@type":"BlogPosting","@id":"https:\/\/newsinfoco.com.br\/inicio\/integracao-das-linhas-de-onibus-em-alagoinhas-inicia-na-proxima-segunda-feira24-smtt-promete-expansao-do-sistema\/#blogposting","name":"Integra\u00e7\u00e3o das linhas de \u00f4nibus em Alagoinhas inicia na pr\u00f3xima segunda-feira(24); SMTT promete expans\u00e3o do sistema - News In Foco - Editado por Caio Pimenta","headline":"Integra\u00e7\u00e3o das linhas de \u00f4nibus em Alagoinhas inicia na pr\u00f3xima segunda-feira(24); SMTT promete expans\u00e3o do sistema","author":{"@id":"https:\/\/newsinfoco.com.br\/inicio\/author\/administrador\/#author"},"publisher":{"@id":"https:\/\/newsinfoco.com.br\/inicio\/#organization"},"image":{"@type":"ImageObject","url":"https:\/\/newsinfoco.com.br\/inicio\/wp-content\/uploads\/2022\/01\/DSCN0671.png","width":612,"height":431},"datePublished":"2022-01-19T12:34:49-03:00","dateModified":"2022-01-19T12:36:38-03:00","inLanguage":"pt-BR","mainEntityOfPage":{"@id":"https:\/\/newsinfoco.com.br\/inicio\/integracao-das-linhas-de-onibus-em-alagoinhas-inicia-na-proxima-segunda-feira24-smtt-promete-expansao-do-sistema\/#webpage"},"isPartOf":{"@id":"https:\/\/newsinfoco.com.br\/inicio\/integracao-das-linhas-de-onibus-em-alagoinhas-inicia-na-proxima-segunda-feira24-smtt-promete-expansao-do-sistema\/#webpage"},"articleSection":"Alagoinhas e Regi\u00e3o, Manchete"},{"@type":"BreadcrumbList","@id":"https:\/\/newsinfoco.com.br\/inicio\/integracao-das-linhas-de-onibus-em-alagoinhas-inicia-na-proxima-segunda-feira24-smtt-promete-expansao-do-sistema\/#breadcrumblist","itemListElement":[{"@type":"ListItem","@id":"https:\/\/newsinfoco.com.br\/inicio#listItem","position":1,"name":"In\u00edcio","item":"https:\/\/newsinfoco.com.br\/inicio","nextItem":{"@type":"ListItem","@id":"https:\/\/newsinfoco.com.br\/inicio\/category\/alagoinhas-e-regiao\/#listItem","name":"Alagoinhas e Regi\u00e3o"}},{"@type":"ListItem","@id":"https:\/\/newsinfoco.com.br\/inicio\/category\/alagoinhas-e-regiao\/#listItem","position":2,"name":"Alagoinhas e Regi\u00e3o","item":"https:\/\/newsinfoco.com.br\/inicio\/category\/alagoinhas-e-regiao\/","nextItem":{"@type":"ListItem","@id":"https:\/\/newsinfoco.com.br\/inicio\/integracao-das-linhas-de-onibus-em-alagoinhas-inicia-na-proxima-segunda-feira24-smtt-promete-expansao-do-sistema\/#listItem","name":"Integra\u00e7\u00e3o das linhas de \u00f4nibus em Alagoinhas inicia na pr\u00f3xima segunda-feira(24); SMTT promete expans\u00e3o do sistema"},"previousItem":{"@type":"ListItem","@id":"https:\/\/newsinfoco.com.br\/inicio#listItem","name":"In\u00edcio"}},{"@type":"ListItem","@id":"https:\/\/newsinfoco.com.br\/inicio\/integracao-das-linhas-de-onibus-em-alagoinhas-inicia-na-proxima-segunda-feira24-smtt-promete-expansao-do-sistema\/#listItem","position":3,"name":"Integra\u00e7\u00e3o das linhas de \u00f4nibus em Alagoinhas inicia na pr\u00f3xima segunda-feira(24); SMTT promete expans\u00e3o do sistema","previousItem":{"@type":"ListItem","@id":"https:\/\/newsinfoco.com.br\/inicio\/category\/alagoinhas-e-regiao\/#listItem","name":"Alagoinhas e Regi\u00e3o"}}]},{"@type":"Organization","@id":"https:\/\/newsinfoco.com.br\/inicio\/#organization","name":"News In Foco - Editado por Caio Pimenta","description":"O principal site de noticias de Alagoinhas e regi\u00e3o","url":"https:\/\/newsinfoco.com.br\/inicio\/"},{"@type":"Person","@id":"https:\/\/newsinfoco.com.br\/inicio\/author\/administrador\/#author","url":"https:\/\/newsinfoco.com.br\/inicio\/author\/administrador\/","name":"administrador","image":{"@type":"ImageObject","@id":"https:\/\/newsinfoco.com.br\/inicio\/integracao-das-linhas-de-onibus-em-alagoinhas-inicia-na-proxima-segunda-feira24-smtt-promete-expansao-do-sistema\/#authorImage","url":"https:\/\/secure.gravatar.com\/avatar\/c17a617433de8c1dc9584bb79aab7563b46f5bb7e1728c9b17d9cc3ce6a08e49?s=96&d=mm&r=g","width":96,"height":96,"caption":"administrador"}},{"@type":"WebPage","@id":"https:\/\/newsinfoco.com.br\/inicio\/integracao-das-linhas-de-onibus-em-alagoinhas-inicia-na-proxima-segunda-feira24-smtt-promete-expansao-do-sistema\/#webpage","url":"https:\/\/newsinfoco.com.br\/inicio\/integracao-das-linhas-de-onibus-em-alagoinhas-inicia-na-proxima-segunda-feira24-smtt-promete-expansao-do-sistema\/","name":"Integra\u00e7\u00e3o das linhas de \u00f4nibus em Alagoinhas inicia na pr\u00f3xima segunda-feira(24); SMTT promete expans\u00e3o do sistema - News In Foco - Editado por Caio Pimenta","description":"A Superintend\u00eancia Municipal de Transporte e Tr\u00e2nsito de Alagoinhas(SMTT) inicia na pr\u00f3xima segunda-feira(24) a integra\u00e7\u00e3o das linhas de \u00f4nibus da cidade. A informa\u00e7\u00e3o foi dada na manh\u00e3 de hoje(19) pelo superintendente, Euller Fonseca, e pelo sub-procurador da prefeitura, Dr. Hilton Ribeiro, durante entrevista concedida ao programa Primeira M\u00e3o, da r\u00e1dio Ouro Negro 100,5 FM. Com","inLanguage":"pt-BR","isPartOf":{"@id":"https:\/\/newsinfoco.com.br\/inicio\/#website"},"breadcrumb":{"@id":"https:\/\/newsinfoco.com.br\/inicio\/integracao-das-linhas-de-onibus-em-alagoinhas-inicia-na-proxima-segunda-feira24-smtt-promete-expansao-do-sistema\/#breadcrumblist"},"author":{"@id":"https:\/\/newsinfoco.com.br\/inicio\/author\/administrador\/#author"},"creator":{"@id":"https:\/\/newsinfoco.com.br\/inicio\/author\/administrador\/#author"},"image":{"@type":"ImageObject","url":"https:\/\/newsinfoco.com.br\/inicio\/wp-content\/uploads\/2022\/01\/DSCN0671.png","@id":"https:\/\/newsinfoco.com.br\/inicio\/integracao-das-linhas-de-onibus-em-alagoinhas-inicia-na-proxima-segunda-feira24-smtt-promete-expansao-do-sistema\/#mainImage","width":612,"height":431},"primaryImageOfPage":{"@id":"https:\/\/newsinfoco.com.br\/inicio\/integracao-das-linhas-de-onibus-em-alagoinhas-inicia-na-proxima-segunda-feira24-smtt-promete-expansao-do-sistema\/#mainImage"},"datePublished":"2022-01-19T12:34:49-03:00","dateModified":"2022-01-19T12:36:38-03:00"},{"@type":"WebSite","@id":"https:\/\/newsinfoco.com.br\/inicio\/#website","url":"https:\/\/newsinfoco.com.br\/inicio\/","name":"News In Foco - Editado por Caio Pimenta","description":"O principal site de noticias de Alagoinhas e regi\u00e3o","inLanguage":"pt-BR","publisher":{"@id":"https:\/\/newsinfoco.com.br\/inicio\/#organization"}}]},"og:locale":"pt_BR","og:site_name":"News In Foco - Editado por Caio Pimenta - O principal site de noticias de Alagoinhas e regi\u00e3o","og:type":"article","og:title":"Integra\u00e7\u00e3o das linhas de \u00f4nibus em Alagoinhas inicia na pr\u00f3xima segunda-feira(24); SMTT promete expans\u00e3o do sistema - News In Foco - Editado por Caio Pimenta","og:description":"A Superintend\u00eancia Municipal de Transporte e Tr\u00e2nsito de Alagoinhas(SMTT) inicia na pr\u00f3xima segunda-feira(24) a integra\u00e7\u00e3o das linhas de \u00f4nibus da cidade. A informa\u00e7\u00e3o foi dada na manh\u00e3 de hoje(19) pelo superintendente, Euller Fonseca, e pelo sub-procurador da prefeitura, Dr. Hilton Ribeiro, durante entrevista concedida ao programa Primeira M\u00e3o, da r\u00e1dio Ouro Negro 100,5 FM. Com","og:url":"https:\/\/newsinfoco.com.br\/inicio\/integracao-das-linhas-de-onibus-em-alagoinhas-inicia-na-proxima-segunda-feira24-smtt-promete-expansao-do-sistema\/","article:published_time":"2022-01-19T15:34:49+00:00","article:modified_time":"2022-01-19T15:36:38+00:00","twitter:card":"summary_large_image","twitter:title":"Integra\u00e7\u00e3o das linhas de \u00f4nibus em Alagoinhas inicia na pr\u00f3xima segunda-feira(24); SMTT promete expans\u00e3o do sistema - News In Foco - Editado por Caio Pimenta","twitter:description":"A Superintend\u00eancia Municipal de Transporte e Tr\u00e2nsito de Alagoinhas(SMTT) inicia na pr\u00f3xima segunda-feira(24) a integra\u00e7\u00e3o das linhas de \u00f4nibus da cidade. A informa\u00e7\u00e3o foi dada na manh\u00e3 de hoje(19) pelo superintendente, Euller Fonseca, e pelo sub-procurador da prefeitura, Dr. Hilton Ribeiro, durante entrevista concedida ao programa Primeira M\u00e3o, da r\u00e1dio Ouro Negro 100,5 FM. Com"},"aioseo_meta_data":{"post_id":"28367","title":null,"description":null,"keywords":null,"keyphrases":null,"primary_term":null,"canonical_url":null,"og_title":null,"og_description":null,"og_object_type":"default","og_image_type":"default","og_image_url":null,"og_image_width":null,"og_image_height":null,"og_image_custom_url":null,"og_image_custom_fields":null,"og_video":null,"og_custom_url":null,"og_article_section":null,"og_article_tags":null,"twitter_use_og":false,"twitter_card":"default","twitter_image_type":"default","twitter_image_url":null,"twitter_image_custom_url":null,"twitter_image_custom_fields":null,"twitter_title":null,"twitter_description":null,"schema":{"blockGraphs":[],"customGraphs":[],"default":{"data":{"Article":[],"Course":[],"Dataset":[],"FAQPage":[],"Movie":[],"Person":[],"Product":[],"ProductReview":[],"Car":[],"Recipe":[],"Service":[],"SoftwareApplication":[],"WebPage":[]},"graphName":"","isEnabled":true},"graphs":[]},"schema_type":"default","schema_type_options":null,"pillar_content":false,"robots_default":true,"robots_noindex":false,"robots_noarchive":false,"robots_nosnippet":false,"robots_nofollow":false,"robots_noimageindex":false,"robots_noodp":false,"robots_notranslate":false,"robots_max_snippet":null,"robots_max_videopreview":null,"robots_max_imagepreview":"large","priority":null,"frequency":null,"local_seo":null,"breadcrumb_settings":null,"limit_modified_date":false,"ai":null,"created":"2023-06-12 20:28:21","updated":"2025-07-11 06:40:51","seo_analyzer_scan_date":null},"aioseo_breadcrumb":"<div class=\"aioseo-breadcrumbs\"><span class=\"aioseo-breadcrumb\">\n\t\t\t<a href=\"https:\/\/newsinfoco.com.br\/inicio\" title=\"In\u00edcio\">In\u00edcio<\/a>\n\t\t<\/span><span class=\"aioseo-breadcrumb-separator\">&raquo;<\/span><span class=\"aioseo-breadcrumb\">\n\t\t\t<a href=\"https:\/\/newsinfoco.com.br\/inicio\/category\/alagoinhas-e-regiao\/\" title=\"Alagoinhas e Regi\u00e3o\">Alagoinhas e Regi\u00e3o<\/a>\n\t\t<\/span><span class=\"aioseo-breadcrumb-separator\">&raquo;<\/span><span class=\"aioseo-breadcrumb\">\n\t\t\tIntegra\u00e7\u00e3o das linhas de \u00f4nibus em Alagoinhas inicia na pr\u00f3xima segunda-feira(24); SMTT promete expans\u00e3o do sistema\n\t\t<\/span><\/div>","aioseo_breadcrumb_json":[{"label":"In\u00edcio","link":"https:\/\/newsinfoco.com.br\/inicio"},{"label":"Alagoinhas e Regi\u00e3o","link":"https:\/\/newsinfoco.com.br\/inicio\/category\/alagoinhas-e-regiao\/"},{"label":"Integra\u00e7\u00e3o das linhas de \u00f4nibus em Alagoinhas inicia na pr\u00f3xima segunda-feira(24); SMTT promete expans\u00e3o do sistema","link":"https:\/\/newsinfoco.com.br\/inicio\/integracao-das-linhas-de-onibus-em-alagoinhas-inicia-na-proxima-segunda-feira24-smtt-promete-expansao-do-sistema\/"}],"_links":{"self":[{"href":"https:\/\/newsinfoco.com.br\/inicio\/wp-json\/wp\/v2\/posts\/28367","targetHints":{"allow":["GET"]}}],"collection":[{"href":"https:\/\/newsinfoco.com.br\/inicio\/wp-json\/wp\/v2\/posts"}],"about":[{"href":"https:\/\/newsinfoco.com.br\/inicio\/wp-json\/wp\/v2\/types\/post"}],"author":[{"embeddable":true,"href":"https:\/\/newsinfoco.com.br\/inicio\/wp-json\/wp\/v2\/users\/1"}],"replies":[{"embeddable":true,"href":"https:\/\/newsinfoco.com.br\/inicio\/wp-json\/wp\/v2\/comments?post=28367"}],"version-history":[{"count":1,"href":"https:\/\/newsinfoco.com.br\/inicio\/wp-json\/wp\/v2\/posts\/28367\/revisions"}],"predecessor-version":[{"id":28369,"href":"https:\/\/newsinfoco.com.br\/inicio\/wp-json\/wp\/v2\/posts\/28367\/revisions\/28369"}],"wp:featuredmedia":[{"embeddable":true,"href":"https:\/\/newsinfoco.com.br\/inicio\/wp-json\/wp\/v2\/media\/28368"}],"wp:attachment":[{"href":"https:\/\/newsinfoco.com.br\/inicio\/wp-json\/wp\/v2\/media?parent=28367"}],"wp:term":[{"taxonomy":"category","embeddable":true,"href":"https:\/\/newsinfoco.com.br\/inicio\/wp-json\/wp\/v2\/categories?post=28367"},{"taxonomy":"post_tag","embeddable":true,"href":"https:\/\/newsinfoco.com.br\/inicio\/wp-json\/wp\/v2\/tags?post=28367"}],"curies":[{"name":"wp","href":"https:\/\/api.w.org\/{rel}","templated":true}]}}