{"id":28380,"date":"2022-01-19T16:54:14","date_gmt":"2022-01-19T19:54:14","guid":{"rendered":"https:\/\/newsinfoco.com.br\/inicio\/?p=28380"},"modified":"2022-01-19T16:54:14","modified_gmt":"2022-01-19T19:54:14","slug":"aliados-temem-que-acm-neto-desanime-em-disputa-para-governador","status":"publish","type":"post","link":"https:\/\/newsinfoco.com.br\/inicio\/aliados-temem-que-acm-neto-desanime-em-disputa-para-governador\/","title":{"rendered":"Aliados temem que ACM Neto desanime em disputa para governador"},"content":{"rendered":"<p>Aliados do ex-prefeito de Salvador, ACM Neto (DEM), temem que ele perca a anima\u00e7\u00e3o que demonstrou no ano passado e deixe de visitar o interior da Bahia nos pr\u00f3ximos meses.<ins class=\"adsbygoogle\" data-ad-format=\"fluid\" data-ad-layout-key=\"-87+et-w-1e+64\" data-ad-client=\"ca-pub-2345950003494206\" data-ad-slot=\"3650143156\" data-adsbygoogle-status=\"done\" data-ad-status=\"filled\"><ins id=\"aswift_0_expand\" tabindex=\"0\" title=\"Advertisement\" aria-label=\"Advertisement\"><ins id=\"aswift_0_anchor\"><\/ins><\/ins><\/ins><\/p>\n<p>O principal motivo\u00a0\u00e9 a empolga\u00e7\u00e3o do senador Jaques Wagner (PT), que passou a acompanhar o governador Rui Costa (PT) em todas as agendas do interior do estado.<\/p>\n<p>Al\u00e9m disso, assustaram os principais caciques do DEM as not\u00edcias de que sondagens internas do PT mostraram um crescimento do nome do petista para a disputa do Governo do Estado.<\/p>\n<p>Pesquisas internas do DEM devem ser feitas nas pr\u00f3ximas semanas para confirmar os n\u00fameros. Na semana passada, os l\u00edderes petistas da Bahia passaram a apostar em uma vit\u00f3ria de Jaques Wagner no primeiro turno, como aconteceu em 2006 e 2010.<\/p>\n<div class='share-to-whatsapp-wrapper'><div class='share-on-whsp'>Share on: <\/div><a data-text='Aliados temem que ACM Neto desanime em disputa para governador' data-link='https:\/\/newsinfoco.com.br\/inicio\/aliados-temem-que-acm-neto-desanime-em-disputa-para-governador\/' class='whatsapp-button whatsapp-share'>WhatsApp<\/a><div class='clear '><\/div><\/div>","protected":false},"excerpt":{"rendered":"<p>Aliados do ex-prefeito de Salvador, ACM Neto (DEM), temem que ele perca a anima\u00e7\u00e3o que demonstrou no ano passado e deixe de visitar o interior da Bahia nos pr\u00f3ximos meses. O principal motivo\u00a0\u00e9 a empolga\u00e7\u00e3o do senador Jaques Wagner (PT), que passou a acompanhar o governador Rui Costa (PT) em todas as agendas do interior [&hellip;]<\/p>\n","protected":false},"author":1,"featured_media":27582,"comment_status":"closed","ping_status":"closed","sticky":false,"template":"","format":"standard","meta":{"om_disable_all_campaigns":false,"rop_custom_images_group":[],"rop_custom_messages_group":[],"rop_publish_now":"initial","rop_publish_now_accounts":[],"rop_publish_now_history":[],"rop_publish_now_status":"pending","_exactmetrics_skip_tracking":false,"footnotes":""},"categories":[19],"tags":[],"class_list":["post-28380","post","type-post","status-publish","format-standard","has-post-thumbnail","hentry","category-bahia"],"aioseo_notices":[],"aioseo_head":"\n\t\t<!-- All in One SEO 4.9.10 - aioseo.com -->\n\t<meta name=\"description\" content=\"Aliados do ex-prefeito de Salvador, ACM Neto (DEM), temem que ele perca a anima\u00e7\u00e3o que demonstrou no ano passado e deixe de visitar o interior da Bahia nos pr\u00f3ximos meses. O principal motivo \u00e9 a empolga\u00e7\u00e3o do senador Jaques Wagner (PT), que passou a acompanhar o governador Rui Costa (PT) em todas as agendas do interior\" \/>\n\t<meta name=\"robots\" content=\"max-image-preview:large\" \/>\n\t<meta name=\"author\" content=\"administrador\"\/>\n\t<link rel=\"canonical\" href=\"https:\/\/newsinfoco.com.br\/inicio\/aliados-temem-que-acm-neto-desanime-em-disputa-para-governador\/\" \/>\n\t<meta name=\"generator\" content=\"All in One SEO (AIOSEO) 4.9.10\" \/>\n\t\t<meta property=\"og:locale\" content=\"pt_BR\" \/>\n\t\t<meta property=\"og:site_name\" content=\"News In Foco - Editado por Caio Pimenta - O principal site de noticias de Alagoinhas e regi\u00e3o\" \/>\n\t\t<meta property=\"og:type\" content=\"article\" \/>\n\t\t<meta property=\"og:title\" content=\"Aliados temem que ACM Neto desanime em disputa para governador - News In Foco - Editado por Caio Pimenta\" \/>\n\t\t<meta property=\"og:description\" content=\"Aliados do ex-prefeito de Salvador, ACM Neto (DEM), temem que ele perca a anima\u00e7\u00e3o que demonstrou no ano passado e deixe de visitar o interior da Bahia nos pr\u00f3ximos meses. O principal motivo \u00e9 a empolga\u00e7\u00e3o do senador Jaques Wagner (PT), que passou a acompanhar o governador Rui Costa (PT) em todas as agendas do interior\" \/>\n\t\t<meta property=\"og:url\" content=\"https:\/\/newsinfoco.com.br\/inicio\/aliados-temem-que-acm-neto-desanime-em-disputa-para-governador\/\" \/>\n\t\t<meta property=\"article:published_time\" content=\"2022-01-19T19:54:14+00:00\" \/>\n\t\t<meta property=\"article:modified_time\" content=\"2022-01-19T19:54:14+00:00\" \/>\n\t\t<meta name=\"twitter:card\" content=\"summary_large_image\" \/>\n\t\t<meta name=\"twitter:title\" content=\"Aliados temem que ACM Neto desanime em disputa para governador - News In Foco - Editado por Caio Pimenta\" \/>\n\t\t<meta name=\"twitter:description\" content=\"Aliados do ex-prefeito de Salvador, ACM Neto (DEM), temem que ele perca a anima\u00e7\u00e3o que demonstrou no ano passado e deixe de visitar o interior da Bahia nos pr\u00f3ximos meses. O principal motivo \u00e9 a empolga\u00e7\u00e3o do senador Jaques Wagner (PT), que passou a acompanhar o governador Rui Costa (PT) em todas as agendas do interior\" \/>\n\t\t<script type=\"application\/ld+json\" class=\"aioseo-schema\">\n\t\t\t{\"@context\":\"https:\\\/\\\/schema.org\",\"@graph\":[{\"@type\":\"BlogPosting\",\"@id\":\"https:\\\/\\\/newsinfoco.com.br\\\/inicio\\\/aliados-temem-que-acm-neto-desanime-em-disputa-para-governador\\\/#blogposting\",\"name\":\"Aliados temem que ACM Neto desanime em disputa para governador - News In Foco - Editado por Caio Pimenta\",\"headline\":\"Aliados temem que ACM Neto desanime em disputa para governador\",\"author\":{\"@id\":\"https:\\\/\\\/newsinfoco.com.br\\\/inicio\\\/author\\\/administrador\\\/#author\"},\"publisher\":{\"@id\":\"https:\\\/\\\/newsinfoco.com.br\\\/inicio\\\/#organization\"},\"image\":{\"@type\":\"ImageObject\",\"url\":\"https:\\\/\\\/newsinfoco.com.br\\\/inicio\\\/wp-content\\\/uploads\\\/2021\\\/11\\\/imagem-noticia-acm-neto-jaques-wagner.jpeg\",\"width\":720,\"height\":393},\"datePublished\":\"2022-01-19T16:54:14-03:00\",\"dateModified\":\"2022-01-19T16:54:14-03:00\",\"inLanguage\":\"pt-BR\",\"mainEntityOfPage\":{\"@id\":\"https:\\\/\\\/newsinfoco.com.br\\\/inicio\\\/aliados-temem-que-acm-neto-desanime-em-disputa-para-governador\\\/#webpage\"},\"isPartOf\":{\"@id\":\"https:\\\/\\\/newsinfoco.com.br\\\/inicio\\\/aliados-temem-que-acm-neto-desanime-em-disputa-para-governador\\\/#webpage\"},\"articleSection\":\"Bahia\"},{\"@type\":\"BreadcrumbList\",\"@id\":\"https:\\\/\\\/newsinfoco.com.br\\\/inicio\\\/aliados-temem-que-acm-neto-desanime-em-disputa-para-governador\\\/#breadcrumblist\",\"itemListElement\":[{\"@type\":\"ListItem\",\"@id\":\"https:\\\/\\\/newsinfoco.com.br\\\/inicio#listItem\",\"position\":1,\"name\":\"In\\u00edcio\",\"item\":\"https:\\\/\\\/newsinfoco.com.br\\\/inicio\",\"nextItem\":{\"@type\":\"ListItem\",\"@id\":\"https:\\\/\\\/newsinfoco.com.br\\\/inicio\\\/category\\\/bahia\\\/#listItem\",\"name\":\"Bahia\"}},{\"@type\":\"ListItem\",\"@id\":\"https:\\\/\\\/newsinfoco.com.br\\\/inicio\\\/category\\\/bahia\\\/#listItem\",\"position\":2,\"name\":\"Bahia\",\"item\":\"https:\\\/\\\/newsinfoco.com.br\\\/inicio\\\/category\\\/bahia\\\/\",\"nextItem\":{\"@type\":\"ListItem\",\"@id\":\"https:\\\/\\\/newsinfoco.com.br\\\/inicio\\\/aliados-temem-que-acm-neto-desanime-em-disputa-para-governador\\\/#listItem\",\"name\":\"Aliados temem que ACM Neto desanime em disputa para governador\"},\"previousItem\":{\"@type\":\"ListItem\",\"@id\":\"https:\\\/\\\/newsinfoco.com.br\\\/inicio#listItem\",\"name\":\"In\\u00edcio\"}},{\"@type\":\"ListItem\",\"@id\":\"https:\\\/\\\/newsinfoco.com.br\\\/inicio\\\/aliados-temem-que-acm-neto-desanime-em-disputa-para-governador\\\/#listItem\",\"position\":3,\"name\":\"Aliados temem que ACM Neto desanime em disputa para governador\",\"previousItem\":{\"@type\":\"ListItem\",\"@id\":\"https:\\\/\\\/newsinfoco.com.br\\\/inicio\\\/category\\\/bahia\\\/#listItem\",\"name\":\"Bahia\"}}]},{\"@type\":\"Organization\",\"@id\":\"https:\\\/\\\/newsinfoco.com.br\\\/inicio\\\/#organization\",\"name\":\"News In Foco - Editado por Caio Pimenta\",\"description\":\"O principal site de noticias de Alagoinhas e regi\\u00e3o\",\"url\":\"https:\\\/\\\/newsinfoco.com.br\\\/inicio\\\/\"},{\"@type\":\"Person\",\"@id\":\"https:\\\/\\\/newsinfoco.com.br\\\/inicio\\\/author\\\/administrador\\\/#author\",\"url\":\"https:\\\/\\\/newsinfoco.com.br\\\/inicio\\\/author\\\/administrador\\\/\",\"name\":\"administrador\",\"image\":{\"@type\":\"ImageObject\",\"@id\":\"https:\\\/\\\/newsinfoco.com.br\\\/inicio\\\/aliados-temem-que-acm-neto-desanime-em-disputa-para-governador\\\/#authorImage\",\"url\":\"https:\\\/\\\/secure.gravatar.com\\\/avatar\\\/c17a617433de8c1dc9584bb79aab7563b46f5bb7e1728c9b17d9cc3ce6a08e49?s=96&d=mm&r=g\",\"width\":96,\"height\":96,\"caption\":\"administrador\"}},{\"@type\":\"WebPage\",\"@id\":\"https:\\\/\\\/newsinfoco.com.br\\\/inicio\\\/aliados-temem-que-acm-neto-desanime-em-disputa-para-governador\\\/#webpage\",\"url\":\"https:\\\/\\\/newsinfoco.com.br\\\/inicio\\\/aliados-temem-que-acm-neto-desanime-em-disputa-para-governador\\\/\",\"name\":\"Aliados temem que ACM Neto desanime em disputa para governador - News In Foco - Editado por Caio Pimenta\",\"description\":\"Aliados do ex-prefeito de Salvador, ACM Neto (DEM), temem que ele perca a anima\\u00e7\\u00e3o que demonstrou no ano passado e deixe de visitar o interior da Bahia nos pr\\u00f3ximos meses. O principal motivo \\u00e9 a empolga\\u00e7\\u00e3o do senador Jaques Wagner (PT), que passou a acompanhar o governador Rui Costa (PT) em todas as agendas do interior\",\"inLanguage\":\"pt-BR\",\"isPartOf\":{\"@id\":\"https:\\\/\\\/newsinfoco.com.br\\\/inicio\\\/#website\"},\"breadcrumb\":{\"@id\":\"https:\\\/\\\/newsinfoco.com.br\\\/inicio\\\/aliados-temem-que-acm-neto-desanime-em-disputa-para-governador\\\/#breadcrumblist\"},\"author\":{\"@id\":\"https:\\\/\\\/newsinfoco.com.br\\\/inicio\\\/author\\\/administrador\\\/#author\"},\"creator\":{\"@id\":\"https:\\\/\\\/newsinfoco.com.br\\\/inicio\\\/author\\\/administrador\\\/#author\"},\"image\":{\"@type\":\"ImageObject\",\"url\":\"https:\\\/\\\/newsinfoco.com.br\\\/inicio\\\/wp-content\\\/uploads\\\/2021\\\/11\\\/imagem-noticia-acm-neto-jaques-wagner.jpeg\",\"@id\":\"https:\\\/\\\/newsinfoco.com.br\\\/inicio\\\/aliados-temem-que-acm-neto-desanime-em-disputa-para-governador\\\/#mainImage\",\"width\":720,\"height\":393},\"primaryImageOfPage\":{\"@id\":\"https:\\\/\\\/newsinfoco.com.br\\\/inicio\\\/aliados-temem-que-acm-neto-desanime-em-disputa-para-governador\\\/#mainImage\"},\"datePublished\":\"2022-01-19T16:54:14-03:00\",\"dateModified\":\"2022-01-19T16:54:14-03:00\"},{\"@type\":\"WebSite\",\"@id\":\"https:\\\/\\\/newsinfoco.com.br\\\/inicio\\\/#website\",\"url\":\"https:\\\/\\\/newsinfoco.com.br\\\/inicio\\\/\",\"name\":\"News In Foco - Editado por Caio Pimenta\",\"description\":\"O principal site de noticias de Alagoinhas e regi\\u00e3o\",\"inLanguage\":\"pt-BR\",\"publisher\":{\"@id\":\"https:\\\/\\\/newsinfoco.com.br\\\/inicio\\\/#organization\"}}]}\n\t\t<\/script>\n\t\t<!-- All in One SEO -->\n\n","aioseo_head_json":{"title":"Aliados temem que ACM Neto desanime em disputa para governador - News In Foco - Editado por Caio Pimenta","description":"Aliados do ex-prefeito de Salvador, ACM Neto (DEM), temem que ele perca a anima\u00e7\u00e3o que demonstrou no ano passado e deixe de visitar o interior da Bahia nos pr\u00f3ximos meses. O principal motivo \u00e9 a empolga\u00e7\u00e3o do senador Jaques Wagner (PT), que passou a acompanhar o governador Rui Costa (PT) em todas as agendas do interior","canonical_url":"https:\/\/newsinfoco.com.br\/inicio\/aliados-temem-que-acm-neto-desanime-em-disputa-para-governador\/","robots":"max-image-preview:large","keywords":"","webmasterTools":{"miscellaneous":""},"schema":{"@context":"https:\/\/schema.org","@graph":[{"@type":"BlogPosting","@id":"https:\/\/newsinfoco.com.br\/inicio\/aliados-temem-que-acm-neto-desanime-em-disputa-para-governador\/#blogposting","name":"Aliados temem que ACM Neto desanime em disputa para governador - News In Foco - Editado por Caio Pimenta","headline":"Aliados temem que ACM Neto desanime em disputa para governador","author":{"@id":"https:\/\/newsinfoco.com.br\/inicio\/author\/administrador\/#author"},"publisher":{"@id":"https:\/\/newsinfoco.com.br\/inicio\/#organization"},"image":{"@type":"ImageObject","url":"https:\/\/newsinfoco.com.br\/inicio\/wp-content\/uploads\/2021\/11\/imagem-noticia-acm-neto-jaques-wagner.jpeg","width":720,"height":393},"datePublished":"2022-01-19T16:54:14-03:00","dateModified":"2022-01-19T16:54:14-03:00","inLanguage":"pt-BR","mainEntityOfPage":{"@id":"https:\/\/newsinfoco.com.br\/inicio\/aliados-temem-que-acm-neto-desanime-em-disputa-para-governador\/#webpage"},"isPartOf":{"@id":"https:\/\/newsinfoco.com.br\/inicio\/aliados-temem-que-acm-neto-desanime-em-disputa-para-governador\/#webpage"},"articleSection":"Bahia"},{"@type":"BreadcrumbList","@id":"https:\/\/newsinfoco.com.br\/inicio\/aliados-temem-que-acm-neto-desanime-em-disputa-para-governador\/#breadcrumblist","itemListElement":[{"@type":"ListItem","@id":"https:\/\/newsinfoco.com.br\/inicio#listItem","position":1,"name":"In\u00edcio","item":"https:\/\/newsinfoco.com.br\/inicio","nextItem":{"@type":"ListItem","@id":"https:\/\/newsinfoco.com.br\/inicio\/category\/bahia\/#listItem","name":"Bahia"}},{"@type":"ListItem","@id":"https:\/\/newsinfoco.com.br\/inicio\/category\/bahia\/#listItem","position":2,"name":"Bahia","item":"https:\/\/newsinfoco.com.br\/inicio\/category\/bahia\/","nextItem":{"@type":"ListItem","@id":"https:\/\/newsinfoco.com.br\/inicio\/aliados-temem-que-acm-neto-desanime-em-disputa-para-governador\/#listItem","name":"Aliados temem que ACM Neto desanime em disputa para governador"},"previousItem":{"@type":"ListItem","@id":"https:\/\/newsinfoco.com.br\/inicio#listItem","name":"In\u00edcio"}},{"@type":"ListItem","@id":"https:\/\/newsinfoco.com.br\/inicio\/aliados-temem-que-acm-neto-desanime-em-disputa-para-governador\/#listItem","position":3,"name":"Aliados temem que ACM Neto desanime em disputa para governador","previousItem":{"@type":"ListItem","@id":"https:\/\/newsinfoco.com.br\/inicio\/category\/bahia\/#listItem","name":"Bahia"}}]},{"@type":"Organization","@id":"https:\/\/newsinfoco.com.br\/inicio\/#organization","name":"News In Foco - Editado por Caio Pimenta","description":"O principal site de noticias de Alagoinhas e regi\u00e3o","url":"https:\/\/newsinfoco.com.br\/inicio\/"},{"@type":"Person","@id":"https:\/\/newsinfoco.com.br\/inicio\/author\/administrador\/#author","url":"https:\/\/newsinfoco.com.br\/inicio\/author\/administrador\/","name":"administrador","image":{"@type":"ImageObject","@id":"https:\/\/newsinfoco.com.br\/inicio\/aliados-temem-que-acm-neto-desanime-em-disputa-para-governador\/#authorImage","url":"https:\/\/secure.gravatar.com\/avatar\/c17a617433de8c1dc9584bb79aab7563b46f5bb7e1728c9b17d9cc3ce6a08e49?s=96&d=mm&r=g","width":96,"height":96,"caption":"administrador"}},{"@type":"WebPage","@id":"https:\/\/newsinfoco.com.br\/inicio\/aliados-temem-que-acm-neto-desanime-em-disputa-para-governador\/#webpage","url":"https:\/\/newsinfoco.com.br\/inicio\/aliados-temem-que-acm-neto-desanime-em-disputa-para-governador\/","name":"Aliados temem que ACM Neto desanime em disputa para governador - News In Foco - Editado por Caio Pimenta","description":"Aliados do ex-prefeito de Salvador, ACM Neto (DEM), temem que ele perca a anima\u00e7\u00e3o que demonstrou no ano passado e deixe de visitar o interior da Bahia nos pr\u00f3ximos meses. O principal motivo \u00e9 a empolga\u00e7\u00e3o do senador Jaques Wagner (PT), que passou a acompanhar o governador Rui Costa (PT) em todas as agendas do interior","inLanguage":"pt-BR","isPartOf":{"@id":"https:\/\/newsinfoco.com.br\/inicio\/#website"},"breadcrumb":{"@id":"https:\/\/newsinfoco.com.br\/inicio\/aliados-temem-que-acm-neto-desanime-em-disputa-para-governador\/#breadcrumblist"},"author":{"@id":"https:\/\/newsinfoco.com.br\/inicio\/author\/administrador\/#author"},"creator":{"@id":"https:\/\/newsinfoco.com.br\/inicio\/author\/administrador\/#author"},"image":{"@type":"ImageObject","url":"https:\/\/newsinfoco.com.br\/inicio\/wp-content\/uploads\/2021\/11\/imagem-noticia-acm-neto-jaques-wagner.jpeg","@id":"https:\/\/newsinfoco.com.br\/inicio\/aliados-temem-que-acm-neto-desanime-em-disputa-para-governador\/#mainImage","width":720,"height":393},"primaryImageOfPage":{"@id":"https:\/\/newsinfoco.com.br\/inicio\/aliados-temem-que-acm-neto-desanime-em-disputa-para-governador\/#mainImage"},"datePublished":"2022-01-19T16:54:14-03:00","dateModified":"2022-01-19T16:54:14-03:00"},{"@type":"WebSite","@id":"https:\/\/newsinfoco.com.br\/inicio\/#website","url":"https:\/\/newsinfoco.com.br\/inicio\/","name":"News In Foco - Editado por Caio Pimenta","description":"O principal site de noticias de Alagoinhas e regi\u00e3o","inLanguage":"pt-BR","publisher":{"@id":"https:\/\/newsinfoco.com.br\/inicio\/#organization"}}]},"og:locale":"pt_BR","og:site_name":"News In Foco - Editado por Caio Pimenta - O principal site de noticias de Alagoinhas e regi\u00e3o","og:type":"article","og:title":"Aliados temem que ACM Neto desanime em disputa para governador - News In Foco - Editado por Caio Pimenta","og:description":"Aliados do ex-prefeito de Salvador, ACM Neto (DEM), temem que ele perca a anima\u00e7\u00e3o que demonstrou no ano passado e deixe de visitar o interior da Bahia nos pr\u00f3ximos meses. O principal motivo \u00e9 a empolga\u00e7\u00e3o do senador Jaques Wagner (PT), que passou a acompanhar o governador Rui Costa (PT) em todas as agendas do interior","og:url":"https:\/\/newsinfoco.com.br\/inicio\/aliados-temem-que-acm-neto-desanime-em-disputa-para-governador\/","article:published_time":"2022-01-19T19:54:14+00:00","article:modified_time":"2022-01-19T19:54:14+00:00","twitter:card":"summary_large_image","twitter:title":"Aliados temem que ACM Neto desanime em disputa para governador - News In Foco - Editado por Caio Pimenta","twitter:description":"Aliados do ex-prefeito de Salvador, ACM Neto (DEM), temem que ele perca a anima\u00e7\u00e3o que demonstrou no ano passado e deixe de visitar o interior da Bahia nos pr\u00f3ximos meses. O principal motivo \u00e9 a empolga\u00e7\u00e3o do senador Jaques Wagner (PT), que passou a acompanhar o governador Rui Costa (PT) em todas as agendas do interior"},"aioseo_meta_data":{"post_id":"28380","title":null,"description":null,"keywords":null,"keyphrases":null,"primary_term":null,"canonical_url":null,"og_title":null,"og_description":null,"og_object_type":"default","og_image_type":"default","og_image_url":null,"og_image_width":null,"og_image_height":null,"og_image_custom_url":null,"og_image_custom_fields":null,"og_video":null,"og_custom_url":null,"og_article_section":null,"og_article_tags":null,"twitter_use_og":false,"twitter_card":"default","twitter_image_type":"default","twitter_image_url":null,"twitter_image_custom_url":null,"twitter_image_custom_fields":null,"twitter_title":null,"twitter_description":null,"schema":{"blockGraphs":[],"customGraphs":[],"default":{"data":{"Article":[],"Course":[],"Dataset":[],"FAQPage":[],"Movie":[],"Person":[],"Product":[],"ProductReview":[],"Car":[],"Recipe":[],"Service":[],"SoftwareApplication":[],"WebPage":[]},"graphName":"","isEnabled":true},"graphs":[]},"schema_type":"default","schema_type_options":null,"pillar_content":false,"robots_default":true,"robots_noindex":false,"robots_noarchive":false,"robots_nosnippet":false,"robots_nofollow":false,"robots_noimageindex":false,"robots_noodp":false,"robots_notranslate":false,"robots_max_snippet":null,"robots_max_videopreview":null,"robots_max_imagepreview":"large","priority":null,"frequency":null,"local_seo":null,"breadcrumb_settings":null,"limit_modified_date":false,"ai":null,"created":"2023-06-12 20:28:21","updated":"2025-07-11 06:40:51","seo_analyzer_scan_date":null},"aioseo_breadcrumb":"<div class=\"aioseo-breadcrumbs\"><span class=\"aioseo-breadcrumb\">\n\t\t\t<a href=\"https:\/\/newsinfoco.com.br\/inicio\" title=\"In\u00edcio\">In\u00edcio<\/a>\n\t\t<\/span><span class=\"aioseo-breadcrumb-separator\">&raquo;<\/span><span class=\"aioseo-breadcrumb\">\n\t\t\t<a href=\"https:\/\/newsinfoco.com.br\/inicio\/category\/bahia\/\" title=\"Bahia\">Bahia<\/a>\n\t\t<\/span><span class=\"aioseo-breadcrumb-separator\">&raquo;<\/span><span class=\"aioseo-breadcrumb\">\n\t\t\tAliados temem que ACM Neto desanime em disputa para governador\n\t\t<\/span><\/div>","aioseo_breadcrumb_json":[{"label":"In\u00edcio","link":"https:\/\/newsinfoco.com.br\/inicio"},{"label":"Bahia","link":"https:\/\/newsinfoco.com.br\/inicio\/category\/bahia\/"},{"label":"Aliados temem que ACM Neto desanime em disputa para governador","link":"https:\/\/newsinfoco.com.br\/inicio\/aliados-temem-que-acm-neto-desanime-em-disputa-para-governador\/"}],"_links":{"self":[{"href":"https:\/\/newsinfoco.com.br\/inicio\/wp-json\/wp\/v2\/posts\/28380","targetHints":{"allow":["GET"]}}],"collection":[{"href":"https:\/\/newsinfoco.com.br\/inicio\/wp-json\/wp\/v2\/posts"}],"about":[{"href":"https:\/\/newsinfoco.com.br\/inicio\/wp-json\/wp\/v2\/types\/post"}],"author":[{"embeddable":true,"href":"https:\/\/newsinfoco.com.br\/inicio\/wp-json\/wp\/v2\/users\/1"}],"replies":[{"embeddable":true,"href":"https:\/\/newsinfoco.com.br\/inicio\/wp-json\/wp\/v2\/comments?post=28380"}],"version-history":[{"count":2,"href":"https:\/\/newsinfoco.com.br\/inicio\/wp-json\/wp\/v2\/posts\/28380\/revisions"}],"predecessor-version":[{"id":28382,"href":"https:\/\/newsinfoco.com.br\/inicio\/wp-json\/wp\/v2\/posts\/28380\/revisions\/28382"}],"wp:featuredmedia":[{"embeddable":true,"href":"https:\/\/newsinfoco.com.br\/inicio\/wp-json\/wp\/v2\/media\/27582"}],"wp:attachment":[{"href":"https:\/\/newsinfoco.com.br\/inicio\/wp-json\/wp\/v2\/media?parent=28380"}],"wp:term":[{"taxonomy":"category","embeddable":true,"href":"https:\/\/newsinfoco.com.br\/inicio\/wp-json\/wp\/v2\/categories?post=28380"},{"taxonomy":"post_tag","embeddable":true,"href":"https:\/\/newsinfoco.com.br\/inicio\/wp-json\/wp\/v2\/tags?post=28380"}],"curies":[{"name":"wp","href":"https:\/\/api.w.org\/{rel}","templated":true}]}}