{"id":28383,"date":"2022-01-19T16:55:24","date_gmt":"2022-01-19T19:55:24","guid":{"rendered":"https:\/\/newsinfoco.com.br\/inicio\/?p=28383"},"modified":"2022-01-19T16:55:24","modified_gmt":"2022-01-19T19:55:24","slug":"deputado-diz-que-jaques-wagner-deve-ganhar-eleicao-no-primeiro-turno","status":"publish","type":"post","link":"https:\/\/newsinfoco.com.br\/inicio\/deputado-diz-que-jaques-wagner-deve-ganhar-eleicao-no-primeiro-turno\/","title":{"rendered":"Deputado diz que Jaques Wagner deve ganhar elei\u00e7\u00e3o no primeiro turno"},"content":{"rendered":"<p>O deputado estadual Alex da Piat\u00e3 (PSD) disse acreditar que Jaques Wagner (PT) ser\u00e1 eleito governador da Bahia ainda no primeiro turno, nas elei\u00e7\u00f5es deste ano.<ins class=\"adsbygoogle\" data-ad-format=\"fluid\" data-ad-layout-key=\"-87+et-w-1e+64\" data-ad-client=\"ca-pub-2345950003494206\" data-ad-slot=\"3650143156\" data-adsbygoogle-status=\"done\" data-ad-status=\"filled\"><ins id=\"aswift_0_expand\" tabindex=\"0\" title=\"Advertisement\" aria-label=\"Advertisement\"><ins id=\"aswift_0_anchor\"><\/ins><\/ins><\/ins><\/p>\n<p>Ele comentou as not\u00edcias de que o governador Rui Costa e o senador estavam felizes por causa de pesquisas internas que apontam o crescimento do petista na disputa com ACM Neto.<\/p>\n<p>\u201cEm entrevista numa r\u00e1dio essa semana deixei minha opini\u00e3o: Lula presidente, Wagner governador e Otto senador, ganhar\u00e3o no 1\u00ba turno, e ACM Neto pode ficar em 3\u00ba. O motivo? Respondi que na Bahia vai acontecer \u00e0 nacionaliza\u00e7\u00e3o da elei\u00e7\u00e3o estadual e assim Lula tem no m\u00ednimo 60% com Wagner, Jair Bolsonaro 20%\u201d, argumentou o parlamentar.<\/p>\n<p>Wagner j\u00e1 havia provocado Neto levantando a possibilidade dele ficar em terceiro, atr\u00e1s do petista e de Jo\u00e3o Roma (Republicanos).<\/p>\n<div class='share-to-whatsapp-wrapper'><div class='share-on-whsp'>Share on: <\/div><a data-text='Deputado diz que Jaques Wagner deve ganhar elei\u00e7\u00e3o no primeiro turno' data-link='https:\/\/newsinfoco.com.br\/inicio\/deputado-diz-que-jaques-wagner-deve-ganhar-eleicao-no-primeiro-turno\/' class='whatsapp-button whatsapp-share'>WhatsApp<\/a><div class='clear '><\/div><\/div>","protected":false},"excerpt":{"rendered":"<p>O deputado estadual Alex da Piat\u00e3 (PSD) disse acreditar que Jaques Wagner (PT) ser\u00e1 eleito governador da Bahia ainda no primeiro turno, nas elei\u00e7\u00f5es deste ano. Ele comentou as not\u00edcias de que o governador Rui Costa e o senador estavam felizes por causa de pesquisas internas que apontam o crescimento do petista na disputa com [&hellip;]<\/p>\n","protected":false},"author":1,"featured_media":28384,"comment_status":"closed","ping_status":"closed","sticky":false,"template":"","format":"standard","meta":{"om_disable_all_campaigns":false,"rop_custom_images_group":[],"rop_custom_messages_group":[],"rop_publish_now":"initial","rop_publish_now_accounts":[],"rop_publish_now_history":[],"rop_publish_now_status":"pending","_exactmetrics_skip_tracking":false,"footnotes":""},"categories":[19],"tags":[],"class_list":["post-28383","post","type-post","status-publish","format-standard","has-post-thumbnail","hentry","category-bahia"],"aioseo_notices":[],"aioseo_head":"\n\t\t<!-- All in One SEO 4.9.10 - aioseo.com -->\n\t<meta name=\"description\" content=\"O deputado estadual Alex da Piat\u00e3 (PSD) disse acreditar que Jaques Wagner (PT) ser\u00e1 eleito governador da Bahia ainda no primeiro turno, nas elei\u00e7\u00f5es deste ano. Ele comentou as not\u00edcias de que o governador Rui Costa e o senador estavam felizes por causa de pesquisas internas que apontam o crescimento do petista na disputa com\" \/>\n\t<meta name=\"robots\" content=\"max-image-preview:large\" \/>\n\t<meta name=\"author\" content=\"administrador\"\/>\n\t<link rel=\"canonical\" href=\"https:\/\/newsinfoco.com.br\/inicio\/deputado-diz-que-jaques-wagner-deve-ganhar-eleicao-no-primeiro-turno\/\" \/>\n\t<meta name=\"generator\" content=\"All in One SEO (AIOSEO) 4.9.10\" \/>\n\t\t<meta property=\"og:locale\" content=\"pt_BR\" \/>\n\t\t<meta property=\"og:site_name\" content=\"News In Foco - Editado por Caio Pimenta - O principal site de noticias de Alagoinhas e regi\u00e3o\" \/>\n\t\t<meta property=\"og:type\" content=\"article\" \/>\n\t\t<meta property=\"og:title\" content=\"Deputado diz que Jaques Wagner deve ganhar elei\u00e7\u00e3o no primeiro turno - News In Foco - Editado por Caio Pimenta\" \/>\n\t\t<meta property=\"og:description\" content=\"O deputado estadual Alex da Piat\u00e3 (PSD) disse acreditar que Jaques Wagner (PT) ser\u00e1 eleito governador da Bahia ainda no primeiro turno, nas elei\u00e7\u00f5es deste ano. Ele comentou as not\u00edcias de que o governador Rui Costa e o senador estavam felizes por causa de pesquisas internas que apontam o crescimento do petista na disputa com\" \/>\n\t\t<meta property=\"og:url\" content=\"https:\/\/newsinfoco.com.br\/inicio\/deputado-diz-que-jaques-wagner-deve-ganhar-eleicao-no-primeiro-turno\/\" \/>\n\t\t<meta property=\"article:published_time\" content=\"2022-01-19T19:55:24+00:00\" \/>\n\t\t<meta property=\"article:modified_time\" content=\"2022-01-19T19:55:24+00:00\" \/>\n\t\t<meta name=\"twitter:card\" content=\"summary_large_image\" \/>\n\t\t<meta name=\"twitter:title\" content=\"Deputado diz que Jaques Wagner deve ganhar elei\u00e7\u00e3o no primeiro turno - News In Foco - Editado por Caio Pimenta\" \/>\n\t\t<meta name=\"twitter:description\" content=\"O deputado estadual Alex da Piat\u00e3 (PSD) disse acreditar que Jaques Wagner (PT) ser\u00e1 eleito governador da Bahia ainda no primeiro turno, nas elei\u00e7\u00f5es deste ano. Ele comentou as not\u00edcias de que o governador Rui Costa e o senador estavam felizes por causa de pesquisas internas que apontam o crescimento do petista na disputa com\" \/>\n\t\t<script type=\"application\/ld+json\" class=\"aioseo-schema\">\n\t\t\t{\"@context\":\"https:\\\/\\\/schema.org\",\"@graph\":[{\"@type\":\"BlogPosting\",\"@id\":\"https:\\\/\\\/newsinfoco.com.br\\\/inicio\\\/deputado-diz-que-jaques-wagner-deve-ganhar-eleicao-no-primeiro-turno\\\/#blogposting\",\"name\":\"Deputado diz que Jaques Wagner deve ganhar elei\\u00e7\\u00e3o no primeiro turno - News In Foco - Editado por Caio Pimenta\",\"headline\":\"Deputado diz que Jaques Wagner deve ganhar elei\\u00e7\\u00e3o no primeiro turno\",\"author\":{\"@id\":\"https:\\\/\\\/newsinfoco.com.br\\\/inicio\\\/author\\\/administrador\\\/#author\"},\"publisher\":{\"@id\":\"https:\\\/\\\/newsinfoco.com.br\\\/inicio\\\/#organization\"},\"image\":{\"@type\":\"ImageObject\",\"url\":\"https:\\\/\\\/newsinfoco.com.br\\\/inicio\\\/wp-content\\\/uploads\\\/2022\\\/01\\\/wag.jpg\",\"width\":720,\"height\":398},\"datePublished\":\"2022-01-19T16:55:24-03:00\",\"dateModified\":\"2022-01-19T16:55:24-03:00\",\"inLanguage\":\"pt-BR\",\"mainEntityOfPage\":{\"@id\":\"https:\\\/\\\/newsinfoco.com.br\\\/inicio\\\/deputado-diz-que-jaques-wagner-deve-ganhar-eleicao-no-primeiro-turno\\\/#webpage\"},\"isPartOf\":{\"@id\":\"https:\\\/\\\/newsinfoco.com.br\\\/inicio\\\/deputado-diz-que-jaques-wagner-deve-ganhar-eleicao-no-primeiro-turno\\\/#webpage\"},\"articleSection\":\"Bahia\"},{\"@type\":\"BreadcrumbList\",\"@id\":\"https:\\\/\\\/newsinfoco.com.br\\\/inicio\\\/deputado-diz-que-jaques-wagner-deve-ganhar-eleicao-no-primeiro-turno\\\/#breadcrumblist\",\"itemListElement\":[{\"@type\":\"ListItem\",\"@id\":\"https:\\\/\\\/newsinfoco.com.br\\\/inicio#listItem\",\"position\":1,\"name\":\"In\\u00edcio\",\"item\":\"https:\\\/\\\/newsinfoco.com.br\\\/inicio\",\"nextItem\":{\"@type\":\"ListItem\",\"@id\":\"https:\\\/\\\/newsinfoco.com.br\\\/inicio\\\/category\\\/bahia\\\/#listItem\",\"name\":\"Bahia\"}},{\"@type\":\"ListItem\",\"@id\":\"https:\\\/\\\/newsinfoco.com.br\\\/inicio\\\/category\\\/bahia\\\/#listItem\",\"position\":2,\"name\":\"Bahia\",\"item\":\"https:\\\/\\\/newsinfoco.com.br\\\/inicio\\\/category\\\/bahia\\\/\",\"nextItem\":{\"@type\":\"ListItem\",\"@id\":\"https:\\\/\\\/newsinfoco.com.br\\\/inicio\\\/deputado-diz-que-jaques-wagner-deve-ganhar-eleicao-no-primeiro-turno\\\/#listItem\",\"name\":\"Deputado diz que Jaques Wagner deve ganhar elei\\u00e7\\u00e3o no primeiro turno\"},\"previousItem\":{\"@type\":\"ListItem\",\"@id\":\"https:\\\/\\\/newsinfoco.com.br\\\/inicio#listItem\",\"name\":\"In\\u00edcio\"}},{\"@type\":\"ListItem\",\"@id\":\"https:\\\/\\\/newsinfoco.com.br\\\/inicio\\\/deputado-diz-que-jaques-wagner-deve-ganhar-eleicao-no-primeiro-turno\\\/#listItem\",\"position\":3,\"name\":\"Deputado diz que Jaques Wagner deve ganhar elei\\u00e7\\u00e3o no primeiro turno\",\"previousItem\":{\"@type\":\"ListItem\",\"@id\":\"https:\\\/\\\/newsinfoco.com.br\\\/inicio\\\/category\\\/bahia\\\/#listItem\",\"name\":\"Bahia\"}}]},{\"@type\":\"Organization\",\"@id\":\"https:\\\/\\\/newsinfoco.com.br\\\/inicio\\\/#organization\",\"name\":\"News In Foco - Editado por Caio Pimenta\",\"description\":\"O principal site de noticias de Alagoinhas e regi\\u00e3o\",\"url\":\"https:\\\/\\\/newsinfoco.com.br\\\/inicio\\\/\"},{\"@type\":\"Person\",\"@id\":\"https:\\\/\\\/newsinfoco.com.br\\\/inicio\\\/author\\\/administrador\\\/#author\",\"url\":\"https:\\\/\\\/newsinfoco.com.br\\\/inicio\\\/author\\\/administrador\\\/\",\"name\":\"administrador\",\"image\":{\"@type\":\"ImageObject\",\"@id\":\"https:\\\/\\\/newsinfoco.com.br\\\/inicio\\\/deputado-diz-que-jaques-wagner-deve-ganhar-eleicao-no-primeiro-turno\\\/#authorImage\",\"url\":\"https:\\\/\\\/secure.gravatar.com\\\/avatar\\\/c17a617433de8c1dc9584bb79aab7563b46f5bb7e1728c9b17d9cc3ce6a08e49?s=96&d=mm&r=g\",\"width\":96,\"height\":96,\"caption\":\"administrador\"}},{\"@type\":\"WebPage\",\"@id\":\"https:\\\/\\\/newsinfoco.com.br\\\/inicio\\\/deputado-diz-que-jaques-wagner-deve-ganhar-eleicao-no-primeiro-turno\\\/#webpage\",\"url\":\"https:\\\/\\\/newsinfoco.com.br\\\/inicio\\\/deputado-diz-que-jaques-wagner-deve-ganhar-eleicao-no-primeiro-turno\\\/\",\"name\":\"Deputado diz que Jaques Wagner deve ganhar elei\\u00e7\\u00e3o no primeiro turno - News In Foco - Editado por Caio Pimenta\",\"description\":\"O deputado estadual Alex da Piat\\u00e3 (PSD) disse acreditar que Jaques Wagner (PT) ser\\u00e1 eleito governador da Bahia ainda no primeiro turno, nas elei\\u00e7\\u00f5es deste ano. Ele comentou as not\\u00edcias de que o governador Rui Costa e o senador estavam felizes por causa de pesquisas internas que apontam o crescimento do petista na disputa com\",\"inLanguage\":\"pt-BR\",\"isPartOf\":{\"@id\":\"https:\\\/\\\/newsinfoco.com.br\\\/inicio\\\/#website\"},\"breadcrumb\":{\"@id\":\"https:\\\/\\\/newsinfoco.com.br\\\/inicio\\\/deputado-diz-que-jaques-wagner-deve-ganhar-eleicao-no-primeiro-turno\\\/#breadcrumblist\"},\"author\":{\"@id\":\"https:\\\/\\\/newsinfoco.com.br\\\/inicio\\\/author\\\/administrador\\\/#author\"},\"creator\":{\"@id\":\"https:\\\/\\\/newsinfoco.com.br\\\/inicio\\\/author\\\/administrador\\\/#author\"},\"image\":{\"@type\":\"ImageObject\",\"url\":\"https:\\\/\\\/newsinfoco.com.br\\\/inicio\\\/wp-content\\\/uploads\\\/2022\\\/01\\\/wag.jpg\",\"@id\":\"https:\\\/\\\/newsinfoco.com.br\\\/inicio\\\/deputado-diz-que-jaques-wagner-deve-ganhar-eleicao-no-primeiro-turno\\\/#mainImage\",\"width\":720,\"height\":398},\"primaryImageOfPage\":{\"@id\":\"https:\\\/\\\/newsinfoco.com.br\\\/inicio\\\/deputado-diz-que-jaques-wagner-deve-ganhar-eleicao-no-primeiro-turno\\\/#mainImage\"},\"datePublished\":\"2022-01-19T16:55:24-03:00\",\"dateModified\":\"2022-01-19T16:55:24-03:00\"},{\"@type\":\"WebSite\",\"@id\":\"https:\\\/\\\/newsinfoco.com.br\\\/inicio\\\/#website\",\"url\":\"https:\\\/\\\/newsinfoco.com.br\\\/inicio\\\/\",\"name\":\"News In Foco - Editado por Caio Pimenta\",\"description\":\"O principal site de noticias de Alagoinhas e regi\\u00e3o\",\"inLanguage\":\"pt-BR\",\"publisher\":{\"@id\":\"https:\\\/\\\/newsinfoco.com.br\\\/inicio\\\/#organization\"}}]}\n\t\t<\/script>\n\t\t<!-- All in One SEO -->\n\n","aioseo_head_json":{"title":"Deputado diz que Jaques Wagner deve ganhar elei\u00e7\u00e3o no primeiro turno - News In Foco - Editado por Caio Pimenta","description":"O deputado estadual Alex da Piat\u00e3 (PSD) disse acreditar que Jaques Wagner (PT) ser\u00e1 eleito governador da Bahia ainda no primeiro turno, nas elei\u00e7\u00f5es deste ano. Ele comentou as not\u00edcias de que o governador Rui Costa e o senador estavam felizes por causa de pesquisas internas que apontam o crescimento do petista na disputa com","canonical_url":"https:\/\/newsinfoco.com.br\/inicio\/deputado-diz-que-jaques-wagner-deve-ganhar-eleicao-no-primeiro-turno\/","robots":"max-image-preview:large","keywords":"","webmasterTools":{"miscellaneous":""},"schema":{"@context":"https:\/\/schema.org","@graph":[{"@type":"BlogPosting","@id":"https:\/\/newsinfoco.com.br\/inicio\/deputado-diz-que-jaques-wagner-deve-ganhar-eleicao-no-primeiro-turno\/#blogposting","name":"Deputado diz que Jaques Wagner deve ganhar elei\u00e7\u00e3o no primeiro turno - News In Foco - Editado por Caio Pimenta","headline":"Deputado diz que Jaques Wagner deve ganhar elei\u00e7\u00e3o no primeiro turno","author":{"@id":"https:\/\/newsinfoco.com.br\/inicio\/author\/administrador\/#author"},"publisher":{"@id":"https:\/\/newsinfoco.com.br\/inicio\/#organization"},"image":{"@type":"ImageObject","url":"https:\/\/newsinfoco.com.br\/inicio\/wp-content\/uploads\/2022\/01\/wag.jpg","width":720,"height":398},"datePublished":"2022-01-19T16:55:24-03:00","dateModified":"2022-01-19T16:55:24-03:00","inLanguage":"pt-BR","mainEntityOfPage":{"@id":"https:\/\/newsinfoco.com.br\/inicio\/deputado-diz-que-jaques-wagner-deve-ganhar-eleicao-no-primeiro-turno\/#webpage"},"isPartOf":{"@id":"https:\/\/newsinfoco.com.br\/inicio\/deputado-diz-que-jaques-wagner-deve-ganhar-eleicao-no-primeiro-turno\/#webpage"},"articleSection":"Bahia"},{"@type":"BreadcrumbList","@id":"https:\/\/newsinfoco.com.br\/inicio\/deputado-diz-que-jaques-wagner-deve-ganhar-eleicao-no-primeiro-turno\/#breadcrumblist","itemListElement":[{"@type":"ListItem","@id":"https:\/\/newsinfoco.com.br\/inicio#listItem","position":1,"name":"In\u00edcio","item":"https:\/\/newsinfoco.com.br\/inicio","nextItem":{"@type":"ListItem","@id":"https:\/\/newsinfoco.com.br\/inicio\/category\/bahia\/#listItem","name":"Bahia"}},{"@type":"ListItem","@id":"https:\/\/newsinfoco.com.br\/inicio\/category\/bahia\/#listItem","position":2,"name":"Bahia","item":"https:\/\/newsinfoco.com.br\/inicio\/category\/bahia\/","nextItem":{"@type":"ListItem","@id":"https:\/\/newsinfoco.com.br\/inicio\/deputado-diz-que-jaques-wagner-deve-ganhar-eleicao-no-primeiro-turno\/#listItem","name":"Deputado diz que Jaques Wagner deve ganhar elei\u00e7\u00e3o no primeiro turno"},"previousItem":{"@type":"ListItem","@id":"https:\/\/newsinfoco.com.br\/inicio#listItem","name":"In\u00edcio"}},{"@type":"ListItem","@id":"https:\/\/newsinfoco.com.br\/inicio\/deputado-diz-que-jaques-wagner-deve-ganhar-eleicao-no-primeiro-turno\/#listItem","position":3,"name":"Deputado diz que Jaques Wagner deve ganhar elei\u00e7\u00e3o no primeiro turno","previousItem":{"@type":"ListItem","@id":"https:\/\/newsinfoco.com.br\/inicio\/category\/bahia\/#listItem","name":"Bahia"}}]},{"@type":"Organization","@id":"https:\/\/newsinfoco.com.br\/inicio\/#organization","name":"News In Foco - Editado por Caio Pimenta","description":"O principal site de noticias de Alagoinhas e regi\u00e3o","url":"https:\/\/newsinfoco.com.br\/inicio\/"},{"@type":"Person","@id":"https:\/\/newsinfoco.com.br\/inicio\/author\/administrador\/#author","url":"https:\/\/newsinfoco.com.br\/inicio\/author\/administrador\/","name":"administrador","image":{"@type":"ImageObject","@id":"https:\/\/newsinfoco.com.br\/inicio\/deputado-diz-que-jaques-wagner-deve-ganhar-eleicao-no-primeiro-turno\/#authorImage","url":"https:\/\/secure.gravatar.com\/avatar\/c17a617433de8c1dc9584bb79aab7563b46f5bb7e1728c9b17d9cc3ce6a08e49?s=96&d=mm&r=g","width":96,"height":96,"caption":"administrador"}},{"@type":"WebPage","@id":"https:\/\/newsinfoco.com.br\/inicio\/deputado-diz-que-jaques-wagner-deve-ganhar-eleicao-no-primeiro-turno\/#webpage","url":"https:\/\/newsinfoco.com.br\/inicio\/deputado-diz-que-jaques-wagner-deve-ganhar-eleicao-no-primeiro-turno\/","name":"Deputado diz que Jaques Wagner deve ganhar elei\u00e7\u00e3o no primeiro turno - News In Foco - Editado por Caio Pimenta","description":"O deputado estadual Alex da Piat\u00e3 (PSD) disse acreditar que Jaques Wagner (PT) ser\u00e1 eleito governador da Bahia ainda no primeiro turno, nas elei\u00e7\u00f5es deste ano. Ele comentou as not\u00edcias de que o governador Rui Costa e o senador estavam felizes por causa de pesquisas internas que apontam o crescimento do petista na disputa com","inLanguage":"pt-BR","isPartOf":{"@id":"https:\/\/newsinfoco.com.br\/inicio\/#website"},"breadcrumb":{"@id":"https:\/\/newsinfoco.com.br\/inicio\/deputado-diz-que-jaques-wagner-deve-ganhar-eleicao-no-primeiro-turno\/#breadcrumblist"},"author":{"@id":"https:\/\/newsinfoco.com.br\/inicio\/author\/administrador\/#author"},"creator":{"@id":"https:\/\/newsinfoco.com.br\/inicio\/author\/administrador\/#author"},"image":{"@type":"ImageObject","url":"https:\/\/newsinfoco.com.br\/inicio\/wp-content\/uploads\/2022\/01\/wag.jpg","@id":"https:\/\/newsinfoco.com.br\/inicio\/deputado-diz-que-jaques-wagner-deve-ganhar-eleicao-no-primeiro-turno\/#mainImage","width":720,"height":398},"primaryImageOfPage":{"@id":"https:\/\/newsinfoco.com.br\/inicio\/deputado-diz-que-jaques-wagner-deve-ganhar-eleicao-no-primeiro-turno\/#mainImage"},"datePublished":"2022-01-19T16:55:24-03:00","dateModified":"2022-01-19T16:55:24-03:00"},{"@type":"WebSite","@id":"https:\/\/newsinfoco.com.br\/inicio\/#website","url":"https:\/\/newsinfoco.com.br\/inicio\/","name":"News In Foco - Editado por Caio Pimenta","description":"O principal site de noticias de Alagoinhas e regi\u00e3o","inLanguage":"pt-BR","publisher":{"@id":"https:\/\/newsinfoco.com.br\/inicio\/#organization"}}]},"og:locale":"pt_BR","og:site_name":"News In Foco - Editado por Caio Pimenta - O principal site de noticias de Alagoinhas e regi\u00e3o","og:type":"article","og:title":"Deputado diz que Jaques Wagner deve ganhar elei\u00e7\u00e3o no primeiro turno - News In Foco - Editado por Caio Pimenta","og:description":"O deputado estadual Alex da Piat\u00e3 (PSD) disse acreditar que Jaques Wagner (PT) ser\u00e1 eleito governador da Bahia ainda no primeiro turno, nas elei\u00e7\u00f5es deste ano. Ele comentou as not\u00edcias de que o governador Rui Costa e o senador estavam felizes por causa de pesquisas internas que apontam o crescimento do petista na disputa com","og:url":"https:\/\/newsinfoco.com.br\/inicio\/deputado-diz-que-jaques-wagner-deve-ganhar-eleicao-no-primeiro-turno\/","article:published_time":"2022-01-19T19:55:24+00:00","article:modified_time":"2022-01-19T19:55:24+00:00","twitter:card":"summary_large_image","twitter:title":"Deputado diz que Jaques Wagner deve ganhar elei\u00e7\u00e3o no primeiro turno - News In Foco - Editado por Caio Pimenta","twitter:description":"O deputado estadual Alex da Piat\u00e3 (PSD) disse acreditar que Jaques Wagner (PT) ser\u00e1 eleito governador da Bahia ainda no primeiro turno, nas elei\u00e7\u00f5es deste ano. Ele comentou as not\u00edcias de que o governador Rui Costa e o senador estavam felizes por causa de pesquisas internas que apontam o crescimento do petista na disputa com"},"aioseo_meta_data":{"post_id":"28383","title":null,"description":null,"keywords":null,"keyphrases":null,"primary_term":null,"canonical_url":null,"og_title":null,"og_description":null,"og_object_type":"default","og_image_type":"default","og_image_url":null,"og_image_width":null,"og_image_height":null,"og_image_custom_url":null,"og_image_custom_fields":null,"og_video":null,"og_custom_url":null,"og_article_section":null,"og_article_tags":null,"twitter_use_og":false,"twitter_card":"default","twitter_image_type":"default","twitter_image_url":null,"twitter_image_custom_url":null,"twitter_image_custom_fields":null,"twitter_title":null,"twitter_description":null,"schema":{"blockGraphs":[],"customGraphs":[],"default":{"data":{"Article":[],"Course":[],"Dataset":[],"FAQPage":[],"Movie":[],"Person":[],"Product":[],"ProductReview":[],"Car":[],"Recipe":[],"Service":[],"SoftwareApplication":[],"WebPage":[]},"graphName":"","isEnabled":true},"graphs":[]},"schema_type":"default","schema_type_options":null,"pillar_content":false,"robots_default":true,"robots_noindex":false,"robots_noarchive":false,"robots_nosnippet":false,"robots_nofollow":false,"robots_noimageindex":false,"robots_noodp":false,"robots_notranslate":false,"robots_max_snippet":null,"robots_max_videopreview":null,"robots_max_imagepreview":"large","priority":null,"frequency":null,"local_seo":null,"breadcrumb_settings":null,"limit_modified_date":false,"ai":null,"created":"2023-06-12 20:28:21","updated":"2025-07-11 06:40:51","seo_analyzer_scan_date":null},"aioseo_breadcrumb":"<div class=\"aioseo-breadcrumbs\"><span class=\"aioseo-breadcrumb\">\n\t\t\t<a href=\"https:\/\/newsinfoco.com.br\/inicio\" title=\"In\u00edcio\">In\u00edcio<\/a>\n\t\t<\/span><span class=\"aioseo-breadcrumb-separator\">&raquo;<\/span><span class=\"aioseo-breadcrumb\">\n\t\t\t<a href=\"https:\/\/newsinfoco.com.br\/inicio\/category\/bahia\/\" title=\"Bahia\">Bahia<\/a>\n\t\t<\/span><span class=\"aioseo-breadcrumb-separator\">&raquo;<\/span><span class=\"aioseo-breadcrumb\">\n\t\t\tDeputado diz que Jaques Wagner deve ganhar elei\u00e7\u00e3o no primeiro turno\n\t\t<\/span><\/div>","aioseo_breadcrumb_json":[{"label":"In\u00edcio","link":"https:\/\/newsinfoco.com.br\/inicio"},{"label":"Bahia","link":"https:\/\/newsinfoco.com.br\/inicio\/category\/bahia\/"},{"label":"Deputado diz que Jaques Wagner deve ganhar elei\u00e7\u00e3o no primeiro turno","link":"https:\/\/newsinfoco.com.br\/inicio\/deputado-diz-que-jaques-wagner-deve-ganhar-eleicao-no-primeiro-turno\/"}],"_links":{"self":[{"href":"https:\/\/newsinfoco.com.br\/inicio\/wp-json\/wp\/v2\/posts\/28383","targetHints":{"allow":["GET"]}}],"collection":[{"href":"https:\/\/newsinfoco.com.br\/inicio\/wp-json\/wp\/v2\/posts"}],"about":[{"href":"https:\/\/newsinfoco.com.br\/inicio\/wp-json\/wp\/v2\/types\/post"}],"author":[{"embeddable":true,"href":"https:\/\/newsinfoco.com.br\/inicio\/wp-json\/wp\/v2\/users\/1"}],"replies":[{"embeddable":true,"href":"https:\/\/newsinfoco.com.br\/inicio\/wp-json\/wp\/v2\/comments?post=28383"}],"version-history":[{"count":1,"href":"https:\/\/newsinfoco.com.br\/inicio\/wp-json\/wp\/v2\/posts\/28383\/revisions"}],"predecessor-version":[{"id":28385,"href":"https:\/\/newsinfoco.com.br\/inicio\/wp-json\/wp\/v2\/posts\/28383\/revisions\/28385"}],"wp:featuredmedia":[{"embeddable":true,"href":"https:\/\/newsinfoco.com.br\/inicio\/wp-json\/wp\/v2\/media\/28384"}],"wp:attachment":[{"href":"https:\/\/newsinfoco.com.br\/inicio\/wp-json\/wp\/v2\/media?parent=28383"}],"wp:term":[{"taxonomy":"category","embeddable":true,"href":"https:\/\/newsinfoco.com.br\/inicio\/wp-json\/wp\/v2\/categories?post=28383"},{"taxonomy":"post_tag","embeddable":true,"href":"https:\/\/newsinfoco.com.br\/inicio\/wp-json\/wp\/v2\/tags?post=28383"}],"curies":[{"name":"wp","href":"https:\/\/api.w.org\/{rel}","templated":true}]}}