{"id":28388,"date":"2022-01-19T18:32:38","date_gmt":"2022-01-19T21:32:38","guid":{"rendered":"https:\/\/newsinfoco.com.br\/inicio\/?p=28388"},"modified":"2022-01-19T18:32:38","modified_gmt":"2022-01-19T21:32:38","slug":"colegio-estadual-de-alagoinhas-requalifica-espacos-fisicos-e-pedagogicos-para-o-inicio-do-ano-letivo","status":"publish","type":"post","link":"https:\/\/newsinfoco.com.br\/inicio\/colegio-estadual-de-alagoinhas-requalifica-espacos-fisicos-e-pedagogicos-para-o-inicio-do-ano-letivo\/","title":{"rendered":"Col\u00e9gio estadual de Alagoinhas requalifica espa\u00e7os f\u00edsicos e pedag\u00f3gicos para o in\u00edcio do ano letivo"},"content":{"rendered":"<div dir=\"auto\">A comunidade escolar do Col\u00e9gio Estadual Luiz Tarqu\u00ednio, no munic\u00edpio de Alagoinhas, ser\u00e1 surpreendida quando retornar \u00e0 unidade, no dia 7 de fevereiro, in\u00edcio do ano letivo na rede p\u00fablica estadual de ensino. \u00c9 que a escola teve seus espa\u00e7os f\u00edsico e pedag\u00f3gico requalificados, a partir da utiliza\u00e7\u00e3o da verba do Programa Retorno Escolar Seguro (PRES), do Governo do Estado, que destinou para as escolas estaduais, no total, recursos da ordem de R$ 250 milh\u00f5es.<\/div>\n<div dir=\"auto\"><\/div>\n<div dir=\"auto\">Entre as obras de manuten\u00e7\u00e3o realizadas no col\u00e9gio, destaque para a biblioteca, que foi ampliada e contou com a adequa\u00e7\u00e3o do espa\u00e7o, pintura e aquisi\u00e7\u00e3o de estantes de livros. O laborat\u00f3rio de inform\u00e1tica tamb\u00e9m foi requalificado, com adequa\u00e7\u00e3o do espa\u00e7o, incluindo revis\u00e3o na rede el\u00e9trica e aquisi\u00e7\u00e3o de oito computadores, uma impressora e dois notebooks, al\u00e9m de data-show, tela de proje\u00e7\u00e3o, geladeira, caixa de som, microfones e microsc\u00f3pio. O port\u00e3o de entrada de carros e as salas ganharam pinturas tem\u00e1ticas, feita por artistas locais.<\/div>\n<div dir=\"auto\"><\/div>\n<div dir=\"auto\">A diretora Jocelia Novaes Gon\u00e7alves ressalta, ainda, que foram adquiridos equipamentos e materiais para o laborat\u00f3rio de ci\u00eancias; uma TV de 43&#8242; para todas as salas; e reestrutura\u00e7\u00e3o da secretaria e das duas \u00e1reas de esportes. &#8220;As a\u00e7\u00f5es implantadas ir\u00e3o nos auxiliar no processo do ensino aprendizagem e todo o foco das a\u00e7\u00f5es foi visando melhor atender a comunidade escolar. Nunca tinha tido acesso a uma verba t\u00e3o maravilhosa. Todo o ambiente foi transformado. O governador trabalhou muito durante a pandemia para adequar as escolas e o PRES foi o coroamento de todas as a\u00e7\u00f5es estaduais. Estamos todos muito empolgados e felizes&#8221;.<\/div>\n<div dir=\"auto\"><\/div>\n<div dir=\"auto\">*Sobre o PRES \u2013* Os recursos do PRES foram transferidos para a conta da Caixa Escolar das unidades escolares e se destinam \u00e0 cobertura de despesas de custeio e capital. O programa do governo estadual tem o objetivo de contribuir com a manuten\u00e7\u00e3o f\u00edsica e pedag\u00f3gica dos estabelecimentos de ensino, adequando as estruturas e adquirindo materiais necess\u00e1rios para manter os protocolos de biosseguran\u00e7a.<\/div>\n<div class='share-to-whatsapp-wrapper'><div class='share-on-whsp'>Share on: <\/div><a data-text='Col\u00e9gio estadual de Alagoinhas requalifica espa\u00e7os f\u00edsicos e pedag\u00f3gicos para o in\u00edcio do ano letivo' data-link='https:\/\/newsinfoco.com.br\/inicio\/colegio-estadual-de-alagoinhas-requalifica-espacos-fisicos-e-pedagogicos-para-o-inicio-do-ano-letivo\/' class='whatsapp-button whatsapp-share'>WhatsApp<\/a><div class='clear '><\/div><\/div>","protected":false},"excerpt":{"rendered":"<p>A comunidade escolar do Col\u00e9gio Estadual Luiz Tarqu\u00ednio, no munic\u00edpio de Alagoinhas, ser\u00e1 surpreendida quando retornar \u00e0 unidade, no dia 7 de fevereiro, in\u00edcio do ano letivo na rede p\u00fablica estadual de ensino. \u00c9 que a escola teve seus espa\u00e7os f\u00edsico e pedag\u00f3gico requalificados, a partir da utiliza\u00e7\u00e3o da verba do Programa Retorno Escolar Seguro [&hellip;]<\/p>\n","protected":false},"author":1,"featured_media":28389,"comment_status":"closed","ping_status":"closed","sticky":false,"template":"","format":"standard","meta":{"om_disable_all_campaigns":false,"rop_custom_images_group":[],"rop_custom_messages_group":[],"rop_publish_now":"initial","rop_publish_now_accounts":[],"rop_publish_now_history":[],"rop_publish_now_status":"pending","_exactmetrics_skip_tracking":false,"footnotes":""},"categories":[38,167],"tags":[],"class_list":["post-28388","post","type-post","status-publish","format-standard","has-post-thumbnail","hentry","category-alagoinhas-e-regiao","category-exclusivas"],"aioseo_notices":[],"aioseo_head":"\n\t\t<!-- All in One SEO 4.9.10 - aioseo.com -->\n\t<meta name=\"description\" content=\"A comunidade escolar do Col\u00e9gio Estadual Luiz Tarqu\u00ednio, no munic\u00edpio de Alagoinhas, ser\u00e1 surpreendida quando retornar \u00e0 unidade, no dia 7 de fevereiro, in\u00edcio do ano letivo na rede p\u00fablica estadual de ensino. \u00c9 que a escola teve seus espa\u00e7os f\u00edsico e pedag\u00f3gico requalificados, a partir da utiliza\u00e7\u00e3o da verba do Programa Retorno Escolar Seguro\" \/>\n\t<meta name=\"robots\" content=\"max-image-preview:large\" \/>\n\t<meta name=\"author\" content=\"administrador\"\/>\n\t<link rel=\"canonical\" href=\"https:\/\/newsinfoco.com.br\/inicio\/colegio-estadual-de-alagoinhas-requalifica-espacos-fisicos-e-pedagogicos-para-o-inicio-do-ano-letivo\/\" \/>\n\t<meta name=\"generator\" content=\"All in One SEO (AIOSEO) 4.9.10\" \/>\n\t\t<meta property=\"og:locale\" content=\"pt_BR\" \/>\n\t\t<meta property=\"og:site_name\" content=\"News In Foco - Editado por Caio Pimenta - O principal site de noticias de Alagoinhas e regi\u00e3o\" \/>\n\t\t<meta property=\"og:type\" content=\"article\" \/>\n\t\t<meta property=\"og:title\" content=\"Col\u00e9gio estadual de Alagoinhas requalifica espa\u00e7os f\u00edsicos e pedag\u00f3gicos para o in\u00edcio do ano letivo - News In Foco - Editado por Caio Pimenta\" \/>\n\t\t<meta property=\"og:description\" content=\"A comunidade escolar do Col\u00e9gio Estadual Luiz Tarqu\u00ednio, no munic\u00edpio de Alagoinhas, ser\u00e1 surpreendida quando retornar \u00e0 unidade, no dia 7 de fevereiro, in\u00edcio do ano letivo na rede p\u00fablica estadual de ensino. \u00c9 que a escola teve seus espa\u00e7os f\u00edsico e pedag\u00f3gico requalificados, a partir da utiliza\u00e7\u00e3o da verba do Programa Retorno Escolar Seguro\" \/>\n\t\t<meta property=\"og:url\" content=\"https:\/\/newsinfoco.com.br\/inicio\/colegio-estadual-de-alagoinhas-requalifica-espacos-fisicos-e-pedagogicos-para-o-inicio-do-ano-letivo\/\" \/>\n\t\t<meta property=\"article:published_time\" content=\"2022-01-19T21:32:38+00:00\" \/>\n\t\t<meta property=\"article:modified_time\" content=\"2022-01-19T21:32:38+00:00\" \/>\n\t\t<meta name=\"twitter:card\" content=\"summary_large_image\" \/>\n\t\t<meta name=\"twitter:title\" content=\"Col\u00e9gio estadual de Alagoinhas requalifica espa\u00e7os f\u00edsicos e pedag\u00f3gicos para o in\u00edcio do ano letivo - News In Foco - Editado por Caio Pimenta\" \/>\n\t\t<meta name=\"twitter:description\" content=\"A comunidade escolar do Col\u00e9gio Estadual Luiz Tarqu\u00ednio, no munic\u00edpio de Alagoinhas, ser\u00e1 surpreendida quando retornar \u00e0 unidade, no dia 7 de fevereiro, in\u00edcio do ano letivo na rede p\u00fablica estadual de ensino. \u00c9 que a escola teve seus espa\u00e7os f\u00edsico e pedag\u00f3gico requalificados, a partir da utiliza\u00e7\u00e3o da verba do Programa Retorno Escolar Seguro\" \/>\n\t\t<script type=\"application\/ld+json\" class=\"aioseo-schema\">\n\t\t\t{\"@context\":\"https:\\\/\\\/schema.org\",\"@graph\":[{\"@type\":\"BlogPosting\",\"@id\":\"https:\\\/\\\/newsinfoco.com.br\\\/inicio\\\/colegio-estadual-de-alagoinhas-requalifica-espacos-fisicos-e-pedagogicos-para-o-inicio-do-ano-letivo\\\/#blogposting\",\"name\":\"Col\\u00e9gio estadual de Alagoinhas requalifica espa\\u00e7os f\\u00edsicos e pedag\\u00f3gicos para o in\\u00edcio do ano letivo - News In Foco - Editado por Caio Pimenta\",\"headline\":\"Col\\u00e9gio estadual de Alagoinhas requalifica espa\\u00e7os f\\u00edsicos e pedag\\u00f3gicos para o in\\u00edcio do ano letivo\",\"author\":{\"@id\":\"https:\\\/\\\/newsinfoco.com.br\\\/inicio\\\/author\\\/administrador\\\/#author\"},\"publisher\":{\"@id\":\"https:\\\/\\\/newsinfoco.com.br\\\/inicio\\\/#organization\"},\"image\":{\"@type\":\"ImageObject\",\"url\":\"https:\\\/\\\/newsinfoco.com.br\\\/inicio\\\/wp-content\\\/uploads\\\/2022\\\/01\\\/IMG-20220118-WA0046.jpg\",\"width\":1195,\"height\":665},\"datePublished\":\"2022-01-19T18:32:38-03:00\",\"dateModified\":\"2022-01-19T18:32:38-03:00\",\"inLanguage\":\"pt-BR\",\"mainEntityOfPage\":{\"@id\":\"https:\\\/\\\/newsinfoco.com.br\\\/inicio\\\/colegio-estadual-de-alagoinhas-requalifica-espacos-fisicos-e-pedagogicos-para-o-inicio-do-ano-letivo\\\/#webpage\"},\"isPartOf\":{\"@id\":\"https:\\\/\\\/newsinfoco.com.br\\\/inicio\\\/colegio-estadual-de-alagoinhas-requalifica-espacos-fisicos-e-pedagogicos-para-o-inicio-do-ano-letivo\\\/#webpage\"},\"articleSection\":\"Alagoinhas e Regi\\u00e3o, Manchete\"},{\"@type\":\"BreadcrumbList\",\"@id\":\"https:\\\/\\\/newsinfoco.com.br\\\/inicio\\\/colegio-estadual-de-alagoinhas-requalifica-espacos-fisicos-e-pedagogicos-para-o-inicio-do-ano-letivo\\\/#breadcrumblist\",\"itemListElement\":[{\"@type\":\"ListItem\",\"@id\":\"https:\\\/\\\/newsinfoco.com.br\\\/inicio#listItem\",\"position\":1,\"name\":\"In\\u00edcio\",\"item\":\"https:\\\/\\\/newsinfoco.com.br\\\/inicio\",\"nextItem\":{\"@type\":\"ListItem\",\"@id\":\"https:\\\/\\\/newsinfoco.com.br\\\/inicio\\\/category\\\/alagoinhas-e-regiao\\\/#listItem\",\"name\":\"Alagoinhas e Regi\\u00e3o\"}},{\"@type\":\"ListItem\",\"@id\":\"https:\\\/\\\/newsinfoco.com.br\\\/inicio\\\/category\\\/alagoinhas-e-regiao\\\/#listItem\",\"position\":2,\"name\":\"Alagoinhas e Regi\\u00e3o\",\"item\":\"https:\\\/\\\/newsinfoco.com.br\\\/inicio\\\/category\\\/alagoinhas-e-regiao\\\/\",\"nextItem\":{\"@type\":\"ListItem\",\"@id\":\"https:\\\/\\\/newsinfoco.com.br\\\/inicio\\\/colegio-estadual-de-alagoinhas-requalifica-espacos-fisicos-e-pedagogicos-para-o-inicio-do-ano-letivo\\\/#listItem\",\"name\":\"Col\\u00e9gio estadual de Alagoinhas requalifica espa\\u00e7os f\\u00edsicos e pedag\\u00f3gicos para o in\\u00edcio do ano letivo\"},\"previousItem\":{\"@type\":\"ListItem\",\"@id\":\"https:\\\/\\\/newsinfoco.com.br\\\/inicio#listItem\",\"name\":\"In\\u00edcio\"}},{\"@type\":\"ListItem\",\"@id\":\"https:\\\/\\\/newsinfoco.com.br\\\/inicio\\\/colegio-estadual-de-alagoinhas-requalifica-espacos-fisicos-e-pedagogicos-para-o-inicio-do-ano-letivo\\\/#listItem\",\"position\":3,\"name\":\"Col\\u00e9gio estadual de Alagoinhas requalifica espa\\u00e7os f\\u00edsicos e pedag\\u00f3gicos para o in\\u00edcio do ano letivo\",\"previousItem\":{\"@type\":\"ListItem\",\"@id\":\"https:\\\/\\\/newsinfoco.com.br\\\/inicio\\\/category\\\/alagoinhas-e-regiao\\\/#listItem\",\"name\":\"Alagoinhas e Regi\\u00e3o\"}}]},{\"@type\":\"Organization\",\"@id\":\"https:\\\/\\\/newsinfoco.com.br\\\/inicio\\\/#organization\",\"name\":\"News In Foco - Editado por Caio Pimenta\",\"description\":\"O principal site de noticias de Alagoinhas e regi\\u00e3o\",\"url\":\"https:\\\/\\\/newsinfoco.com.br\\\/inicio\\\/\"},{\"@type\":\"Person\",\"@id\":\"https:\\\/\\\/newsinfoco.com.br\\\/inicio\\\/author\\\/administrador\\\/#author\",\"url\":\"https:\\\/\\\/newsinfoco.com.br\\\/inicio\\\/author\\\/administrador\\\/\",\"name\":\"administrador\",\"image\":{\"@type\":\"ImageObject\",\"@id\":\"https:\\\/\\\/newsinfoco.com.br\\\/inicio\\\/colegio-estadual-de-alagoinhas-requalifica-espacos-fisicos-e-pedagogicos-para-o-inicio-do-ano-letivo\\\/#authorImage\",\"url\":\"https:\\\/\\\/secure.gravatar.com\\\/avatar\\\/c17a617433de8c1dc9584bb79aab7563b46f5bb7e1728c9b17d9cc3ce6a08e49?s=96&d=mm&r=g\",\"width\":96,\"height\":96,\"caption\":\"administrador\"}},{\"@type\":\"WebPage\",\"@id\":\"https:\\\/\\\/newsinfoco.com.br\\\/inicio\\\/colegio-estadual-de-alagoinhas-requalifica-espacos-fisicos-e-pedagogicos-para-o-inicio-do-ano-letivo\\\/#webpage\",\"url\":\"https:\\\/\\\/newsinfoco.com.br\\\/inicio\\\/colegio-estadual-de-alagoinhas-requalifica-espacos-fisicos-e-pedagogicos-para-o-inicio-do-ano-letivo\\\/\",\"name\":\"Col\\u00e9gio estadual de Alagoinhas requalifica espa\\u00e7os f\\u00edsicos e pedag\\u00f3gicos para o in\\u00edcio do ano letivo - News In Foco - Editado por Caio Pimenta\",\"description\":\"A comunidade escolar do Col\\u00e9gio Estadual Luiz Tarqu\\u00ednio, no munic\\u00edpio de Alagoinhas, ser\\u00e1 surpreendida quando retornar \\u00e0 unidade, no dia 7 de fevereiro, in\\u00edcio do ano letivo na rede p\\u00fablica estadual de ensino. \\u00c9 que a escola teve seus espa\\u00e7os f\\u00edsico e pedag\\u00f3gico requalificados, a partir da utiliza\\u00e7\\u00e3o da verba do Programa Retorno Escolar Seguro\",\"inLanguage\":\"pt-BR\",\"isPartOf\":{\"@id\":\"https:\\\/\\\/newsinfoco.com.br\\\/inicio\\\/#website\"},\"breadcrumb\":{\"@id\":\"https:\\\/\\\/newsinfoco.com.br\\\/inicio\\\/colegio-estadual-de-alagoinhas-requalifica-espacos-fisicos-e-pedagogicos-para-o-inicio-do-ano-letivo\\\/#breadcrumblist\"},\"author\":{\"@id\":\"https:\\\/\\\/newsinfoco.com.br\\\/inicio\\\/author\\\/administrador\\\/#author\"},\"creator\":{\"@id\":\"https:\\\/\\\/newsinfoco.com.br\\\/inicio\\\/author\\\/administrador\\\/#author\"},\"image\":{\"@type\":\"ImageObject\",\"url\":\"https:\\\/\\\/newsinfoco.com.br\\\/inicio\\\/wp-content\\\/uploads\\\/2022\\\/01\\\/IMG-20220118-WA0046.jpg\",\"@id\":\"https:\\\/\\\/newsinfoco.com.br\\\/inicio\\\/colegio-estadual-de-alagoinhas-requalifica-espacos-fisicos-e-pedagogicos-para-o-inicio-do-ano-letivo\\\/#mainImage\",\"width\":1195,\"height\":665},\"primaryImageOfPage\":{\"@id\":\"https:\\\/\\\/newsinfoco.com.br\\\/inicio\\\/colegio-estadual-de-alagoinhas-requalifica-espacos-fisicos-e-pedagogicos-para-o-inicio-do-ano-letivo\\\/#mainImage\"},\"datePublished\":\"2022-01-19T18:32:38-03:00\",\"dateModified\":\"2022-01-19T18:32:38-03:00\"},{\"@type\":\"WebSite\",\"@id\":\"https:\\\/\\\/newsinfoco.com.br\\\/inicio\\\/#website\",\"url\":\"https:\\\/\\\/newsinfoco.com.br\\\/inicio\\\/\",\"name\":\"News In Foco - Editado por Caio Pimenta\",\"description\":\"O principal site de noticias de Alagoinhas e regi\\u00e3o\",\"inLanguage\":\"pt-BR\",\"publisher\":{\"@id\":\"https:\\\/\\\/newsinfoco.com.br\\\/inicio\\\/#organization\"}}]}\n\t\t<\/script>\n\t\t<!-- All in One SEO -->\n\n","aioseo_head_json":{"title":"Col\u00e9gio estadual de Alagoinhas requalifica espa\u00e7os f\u00edsicos e pedag\u00f3gicos para o in\u00edcio do ano letivo - News In Foco - Editado por Caio Pimenta","description":"A comunidade escolar do Col\u00e9gio Estadual Luiz Tarqu\u00ednio, no munic\u00edpio de Alagoinhas, ser\u00e1 surpreendida quando retornar \u00e0 unidade, no dia 7 de fevereiro, in\u00edcio do ano letivo na rede p\u00fablica estadual de ensino. \u00c9 que a escola teve seus espa\u00e7os f\u00edsico e pedag\u00f3gico requalificados, a partir da utiliza\u00e7\u00e3o da verba do Programa Retorno Escolar Seguro","canonical_url":"https:\/\/newsinfoco.com.br\/inicio\/colegio-estadual-de-alagoinhas-requalifica-espacos-fisicos-e-pedagogicos-para-o-inicio-do-ano-letivo\/","robots":"max-image-preview:large","keywords":"","webmasterTools":{"miscellaneous":""},"schema":{"@context":"https:\/\/schema.org","@graph":[{"@type":"BlogPosting","@id":"https:\/\/newsinfoco.com.br\/inicio\/colegio-estadual-de-alagoinhas-requalifica-espacos-fisicos-e-pedagogicos-para-o-inicio-do-ano-letivo\/#blogposting","name":"Col\u00e9gio estadual de Alagoinhas requalifica espa\u00e7os f\u00edsicos e pedag\u00f3gicos para o in\u00edcio do ano letivo - News In Foco - Editado por Caio Pimenta","headline":"Col\u00e9gio estadual de Alagoinhas requalifica espa\u00e7os f\u00edsicos e pedag\u00f3gicos para o in\u00edcio do ano letivo","author":{"@id":"https:\/\/newsinfoco.com.br\/inicio\/author\/administrador\/#author"},"publisher":{"@id":"https:\/\/newsinfoco.com.br\/inicio\/#organization"},"image":{"@type":"ImageObject","url":"https:\/\/newsinfoco.com.br\/inicio\/wp-content\/uploads\/2022\/01\/IMG-20220118-WA0046.jpg","width":1195,"height":665},"datePublished":"2022-01-19T18:32:38-03:00","dateModified":"2022-01-19T18:32:38-03:00","inLanguage":"pt-BR","mainEntityOfPage":{"@id":"https:\/\/newsinfoco.com.br\/inicio\/colegio-estadual-de-alagoinhas-requalifica-espacos-fisicos-e-pedagogicos-para-o-inicio-do-ano-letivo\/#webpage"},"isPartOf":{"@id":"https:\/\/newsinfoco.com.br\/inicio\/colegio-estadual-de-alagoinhas-requalifica-espacos-fisicos-e-pedagogicos-para-o-inicio-do-ano-letivo\/#webpage"},"articleSection":"Alagoinhas e Regi\u00e3o, Manchete"},{"@type":"BreadcrumbList","@id":"https:\/\/newsinfoco.com.br\/inicio\/colegio-estadual-de-alagoinhas-requalifica-espacos-fisicos-e-pedagogicos-para-o-inicio-do-ano-letivo\/#breadcrumblist","itemListElement":[{"@type":"ListItem","@id":"https:\/\/newsinfoco.com.br\/inicio#listItem","position":1,"name":"In\u00edcio","item":"https:\/\/newsinfoco.com.br\/inicio","nextItem":{"@type":"ListItem","@id":"https:\/\/newsinfoco.com.br\/inicio\/category\/alagoinhas-e-regiao\/#listItem","name":"Alagoinhas e Regi\u00e3o"}},{"@type":"ListItem","@id":"https:\/\/newsinfoco.com.br\/inicio\/category\/alagoinhas-e-regiao\/#listItem","position":2,"name":"Alagoinhas e Regi\u00e3o","item":"https:\/\/newsinfoco.com.br\/inicio\/category\/alagoinhas-e-regiao\/","nextItem":{"@type":"ListItem","@id":"https:\/\/newsinfoco.com.br\/inicio\/colegio-estadual-de-alagoinhas-requalifica-espacos-fisicos-e-pedagogicos-para-o-inicio-do-ano-letivo\/#listItem","name":"Col\u00e9gio estadual de Alagoinhas requalifica espa\u00e7os f\u00edsicos e pedag\u00f3gicos para o in\u00edcio do ano letivo"},"previousItem":{"@type":"ListItem","@id":"https:\/\/newsinfoco.com.br\/inicio#listItem","name":"In\u00edcio"}},{"@type":"ListItem","@id":"https:\/\/newsinfoco.com.br\/inicio\/colegio-estadual-de-alagoinhas-requalifica-espacos-fisicos-e-pedagogicos-para-o-inicio-do-ano-letivo\/#listItem","position":3,"name":"Col\u00e9gio estadual de Alagoinhas requalifica espa\u00e7os f\u00edsicos e pedag\u00f3gicos para o in\u00edcio do ano letivo","previousItem":{"@type":"ListItem","@id":"https:\/\/newsinfoco.com.br\/inicio\/category\/alagoinhas-e-regiao\/#listItem","name":"Alagoinhas e Regi\u00e3o"}}]},{"@type":"Organization","@id":"https:\/\/newsinfoco.com.br\/inicio\/#organization","name":"News In Foco - Editado por Caio Pimenta","description":"O principal site de noticias de Alagoinhas e regi\u00e3o","url":"https:\/\/newsinfoco.com.br\/inicio\/"},{"@type":"Person","@id":"https:\/\/newsinfoco.com.br\/inicio\/author\/administrador\/#author","url":"https:\/\/newsinfoco.com.br\/inicio\/author\/administrador\/","name":"administrador","image":{"@type":"ImageObject","@id":"https:\/\/newsinfoco.com.br\/inicio\/colegio-estadual-de-alagoinhas-requalifica-espacos-fisicos-e-pedagogicos-para-o-inicio-do-ano-letivo\/#authorImage","url":"https:\/\/secure.gravatar.com\/avatar\/c17a617433de8c1dc9584bb79aab7563b46f5bb7e1728c9b17d9cc3ce6a08e49?s=96&d=mm&r=g","width":96,"height":96,"caption":"administrador"}},{"@type":"WebPage","@id":"https:\/\/newsinfoco.com.br\/inicio\/colegio-estadual-de-alagoinhas-requalifica-espacos-fisicos-e-pedagogicos-para-o-inicio-do-ano-letivo\/#webpage","url":"https:\/\/newsinfoco.com.br\/inicio\/colegio-estadual-de-alagoinhas-requalifica-espacos-fisicos-e-pedagogicos-para-o-inicio-do-ano-letivo\/","name":"Col\u00e9gio estadual de Alagoinhas requalifica espa\u00e7os f\u00edsicos e pedag\u00f3gicos para o in\u00edcio do ano letivo - News In Foco - Editado por Caio Pimenta","description":"A comunidade escolar do Col\u00e9gio Estadual Luiz Tarqu\u00ednio, no munic\u00edpio de Alagoinhas, ser\u00e1 surpreendida quando retornar \u00e0 unidade, no dia 7 de fevereiro, in\u00edcio do ano letivo na rede p\u00fablica estadual de ensino. \u00c9 que a escola teve seus espa\u00e7os f\u00edsico e pedag\u00f3gico requalificados, a partir da utiliza\u00e7\u00e3o da verba do Programa Retorno Escolar Seguro","inLanguage":"pt-BR","isPartOf":{"@id":"https:\/\/newsinfoco.com.br\/inicio\/#website"},"breadcrumb":{"@id":"https:\/\/newsinfoco.com.br\/inicio\/colegio-estadual-de-alagoinhas-requalifica-espacos-fisicos-e-pedagogicos-para-o-inicio-do-ano-letivo\/#breadcrumblist"},"author":{"@id":"https:\/\/newsinfoco.com.br\/inicio\/author\/administrador\/#author"},"creator":{"@id":"https:\/\/newsinfoco.com.br\/inicio\/author\/administrador\/#author"},"image":{"@type":"ImageObject","url":"https:\/\/newsinfoco.com.br\/inicio\/wp-content\/uploads\/2022\/01\/IMG-20220118-WA0046.jpg","@id":"https:\/\/newsinfoco.com.br\/inicio\/colegio-estadual-de-alagoinhas-requalifica-espacos-fisicos-e-pedagogicos-para-o-inicio-do-ano-letivo\/#mainImage","width":1195,"height":665},"primaryImageOfPage":{"@id":"https:\/\/newsinfoco.com.br\/inicio\/colegio-estadual-de-alagoinhas-requalifica-espacos-fisicos-e-pedagogicos-para-o-inicio-do-ano-letivo\/#mainImage"},"datePublished":"2022-01-19T18:32:38-03:00","dateModified":"2022-01-19T18:32:38-03:00"},{"@type":"WebSite","@id":"https:\/\/newsinfoco.com.br\/inicio\/#website","url":"https:\/\/newsinfoco.com.br\/inicio\/","name":"News In Foco - Editado por Caio Pimenta","description":"O principal site de noticias de Alagoinhas e regi\u00e3o","inLanguage":"pt-BR","publisher":{"@id":"https:\/\/newsinfoco.com.br\/inicio\/#organization"}}]},"og:locale":"pt_BR","og:site_name":"News In Foco - Editado por Caio Pimenta - O principal site de noticias de Alagoinhas e regi\u00e3o","og:type":"article","og:title":"Col\u00e9gio estadual de Alagoinhas requalifica espa\u00e7os f\u00edsicos e pedag\u00f3gicos para o in\u00edcio do ano letivo - News In Foco - Editado por Caio Pimenta","og:description":"A comunidade escolar do Col\u00e9gio Estadual Luiz Tarqu\u00ednio, no munic\u00edpio de Alagoinhas, ser\u00e1 surpreendida quando retornar \u00e0 unidade, no dia 7 de fevereiro, in\u00edcio do ano letivo na rede p\u00fablica estadual de ensino. \u00c9 que a escola teve seus espa\u00e7os f\u00edsico e pedag\u00f3gico requalificados, a partir da utiliza\u00e7\u00e3o da verba do Programa Retorno Escolar Seguro","og:url":"https:\/\/newsinfoco.com.br\/inicio\/colegio-estadual-de-alagoinhas-requalifica-espacos-fisicos-e-pedagogicos-para-o-inicio-do-ano-letivo\/","article:published_time":"2022-01-19T21:32:38+00:00","article:modified_time":"2022-01-19T21:32:38+00:00","twitter:card":"summary_large_image","twitter:title":"Col\u00e9gio estadual de Alagoinhas requalifica espa\u00e7os f\u00edsicos e pedag\u00f3gicos para o in\u00edcio do ano letivo - News In Foco - Editado por Caio Pimenta","twitter:description":"A comunidade escolar do Col\u00e9gio Estadual Luiz Tarqu\u00ednio, no munic\u00edpio de Alagoinhas, ser\u00e1 surpreendida quando retornar \u00e0 unidade, no dia 7 de fevereiro, in\u00edcio do ano letivo na rede p\u00fablica estadual de ensino. \u00c9 que a escola teve seus espa\u00e7os f\u00edsico e pedag\u00f3gico requalificados, a partir da utiliza\u00e7\u00e3o da verba do Programa Retorno Escolar Seguro"},"aioseo_meta_data":{"post_id":"28388","title":null,"description":null,"keywords":null,"keyphrases":null,"primary_term":null,"canonical_url":null,"og_title":null,"og_description":null,"og_object_type":"default","og_image_type":"default","og_image_url":null,"og_image_width":null,"og_image_height":null,"og_image_custom_url":null,"og_image_custom_fields":null,"og_video":null,"og_custom_url":null,"og_article_section":null,"og_article_tags":null,"twitter_use_og":false,"twitter_card":"default","twitter_image_type":"default","twitter_image_url":null,"twitter_image_custom_url":null,"twitter_image_custom_fields":null,"twitter_title":null,"twitter_description":null,"schema":{"blockGraphs":[],"customGraphs":[],"default":{"data":{"Article":[],"Course":[],"Dataset":[],"FAQPage":[],"Movie":[],"Person":[],"Product":[],"ProductReview":[],"Car":[],"Recipe":[],"Service":[],"SoftwareApplication":[],"WebPage":[]},"graphName":"","isEnabled":true},"graphs":[]},"schema_type":"default","schema_type_options":null,"pillar_content":false,"robots_default":true,"robots_noindex":false,"robots_noarchive":false,"robots_nosnippet":false,"robots_nofollow":false,"robots_noimageindex":false,"robots_noodp":false,"robots_notranslate":false,"robots_max_snippet":null,"robots_max_videopreview":null,"robots_max_imagepreview":"large","priority":null,"frequency":null,"local_seo":null,"breadcrumb_settings":null,"limit_modified_date":false,"ai":null,"created":"2023-06-12 20:28:21","updated":"2025-07-11 06:40:51","seo_analyzer_scan_date":null},"aioseo_breadcrumb":"<div class=\"aioseo-breadcrumbs\"><span class=\"aioseo-breadcrumb\">\n\t\t\t<a href=\"https:\/\/newsinfoco.com.br\/inicio\" title=\"In\u00edcio\">In\u00edcio<\/a>\n\t\t<\/span><span class=\"aioseo-breadcrumb-separator\">&raquo;<\/span><span class=\"aioseo-breadcrumb\">\n\t\t\t<a href=\"https:\/\/newsinfoco.com.br\/inicio\/category\/alagoinhas-e-regiao\/\" title=\"Alagoinhas e Regi\u00e3o\">Alagoinhas e Regi\u00e3o<\/a>\n\t\t<\/span><span class=\"aioseo-breadcrumb-separator\">&raquo;<\/span><span class=\"aioseo-breadcrumb\">\n\t\t\tCol\u00e9gio estadual de Alagoinhas requalifica espa\u00e7os f\u00edsicos e pedag\u00f3gicos para o in\u00edcio do ano letivo\n\t\t<\/span><\/div>","aioseo_breadcrumb_json":[{"label":"In\u00edcio","link":"https:\/\/newsinfoco.com.br\/inicio"},{"label":"Alagoinhas e Regi\u00e3o","link":"https:\/\/newsinfoco.com.br\/inicio\/category\/alagoinhas-e-regiao\/"},{"label":"Col\u00e9gio estadual de Alagoinhas requalifica espa\u00e7os f\u00edsicos e pedag\u00f3gicos para o in\u00edcio do ano letivo","link":"https:\/\/newsinfoco.com.br\/inicio\/colegio-estadual-de-alagoinhas-requalifica-espacos-fisicos-e-pedagogicos-para-o-inicio-do-ano-letivo\/"}],"_links":{"self":[{"href":"https:\/\/newsinfoco.com.br\/inicio\/wp-json\/wp\/v2\/posts\/28388","targetHints":{"allow":["GET"]}}],"collection":[{"href":"https:\/\/newsinfoco.com.br\/inicio\/wp-json\/wp\/v2\/posts"}],"about":[{"href":"https:\/\/newsinfoco.com.br\/inicio\/wp-json\/wp\/v2\/types\/post"}],"author":[{"embeddable":true,"href":"https:\/\/newsinfoco.com.br\/inicio\/wp-json\/wp\/v2\/users\/1"}],"replies":[{"embeddable":true,"href":"https:\/\/newsinfoco.com.br\/inicio\/wp-json\/wp\/v2\/comments?post=28388"}],"version-history":[{"count":1,"href":"https:\/\/newsinfoco.com.br\/inicio\/wp-json\/wp\/v2\/posts\/28388\/revisions"}],"predecessor-version":[{"id":28390,"href":"https:\/\/newsinfoco.com.br\/inicio\/wp-json\/wp\/v2\/posts\/28388\/revisions\/28390"}],"wp:featuredmedia":[{"embeddable":true,"href":"https:\/\/newsinfoco.com.br\/inicio\/wp-json\/wp\/v2\/media\/28389"}],"wp:attachment":[{"href":"https:\/\/newsinfoco.com.br\/inicio\/wp-json\/wp\/v2\/media?parent=28388"}],"wp:term":[{"taxonomy":"category","embeddable":true,"href":"https:\/\/newsinfoco.com.br\/inicio\/wp-json\/wp\/v2\/categories?post=28388"},{"taxonomy":"post_tag","embeddable":true,"href":"https:\/\/newsinfoco.com.br\/inicio\/wp-json\/wp\/v2\/tags?post=28388"}],"curies":[{"name":"wp","href":"https:\/\/api.w.org\/{rel}","templated":true}]}}