{"id":28403,"date":"2022-01-20T18:57:54","date_gmt":"2022-01-20T21:57:54","guid":{"rendered":"https:\/\/newsinfoco.com.br\/inicio\/?p=28403"},"modified":"2022-01-20T18:57:54","modified_gmt":"2022-01-20T21:57:54","slug":"pagamento-dos-precatorios-do-fundef-e-pauta-de-encontro-entre-prefeitura-e-profissionais-da-educacao-de-alagoinhas","status":"publish","type":"post","link":"https:\/\/newsinfoco.com.br\/inicio\/pagamento-dos-precatorios-do-fundef-e-pauta-de-encontro-entre-prefeitura-e-profissionais-da-educacao-de-alagoinhas\/","title":{"rendered":"Pagamento dos precat\u00f3rios do Fundef \u00e9 pauta de encontro entre Prefeitura e profissionais da Educa\u00e7\u00e3o de Alagoinhas"},"content":{"rendered":"<p>Com objetivo de manter a mesma rela\u00e7\u00e3o de transpar\u00eancia e valoriza\u00e7\u00e3o dos servidores municipais implantada desde 2017, ainda no primeiro ano de mandato do prefeito Joaquim Neto, nesta quinta-feira (20), a gest\u00e3o municipal, representada pelo Procurador-Geral, James Gaut\u00e9rio, \u00a0os secret\u00e1rios de Governo, Jorge da Farinha, de Educa\u00e7\u00e3o, Gustavo Carmo, e a Controladora do Munic\u00edpio, Leila Carla Vila Flor, se reuniu com professores e representantes do Sindicato dos Trabalhadores em Educa\u00e7\u00e3o do Estado da Bahia \u2013 APLB, e do Sindicato dos Trabalhadores no Servi\u00e7o P\u00fablico Municipal de\u00a0Alagoinhas \u00a0( SINPA), para esclarecer pontos importantes sobre o pagamento dos precat\u00f3rios do antigo Fundo de Manuten\u00e7\u00e3o e Desenvolvimento do Ensino Fundamental e de Valoriza\u00e7\u00e3o do Magist\u00e9rio \u2013 Fundef, e os efeitos decorrentes da Emenda Constitucional 114\/2021.<\/p>\n<p>O dinheiro dos precat\u00f3rios do Fundef \u00e9 referente a uma parcela significativa de recursos que o Governo Federal deixou de repassar aos estados e munic\u00edpios na \u00e1rea da educa\u00e7\u00e3o, entre os anos de 1998 a 2006, e que depois foi reconhecido na justi\u00e7a.<\/p>\n<p>Mas conforme foi amplamente discutido no encontro, apesar da vit\u00f3ria judicial, o precat\u00f3rio segue com grande impasse, uma vez que ainda vigoram decis\u00f5es do Tribunal de Contas da Uni\u00e3o \u2013 TCU e pronunciamentos do TCM\/BA e do Minist\u00e9rio P\u00fablico Federal contr\u00e1rios \u00e0 utiliza\u00e7\u00e3o de recursos oriundos de Precat\u00f3rio do FUNDEF para pagamento de pessoal, mas que estes devem ser revistos no in\u00edcio de 2022, diante da aprova\u00e7\u00e3o e entrada em vigor da \u00a0Emenda Constitucional 114\/2021.<\/p>\n<p>Promulgada pelo Congresso Nacional em 16 de dezembro de 2021, e referida emenda estabeleceu que os munic\u00edpios que\u00a0<strong>receberem<\/strong>\u00a0recursos do Precat\u00f3rio do Fundef poder\u00e3o efetuar pagamento aos professores na propor\u00e7\u00e3o de 60% do valor.\u00a0 Durante a reuni\u00e3o foi ponderado, entretanto, que persiste, em \u00e2mbito nacional, a discuss\u00e3o se os efeitos da referida emenda abrangeria, tamb\u00e9m, \u00a0os precat\u00f3rios recebidos antes da sua promulga\u00e7\u00e3o \u2013 que \u00e9 o caso do munic\u00edpio de Alagoinhas \u2013 ou somente para os que forem recebidos ap\u00f3s a sua vig\u00eancia.<\/p>\n<p><a href=\"https:\/\/www.alagoinhas.ba.gov.br\/index.php\/precatorios-do-fundef-e-pauta-de-encontro-entre-prefeitura-e-profissionais-da-educacao\/whatsapp-image-2022-01-20-at-17-19-49\/\" rel=\"attachment wp-att-52239\"><img loading=\"lazy\" decoding=\"async\" class=\"aligncenter size-large wp-image-52239\" src=\"https:\/\/www.alagoinhas.ba.gov.br\/wp-content\/uploads\/2022\/01\/WhatsApp-Image-2022-01-20-at-17.19.49-1024x768.jpeg\" sizes=\"auto, (max-width: 800px) 100vw, 800px\" srcset=\"https:\/\/www.alagoinhas.ba.gov.br\/wp-content\/uploads\/2022\/01\/WhatsApp-Image-2022-01-20-at-17.19.49.jpeg 1024w, https:\/\/www.alagoinhas.ba.gov.br\/wp-content\/uploads\/2022\/01\/WhatsApp-Image-2022-01-20-at-17.19.49-300x225.jpeg 300w, https:\/\/www.alagoinhas.ba.gov.br\/wp-content\/uploads\/2022\/01\/WhatsApp-Image-2022-01-20-at-17.19.49-768x576.jpeg 768w, https:\/\/www.alagoinhas.ba.gov.br\/wp-content\/uploads\/2022\/01\/WhatsApp-Image-2022-01-20-at-17.19.49-112x84.jpeg 112w\" alt=\"\" width=\"800\" height=\"600\" \/><\/a><\/p>\n<p>\u201cA aplica\u00e7\u00e3o de recursos p\u00fablicos, como sabemos, exige a observ\u00e2ncia de disposi\u00e7\u00f5es legais e manifesta\u00e7\u00f5es favor\u00e1veis dos \u00f3rg\u00e3os de controle, sob pena de responsabiliza\u00e7\u00e3o dos gestores, demandando, desta forma, cautela e maior seguran\u00e7a jur\u00eddica para que se possa efetuar os pagamentos\u201d, explicou o Procurador- Geral, James Gaut\u00e9rio.<\/p>\n<p>Na reuni\u00e3o ficou decidido, tamb\u00e9m, que a Comiss\u00e3o de Acompanhamento da Aplica\u00e7\u00e3o de Recursos do Precat\u00f3rio FUNDEF deve elaborar relat\u00f3rio conclusivo sobre os trabalhos desenvolvidos at\u00e9 a presente data, a fim de subsidiar o Governo Municipal na defini\u00e7\u00e3o das regras de pagamento. Na sequ\u00eancia, o Executivo Municipal promover\u00e1 debate com o Poder legislativo, objetivando o encaminhamento de Projeto de Lei municipal, disciplinando os prazos e crit\u00e9rios de pagamento.<\/p>\n<p><a href=\"https:\/\/www.alagoinhas.ba.gov.br\/index.php\/precatorios-do-fundef-e-pauta-de-encontro-entre-prefeitura-e-profissionais-da-educacao\/whatsapp-image-2022-01-20-at-17-14-55-1\/\" rel=\"attachment wp-att-52240\"><img loading=\"lazy\" decoding=\"async\" class=\"aligncenter size-large wp-image-52240\" src=\"https:\/\/www.alagoinhas.ba.gov.br\/wp-content\/uploads\/2022\/01\/WhatsApp-Image-2022-01-20-at-17.14.55-1-1024x768.jpeg\" sizes=\"auto, (max-width: 800px) 100vw, 800px\" srcset=\"https:\/\/www.alagoinhas.ba.gov.br\/wp-content\/uploads\/2022\/01\/WhatsApp-Image-2022-01-20-at-17.14.55-1.jpeg 1024w, https:\/\/www.alagoinhas.ba.gov.br\/wp-content\/uploads\/2022\/01\/WhatsApp-Image-2022-01-20-at-17.14.55-1-300x225.jpeg 300w, https:\/\/www.alagoinhas.ba.gov.br\/wp-content\/uploads\/2022\/01\/WhatsApp-Image-2022-01-20-at-17.14.55-1-768x576.jpeg 768w, https:\/\/www.alagoinhas.ba.gov.br\/wp-content\/uploads\/2022\/01\/WhatsApp-Image-2022-01-20-at-17.14.55-1-112x84.jpeg 112w\" alt=\"\" width=\"800\" height=\"600\" \/><\/a><\/p>\n<p>O cumprimento de etapas preparat\u00f3rias, mesmo antes de pronunciamentos favor\u00e1veis dos \u00f3rg\u00e3os de controle sobre a possibilidade de pagamento de pessoal com recursos do Precat\u00f3rio, visa garantir celeridade aos atos posteriores, e decorre da expectativa da Prefeitura \u00a0na mudan\u00e7a de entendimento dos \u00f3rg\u00e3os de controle.<\/p>\n<p>\u201cO pagamento dos precat\u00f3rios da Educa\u00e7\u00e3o \u00e9 pauta priorit\u00e1ria, mas a gest\u00e3o municipal reitera seu compromisso com a adequada aplica\u00e7\u00e3o de recursos p\u00fablicos, a necessidade de seguir os pronunciamentos dos Tribunais de Contas, Minist\u00e9rio P\u00fablico e Poder judici\u00e1rio nesta mat\u00e9ria\u201d, completou James Gaut\u00e9rio.<\/p>\n<p>Tamb\u00e9m participaram da reuni\u00e3o, o presidente da C\u00e2mara, Jos\u00e9 Cleto, e os vereadores\u00a0Thor de Ninha, Luma Menezes, Luciano Almeida, Codoro, Gode e M\u00e1rcio da Cavada.<\/p>\n<p><a href=\"https:\/\/www.alagoinhas.ba.gov.br\/index.php\/precatorios-do-fundef-e-pauta-de-encontro-entre-prefeitura-e-profissionais-da-educacao\/whatsapp-image-2022-01-20-at-17-21-37\/\" rel=\"attachment wp-att-52238\"><img loading=\"lazy\" decoding=\"async\" class=\"aligncenter size-large wp-image-52238\" src=\"https:\/\/www.alagoinhas.ba.gov.br\/wp-content\/uploads\/2022\/01\/WhatsApp-Image-2022-01-20-at-17.21.37-1024x768.jpeg\" sizes=\"auto, (max-width: 800px) 100vw, 800px\" srcset=\"https:\/\/www.alagoinhas.ba.gov.br\/wp-content\/uploads\/2022\/01\/WhatsApp-Image-2022-01-20-at-17.21.37.jpeg 1024w, https:\/\/www.alagoinhas.ba.gov.br\/wp-content\/uploads\/2022\/01\/WhatsApp-Image-2022-01-20-at-17.21.37-300x225.jpeg 300w, https:\/\/www.alagoinhas.ba.gov.br\/wp-content\/uploads\/2022\/01\/WhatsApp-Image-2022-01-20-at-17.21.37-768x576.jpeg 768w, https:\/\/www.alagoinhas.ba.gov.br\/wp-content\/uploads\/2022\/01\/WhatsApp-Image-2022-01-20-at-17.21.37-112x84.jpeg 112w\" alt=\"\" width=\"800\" height=\"600\" \/><\/a><\/p>\n<div class='share-to-whatsapp-wrapper'><div class='share-on-whsp'>Share on: <\/div><a data-text='Pagamento dos precat\u00f3rios do Fundef \u00e9 pauta de encontro entre Prefeitura e profissionais da Educa\u00e7\u00e3o de Alagoinhas' data-link='https:\/\/newsinfoco.com.br\/inicio\/pagamento-dos-precatorios-do-fundef-e-pauta-de-encontro-entre-prefeitura-e-profissionais-da-educacao-de-alagoinhas\/' class='whatsapp-button whatsapp-share'>WhatsApp<\/a><div class='clear '><\/div><\/div>","protected":false},"excerpt":{"rendered":"<p>Com objetivo de manter a mesma rela\u00e7\u00e3o de transpar\u00eancia e valoriza\u00e7\u00e3o dos servidores municipais implantada desde 2017, ainda no primeiro ano de mandato do prefeito Joaquim Neto, nesta quinta-feira (20), a gest\u00e3o municipal, representada pelo Procurador-Geral, James Gaut\u00e9rio, \u00a0os secret\u00e1rios de Governo, Jorge da Farinha, de Educa\u00e7\u00e3o, Gustavo Carmo, e a Controladora do Munic\u00edpio, Leila [&hellip;]<\/p>\n","protected":false},"author":1,"featured_media":28404,"comment_status":"closed","ping_status":"closed","sticky":false,"template":"","format":"standard","meta":{"om_disable_all_campaigns":false,"rop_custom_images_group":[],"rop_custom_messages_group":[],"rop_publish_now":"initial","rop_publish_now_accounts":[],"rop_publish_now_history":[],"rop_publish_now_status":"pending","_exactmetrics_skip_tracking":false,"footnotes":""},"categories":[38,167],"tags":[],"class_list":["post-28403","post","type-post","status-publish","format-standard","has-post-thumbnail","hentry","category-alagoinhas-e-regiao","category-exclusivas"],"aioseo_notices":[],"aioseo_head":"\n\t\t<!-- All in One SEO 4.9.10 - aioseo.com -->\n\t<meta name=\"description\" content=\"Com objetivo de manter a mesma rela\u00e7\u00e3o de transpar\u00eancia e valoriza\u00e7\u00e3o dos servidores municipais implantada desde 2017, ainda no primeiro ano de mandato do prefeito Joaquim Neto, nesta quinta-feira (20), a gest\u00e3o municipal, representada pelo Procurador-Geral, James Gaut\u00e9rio, os secret\u00e1rios de Governo, Jorge da Farinha, de Educa\u00e7\u00e3o, Gustavo Carmo, e a Controladora do Munic\u00edpio, Leila\" \/>\n\t<meta name=\"robots\" content=\"max-image-preview:large\" \/>\n\t<meta name=\"author\" content=\"administrador\"\/>\n\t<link rel=\"canonical\" href=\"https:\/\/newsinfoco.com.br\/inicio\/pagamento-dos-precatorios-do-fundef-e-pauta-de-encontro-entre-prefeitura-e-profissionais-da-educacao-de-alagoinhas\/\" \/>\n\t<meta name=\"generator\" content=\"All in One SEO (AIOSEO) 4.9.10\" \/>\n\t\t<meta property=\"og:locale\" content=\"pt_BR\" \/>\n\t\t<meta property=\"og:site_name\" content=\"News In Foco - Editado por Caio Pimenta - O principal site de noticias de Alagoinhas e regi\u00e3o\" \/>\n\t\t<meta property=\"og:type\" content=\"article\" \/>\n\t\t<meta property=\"og:title\" content=\"Pagamento dos precat\u00f3rios do Fundef \u00e9 pauta de encontro entre Prefeitura e profissionais da Educa\u00e7\u00e3o de Alagoinhas - News In Foco - Editado por Caio Pimenta\" \/>\n\t\t<meta property=\"og:description\" content=\"Com objetivo de manter a mesma rela\u00e7\u00e3o de transpar\u00eancia e valoriza\u00e7\u00e3o dos servidores municipais implantada desde 2017, ainda no primeiro ano de mandato do prefeito Joaquim Neto, nesta quinta-feira (20), a gest\u00e3o municipal, representada pelo Procurador-Geral, James Gaut\u00e9rio, os secret\u00e1rios de Governo, Jorge da Farinha, de Educa\u00e7\u00e3o, Gustavo Carmo, e a Controladora do Munic\u00edpio, Leila\" \/>\n\t\t<meta property=\"og:url\" content=\"https:\/\/newsinfoco.com.br\/inicio\/pagamento-dos-precatorios-do-fundef-e-pauta-de-encontro-entre-prefeitura-e-profissionais-da-educacao-de-alagoinhas\/\" \/>\n\t\t<meta property=\"article:published_time\" content=\"2022-01-20T21:57:54+00:00\" \/>\n\t\t<meta property=\"article:modified_time\" content=\"2022-01-20T21:57:54+00:00\" \/>\n\t\t<meta name=\"twitter:card\" content=\"summary_large_image\" \/>\n\t\t<meta name=\"twitter:title\" content=\"Pagamento dos precat\u00f3rios do Fundef \u00e9 pauta de encontro entre Prefeitura e profissionais da Educa\u00e7\u00e3o de Alagoinhas - News In Foco - Editado por Caio Pimenta\" \/>\n\t\t<meta name=\"twitter:description\" content=\"Com objetivo de manter a mesma rela\u00e7\u00e3o de transpar\u00eancia e valoriza\u00e7\u00e3o dos servidores municipais implantada desde 2017, ainda no primeiro ano de mandato do prefeito Joaquim Neto, nesta quinta-feira (20), a gest\u00e3o municipal, representada pelo Procurador-Geral, James Gaut\u00e9rio, os secret\u00e1rios de Governo, Jorge da Farinha, de Educa\u00e7\u00e3o, Gustavo Carmo, e a Controladora do Munic\u00edpio, Leila\" \/>\n\t\t<script type=\"application\/ld+json\" class=\"aioseo-schema\">\n\t\t\t{\"@context\":\"https:\\\/\\\/schema.org\",\"@graph\":[{\"@type\":\"BlogPosting\",\"@id\":\"https:\\\/\\\/newsinfoco.com.br\\\/inicio\\\/pagamento-dos-precatorios-do-fundef-e-pauta-de-encontro-entre-prefeitura-e-profissionais-da-educacao-de-alagoinhas\\\/#blogposting\",\"name\":\"Pagamento dos precat\\u00f3rios do Fundef \\u00e9 pauta de encontro entre Prefeitura e profissionais da Educa\\u00e7\\u00e3o de Alagoinhas - News In Foco - Editado por Caio Pimenta\",\"headline\":\"Pagamento dos precat\\u00f3rios do Fundef \\u00e9 pauta de encontro entre Prefeitura e profissionais da Educa\\u00e7\\u00e3o de Alagoinhas\",\"author\":{\"@id\":\"https:\\\/\\\/newsinfoco.com.br\\\/inicio\\\/author\\\/administrador\\\/#author\"},\"publisher\":{\"@id\":\"https:\\\/\\\/newsinfoco.com.br\\\/inicio\\\/#organization\"},\"image\":{\"@type\":\"ImageObject\",\"url\":\"https:\\\/\\\/newsinfoco.com.br\\\/inicio\\\/wp-content\\\/uploads\\\/2022\\\/01\\\/WhatsApp-Image-2022-01-20-at-17.22.47.jpeg\",\"width\":1024,\"height\":768},\"datePublished\":\"2022-01-20T18:57:54-03:00\",\"dateModified\":\"2022-01-20T18:57:54-03:00\",\"inLanguage\":\"pt-BR\",\"mainEntityOfPage\":{\"@id\":\"https:\\\/\\\/newsinfoco.com.br\\\/inicio\\\/pagamento-dos-precatorios-do-fundef-e-pauta-de-encontro-entre-prefeitura-e-profissionais-da-educacao-de-alagoinhas\\\/#webpage\"},\"isPartOf\":{\"@id\":\"https:\\\/\\\/newsinfoco.com.br\\\/inicio\\\/pagamento-dos-precatorios-do-fundef-e-pauta-de-encontro-entre-prefeitura-e-profissionais-da-educacao-de-alagoinhas\\\/#webpage\"},\"articleSection\":\"Alagoinhas e Regi\\u00e3o, Manchete\"},{\"@type\":\"BreadcrumbList\",\"@id\":\"https:\\\/\\\/newsinfoco.com.br\\\/inicio\\\/pagamento-dos-precatorios-do-fundef-e-pauta-de-encontro-entre-prefeitura-e-profissionais-da-educacao-de-alagoinhas\\\/#breadcrumblist\",\"itemListElement\":[{\"@type\":\"ListItem\",\"@id\":\"https:\\\/\\\/newsinfoco.com.br\\\/inicio#listItem\",\"position\":1,\"name\":\"In\\u00edcio\",\"item\":\"https:\\\/\\\/newsinfoco.com.br\\\/inicio\",\"nextItem\":{\"@type\":\"ListItem\",\"@id\":\"https:\\\/\\\/newsinfoco.com.br\\\/inicio\\\/category\\\/alagoinhas-e-regiao\\\/#listItem\",\"name\":\"Alagoinhas e Regi\\u00e3o\"}},{\"@type\":\"ListItem\",\"@id\":\"https:\\\/\\\/newsinfoco.com.br\\\/inicio\\\/category\\\/alagoinhas-e-regiao\\\/#listItem\",\"position\":2,\"name\":\"Alagoinhas e Regi\\u00e3o\",\"item\":\"https:\\\/\\\/newsinfoco.com.br\\\/inicio\\\/category\\\/alagoinhas-e-regiao\\\/\",\"nextItem\":{\"@type\":\"ListItem\",\"@id\":\"https:\\\/\\\/newsinfoco.com.br\\\/inicio\\\/pagamento-dos-precatorios-do-fundef-e-pauta-de-encontro-entre-prefeitura-e-profissionais-da-educacao-de-alagoinhas\\\/#listItem\",\"name\":\"Pagamento dos precat\\u00f3rios do Fundef \\u00e9 pauta de encontro entre Prefeitura e profissionais da Educa\\u00e7\\u00e3o de Alagoinhas\"},\"previousItem\":{\"@type\":\"ListItem\",\"@id\":\"https:\\\/\\\/newsinfoco.com.br\\\/inicio#listItem\",\"name\":\"In\\u00edcio\"}},{\"@type\":\"ListItem\",\"@id\":\"https:\\\/\\\/newsinfoco.com.br\\\/inicio\\\/pagamento-dos-precatorios-do-fundef-e-pauta-de-encontro-entre-prefeitura-e-profissionais-da-educacao-de-alagoinhas\\\/#listItem\",\"position\":3,\"name\":\"Pagamento dos precat\\u00f3rios do Fundef \\u00e9 pauta de encontro entre Prefeitura e profissionais da Educa\\u00e7\\u00e3o de Alagoinhas\",\"previousItem\":{\"@type\":\"ListItem\",\"@id\":\"https:\\\/\\\/newsinfoco.com.br\\\/inicio\\\/category\\\/alagoinhas-e-regiao\\\/#listItem\",\"name\":\"Alagoinhas e Regi\\u00e3o\"}}]},{\"@type\":\"Organization\",\"@id\":\"https:\\\/\\\/newsinfoco.com.br\\\/inicio\\\/#organization\",\"name\":\"News In Foco - Editado por Caio Pimenta\",\"description\":\"O principal site de noticias de Alagoinhas e regi\\u00e3o\",\"url\":\"https:\\\/\\\/newsinfoco.com.br\\\/inicio\\\/\"},{\"@type\":\"Person\",\"@id\":\"https:\\\/\\\/newsinfoco.com.br\\\/inicio\\\/author\\\/administrador\\\/#author\",\"url\":\"https:\\\/\\\/newsinfoco.com.br\\\/inicio\\\/author\\\/administrador\\\/\",\"name\":\"administrador\",\"image\":{\"@type\":\"ImageObject\",\"@id\":\"https:\\\/\\\/newsinfoco.com.br\\\/inicio\\\/pagamento-dos-precatorios-do-fundef-e-pauta-de-encontro-entre-prefeitura-e-profissionais-da-educacao-de-alagoinhas\\\/#authorImage\",\"url\":\"https:\\\/\\\/secure.gravatar.com\\\/avatar\\\/c17a617433de8c1dc9584bb79aab7563b46f5bb7e1728c9b17d9cc3ce6a08e49?s=96&d=mm&r=g\",\"width\":96,\"height\":96,\"caption\":\"administrador\"}},{\"@type\":\"WebPage\",\"@id\":\"https:\\\/\\\/newsinfoco.com.br\\\/inicio\\\/pagamento-dos-precatorios-do-fundef-e-pauta-de-encontro-entre-prefeitura-e-profissionais-da-educacao-de-alagoinhas\\\/#webpage\",\"url\":\"https:\\\/\\\/newsinfoco.com.br\\\/inicio\\\/pagamento-dos-precatorios-do-fundef-e-pauta-de-encontro-entre-prefeitura-e-profissionais-da-educacao-de-alagoinhas\\\/\",\"name\":\"Pagamento dos precat\\u00f3rios do Fundef \\u00e9 pauta de encontro entre Prefeitura e profissionais da Educa\\u00e7\\u00e3o de Alagoinhas - News In Foco - Editado por Caio Pimenta\",\"description\":\"Com objetivo de manter a mesma rela\\u00e7\\u00e3o de transpar\\u00eancia e valoriza\\u00e7\\u00e3o dos servidores municipais implantada desde 2017, ainda no primeiro ano de mandato do prefeito Joaquim Neto, nesta quinta-feira (20), a gest\\u00e3o municipal, representada pelo Procurador-Geral, James Gaut\\u00e9rio, os secret\\u00e1rios de Governo, Jorge da Farinha, de Educa\\u00e7\\u00e3o, Gustavo Carmo, e a Controladora do Munic\\u00edpio, Leila\",\"inLanguage\":\"pt-BR\",\"isPartOf\":{\"@id\":\"https:\\\/\\\/newsinfoco.com.br\\\/inicio\\\/#website\"},\"breadcrumb\":{\"@id\":\"https:\\\/\\\/newsinfoco.com.br\\\/inicio\\\/pagamento-dos-precatorios-do-fundef-e-pauta-de-encontro-entre-prefeitura-e-profissionais-da-educacao-de-alagoinhas\\\/#breadcrumblist\"},\"author\":{\"@id\":\"https:\\\/\\\/newsinfoco.com.br\\\/inicio\\\/author\\\/administrador\\\/#author\"},\"creator\":{\"@id\":\"https:\\\/\\\/newsinfoco.com.br\\\/inicio\\\/author\\\/administrador\\\/#author\"},\"image\":{\"@type\":\"ImageObject\",\"url\":\"https:\\\/\\\/newsinfoco.com.br\\\/inicio\\\/wp-content\\\/uploads\\\/2022\\\/01\\\/WhatsApp-Image-2022-01-20-at-17.22.47.jpeg\",\"@id\":\"https:\\\/\\\/newsinfoco.com.br\\\/inicio\\\/pagamento-dos-precatorios-do-fundef-e-pauta-de-encontro-entre-prefeitura-e-profissionais-da-educacao-de-alagoinhas\\\/#mainImage\",\"width\":1024,\"height\":768},\"primaryImageOfPage\":{\"@id\":\"https:\\\/\\\/newsinfoco.com.br\\\/inicio\\\/pagamento-dos-precatorios-do-fundef-e-pauta-de-encontro-entre-prefeitura-e-profissionais-da-educacao-de-alagoinhas\\\/#mainImage\"},\"datePublished\":\"2022-01-20T18:57:54-03:00\",\"dateModified\":\"2022-01-20T18:57:54-03:00\"},{\"@type\":\"WebSite\",\"@id\":\"https:\\\/\\\/newsinfoco.com.br\\\/inicio\\\/#website\",\"url\":\"https:\\\/\\\/newsinfoco.com.br\\\/inicio\\\/\",\"name\":\"News In Foco - Editado por Caio Pimenta\",\"description\":\"O principal site de noticias de Alagoinhas e regi\\u00e3o\",\"inLanguage\":\"pt-BR\",\"publisher\":{\"@id\":\"https:\\\/\\\/newsinfoco.com.br\\\/inicio\\\/#organization\"}}]}\n\t\t<\/script>\n\t\t<!-- All in One SEO -->\n\n","aioseo_head_json":{"title":"Pagamento dos precat\u00f3rios do Fundef \u00e9 pauta de encontro entre Prefeitura e profissionais da Educa\u00e7\u00e3o de Alagoinhas - News In Foco - Editado por Caio Pimenta","description":"Com objetivo de manter a mesma rela\u00e7\u00e3o de transpar\u00eancia e valoriza\u00e7\u00e3o dos servidores municipais implantada desde 2017, ainda no primeiro ano de mandato do prefeito Joaquim Neto, nesta quinta-feira (20), a gest\u00e3o municipal, representada pelo Procurador-Geral, James Gaut\u00e9rio, os secret\u00e1rios de Governo, Jorge da Farinha, de Educa\u00e7\u00e3o, Gustavo Carmo, e a Controladora do Munic\u00edpio, Leila","canonical_url":"https:\/\/newsinfoco.com.br\/inicio\/pagamento-dos-precatorios-do-fundef-e-pauta-de-encontro-entre-prefeitura-e-profissionais-da-educacao-de-alagoinhas\/","robots":"max-image-preview:large","keywords":"","webmasterTools":{"miscellaneous":""},"schema":{"@context":"https:\/\/schema.org","@graph":[{"@type":"BlogPosting","@id":"https:\/\/newsinfoco.com.br\/inicio\/pagamento-dos-precatorios-do-fundef-e-pauta-de-encontro-entre-prefeitura-e-profissionais-da-educacao-de-alagoinhas\/#blogposting","name":"Pagamento dos precat\u00f3rios do Fundef \u00e9 pauta de encontro entre Prefeitura e profissionais da Educa\u00e7\u00e3o de Alagoinhas - News In Foco - Editado por Caio Pimenta","headline":"Pagamento dos precat\u00f3rios do Fundef \u00e9 pauta de encontro entre Prefeitura e profissionais da Educa\u00e7\u00e3o de Alagoinhas","author":{"@id":"https:\/\/newsinfoco.com.br\/inicio\/author\/administrador\/#author"},"publisher":{"@id":"https:\/\/newsinfoco.com.br\/inicio\/#organization"},"image":{"@type":"ImageObject","url":"https:\/\/newsinfoco.com.br\/inicio\/wp-content\/uploads\/2022\/01\/WhatsApp-Image-2022-01-20-at-17.22.47.jpeg","width":1024,"height":768},"datePublished":"2022-01-20T18:57:54-03:00","dateModified":"2022-01-20T18:57:54-03:00","inLanguage":"pt-BR","mainEntityOfPage":{"@id":"https:\/\/newsinfoco.com.br\/inicio\/pagamento-dos-precatorios-do-fundef-e-pauta-de-encontro-entre-prefeitura-e-profissionais-da-educacao-de-alagoinhas\/#webpage"},"isPartOf":{"@id":"https:\/\/newsinfoco.com.br\/inicio\/pagamento-dos-precatorios-do-fundef-e-pauta-de-encontro-entre-prefeitura-e-profissionais-da-educacao-de-alagoinhas\/#webpage"},"articleSection":"Alagoinhas e Regi\u00e3o, Manchete"},{"@type":"BreadcrumbList","@id":"https:\/\/newsinfoco.com.br\/inicio\/pagamento-dos-precatorios-do-fundef-e-pauta-de-encontro-entre-prefeitura-e-profissionais-da-educacao-de-alagoinhas\/#breadcrumblist","itemListElement":[{"@type":"ListItem","@id":"https:\/\/newsinfoco.com.br\/inicio#listItem","position":1,"name":"In\u00edcio","item":"https:\/\/newsinfoco.com.br\/inicio","nextItem":{"@type":"ListItem","@id":"https:\/\/newsinfoco.com.br\/inicio\/category\/alagoinhas-e-regiao\/#listItem","name":"Alagoinhas e Regi\u00e3o"}},{"@type":"ListItem","@id":"https:\/\/newsinfoco.com.br\/inicio\/category\/alagoinhas-e-regiao\/#listItem","position":2,"name":"Alagoinhas e Regi\u00e3o","item":"https:\/\/newsinfoco.com.br\/inicio\/category\/alagoinhas-e-regiao\/","nextItem":{"@type":"ListItem","@id":"https:\/\/newsinfoco.com.br\/inicio\/pagamento-dos-precatorios-do-fundef-e-pauta-de-encontro-entre-prefeitura-e-profissionais-da-educacao-de-alagoinhas\/#listItem","name":"Pagamento dos precat\u00f3rios do Fundef \u00e9 pauta de encontro entre Prefeitura e profissionais da Educa\u00e7\u00e3o de Alagoinhas"},"previousItem":{"@type":"ListItem","@id":"https:\/\/newsinfoco.com.br\/inicio#listItem","name":"In\u00edcio"}},{"@type":"ListItem","@id":"https:\/\/newsinfoco.com.br\/inicio\/pagamento-dos-precatorios-do-fundef-e-pauta-de-encontro-entre-prefeitura-e-profissionais-da-educacao-de-alagoinhas\/#listItem","position":3,"name":"Pagamento dos precat\u00f3rios do Fundef \u00e9 pauta de encontro entre Prefeitura e profissionais da Educa\u00e7\u00e3o de Alagoinhas","previousItem":{"@type":"ListItem","@id":"https:\/\/newsinfoco.com.br\/inicio\/category\/alagoinhas-e-regiao\/#listItem","name":"Alagoinhas e Regi\u00e3o"}}]},{"@type":"Organization","@id":"https:\/\/newsinfoco.com.br\/inicio\/#organization","name":"News In Foco - Editado por Caio Pimenta","description":"O principal site de noticias de Alagoinhas e regi\u00e3o","url":"https:\/\/newsinfoco.com.br\/inicio\/"},{"@type":"Person","@id":"https:\/\/newsinfoco.com.br\/inicio\/author\/administrador\/#author","url":"https:\/\/newsinfoco.com.br\/inicio\/author\/administrador\/","name":"administrador","image":{"@type":"ImageObject","@id":"https:\/\/newsinfoco.com.br\/inicio\/pagamento-dos-precatorios-do-fundef-e-pauta-de-encontro-entre-prefeitura-e-profissionais-da-educacao-de-alagoinhas\/#authorImage","url":"https:\/\/secure.gravatar.com\/avatar\/c17a617433de8c1dc9584bb79aab7563b46f5bb7e1728c9b17d9cc3ce6a08e49?s=96&d=mm&r=g","width":96,"height":96,"caption":"administrador"}},{"@type":"WebPage","@id":"https:\/\/newsinfoco.com.br\/inicio\/pagamento-dos-precatorios-do-fundef-e-pauta-de-encontro-entre-prefeitura-e-profissionais-da-educacao-de-alagoinhas\/#webpage","url":"https:\/\/newsinfoco.com.br\/inicio\/pagamento-dos-precatorios-do-fundef-e-pauta-de-encontro-entre-prefeitura-e-profissionais-da-educacao-de-alagoinhas\/","name":"Pagamento dos precat\u00f3rios do Fundef \u00e9 pauta de encontro entre Prefeitura e profissionais da Educa\u00e7\u00e3o de Alagoinhas - News In Foco - Editado por Caio Pimenta","description":"Com objetivo de manter a mesma rela\u00e7\u00e3o de transpar\u00eancia e valoriza\u00e7\u00e3o dos servidores municipais implantada desde 2017, ainda no primeiro ano de mandato do prefeito Joaquim Neto, nesta quinta-feira (20), a gest\u00e3o municipal, representada pelo Procurador-Geral, James Gaut\u00e9rio, os secret\u00e1rios de Governo, Jorge da Farinha, de Educa\u00e7\u00e3o, Gustavo Carmo, e a Controladora do Munic\u00edpio, Leila","inLanguage":"pt-BR","isPartOf":{"@id":"https:\/\/newsinfoco.com.br\/inicio\/#website"},"breadcrumb":{"@id":"https:\/\/newsinfoco.com.br\/inicio\/pagamento-dos-precatorios-do-fundef-e-pauta-de-encontro-entre-prefeitura-e-profissionais-da-educacao-de-alagoinhas\/#breadcrumblist"},"author":{"@id":"https:\/\/newsinfoco.com.br\/inicio\/author\/administrador\/#author"},"creator":{"@id":"https:\/\/newsinfoco.com.br\/inicio\/author\/administrador\/#author"},"image":{"@type":"ImageObject","url":"https:\/\/newsinfoco.com.br\/inicio\/wp-content\/uploads\/2022\/01\/WhatsApp-Image-2022-01-20-at-17.22.47.jpeg","@id":"https:\/\/newsinfoco.com.br\/inicio\/pagamento-dos-precatorios-do-fundef-e-pauta-de-encontro-entre-prefeitura-e-profissionais-da-educacao-de-alagoinhas\/#mainImage","width":1024,"height":768},"primaryImageOfPage":{"@id":"https:\/\/newsinfoco.com.br\/inicio\/pagamento-dos-precatorios-do-fundef-e-pauta-de-encontro-entre-prefeitura-e-profissionais-da-educacao-de-alagoinhas\/#mainImage"},"datePublished":"2022-01-20T18:57:54-03:00","dateModified":"2022-01-20T18:57:54-03:00"},{"@type":"WebSite","@id":"https:\/\/newsinfoco.com.br\/inicio\/#website","url":"https:\/\/newsinfoco.com.br\/inicio\/","name":"News In Foco - Editado por Caio Pimenta","description":"O principal site de noticias de Alagoinhas e regi\u00e3o","inLanguage":"pt-BR","publisher":{"@id":"https:\/\/newsinfoco.com.br\/inicio\/#organization"}}]},"og:locale":"pt_BR","og:site_name":"News In Foco - Editado por Caio Pimenta - O principal site de noticias de Alagoinhas e regi\u00e3o","og:type":"article","og:title":"Pagamento dos precat\u00f3rios do Fundef \u00e9 pauta de encontro entre Prefeitura e profissionais da Educa\u00e7\u00e3o de Alagoinhas - News In Foco - Editado por Caio Pimenta","og:description":"Com objetivo de manter a mesma rela\u00e7\u00e3o de transpar\u00eancia e valoriza\u00e7\u00e3o dos servidores municipais implantada desde 2017, ainda no primeiro ano de mandato do prefeito Joaquim Neto, nesta quinta-feira (20), a gest\u00e3o municipal, representada pelo Procurador-Geral, James Gaut\u00e9rio, os secret\u00e1rios de Governo, Jorge da Farinha, de Educa\u00e7\u00e3o, Gustavo Carmo, e a Controladora do Munic\u00edpio, Leila","og:url":"https:\/\/newsinfoco.com.br\/inicio\/pagamento-dos-precatorios-do-fundef-e-pauta-de-encontro-entre-prefeitura-e-profissionais-da-educacao-de-alagoinhas\/","article:published_time":"2022-01-20T21:57:54+00:00","article:modified_time":"2022-01-20T21:57:54+00:00","twitter:card":"summary_large_image","twitter:title":"Pagamento dos precat\u00f3rios do Fundef \u00e9 pauta de encontro entre Prefeitura e profissionais da Educa\u00e7\u00e3o de Alagoinhas - News In Foco - Editado por Caio Pimenta","twitter:description":"Com objetivo de manter a mesma rela\u00e7\u00e3o de transpar\u00eancia e valoriza\u00e7\u00e3o dos servidores municipais implantada desde 2017, ainda no primeiro ano de mandato do prefeito Joaquim Neto, nesta quinta-feira (20), a gest\u00e3o municipal, representada pelo Procurador-Geral, James Gaut\u00e9rio, os secret\u00e1rios de Governo, Jorge da Farinha, de Educa\u00e7\u00e3o, Gustavo Carmo, e a Controladora do Munic\u00edpio, Leila"},"aioseo_meta_data":{"post_id":"28403","title":null,"description":null,"keywords":null,"keyphrases":null,"primary_term":null,"canonical_url":null,"og_title":null,"og_description":null,"og_object_type":"default","og_image_type":"default","og_image_url":null,"og_image_width":null,"og_image_height":null,"og_image_custom_url":null,"og_image_custom_fields":null,"og_video":null,"og_custom_url":null,"og_article_section":null,"og_article_tags":null,"twitter_use_og":false,"twitter_card":"default","twitter_image_type":"default","twitter_image_url":null,"twitter_image_custom_url":null,"twitter_image_custom_fields":null,"twitter_title":null,"twitter_description":null,"schema":{"blockGraphs":[],"customGraphs":[],"default":{"data":{"Article":[],"Course":[],"Dataset":[],"FAQPage":[],"Movie":[],"Person":[],"Product":[],"ProductReview":[],"Car":[],"Recipe":[],"Service":[],"SoftwareApplication":[],"WebPage":[]},"graphName":"","isEnabled":true},"graphs":[]},"schema_type":"default","schema_type_options":null,"pillar_content":false,"robots_default":true,"robots_noindex":false,"robots_noarchive":false,"robots_nosnippet":false,"robots_nofollow":false,"robots_noimageindex":false,"robots_noodp":false,"robots_notranslate":false,"robots_max_snippet":null,"robots_max_videopreview":null,"robots_max_imagepreview":"large","priority":null,"frequency":null,"local_seo":null,"breadcrumb_settings":null,"limit_modified_date":false,"ai":null,"created":"2023-06-12 20:29:12","updated":"2025-07-11 06:41:49","seo_analyzer_scan_date":null},"aioseo_breadcrumb":"<div class=\"aioseo-breadcrumbs\"><span class=\"aioseo-breadcrumb\">\n\t\t\t<a href=\"https:\/\/newsinfoco.com.br\/inicio\" title=\"In\u00edcio\">In\u00edcio<\/a>\n\t\t<\/span><span class=\"aioseo-breadcrumb-separator\">&raquo;<\/span><span class=\"aioseo-breadcrumb\">\n\t\t\t<a href=\"https:\/\/newsinfoco.com.br\/inicio\/category\/alagoinhas-e-regiao\/\" title=\"Alagoinhas e Regi\u00e3o\">Alagoinhas e Regi\u00e3o<\/a>\n\t\t<\/span><span class=\"aioseo-breadcrumb-separator\">&raquo;<\/span><span class=\"aioseo-breadcrumb\">\n\t\t\tPagamento dos precat\u00f3rios do Fundef \u00e9 pauta de encontro entre Prefeitura e profissionais da Educa\u00e7\u00e3o de Alagoinhas\n\t\t<\/span><\/div>","aioseo_breadcrumb_json":[{"label":"In\u00edcio","link":"https:\/\/newsinfoco.com.br\/inicio"},{"label":"Alagoinhas e Regi\u00e3o","link":"https:\/\/newsinfoco.com.br\/inicio\/category\/alagoinhas-e-regiao\/"},{"label":"Pagamento dos precat\u00f3rios do Fundef \u00e9 pauta de encontro entre Prefeitura e profissionais da Educa\u00e7\u00e3o de Alagoinhas","link":"https:\/\/newsinfoco.com.br\/inicio\/pagamento-dos-precatorios-do-fundef-e-pauta-de-encontro-entre-prefeitura-e-profissionais-da-educacao-de-alagoinhas\/"}],"_links":{"self":[{"href":"https:\/\/newsinfoco.com.br\/inicio\/wp-json\/wp\/v2\/posts\/28403","targetHints":{"allow":["GET"]}}],"collection":[{"href":"https:\/\/newsinfoco.com.br\/inicio\/wp-json\/wp\/v2\/posts"}],"about":[{"href":"https:\/\/newsinfoco.com.br\/inicio\/wp-json\/wp\/v2\/types\/post"}],"author":[{"embeddable":true,"href":"https:\/\/newsinfoco.com.br\/inicio\/wp-json\/wp\/v2\/users\/1"}],"replies":[{"embeddable":true,"href":"https:\/\/newsinfoco.com.br\/inicio\/wp-json\/wp\/v2\/comments?post=28403"}],"version-history":[{"count":1,"href":"https:\/\/newsinfoco.com.br\/inicio\/wp-json\/wp\/v2\/posts\/28403\/revisions"}],"predecessor-version":[{"id":28405,"href":"https:\/\/newsinfoco.com.br\/inicio\/wp-json\/wp\/v2\/posts\/28403\/revisions\/28405"}],"wp:featuredmedia":[{"embeddable":true,"href":"https:\/\/newsinfoco.com.br\/inicio\/wp-json\/wp\/v2\/media\/28404"}],"wp:attachment":[{"href":"https:\/\/newsinfoco.com.br\/inicio\/wp-json\/wp\/v2\/media?parent=28403"}],"wp:term":[{"taxonomy":"category","embeddable":true,"href":"https:\/\/newsinfoco.com.br\/inicio\/wp-json\/wp\/v2\/categories?post=28403"},{"taxonomy":"post_tag","embeddable":true,"href":"https:\/\/newsinfoco.com.br\/inicio\/wp-json\/wp\/v2\/tags?post=28403"}],"curies":[{"name":"wp","href":"https:\/\/api.w.org\/{rel}","templated":true}]}}