{"id":28413,"date":"2022-01-21T10:16:25","date_gmt":"2022-01-21T13:16:25","guid":{"rendered":"https:\/\/newsinfoco.com.br\/inicio\/?p=28413"},"modified":"2022-01-21T10:16:25","modified_gmt":"2022-01-21T13:16:25","slug":"funcionarios-do-transporte-coletivo-de-alagoinhas-recebem-treinamento-sobre-o-sistema-de-integracao-de-linhas","status":"publish","type":"post","link":"https:\/\/newsinfoco.com.br\/inicio\/funcionarios-do-transporte-coletivo-de-alagoinhas-recebem-treinamento-sobre-o-sistema-de-integracao-de-linhas\/","title":{"rendered":"Funcion\u00e1rios do transporte coletivo de Alagoinhas recebem treinamento sobre o sistema de integra\u00e7\u00e3o de linhas"},"content":{"rendered":"<p>Motoristas, cobradores e despachantes do transporte coletivo do munic\u00edpio, participaram de capacita\u00e7\u00e3o sobre o funcionamento e operacionaliza\u00e7\u00e3o do sistema de integra\u00e7\u00e3o de linhas que est\u00e1 sendo implantado no munic\u00edpio, com data de in\u00edcio nesta segunda-feira (24). Promovida pela Superintend\u00eancia de Transporte e Tr\u00e2nsito (SMTT), em parceria com a ATP, empresa concession\u00e1ria do servi\u00e7o em Alagoinhas, o treinamento reuniu os profissionais nesta\u00a0quinta-feira (20), no Hotel Absolar, com equipes divididas em dois turnos,\u00a0 das 8h \u00e0s 12h\u00a0 e das 14h \u00e0s 17h.<\/p>\n<p>O objetivo foi que os profissionais estejam preparados e seguros para garantir a efic\u00e1cia do atendimento, e saber orientar os usu\u00e1rios sobre todas as mudan\u00e7as favor\u00e1veis que ser\u00e3o proporcionadas com o novo sistema.<\/p>\n<p><a href=\"https:\/\/www.alagoinhas.ba.gov.br\/index.php\/funcionarios-do-transporte-coletivo-recebem-treinamento-sobre-o-sistema-de-integracao-de-linhas\/whatsapp-image-2022-01-20-at-20-53-39-1\/\" rel=\"attachment wp-att-52253\"><img loading=\"lazy\" decoding=\"async\" class=\"aligncenter size-large wp-image-52253\" src=\"https:\/\/www.alagoinhas.ba.gov.br\/wp-content\/uploads\/2022\/01\/WhatsApp-Image-2022-01-20-at-20.53.39-1-1024x768.jpeg\" sizes=\"auto, (max-width: 800px) 100vw, 800px\" srcset=\"https:\/\/www.alagoinhas.ba.gov.br\/wp-content\/uploads\/2022\/01\/WhatsApp-Image-2022-01-20-at-20.53.39-1.jpeg 1024w, https:\/\/www.alagoinhas.ba.gov.br\/wp-content\/uploads\/2022\/01\/WhatsApp-Image-2022-01-20-at-20.53.39-1-300x225.jpeg 300w, https:\/\/www.alagoinhas.ba.gov.br\/wp-content\/uploads\/2022\/01\/WhatsApp-Image-2022-01-20-at-20.53.39-1-768x576.jpeg 768w, https:\/\/www.alagoinhas.ba.gov.br\/wp-content\/uploads\/2022\/01\/WhatsApp-Image-2022-01-20-at-20.53.39-1-112x84.jpeg 112w\" alt=\"\" width=\"800\" height=\"600\" \/><\/a><\/p>\n<div class='share-to-whatsapp-wrapper'><div class='share-on-whsp'>Share on: <\/div><a data-text='Funcion\u00e1rios do transporte coletivo de Alagoinhas recebem treinamento sobre o sistema de integra\u00e7\u00e3o de linhas' data-link='https:\/\/newsinfoco.com.br\/inicio\/funcionarios-do-transporte-coletivo-de-alagoinhas-recebem-treinamento-sobre-o-sistema-de-integracao-de-linhas\/' class='whatsapp-button whatsapp-share'>WhatsApp<\/a><div class='clear '><\/div><\/div>","protected":false},"excerpt":{"rendered":"<p>Motoristas, cobradores e despachantes do transporte coletivo do munic\u00edpio, participaram de capacita\u00e7\u00e3o sobre o funcionamento e operacionaliza\u00e7\u00e3o do sistema de integra\u00e7\u00e3o de linhas que est\u00e1 sendo implantado no munic\u00edpio, com data de in\u00edcio nesta segunda-feira (24). Promovida pela Superintend\u00eancia de Transporte e Tr\u00e2nsito (SMTT), em parceria com a ATP, empresa concession\u00e1ria do servi\u00e7o em Alagoinhas, [&hellip;]<\/p>\n","protected":false},"author":1,"featured_media":28414,"comment_status":"closed","ping_status":"closed","sticky":false,"template":"","format":"standard","meta":{"om_disable_all_campaigns":false,"rop_custom_images_group":[],"rop_custom_messages_group":[],"rop_publish_now":"initial","rop_publish_now_accounts":[],"rop_publish_now_history":[],"rop_publish_now_status":"pending","_exactmetrics_skip_tracking":false,"footnotes":""},"categories":[38,167],"tags":[],"class_list":["post-28413","post","type-post","status-publish","format-standard","has-post-thumbnail","hentry","category-alagoinhas-e-regiao","category-exclusivas"],"aioseo_notices":[],"aioseo_head":"\n\t\t<!-- All in One SEO 4.9.10 - aioseo.com -->\n\t<meta name=\"description\" content=\"Motoristas, cobradores e despachantes do transporte coletivo do munic\u00edpio, participaram de capacita\u00e7\u00e3o sobre o funcionamento e operacionaliza\u00e7\u00e3o do sistema de integra\u00e7\u00e3o de linhas que est\u00e1 sendo implantado no munic\u00edpio, com data de in\u00edcio nesta segunda-feira (24). Promovida pela Superintend\u00eancia de Transporte e Tr\u00e2nsito (SMTT), em parceria com a ATP, empresa concession\u00e1ria do servi\u00e7o em Alagoinhas,\" \/>\n\t<meta name=\"robots\" content=\"max-image-preview:large\" \/>\n\t<meta name=\"author\" content=\"administrador\"\/>\n\t<link rel=\"canonical\" href=\"https:\/\/newsinfoco.com.br\/inicio\/funcionarios-do-transporte-coletivo-de-alagoinhas-recebem-treinamento-sobre-o-sistema-de-integracao-de-linhas\/\" \/>\n\t<meta name=\"generator\" content=\"All in One SEO (AIOSEO) 4.9.10\" \/>\n\t\t<meta property=\"og:locale\" content=\"pt_BR\" \/>\n\t\t<meta property=\"og:site_name\" content=\"News In Foco - Editado por Caio Pimenta - O principal site de noticias de Alagoinhas e regi\u00e3o\" \/>\n\t\t<meta property=\"og:type\" content=\"article\" \/>\n\t\t<meta property=\"og:title\" content=\"Funcion\u00e1rios do transporte coletivo de Alagoinhas recebem treinamento sobre o sistema de integra\u00e7\u00e3o de linhas - News In Foco - Editado por Caio Pimenta\" \/>\n\t\t<meta property=\"og:description\" content=\"Motoristas, cobradores e despachantes do transporte coletivo do munic\u00edpio, participaram de capacita\u00e7\u00e3o sobre o funcionamento e operacionaliza\u00e7\u00e3o do sistema de integra\u00e7\u00e3o de linhas que est\u00e1 sendo implantado no munic\u00edpio, com data de in\u00edcio nesta segunda-feira (24). Promovida pela Superintend\u00eancia de Transporte e Tr\u00e2nsito (SMTT), em parceria com a ATP, empresa concession\u00e1ria do servi\u00e7o em Alagoinhas,\" \/>\n\t\t<meta property=\"og:url\" content=\"https:\/\/newsinfoco.com.br\/inicio\/funcionarios-do-transporte-coletivo-de-alagoinhas-recebem-treinamento-sobre-o-sistema-de-integracao-de-linhas\/\" \/>\n\t\t<meta property=\"article:published_time\" content=\"2022-01-21T13:16:25+00:00\" \/>\n\t\t<meta property=\"article:modified_time\" content=\"2022-01-21T13:16:25+00:00\" \/>\n\t\t<meta name=\"twitter:card\" content=\"summary_large_image\" \/>\n\t\t<meta name=\"twitter:title\" content=\"Funcion\u00e1rios do transporte coletivo de Alagoinhas recebem treinamento sobre o sistema de integra\u00e7\u00e3o de linhas - News In Foco - Editado por Caio Pimenta\" \/>\n\t\t<meta name=\"twitter:description\" content=\"Motoristas, cobradores e despachantes do transporte coletivo do munic\u00edpio, participaram de capacita\u00e7\u00e3o sobre o funcionamento e operacionaliza\u00e7\u00e3o do sistema de integra\u00e7\u00e3o de linhas que est\u00e1 sendo implantado no munic\u00edpio, com data de in\u00edcio nesta segunda-feira (24). Promovida pela Superintend\u00eancia de Transporte e Tr\u00e2nsito (SMTT), em parceria com a ATP, empresa concession\u00e1ria do servi\u00e7o em Alagoinhas,\" \/>\n\t\t<script type=\"application\/ld+json\" class=\"aioseo-schema\">\n\t\t\t{\"@context\":\"https:\\\/\\\/schema.org\",\"@graph\":[{\"@type\":\"BlogPosting\",\"@id\":\"https:\\\/\\\/newsinfoco.com.br\\\/inicio\\\/funcionarios-do-transporte-coletivo-de-alagoinhas-recebem-treinamento-sobre-o-sistema-de-integracao-de-linhas\\\/#blogposting\",\"name\":\"Funcion\\u00e1rios do transporte coletivo de Alagoinhas recebem treinamento sobre o sistema de integra\\u00e7\\u00e3o de linhas - News In Foco - Editado por Caio Pimenta\",\"headline\":\"Funcion\\u00e1rios do transporte coletivo de Alagoinhas recebem treinamento sobre o sistema de integra\\u00e7\\u00e3o de linhas\",\"author\":{\"@id\":\"https:\\\/\\\/newsinfoco.com.br\\\/inicio\\\/author\\\/administrador\\\/#author\"},\"publisher\":{\"@id\":\"https:\\\/\\\/newsinfoco.com.br\\\/inicio\\\/#organization\"},\"image\":{\"@type\":\"ImageObject\",\"url\":\"https:\\\/\\\/newsinfoco.com.br\\\/inicio\\\/wp-content\\\/uploads\\\/2022\\\/01\\\/WhatsApp-Image-2022-01-20-at-20.53.39.jpeg\",\"width\":1024,\"height\":768},\"datePublished\":\"2022-01-21T10:16:25-03:00\",\"dateModified\":\"2022-01-21T10:16:25-03:00\",\"inLanguage\":\"pt-BR\",\"mainEntityOfPage\":{\"@id\":\"https:\\\/\\\/newsinfoco.com.br\\\/inicio\\\/funcionarios-do-transporte-coletivo-de-alagoinhas-recebem-treinamento-sobre-o-sistema-de-integracao-de-linhas\\\/#webpage\"},\"isPartOf\":{\"@id\":\"https:\\\/\\\/newsinfoco.com.br\\\/inicio\\\/funcionarios-do-transporte-coletivo-de-alagoinhas-recebem-treinamento-sobre-o-sistema-de-integracao-de-linhas\\\/#webpage\"},\"articleSection\":\"Alagoinhas e Regi\\u00e3o, Manchete\"},{\"@type\":\"BreadcrumbList\",\"@id\":\"https:\\\/\\\/newsinfoco.com.br\\\/inicio\\\/funcionarios-do-transporte-coletivo-de-alagoinhas-recebem-treinamento-sobre-o-sistema-de-integracao-de-linhas\\\/#breadcrumblist\",\"itemListElement\":[{\"@type\":\"ListItem\",\"@id\":\"https:\\\/\\\/newsinfoco.com.br\\\/inicio#listItem\",\"position\":1,\"name\":\"In\\u00edcio\",\"item\":\"https:\\\/\\\/newsinfoco.com.br\\\/inicio\",\"nextItem\":{\"@type\":\"ListItem\",\"@id\":\"https:\\\/\\\/newsinfoco.com.br\\\/inicio\\\/category\\\/alagoinhas-e-regiao\\\/#listItem\",\"name\":\"Alagoinhas e Regi\\u00e3o\"}},{\"@type\":\"ListItem\",\"@id\":\"https:\\\/\\\/newsinfoco.com.br\\\/inicio\\\/category\\\/alagoinhas-e-regiao\\\/#listItem\",\"position\":2,\"name\":\"Alagoinhas e Regi\\u00e3o\",\"item\":\"https:\\\/\\\/newsinfoco.com.br\\\/inicio\\\/category\\\/alagoinhas-e-regiao\\\/\",\"nextItem\":{\"@type\":\"ListItem\",\"@id\":\"https:\\\/\\\/newsinfoco.com.br\\\/inicio\\\/funcionarios-do-transporte-coletivo-de-alagoinhas-recebem-treinamento-sobre-o-sistema-de-integracao-de-linhas\\\/#listItem\",\"name\":\"Funcion\\u00e1rios do transporte coletivo de Alagoinhas recebem treinamento sobre o sistema de integra\\u00e7\\u00e3o de linhas\"},\"previousItem\":{\"@type\":\"ListItem\",\"@id\":\"https:\\\/\\\/newsinfoco.com.br\\\/inicio#listItem\",\"name\":\"In\\u00edcio\"}},{\"@type\":\"ListItem\",\"@id\":\"https:\\\/\\\/newsinfoco.com.br\\\/inicio\\\/funcionarios-do-transporte-coletivo-de-alagoinhas-recebem-treinamento-sobre-o-sistema-de-integracao-de-linhas\\\/#listItem\",\"position\":3,\"name\":\"Funcion\\u00e1rios do transporte coletivo de Alagoinhas recebem treinamento sobre o sistema de integra\\u00e7\\u00e3o de linhas\",\"previousItem\":{\"@type\":\"ListItem\",\"@id\":\"https:\\\/\\\/newsinfoco.com.br\\\/inicio\\\/category\\\/alagoinhas-e-regiao\\\/#listItem\",\"name\":\"Alagoinhas e Regi\\u00e3o\"}}]},{\"@type\":\"Organization\",\"@id\":\"https:\\\/\\\/newsinfoco.com.br\\\/inicio\\\/#organization\",\"name\":\"News In Foco - Editado por Caio Pimenta\",\"description\":\"O principal site de noticias de Alagoinhas e regi\\u00e3o\",\"url\":\"https:\\\/\\\/newsinfoco.com.br\\\/inicio\\\/\"},{\"@type\":\"Person\",\"@id\":\"https:\\\/\\\/newsinfoco.com.br\\\/inicio\\\/author\\\/administrador\\\/#author\",\"url\":\"https:\\\/\\\/newsinfoco.com.br\\\/inicio\\\/author\\\/administrador\\\/\",\"name\":\"administrador\",\"image\":{\"@type\":\"ImageObject\",\"@id\":\"https:\\\/\\\/newsinfoco.com.br\\\/inicio\\\/funcionarios-do-transporte-coletivo-de-alagoinhas-recebem-treinamento-sobre-o-sistema-de-integracao-de-linhas\\\/#authorImage\",\"url\":\"https:\\\/\\\/secure.gravatar.com\\\/avatar\\\/c17a617433de8c1dc9584bb79aab7563b46f5bb7e1728c9b17d9cc3ce6a08e49?s=96&d=mm&r=g\",\"width\":96,\"height\":96,\"caption\":\"administrador\"}},{\"@type\":\"WebPage\",\"@id\":\"https:\\\/\\\/newsinfoco.com.br\\\/inicio\\\/funcionarios-do-transporte-coletivo-de-alagoinhas-recebem-treinamento-sobre-o-sistema-de-integracao-de-linhas\\\/#webpage\",\"url\":\"https:\\\/\\\/newsinfoco.com.br\\\/inicio\\\/funcionarios-do-transporte-coletivo-de-alagoinhas-recebem-treinamento-sobre-o-sistema-de-integracao-de-linhas\\\/\",\"name\":\"Funcion\\u00e1rios do transporte coletivo de Alagoinhas recebem treinamento sobre o sistema de integra\\u00e7\\u00e3o de linhas - News In Foco - Editado por Caio Pimenta\",\"description\":\"Motoristas, cobradores e despachantes do transporte coletivo do munic\\u00edpio, participaram de capacita\\u00e7\\u00e3o sobre o funcionamento e operacionaliza\\u00e7\\u00e3o do sistema de integra\\u00e7\\u00e3o de linhas que est\\u00e1 sendo implantado no munic\\u00edpio, com data de in\\u00edcio nesta segunda-feira (24). Promovida pela Superintend\\u00eancia de Transporte e Tr\\u00e2nsito (SMTT), em parceria com a ATP, empresa concession\\u00e1ria do servi\\u00e7o em Alagoinhas,\",\"inLanguage\":\"pt-BR\",\"isPartOf\":{\"@id\":\"https:\\\/\\\/newsinfoco.com.br\\\/inicio\\\/#website\"},\"breadcrumb\":{\"@id\":\"https:\\\/\\\/newsinfoco.com.br\\\/inicio\\\/funcionarios-do-transporte-coletivo-de-alagoinhas-recebem-treinamento-sobre-o-sistema-de-integracao-de-linhas\\\/#breadcrumblist\"},\"author\":{\"@id\":\"https:\\\/\\\/newsinfoco.com.br\\\/inicio\\\/author\\\/administrador\\\/#author\"},\"creator\":{\"@id\":\"https:\\\/\\\/newsinfoco.com.br\\\/inicio\\\/author\\\/administrador\\\/#author\"},\"image\":{\"@type\":\"ImageObject\",\"url\":\"https:\\\/\\\/newsinfoco.com.br\\\/inicio\\\/wp-content\\\/uploads\\\/2022\\\/01\\\/WhatsApp-Image-2022-01-20-at-20.53.39.jpeg\",\"@id\":\"https:\\\/\\\/newsinfoco.com.br\\\/inicio\\\/funcionarios-do-transporte-coletivo-de-alagoinhas-recebem-treinamento-sobre-o-sistema-de-integracao-de-linhas\\\/#mainImage\",\"width\":1024,\"height\":768},\"primaryImageOfPage\":{\"@id\":\"https:\\\/\\\/newsinfoco.com.br\\\/inicio\\\/funcionarios-do-transporte-coletivo-de-alagoinhas-recebem-treinamento-sobre-o-sistema-de-integracao-de-linhas\\\/#mainImage\"},\"datePublished\":\"2022-01-21T10:16:25-03:00\",\"dateModified\":\"2022-01-21T10:16:25-03:00\"},{\"@type\":\"WebSite\",\"@id\":\"https:\\\/\\\/newsinfoco.com.br\\\/inicio\\\/#website\",\"url\":\"https:\\\/\\\/newsinfoco.com.br\\\/inicio\\\/\",\"name\":\"News In Foco - Editado por Caio Pimenta\",\"description\":\"O principal site de noticias de Alagoinhas e regi\\u00e3o\",\"inLanguage\":\"pt-BR\",\"publisher\":{\"@id\":\"https:\\\/\\\/newsinfoco.com.br\\\/inicio\\\/#organization\"}}]}\n\t\t<\/script>\n\t\t<!-- All in One SEO -->\n\n","aioseo_head_json":{"title":"Funcion\u00e1rios do transporte coletivo de Alagoinhas recebem treinamento sobre o sistema de integra\u00e7\u00e3o de linhas - News In Foco - Editado por Caio Pimenta","description":"Motoristas, cobradores e despachantes do transporte coletivo do munic\u00edpio, participaram de capacita\u00e7\u00e3o sobre o funcionamento e operacionaliza\u00e7\u00e3o do sistema de integra\u00e7\u00e3o de linhas que est\u00e1 sendo implantado no munic\u00edpio, com data de in\u00edcio nesta segunda-feira (24). Promovida pela Superintend\u00eancia de Transporte e Tr\u00e2nsito (SMTT), em parceria com a ATP, empresa concession\u00e1ria do servi\u00e7o em Alagoinhas,","canonical_url":"https:\/\/newsinfoco.com.br\/inicio\/funcionarios-do-transporte-coletivo-de-alagoinhas-recebem-treinamento-sobre-o-sistema-de-integracao-de-linhas\/","robots":"max-image-preview:large","keywords":"","webmasterTools":{"miscellaneous":""},"schema":{"@context":"https:\/\/schema.org","@graph":[{"@type":"BlogPosting","@id":"https:\/\/newsinfoco.com.br\/inicio\/funcionarios-do-transporte-coletivo-de-alagoinhas-recebem-treinamento-sobre-o-sistema-de-integracao-de-linhas\/#blogposting","name":"Funcion\u00e1rios do transporte coletivo de Alagoinhas recebem treinamento sobre o sistema de integra\u00e7\u00e3o de linhas - News In Foco - Editado por Caio Pimenta","headline":"Funcion\u00e1rios do transporte coletivo de Alagoinhas recebem treinamento sobre o sistema de integra\u00e7\u00e3o de linhas","author":{"@id":"https:\/\/newsinfoco.com.br\/inicio\/author\/administrador\/#author"},"publisher":{"@id":"https:\/\/newsinfoco.com.br\/inicio\/#organization"},"image":{"@type":"ImageObject","url":"https:\/\/newsinfoco.com.br\/inicio\/wp-content\/uploads\/2022\/01\/WhatsApp-Image-2022-01-20-at-20.53.39.jpeg","width":1024,"height":768},"datePublished":"2022-01-21T10:16:25-03:00","dateModified":"2022-01-21T10:16:25-03:00","inLanguage":"pt-BR","mainEntityOfPage":{"@id":"https:\/\/newsinfoco.com.br\/inicio\/funcionarios-do-transporte-coletivo-de-alagoinhas-recebem-treinamento-sobre-o-sistema-de-integracao-de-linhas\/#webpage"},"isPartOf":{"@id":"https:\/\/newsinfoco.com.br\/inicio\/funcionarios-do-transporte-coletivo-de-alagoinhas-recebem-treinamento-sobre-o-sistema-de-integracao-de-linhas\/#webpage"},"articleSection":"Alagoinhas e Regi\u00e3o, Manchete"},{"@type":"BreadcrumbList","@id":"https:\/\/newsinfoco.com.br\/inicio\/funcionarios-do-transporte-coletivo-de-alagoinhas-recebem-treinamento-sobre-o-sistema-de-integracao-de-linhas\/#breadcrumblist","itemListElement":[{"@type":"ListItem","@id":"https:\/\/newsinfoco.com.br\/inicio#listItem","position":1,"name":"In\u00edcio","item":"https:\/\/newsinfoco.com.br\/inicio","nextItem":{"@type":"ListItem","@id":"https:\/\/newsinfoco.com.br\/inicio\/category\/alagoinhas-e-regiao\/#listItem","name":"Alagoinhas e Regi\u00e3o"}},{"@type":"ListItem","@id":"https:\/\/newsinfoco.com.br\/inicio\/category\/alagoinhas-e-regiao\/#listItem","position":2,"name":"Alagoinhas e Regi\u00e3o","item":"https:\/\/newsinfoco.com.br\/inicio\/category\/alagoinhas-e-regiao\/","nextItem":{"@type":"ListItem","@id":"https:\/\/newsinfoco.com.br\/inicio\/funcionarios-do-transporte-coletivo-de-alagoinhas-recebem-treinamento-sobre-o-sistema-de-integracao-de-linhas\/#listItem","name":"Funcion\u00e1rios do transporte coletivo de Alagoinhas recebem treinamento sobre o sistema de integra\u00e7\u00e3o de linhas"},"previousItem":{"@type":"ListItem","@id":"https:\/\/newsinfoco.com.br\/inicio#listItem","name":"In\u00edcio"}},{"@type":"ListItem","@id":"https:\/\/newsinfoco.com.br\/inicio\/funcionarios-do-transporte-coletivo-de-alagoinhas-recebem-treinamento-sobre-o-sistema-de-integracao-de-linhas\/#listItem","position":3,"name":"Funcion\u00e1rios do transporte coletivo de Alagoinhas recebem treinamento sobre o sistema de integra\u00e7\u00e3o de linhas","previousItem":{"@type":"ListItem","@id":"https:\/\/newsinfoco.com.br\/inicio\/category\/alagoinhas-e-regiao\/#listItem","name":"Alagoinhas e Regi\u00e3o"}}]},{"@type":"Organization","@id":"https:\/\/newsinfoco.com.br\/inicio\/#organization","name":"News In Foco - Editado por Caio Pimenta","description":"O principal site de noticias de Alagoinhas e regi\u00e3o","url":"https:\/\/newsinfoco.com.br\/inicio\/"},{"@type":"Person","@id":"https:\/\/newsinfoco.com.br\/inicio\/author\/administrador\/#author","url":"https:\/\/newsinfoco.com.br\/inicio\/author\/administrador\/","name":"administrador","image":{"@type":"ImageObject","@id":"https:\/\/newsinfoco.com.br\/inicio\/funcionarios-do-transporte-coletivo-de-alagoinhas-recebem-treinamento-sobre-o-sistema-de-integracao-de-linhas\/#authorImage","url":"https:\/\/secure.gravatar.com\/avatar\/c17a617433de8c1dc9584bb79aab7563b46f5bb7e1728c9b17d9cc3ce6a08e49?s=96&d=mm&r=g","width":96,"height":96,"caption":"administrador"}},{"@type":"WebPage","@id":"https:\/\/newsinfoco.com.br\/inicio\/funcionarios-do-transporte-coletivo-de-alagoinhas-recebem-treinamento-sobre-o-sistema-de-integracao-de-linhas\/#webpage","url":"https:\/\/newsinfoco.com.br\/inicio\/funcionarios-do-transporte-coletivo-de-alagoinhas-recebem-treinamento-sobre-o-sistema-de-integracao-de-linhas\/","name":"Funcion\u00e1rios do transporte coletivo de Alagoinhas recebem treinamento sobre o sistema de integra\u00e7\u00e3o de linhas - News In Foco - Editado por Caio Pimenta","description":"Motoristas, cobradores e despachantes do transporte coletivo do munic\u00edpio, participaram de capacita\u00e7\u00e3o sobre o funcionamento e operacionaliza\u00e7\u00e3o do sistema de integra\u00e7\u00e3o de linhas que est\u00e1 sendo implantado no munic\u00edpio, com data de in\u00edcio nesta segunda-feira (24). Promovida pela Superintend\u00eancia de Transporte e Tr\u00e2nsito (SMTT), em parceria com a ATP, empresa concession\u00e1ria do servi\u00e7o em Alagoinhas,","inLanguage":"pt-BR","isPartOf":{"@id":"https:\/\/newsinfoco.com.br\/inicio\/#website"},"breadcrumb":{"@id":"https:\/\/newsinfoco.com.br\/inicio\/funcionarios-do-transporte-coletivo-de-alagoinhas-recebem-treinamento-sobre-o-sistema-de-integracao-de-linhas\/#breadcrumblist"},"author":{"@id":"https:\/\/newsinfoco.com.br\/inicio\/author\/administrador\/#author"},"creator":{"@id":"https:\/\/newsinfoco.com.br\/inicio\/author\/administrador\/#author"},"image":{"@type":"ImageObject","url":"https:\/\/newsinfoco.com.br\/inicio\/wp-content\/uploads\/2022\/01\/WhatsApp-Image-2022-01-20-at-20.53.39.jpeg","@id":"https:\/\/newsinfoco.com.br\/inicio\/funcionarios-do-transporte-coletivo-de-alagoinhas-recebem-treinamento-sobre-o-sistema-de-integracao-de-linhas\/#mainImage","width":1024,"height":768},"primaryImageOfPage":{"@id":"https:\/\/newsinfoco.com.br\/inicio\/funcionarios-do-transporte-coletivo-de-alagoinhas-recebem-treinamento-sobre-o-sistema-de-integracao-de-linhas\/#mainImage"},"datePublished":"2022-01-21T10:16:25-03:00","dateModified":"2022-01-21T10:16:25-03:00"},{"@type":"WebSite","@id":"https:\/\/newsinfoco.com.br\/inicio\/#website","url":"https:\/\/newsinfoco.com.br\/inicio\/","name":"News In Foco - Editado por Caio Pimenta","description":"O principal site de noticias de Alagoinhas e regi\u00e3o","inLanguage":"pt-BR","publisher":{"@id":"https:\/\/newsinfoco.com.br\/inicio\/#organization"}}]},"og:locale":"pt_BR","og:site_name":"News In Foco - Editado por Caio Pimenta - O principal site de noticias de Alagoinhas e regi\u00e3o","og:type":"article","og:title":"Funcion\u00e1rios do transporte coletivo de Alagoinhas recebem treinamento sobre o sistema de integra\u00e7\u00e3o de linhas - News In Foco - Editado por Caio Pimenta","og:description":"Motoristas, cobradores e despachantes do transporte coletivo do munic\u00edpio, participaram de capacita\u00e7\u00e3o sobre o funcionamento e operacionaliza\u00e7\u00e3o do sistema de integra\u00e7\u00e3o de linhas que est\u00e1 sendo implantado no munic\u00edpio, com data de in\u00edcio nesta segunda-feira (24). Promovida pela Superintend\u00eancia de Transporte e Tr\u00e2nsito (SMTT), em parceria com a ATP, empresa concession\u00e1ria do servi\u00e7o em Alagoinhas,","og:url":"https:\/\/newsinfoco.com.br\/inicio\/funcionarios-do-transporte-coletivo-de-alagoinhas-recebem-treinamento-sobre-o-sistema-de-integracao-de-linhas\/","article:published_time":"2022-01-21T13:16:25+00:00","article:modified_time":"2022-01-21T13:16:25+00:00","twitter:card":"summary_large_image","twitter:title":"Funcion\u00e1rios do transporte coletivo de Alagoinhas recebem treinamento sobre o sistema de integra\u00e7\u00e3o de linhas - News In Foco - Editado por Caio Pimenta","twitter:description":"Motoristas, cobradores e despachantes do transporte coletivo do munic\u00edpio, participaram de capacita\u00e7\u00e3o sobre o funcionamento e operacionaliza\u00e7\u00e3o do sistema de integra\u00e7\u00e3o de linhas que est\u00e1 sendo implantado no munic\u00edpio, com data de in\u00edcio nesta segunda-feira (24). Promovida pela Superintend\u00eancia de Transporte e Tr\u00e2nsito (SMTT), em parceria com a ATP, empresa concession\u00e1ria do servi\u00e7o em Alagoinhas,"},"aioseo_meta_data":{"post_id":"28413","title":null,"description":null,"keywords":null,"keyphrases":null,"primary_term":null,"canonical_url":null,"og_title":null,"og_description":null,"og_object_type":"default","og_image_type":"default","og_image_url":null,"og_image_width":null,"og_image_height":null,"og_image_custom_url":null,"og_image_custom_fields":null,"og_video":null,"og_custom_url":null,"og_article_section":null,"og_article_tags":null,"twitter_use_og":false,"twitter_card":"default","twitter_image_type":"default","twitter_image_url":null,"twitter_image_custom_url":null,"twitter_image_custom_fields":null,"twitter_title":null,"twitter_description":null,"schema":{"blockGraphs":[],"customGraphs":[],"default":{"data":{"Article":[],"Course":[],"Dataset":[],"FAQPage":[],"Movie":[],"Person":[],"Product":[],"ProductReview":[],"Car":[],"Recipe":[],"Service":[],"SoftwareApplication":[],"WebPage":[]},"graphName":"","isEnabled":true},"graphs":[]},"schema_type":"default","schema_type_options":null,"pillar_content":false,"robots_default":true,"robots_noindex":false,"robots_noarchive":false,"robots_nosnippet":false,"robots_nofollow":false,"robots_noimageindex":false,"robots_noodp":false,"robots_notranslate":false,"robots_max_snippet":null,"robots_max_videopreview":null,"robots_max_imagepreview":"large","priority":null,"frequency":null,"local_seo":null,"breadcrumb_settings":null,"limit_modified_date":false,"ai":null,"created":"2023-06-12 20:29:12","updated":"2025-07-11 06:41:49","seo_analyzer_scan_date":null},"aioseo_breadcrumb":"<div class=\"aioseo-breadcrumbs\"><span class=\"aioseo-breadcrumb\">\n\t\t\t<a href=\"https:\/\/newsinfoco.com.br\/inicio\" title=\"In\u00edcio\">In\u00edcio<\/a>\n\t\t<\/span><span class=\"aioseo-breadcrumb-separator\">&raquo;<\/span><span class=\"aioseo-breadcrumb\">\n\t\t\t<a href=\"https:\/\/newsinfoco.com.br\/inicio\/category\/alagoinhas-e-regiao\/\" title=\"Alagoinhas e Regi\u00e3o\">Alagoinhas e Regi\u00e3o<\/a>\n\t\t<\/span><span class=\"aioseo-breadcrumb-separator\">&raquo;<\/span><span class=\"aioseo-breadcrumb\">\n\t\t\tFuncion\u00e1rios do transporte coletivo de Alagoinhas recebem treinamento sobre o sistema de integra\u00e7\u00e3o de linhas\n\t\t<\/span><\/div>","aioseo_breadcrumb_json":[{"label":"In\u00edcio","link":"https:\/\/newsinfoco.com.br\/inicio"},{"label":"Alagoinhas e Regi\u00e3o","link":"https:\/\/newsinfoco.com.br\/inicio\/category\/alagoinhas-e-regiao\/"},{"label":"Funcion\u00e1rios do transporte coletivo de Alagoinhas recebem treinamento sobre o sistema de integra\u00e7\u00e3o de linhas","link":"https:\/\/newsinfoco.com.br\/inicio\/funcionarios-do-transporte-coletivo-de-alagoinhas-recebem-treinamento-sobre-o-sistema-de-integracao-de-linhas\/"}],"_links":{"self":[{"href":"https:\/\/newsinfoco.com.br\/inicio\/wp-json\/wp\/v2\/posts\/28413","targetHints":{"allow":["GET"]}}],"collection":[{"href":"https:\/\/newsinfoco.com.br\/inicio\/wp-json\/wp\/v2\/posts"}],"about":[{"href":"https:\/\/newsinfoco.com.br\/inicio\/wp-json\/wp\/v2\/types\/post"}],"author":[{"embeddable":true,"href":"https:\/\/newsinfoco.com.br\/inicio\/wp-json\/wp\/v2\/users\/1"}],"replies":[{"embeddable":true,"href":"https:\/\/newsinfoco.com.br\/inicio\/wp-json\/wp\/v2\/comments?post=28413"}],"version-history":[{"count":1,"href":"https:\/\/newsinfoco.com.br\/inicio\/wp-json\/wp\/v2\/posts\/28413\/revisions"}],"predecessor-version":[{"id":28415,"href":"https:\/\/newsinfoco.com.br\/inicio\/wp-json\/wp\/v2\/posts\/28413\/revisions\/28415"}],"wp:featuredmedia":[{"embeddable":true,"href":"https:\/\/newsinfoco.com.br\/inicio\/wp-json\/wp\/v2\/media\/28414"}],"wp:attachment":[{"href":"https:\/\/newsinfoco.com.br\/inicio\/wp-json\/wp\/v2\/media?parent=28413"}],"wp:term":[{"taxonomy":"category","embeddable":true,"href":"https:\/\/newsinfoco.com.br\/inicio\/wp-json\/wp\/v2\/categories?post=28413"},{"taxonomy":"post_tag","embeddable":true,"href":"https:\/\/newsinfoco.com.br\/inicio\/wp-json\/wp\/v2\/tags?post=28413"}],"curies":[{"name":"wp","href":"https:\/\/api.w.org\/{rel}","templated":true}]}}