{"id":28435,"date":"2022-01-22T10:26:42","date_gmt":"2022-01-22T13:26:42","guid":{"rendered":"https:\/\/newsinfoco.com.br\/inicio\/?p=28435"},"modified":"2022-01-22T10:26:42","modified_gmt":"2022-01-22T13:26:42","slug":"lula-e-ciro-disputam-apoio-da-ex-ministra-marina-silva-na-eleicao","status":"publish","type":"post","link":"https:\/\/newsinfoco.com.br\/inicio\/lula-e-ciro-disputam-apoio-da-ex-ministra-marina-silva-na-eleicao\/","title":{"rendered":"Lula e Ciro disputam apoio da ex-ministra Marina Silva na elei\u00e7\u00e3o"},"content":{"rendered":"<p>O pr\u00e9-candidato do PDT \u00e0 Presid\u00eancia, o ex-ministro Ciro Gomes, e o ex-presidente Luiz In\u00e1cio Lula da Silva, apontado como nome do PT na elei\u00e7\u00e3o presidencial, disputam o apoio da ex-ministra Marina Silva (Rede). O pedetista \u00e9 mais enf\u00e1tico e a convidou para ser sua vice \u2013 os dois mantiveram rela\u00e7\u00e3o pr\u00f3xima nos \u00faltimos anos.<\/p>\n<p>Uma eventual chapa com Marina, que obteve 1% dos votos na elei\u00e7\u00e3o em 2018, j\u00e1 tem nome: \u201cCirina\u201d. O presidente do PDT, Carlos Lupi, afirmou que tem conversado com a ex-ministra, mas disse que, por enquanto, n\u00e3o h\u00e1 uma defini\u00e7\u00e3o. \u201cN\u00e3o avan\u00e7ou. Est\u00e1 em discuss\u00e3o. N\u00e3o tem nada fechado. Tem uma discuss\u00e3o interna deles, uma divis\u00e3ozinha tamb\u00e9m (na Rede)\u201d, declarou Lupi. Na sexta (21), no lan\u00e7amento da pr\u00e9-candidatura, Ciro disse que \u201c\u00e9 cedo\u201d para falar em vice, mas elogiou a ex-ministra.<\/p>\n<p>A Rede est\u00e1 rachada. Ontem, o senador Randolfe Rodrigues (Rede-AP) se reuniu com Lula em S\u00e3o Paulo. Ele \u00e9 um dos que defendem a alian\u00e7a com o PT e tem sido o principal interlocutor entre o ex-presidente e Marina.<\/p>\n<p>A ex-ministra rompeu com Lula em 2009, por diverg\u00eancias internas no governo \u2013 ela foi ministra do Meio Ambiente. A rela\u00e7\u00e3o com o PT naufragou de vez em 2014, quando Marina foi alvo de uma agressiva campanha eleitoral elaborada pelo marqueteiro Jo\u00e3o Santana, que hoje trabalha para a campanha de Ciro Gomes.<\/p>\n<p>Marina nunca perdoou. Nos \u00faltimos anos, chamou Lula de \u201ccorrupto\u201d e tem dado declara\u00e7\u00f5es, nos \u00faltimos meses, favor\u00e1veis a uma \u201cterceira via\u201d nas elei\u00e7\u00f5es. Em entrevista mais recente ao jornal O Globo, reclamou da falta de \u201cautocr\u00edtica\u201d do PT. Ao Estad\u00e3o, interlocutores de Lula afirmam que o ex-presidente tem apostado no argumento de que ambos tiveram uma hist\u00f3ria longeva na pol\u00edtica, e que o problema principal de Marina diz respeito apenas \u00e0 campanha de Dilma Rousseff.<\/p>\n<p>Se no passado, Jo\u00e3o Santana, que chegou a ser preso por recebimento de caixa 2, dinamitou as pontes entre Marina e o PT, hoje, \u00e9 um ponto de conflito na rela\u00e7\u00e3o da ex-ministra com Ciro. O contrato de R$ 250 mil mensais com o PDT para alavancar a candidatura de Ciro ao Planalto marcou a reabilita\u00e7\u00e3o ao marketing pol\u00edtico. Em 2020, quando ainda usava tornozeleira eletr\u00f4nica, Santana disse n\u00e3o se arrepender da pe\u00e7a publicit\u00e1ria contra Marina em 2014. A ex-ministra tem criticado a aproxima\u00e7\u00e3o com Ciro. Fontes pr\u00f3ximas do ex-ministro dizem que a situa\u00e7\u00e3o pode ser contornada.<\/p>\n<p>Estadao<\/p>\n<div class='share-to-whatsapp-wrapper'><div class='share-on-whsp'>Share on: <\/div><a data-text='Lula e Ciro disputam apoio da ex-ministra Marina Silva na elei\u00e7\u00e3o' data-link='https:\/\/newsinfoco.com.br\/inicio\/lula-e-ciro-disputam-apoio-da-ex-ministra-marina-silva-na-eleicao\/' class='whatsapp-button whatsapp-share'>WhatsApp<\/a><div class='clear '><\/div><\/div>","protected":false},"excerpt":{"rendered":"<p>O pr\u00e9-candidato do PDT \u00e0 Presid\u00eancia, o ex-ministro Ciro Gomes, e o ex-presidente Luiz In\u00e1cio Lula da Silva, apontado como nome do PT na elei\u00e7\u00e3o presidencial, disputam o apoio da ex-ministra Marina Silva (Rede). O pedetista \u00e9 mais enf\u00e1tico e a convidou para ser sua vice \u2013 os dois mantiveram rela\u00e7\u00e3o pr\u00f3xima nos \u00faltimos anos. [&hellip;]<\/p>\n","protected":false},"author":1,"featured_media":10172,"comment_status":"closed","ping_status":"closed","sticky":false,"template":"","format":"standard","meta":{"om_disable_all_campaigns":false,"rop_custom_images_group":[],"rop_custom_messages_group":[],"rop_publish_now":"initial","rop_publish_now_accounts":[],"rop_publish_now_history":[],"rop_publish_now_status":"pending","_exactmetrics_skip_tracking":false,"footnotes":""},"categories":[21],"tags":[],"class_list":["post-28435","post","type-post","status-publish","format-standard","has-post-thumbnail","hentry","category-brasil"],"aioseo_notices":[],"aioseo_head":"\n\t\t<!-- All in One SEO 4.9.10 - aioseo.com -->\n\t<meta name=\"description\" content=\"O pr\u00e9-candidato do PDT \u00e0 Presid\u00eancia, o ex-ministro Ciro Gomes, e o ex-presidente Luiz In\u00e1cio Lula da Silva, apontado como nome do PT na elei\u00e7\u00e3o presidencial, disputam o apoio da ex-ministra Marina Silva (Rede). O pedetista \u00e9 mais enf\u00e1tico e a convidou para ser sua vice \u2013 os dois mantiveram rela\u00e7\u00e3o pr\u00f3xima nos \u00faltimos anos.\" \/>\n\t<meta name=\"robots\" content=\"max-image-preview:large\" \/>\n\t<meta name=\"author\" content=\"administrador\"\/>\n\t<link rel=\"canonical\" href=\"https:\/\/newsinfoco.com.br\/inicio\/lula-e-ciro-disputam-apoio-da-ex-ministra-marina-silva-na-eleicao\/\" \/>\n\t<meta name=\"generator\" content=\"All in One SEO (AIOSEO) 4.9.10\" \/>\n\t\t<meta property=\"og:locale\" content=\"pt_BR\" \/>\n\t\t<meta property=\"og:site_name\" content=\"News In Foco - Editado por Caio Pimenta - O principal site de noticias de Alagoinhas e regi\u00e3o\" \/>\n\t\t<meta property=\"og:type\" content=\"article\" \/>\n\t\t<meta property=\"og:title\" content=\"Lula e Ciro disputam apoio da ex-ministra Marina Silva na elei\u00e7\u00e3o - News In Foco - Editado por Caio Pimenta\" \/>\n\t\t<meta property=\"og:description\" content=\"O pr\u00e9-candidato do PDT \u00e0 Presid\u00eancia, o ex-ministro Ciro Gomes, e o ex-presidente Luiz In\u00e1cio Lula da Silva, apontado como nome do PT na elei\u00e7\u00e3o presidencial, disputam o apoio da ex-ministra Marina Silva (Rede). O pedetista \u00e9 mais enf\u00e1tico e a convidou para ser sua vice \u2013 os dois mantiveram rela\u00e7\u00e3o pr\u00f3xima nos \u00faltimos anos.\" \/>\n\t\t<meta property=\"og:url\" content=\"https:\/\/newsinfoco.com.br\/inicio\/lula-e-ciro-disputam-apoio-da-ex-ministra-marina-silva-na-eleicao\/\" \/>\n\t\t<meta property=\"article:published_time\" content=\"2022-01-22T13:26:42+00:00\" \/>\n\t\t<meta property=\"article:modified_time\" content=\"2022-01-22T13:26:42+00:00\" \/>\n\t\t<meta name=\"twitter:card\" content=\"summary_large_image\" \/>\n\t\t<meta name=\"twitter:title\" content=\"Lula e Ciro disputam apoio da ex-ministra Marina Silva na elei\u00e7\u00e3o - News In Foco - Editado por Caio Pimenta\" \/>\n\t\t<meta name=\"twitter:description\" content=\"O pr\u00e9-candidato do PDT \u00e0 Presid\u00eancia, o ex-ministro Ciro Gomes, e o ex-presidente Luiz In\u00e1cio Lula da Silva, apontado como nome do PT na elei\u00e7\u00e3o presidencial, disputam o apoio da ex-ministra Marina Silva (Rede). O pedetista \u00e9 mais enf\u00e1tico e a convidou para ser sua vice \u2013 os dois mantiveram rela\u00e7\u00e3o pr\u00f3xima nos \u00faltimos anos.\" \/>\n\t\t<script type=\"application\/ld+json\" class=\"aioseo-schema\">\n\t\t\t{\"@context\":\"https:\\\/\\\/schema.org\",\"@graph\":[{\"@type\":\"BlogPosting\",\"@id\":\"https:\\\/\\\/newsinfoco.com.br\\\/inicio\\\/lula-e-ciro-disputam-apoio-da-ex-ministra-marina-silva-na-eleicao\\\/#blogposting\",\"name\":\"Lula e Ciro disputam apoio da ex-ministra Marina Silva na elei\\u00e7\\u00e3o - News In Foco - Editado por Caio Pimenta\",\"headline\":\"Lula e Ciro disputam apoio da ex-ministra Marina Silva na elei\\u00e7\\u00e3o\",\"author\":{\"@id\":\"https:\\\/\\\/newsinfoco.com.br\\\/inicio\\\/author\\\/administrador\\\/#author\"},\"publisher\":{\"@id\":\"https:\\\/\\\/newsinfoco.com.br\\\/inicio\\\/#organization\"},\"image\":{\"@type\":\"ImageObject\",\"url\":\"https:\\\/\\\/newsinfoco.com.br\\\/inicio\\\/wp-content\\\/uploads\\\/2018\\\/10\\\/marina.jpg\",\"width\":590,\"height\":320},\"datePublished\":\"2022-01-22T10:26:42-03:00\",\"dateModified\":\"2022-01-22T10:26:42-03:00\",\"inLanguage\":\"pt-BR\",\"mainEntityOfPage\":{\"@id\":\"https:\\\/\\\/newsinfoco.com.br\\\/inicio\\\/lula-e-ciro-disputam-apoio-da-ex-ministra-marina-silva-na-eleicao\\\/#webpage\"},\"isPartOf\":{\"@id\":\"https:\\\/\\\/newsinfoco.com.br\\\/inicio\\\/lula-e-ciro-disputam-apoio-da-ex-ministra-marina-silva-na-eleicao\\\/#webpage\"},\"articleSection\":\"Brasil\"},{\"@type\":\"BreadcrumbList\",\"@id\":\"https:\\\/\\\/newsinfoco.com.br\\\/inicio\\\/lula-e-ciro-disputam-apoio-da-ex-ministra-marina-silva-na-eleicao\\\/#breadcrumblist\",\"itemListElement\":[{\"@type\":\"ListItem\",\"@id\":\"https:\\\/\\\/newsinfoco.com.br\\\/inicio#listItem\",\"position\":1,\"name\":\"In\\u00edcio\",\"item\":\"https:\\\/\\\/newsinfoco.com.br\\\/inicio\",\"nextItem\":{\"@type\":\"ListItem\",\"@id\":\"https:\\\/\\\/newsinfoco.com.br\\\/inicio\\\/category\\\/brasil\\\/#listItem\",\"name\":\"Brasil\"}},{\"@type\":\"ListItem\",\"@id\":\"https:\\\/\\\/newsinfoco.com.br\\\/inicio\\\/category\\\/brasil\\\/#listItem\",\"position\":2,\"name\":\"Brasil\",\"item\":\"https:\\\/\\\/newsinfoco.com.br\\\/inicio\\\/category\\\/brasil\\\/\",\"nextItem\":{\"@type\":\"ListItem\",\"@id\":\"https:\\\/\\\/newsinfoco.com.br\\\/inicio\\\/lula-e-ciro-disputam-apoio-da-ex-ministra-marina-silva-na-eleicao\\\/#listItem\",\"name\":\"Lula e Ciro disputam apoio da ex-ministra Marina Silva na elei\\u00e7\\u00e3o\"},\"previousItem\":{\"@type\":\"ListItem\",\"@id\":\"https:\\\/\\\/newsinfoco.com.br\\\/inicio#listItem\",\"name\":\"In\\u00edcio\"}},{\"@type\":\"ListItem\",\"@id\":\"https:\\\/\\\/newsinfoco.com.br\\\/inicio\\\/lula-e-ciro-disputam-apoio-da-ex-ministra-marina-silva-na-eleicao\\\/#listItem\",\"position\":3,\"name\":\"Lula e Ciro disputam apoio da ex-ministra Marina Silva na elei\\u00e7\\u00e3o\",\"previousItem\":{\"@type\":\"ListItem\",\"@id\":\"https:\\\/\\\/newsinfoco.com.br\\\/inicio\\\/category\\\/brasil\\\/#listItem\",\"name\":\"Brasil\"}}]},{\"@type\":\"Organization\",\"@id\":\"https:\\\/\\\/newsinfoco.com.br\\\/inicio\\\/#organization\",\"name\":\"News In Foco - Editado por Caio Pimenta\",\"description\":\"O principal site de noticias de Alagoinhas e regi\\u00e3o\",\"url\":\"https:\\\/\\\/newsinfoco.com.br\\\/inicio\\\/\"},{\"@type\":\"Person\",\"@id\":\"https:\\\/\\\/newsinfoco.com.br\\\/inicio\\\/author\\\/administrador\\\/#author\",\"url\":\"https:\\\/\\\/newsinfoco.com.br\\\/inicio\\\/author\\\/administrador\\\/\",\"name\":\"administrador\",\"image\":{\"@type\":\"ImageObject\",\"@id\":\"https:\\\/\\\/newsinfoco.com.br\\\/inicio\\\/lula-e-ciro-disputam-apoio-da-ex-ministra-marina-silva-na-eleicao\\\/#authorImage\",\"url\":\"https:\\\/\\\/secure.gravatar.com\\\/avatar\\\/c17a617433de8c1dc9584bb79aab7563b46f5bb7e1728c9b17d9cc3ce6a08e49?s=96&d=mm&r=g\",\"width\":96,\"height\":96,\"caption\":\"administrador\"}},{\"@type\":\"WebPage\",\"@id\":\"https:\\\/\\\/newsinfoco.com.br\\\/inicio\\\/lula-e-ciro-disputam-apoio-da-ex-ministra-marina-silva-na-eleicao\\\/#webpage\",\"url\":\"https:\\\/\\\/newsinfoco.com.br\\\/inicio\\\/lula-e-ciro-disputam-apoio-da-ex-ministra-marina-silva-na-eleicao\\\/\",\"name\":\"Lula e Ciro disputam apoio da ex-ministra Marina Silva na elei\\u00e7\\u00e3o - News In Foco - Editado por Caio Pimenta\",\"description\":\"O pr\\u00e9-candidato do PDT \\u00e0 Presid\\u00eancia, o ex-ministro Ciro Gomes, e o ex-presidente Luiz In\\u00e1cio Lula da Silva, apontado como nome do PT na elei\\u00e7\\u00e3o presidencial, disputam o apoio da ex-ministra Marina Silva (Rede). O pedetista \\u00e9 mais enf\\u00e1tico e a convidou para ser sua vice \\u2013 os dois mantiveram rela\\u00e7\\u00e3o pr\\u00f3xima nos \\u00faltimos anos.\",\"inLanguage\":\"pt-BR\",\"isPartOf\":{\"@id\":\"https:\\\/\\\/newsinfoco.com.br\\\/inicio\\\/#website\"},\"breadcrumb\":{\"@id\":\"https:\\\/\\\/newsinfoco.com.br\\\/inicio\\\/lula-e-ciro-disputam-apoio-da-ex-ministra-marina-silva-na-eleicao\\\/#breadcrumblist\"},\"author\":{\"@id\":\"https:\\\/\\\/newsinfoco.com.br\\\/inicio\\\/author\\\/administrador\\\/#author\"},\"creator\":{\"@id\":\"https:\\\/\\\/newsinfoco.com.br\\\/inicio\\\/author\\\/administrador\\\/#author\"},\"image\":{\"@type\":\"ImageObject\",\"url\":\"https:\\\/\\\/newsinfoco.com.br\\\/inicio\\\/wp-content\\\/uploads\\\/2018\\\/10\\\/marina.jpg\",\"@id\":\"https:\\\/\\\/newsinfoco.com.br\\\/inicio\\\/lula-e-ciro-disputam-apoio-da-ex-ministra-marina-silva-na-eleicao\\\/#mainImage\",\"width\":590,\"height\":320},\"primaryImageOfPage\":{\"@id\":\"https:\\\/\\\/newsinfoco.com.br\\\/inicio\\\/lula-e-ciro-disputam-apoio-da-ex-ministra-marina-silva-na-eleicao\\\/#mainImage\"},\"datePublished\":\"2022-01-22T10:26:42-03:00\",\"dateModified\":\"2022-01-22T10:26:42-03:00\"},{\"@type\":\"WebSite\",\"@id\":\"https:\\\/\\\/newsinfoco.com.br\\\/inicio\\\/#website\",\"url\":\"https:\\\/\\\/newsinfoco.com.br\\\/inicio\\\/\",\"name\":\"News In Foco - Editado por Caio Pimenta\",\"description\":\"O principal site de noticias de Alagoinhas e regi\\u00e3o\",\"inLanguage\":\"pt-BR\",\"publisher\":{\"@id\":\"https:\\\/\\\/newsinfoco.com.br\\\/inicio\\\/#organization\"}}]}\n\t\t<\/script>\n\t\t<!-- All in One SEO -->\n\n","aioseo_head_json":{"title":"Lula e Ciro disputam apoio da ex-ministra Marina Silva na elei\u00e7\u00e3o - News In Foco - Editado por Caio Pimenta","description":"O pr\u00e9-candidato do PDT \u00e0 Presid\u00eancia, o ex-ministro Ciro Gomes, e o ex-presidente Luiz In\u00e1cio Lula da Silva, apontado como nome do PT na elei\u00e7\u00e3o presidencial, disputam o apoio da ex-ministra Marina Silva (Rede). O pedetista \u00e9 mais enf\u00e1tico e a convidou para ser sua vice \u2013 os dois mantiveram rela\u00e7\u00e3o pr\u00f3xima nos \u00faltimos anos.","canonical_url":"https:\/\/newsinfoco.com.br\/inicio\/lula-e-ciro-disputam-apoio-da-ex-ministra-marina-silva-na-eleicao\/","robots":"max-image-preview:large","keywords":"","webmasterTools":{"miscellaneous":""},"schema":{"@context":"https:\/\/schema.org","@graph":[{"@type":"BlogPosting","@id":"https:\/\/newsinfoco.com.br\/inicio\/lula-e-ciro-disputam-apoio-da-ex-ministra-marina-silva-na-eleicao\/#blogposting","name":"Lula e Ciro disputam apoio da ex-ministra Marina Silva na elei\u00e7\u00e3o - News In Foco - Editado por Caio Pimenta","headline":"Lula e Ciro disputam apoio da ex-ministra Marina Silva na elei\u00e7\u00e3o","author":{"@id":"https:\/\/newsinfoco.com.br\/inicio\/author\/administrador\/#author"},"publisher":{"@id":"https:\/\/newsinfoco.com.br\/inicio\/#organization"},"image":{"@type":"ImageObject","url":"https:\/\/newsinfoco.com.br\/inicio\/wp-content\/uploads\/2018\/10\/marina.jpg","width":590,"height":320},"datePublished":"2022-01-22T10:26:42-03:00","dateModified":"2022-01-22T10:26:42-03:00","inLanguage":"pt-BR","mainEntityOfPage":{"@id":"https:\/\/newsinfoco.com.br\/inicio\/lula-e-ciro-disputam-apoio-da-ex-ministra-marina-silva-na-eleicao\/#webpage"},"isPartOf":{"@id":"https:\/\/newsinfoco.com.br\/inicio\/lula-e-ciro-disputam-apoio-da-ex-ministra-marina-silva-na-eleicao\/#webpage"},"articleSection":"Brasil"},{"@type":"BreadcrumbList","@id":"https:\/\/newsinfoco.com.br\/inicio\/lula-e-ciro-disputam-apoio-da-ex-ministra-marina-silva-na-eleicao\/#breadcrumblist","itemListElement":[{"@type":"ListItem","@id":"https:\/\/newsinfoco.com.br\/inicio#listItem","position":1,"name":"In\u00edcio","item":"https:\/\/newsinfoco.com.br\/inicio","nextItem":{"@type":"ListItem","@id":"https:\/\/newsinfoco.com.br\/inicio\/category\/brasil\/#listItem","name":"Brasil"}},{"@type":"ListItem","@id":"https:\/\/newsinfoco.com.br\/inicio\/category\/brasil\/#listItem","position":2,"name":"Brasil","item":"https:\/\/newsinfoco.com.br\/inicio\/category\/brasil\/","nextItem":{"@type":"ListItem","@id":"https:\/\/newsinfoco.com.br\/inicio\/lula-e-ciro-disputam-apoio-da-ex-ministra-marina-silva-na-eleicao\/#listItem","name":"Lula e Ciro disputam apoio da ex-ministra Marina Silva na elei\u00e7\u00e3o"},"previousItem":{"@type":"ListItem","@id":"https:\/\/newsinfoco.com.br\/inicio#listItem","name":"In\u00edcio"}},{"@type":"ListItem","@id":"https:\/\/newsinfoco.com.br\/inicio\/lula-e-ciro-disputam-apoio-da-ex-ministra-marina-silva-na-eleicao\/#listItem","position":3,"name":"Lula e Ciro disputam apoio da ex-ministra Marina Silva na elei\u00e7\u00e3o","previousItem":{"@type":"ListItem","@id":"https:\/\/newsinfoco.com.br\/inicio\/category\/brasil\/#listItem","name":"Brasil"}}]},{"@type":"Organization","@id":"https:\/\/newsinfoco.com.br\/inicio\/#organization","name":"News In Foco - Editado por Caio Pimenta","description":"O principal site de noticias de Alagoinhas e regi\u00e3o","url":"https:\/\/newsinfoco.com.br\/inicio\/"},{"@type":"Person","@id":"https:\/\/newsinfoco.com.br\/inicio\/author\/administrador\/#author","url":"https:\/\/newsinfoco.com.br\/inicio\/author\/administrador\/","name":"administrador","image":{"@type":"ImageObject","@id":"https:\/\/newsinfoco.com.br\/inicio\/lula-e-ciro-disputam-apoio-da-ex-ministra-marina-silva-na-eleicao\/#authorImage","url":"https:\/\/secure.gravatar.com\/avatar\/c17a617433de8c1dc9584bb79aab7563b46f5bb7e1728c9b17d9cc3ce6a08e49?s=96&d=mm&r=g","width":96,"height":96,"caption":"administrador"}},{"@type":"WebPage","@id":"https:\/\/newsinfoco.com.br\/inicio\/lula-e-ciro-disputam-apoio-da-ex-ministra-marina-silva-na-eleicao\/#webpage","url":"https:\/\/newsinfoco.com.br\/inicio\/lula-e-ciro-disputam-apoio-da-ex-ministra-marina-silva-na-eleicao\/","name":"Lula e Ciro disputam apoio da ex-ministra Marina Silva na elei\u00e7\u00e3o - News In Foco - Editado por Caio Pimenta","description":"O pr\u00e9-candidato do PDT \u00e0 Presid\u00eancia, o ex-ministro Ciro Gomes, e o ex-presidente Luiz In\u00e1cio Lula da Silva, apontado como nome do PT na elei\u00e7\u00e3o presidencial, disputam o apoio da ex-ministra Marina Silva (Rede). O pedetista \u00e9 mais enf\u00e1tico e a convidou para ser sua vice \u2013 os dois mantiveram rela\u00e7\u00e3o pr\u00f3xima nos \u00faltimos anos.","inLanguage":"pt-BR","isPartOf":{"@id":"https:\/\/newsinfoco.com.br\/inicio\/#website"},"breadcrumb":{"@id":"https:\/\/newsinfoco.com.br\/inicio\/lula-e-ciro-disputam-apoio-da-ex-ministra-marina-silva-na-eleicao\/#breadcrumblist"},"author":{"@id":"https:\/\/newsinfoco.com.br\/inicio\/author\/administrador\/#author"},"creator":{"@id":"https:\/\/newsinfoco.com.br\/inicio\/author\/administrador\/#author"},"image":{"@type":"ImageObject","url":"https:\/\/newsinfoco.com.br\/inicio\/wp-content\/uploads\/2018\/10\/marina.jpg","@id":"https:\/\/newsinfoco.com.br\/inicio\/lula-e-ciro-disputam-apoio-da-ex-ministra-marina-silva-na-eleicao\/#mainImage","width":590,"height":320},"primaryImageOfPage":{"@id":"https:\/\/newsinfoco.com.br\/inicio\/lula-e-ciro-disputam-apoio-da-ex-ministra-marina-silva-na-eleicao\/#mainImage"},"datePublished":"2022-01-22T10:26:42-03:00","dateModified":"2022-01-22T10:26:42-03:00"},{"@type":"WebSite","@id":"https:\/\/newsinfoco.com.br\/inicio\/#website","url":"https:\/\/newsinfoco.com.br\/inicio\/","name":"News In Foco - Editado por Caio Pimenta","description":"O principal site de noticias de Alagoinhas e regi\u00e3o","inLanguage":"pt-BR","publisher":{"@id":"https:\/\/newsinfoco.com.br\/inicio\/#organization"}}]},"og:locale":"pt_BR","og:site_name":"News In Foco - Editado por Caio Pimenta - O principal site de noticias de Alagoinhas e regi\u00e3o","og:type":"article","og:title":"Lula e Ciro disputam apoio da ex-ministra Marina Silva na elei\u00e7\u00e3o - News In Foco - Editado por Caio Pimenta","og:description":"O pr\u00e9-candidato do PDT \u00e0 Presid\u00eancia, o ex-ministro Ciro Gomes, e o ex-presidente Luiz In\u00e1cio Lula da Silva, apontado como nome do PT na elei\u00e7\u00e3o presidencial, disputam o apoio da ex-ministra Marina Silva (Rede). O pedetista \u00e9 mais enf\u00e1tico e a convidou para ser sua vice \u2013 os dois mantiveram rela\u00e7\u00e3o pr\u00f3xima nos \u00faltimos anos.","og:url":"https:\/\/newsinfoco.com.br\/inicio\/lula-e-ciro-disputam-apoio-da-ex-ministra-marina-silva-na-eleicao\/","article:published_time":"2022-01-22T13:26:42+00:00","article:modified_time":"2022-01-22T13:26:42+00:00","twitter:card":"summary_large_image","twitter:title":"Lula e Ciro disputam apoio da ex-ministra Marina Silva na elei\u00e7\u00e3o - News In Foco - Editado por Caio Pimenta","twitter:description":"O pr\u00e9-candidato do PDT \u00e0 Presid\u00eancia, o ex-ministro Ciro Gomes, e o ex-presidente Luiz In\u00e1cio Lula da Silva, apontado como nome do PT na elei\u00e7\u00e3o presidencial, disputam o apoio da ex-ministra Marina Silva (Rede). O pedetista \u00e9 mais enf\u00e1tico e a convidou para ser sua vice \u2013 os dois mantiveram rela\u00e7\u00e3o pr\u00f3xima nos \u00faltimos anos."},"aioseo_meta_data":{"post_id":"28435","title":null,"description":null,"keywords":null,"keyphrases":null,"primary_term":null,"canonical_url":null,"og_title":null,"og_description":null,"og_object_type":"default","og_image_type":"default","og_image_url":null,"og_image_width":null,"og_image_height":null,"og_image_custom_url":null,"og_image_custom_fields":null,"og_video":null,"og_custom_url":null,"og_article_section":null,"og_article_tags":null,"twitter_use_og":false,"twitter_card":"default","twitter_image_type":"default","twitter_image_url":null,"twitter_image_custom_url":null,"twitter_image_custom_fields":null,"twitter_title":null,"twitter_description":null,"schema":{"blockGraphs":[],"customGraphs":[],"default":{"data":{"Article":[],"Course":[],"Dataset":[],"FAQPage":[],"Movie":[],"Person":[],"Product":[],"ProductReview":[],"Car":[],"Recipe":[],"Service":[],"SoftwareApplication":[],"WebPage":[]},"graphName":"","isEnabled":true},"graphs":[]},"schema_type":"default","schema_type_options":null,"pillar_content":false,"robots_default":true,"robots_noindex":false,"robots_noarchive":false,"robots_nosnippet":false,"robots_nofollow":false,"robots_noimageindex":false,"robots_noodp":false,"robots_notranslate":false,"robots_max_snippet":null,"robots_max_videopreview":null,"robots_max_imagepreview":"large","priority":null,"frequency":null,"local_seo":null,"breadcrumb_settings":null,"limit_modified_date":false,"ai":null,"created":"2023-06-12 20:29:49","updated":"2025-07-11 06:42:45","seo_analyzer_scan_date":null},"aioseo_breadcrumb":"<div class=\"aioseo-breadcrumbs\"><span class=\"aioseo-breadcrumb\">\n\t\t\t<a href=\"https:\/\/newsinfoco.com.br\/inicio\" title=\"In\u00edcio\">In\u00edcio<\/a>\n\t\t<\/span><span class=\"aioseo-breadcrumb-separator\">&raquo;<\/span><span class=\"aioseo-breadcrumb\">\n\t\t\t<a href=\"https:\/\/newsinfoco.com.br\/inicio\/category\/brasil\/\" title=\"Brasil\">Brasil<\/a>\n\t\t<\/span><span class=\"aioseo-breadcrumb-separator\">&raquo;<\/span><span class=\"aioseo-breadcrumb\">\n\t\t\tLula e Ciro disputam apoio da ex-ministra Marina Silva na elei\u00e7\u00e3o\n\t\t<\/span><\/div>","aioseo_breadcrumb_json":[{"label":"In\u00edcio","link":"https:\/\/newsinfoco.com.br\/inicio"},{"label":"Brasil","link":"https:\/\/newsinfoco.com.br\/inicio\/category\/brasil\/"},{"label":"Lula e Ciro disputam apoio da ex-ministra Marina Silva na elei\u00e7\u00e3o","link":"https:\/\/newsinfoco.com.br\/inicio\/lula-e-ciro-disputam-apoio-da-ex-ministra-marina-silva-na-eleicao\/"}],"_links":{"self":[{"href":"https:\/\/newsinfoco.com.br\/inicio\/wp-json\/wp\/v2\/posts\/28435","targetHints":{"allow":["GET"]}}],"collection":[{"href":"https:\/\/newsinfoco.com.br\/inicio\/wp-json\/wp\/v2\/posts"}],"about":[{"href":"https:\/\/newsinfoco.com.br\/inicio\/wp-json\/wp\/v2\/types\/post"}],"author":[{"embeddable":true,"href":"https:\/\/newsinfoco.com.br\/inicio\/wp-json\/wp\/v2\/users\/1"}],"replies":[{"embeddable":true,"href":"https:\/\/newsinfoco.com.br\/inicio\/wp-json\/wp\/v2\/comments?post=28435"}],"version-history":[{"count":1,"href":"https:\/\/newsinfoco.com.br\/inicio\/wp-json\/wp\/v2\/posts\/28435\/revisions"}],"predecessor-version":[{"id":28436,"href":"https:\/\/newsinfoco.com.br\/inicio\/wp-json\/wp\/v2\/posts\/28435\/revisions\/28436"}],"wp:featuredmedia":[{"embeddable":true,"href":"https:\/\/newsinfoco.com.br\/inicio\/wp-json\/wp\/v2\/media\/10172"}],"wp:attachment":[{"href":"https:\/\/newsinfoco.com.br\/inicio\/wp-json\/wp\/v2\/media?parent=28435"}],"wp:term":[{"taxonomy":"category","embeddable":true,"href":"https:\/\/newsinfoco.com.br\/inicio\/wp-json\/wp\/v2\/categories?post=28435"},{"taxonomy":"post_tag","embeddable":true,"href":"https:\/\/newsinfoco.com.br\/inicio\/wp-json\/wp\/v2\/tags?post=28435"}],"curies":[{"name":"wp","href":"https:\/\/api.w.org\/{rel}","templated":true}]}}