{"id":28437,"date":"2022-01-22T10:30:24","date_gmt":"2022-01-22T13:30:24","guid":{"rendered":"https:\/\/newsinfoco.com.br\/inicio\/?p=28437"},"modified":"2022-01-22T10:30:24","modified_gmt":"2022-01-22T13:30:24","slug":"concessao-de-palacio-rio-branco-avanca-e-cria-batalha-judicial","status":"publish","type":"post","link":"https:\/\/newsinfoco.com.br\/inicio\/concessao-de-palacio-rio-branco-avanca-e-cria-batalha-judicial\/","title":{"rendered":"Concess\u00e3o de Pal\u00e1cio Rio Branco avan\u00e7a e cria batalha judicial"},"content":{"rendered":"<p>O processo de concess\u00e3o do Pal\u00e1cio Rio Branco \u2014erguido no mesmo lugar em que funcionou a primeira casa de governo do Brasil, no s\u00e9culo 16\u2014 \u00e9 alvo de uma batalha judicial que op\u00f5e o governo da Bahia e entidades ligadas ao patrim\u00f4nio hist\u00f3rico em Salvador.<\/p>\n<p>O pal\u00e1cio est\u00e1 fincado no mesmo local onde funcionou a sede do governo colonial, constru\u00edda em 1549 a mando do primeiro governador-geral, Tom\u00e9 de Souza, e de onde o Brasil foi governado por mais de 200 anos.<\/p>\n<p>A licita\u00e7\u00e3o para a concess\u00e3o do pal\u00e1cio por um per\u00edodo de 35 anos para um grupo hoteleiro aconteceu na quinta-feira (20), em Salvador, com o lance m\u00ednimo de cerca de R$ 26,5 milh\u00f5es. Houve apenas uma interessada: a empresa BM Varejo Empreendimentos, controladora da Rosewood, uma das redes hoteleiras mais luxuosas do mundo.<\/p>\n<p>Tamb\u00e9m na quinta, o Minist\u00e9rio P\u00fablico do Estado da Bahia ingressou com uma representa\u00e7\u00e3o para suspender a licita\u00e7\u00e3o. O pedido foi negado pela Justi\u00e7a na sexta (21), mas a Promotoria informou que vai recorrer da decis\u00e3o.<\/p>\n<p>Mesmo com uma \u00fanica empresa no certame, a licita\u00e7\u00e3o ainda n\u00e3o teve um desfecho. A documenta\u00e7\u00e3o que foi entregue pela BM Varejo Empreendimentos ainda vai ser analisada.<\/p>\n<p>Caso seja aprovada, o pal\u00e1cio Rio Branco ser\u00e1 concedido \u00e0 rede Rosewood, que planeja implementar um hotel de seis estrelas no local. Pelo contrato, a empresa vencedora do processo de licita\u00e7\u00e3o s\u00f3 ter\u00e1 que pagar aluguel ao estado a partir do d\u00e9cimo sexto ano da concess\u00e3o.<\/p>\n<p>O projeto tamb\u00e9m prev\u00ea que a empresa far\u00e1 obras de recupera\u00e7\u00e3o do Memorial dos Governadores Republicanos da Bahia \u2014que funciona no local\u2014, mas que continuar\u00e1 sob controle do estado e aberto \u00e0 visita\u00e7\u00e3o p\u00fablica.<\/p>\n<p>Situado na pra\u00e7a Tom\u00e9 de Sousa, ao lado da parte alta do Elevador Lacerda, o Pal\u00e1cio Rio Branco tem uma vista privilegiada da ba\u00eda de Todos-os-Santos.<\/p>\n<p>A decis\u00e3o de transformar o Pal\u00e1cio Rio Branco em um hotel foi tomada pelo governador da Bahia, Rui Costa (PT), que aprovou uma Proposta de Manifesta\u00e7\u00e3o de Interesse do grupo portugu\u00eas Vila Gal\u00e9. A empresa, contudo, acabou n\u00e3o participando da licita\u00e7\u00e3o para a concess\u00e3o do espa\u00e7o.<\/p>\n<p>Caso seja concretizada a concess\u00e3o para a rede Rosewood, o grupo portugu\u00eas ser\u00e1 ressarcido pelos gastos com a elabora\u00e7\u00e3o do projeto.<\/p>\n<p>Para al\u00e9m do pr\u00f3prio espa\u00e7o do Pal\u00e1cio Rio Branco, a instala\u00e7\u00e3o do hotel demandar\u00e1 a constru\u00e7\u00e3o de edif\u00edcios de apoio em terrenos nos fundos do pr\u00e9dio hist\u00f3rico. Em outubro do ano passado, o governo baiano desapropriou uma \u00e1rea entre a rua Pau da Bandeira e a Ladeira da Montanha.<\/p>\n<p>Em nota, a Secretaria de Turismo do Estado da Bahia informou que a decis\u00e3o de conceder o Pal\u00e1cio Rio Branco \u00e0 iniciativa privada \u201csegue um modelo mundial de preservar o patrim\u00f4nio e oferecer, numa \u00e1rea como o Centro Hist\u00f3rico, oportunidades de emprego e renda\u201d.<\/p>\n<p>O secret\u00e1rio de Turismo da Bahia, Maur\u00edcio Bacelar, n\u00e3o se pronunciou porque est\u00e1 retornando de uma viagem de trabalho \u00e0 Espanha.<\/p>\n<p>A previs\u00e3o do governo baiano \u00e9 de que, num per\u00edodo de 18 meses, as obras de restaura\u00e7\u00e3o e recupera\u00e7\u00e3o do pal\u00e1cio ser\u00e3o conclu\u00eddas para que o hotel seja aberto para ocupa\u00e7\u00e3o.<\/p>\n<p>A den\u00fancia que levou ao processo do MP-BA foi resultado de uma representa\u00e7\u00e3o do Instituto dos Arquitetos do Brasil (IAB).<\/p>\n<p>\u201cComo \u00e9 que voc\u00ea vai analisar aquele edital sem ter acesso \u00e0 planilha, sem ter acesso aos instrumentos da modelagem econ\u00f4mico-financeira que resultou naquele valor de R$ 26 milh\u00f5es? Aquilo \u00e9 uma modelagem financeira que a sociedade precisa conhecer\u201d, diz Luiz Ant\u00f4nio de Souza, presidente do departamento da Bahia do IAB.<\/p>\n<p>Por n\u00e3o possuir mais tra\u00e7os de sua arquitetura original, o pal\u00e1cio n\u00e3o \u00e9 tombado pelo Iphan (Instituto do Patrim\u00f4nio Hist\u00f3rico e Art\u00edstico Nacional), mas especialistas atestam sua carga simb\u00f3lica e sua import\u00e2ncia hist\u00f3rica.<\/p>\n<p>O Instituto dos Arquitetos do Brasil, se\u00e7\u00e3o Bahia, pleiteia o tombamento do pal\u00e1cio desde 2015 e defende o seu uso para abrigar \u00f3rg\u00e3os p\u00fablicos ou equipamentos culturais.<\/p>\n<p>\u201cA import\u00e2ncia dessa edifica\u00e7\u00e3o n\u00e3o \u00e9 s\u00f3 para a hist\u00f3ria do Brasil, \u00e9 para a hist\u00f3ria das Am\u00e9ricas\u201d, diz Luiz Ant\u00f4nio de Souza. \u201c[O governo baiano] est\u00e1 renunciando ao uso do bem, est\u00e1 renunciando e transformando o uso de algo que tem 473 anos sendo local destinado \u00e0 atividade administrativa\u201d, completa.<\/p>\n<p>O pal\u00e1cio passou por reformas e reconstru\u00e7\u00f5es ao longo dos s\u00e9culos. Em 1837, foi sede da ef\u00eamera Rep\u00fablica Bahiense, proclamada em Salvador ap\u00f3s a revolta da Sabinada.<\/p>\n<p>Durante o per\u00edodo imperial (1822-1889), o pal\u00e1cio hospedou o imperador D. Pedro 1\u00ba, a impeatriz D. Leopoldina e a princesa D. Maria da Gl\u00f3ria, que depois se tornou rainha de Portugal. Tamb\u00e9m foram h\u00f3spedes o imperador D. Pedro 2\u00ba e a imperatriz D. Teresa Cristina.<\/p>\n<p>Em 1912, a mando do presidente Hermes da Fonseca, o pal\u00e1cio foi alvejado por tiros de canh\u00e3o que partiram do forte de S\u00e3o Marcelo para destituir o governador Aur\u00e9lio Viana. Sete anos depois, foi reerguido e ganhou o nome atual, em homenagem ao bar\u00e3o do Rio Branco.<\/p>\n<p>O pal\u00e1cio Rio Branco foi sede do governo do estado da Bahia at\u00e9 1979. Depois, abrigou a Bahiatursa, a Secretaria de Cultura do estado e, atualmente, abriga o Memorial dos Governadores Republicanos da Bahia.<\/p>\n<p>Folhapress<\/p>\n<div class='share-to-whatsapp-wrapper'><div class='share-on-whsp'>Share on: <\/div><a data-text='Concess\u00e3o de Pal\u00e1cio Rio Branco avan\u00e7a e cria batalha judicial' data-link='https:\/\/newsinfoco.com.br\/inicio\/concessao-de-palacio-rio-branco-avanca-e-cria-batalha-judicial\/' class='whatsapp-button whatsapp-share'>WhatsApp<\/a><div class='clear '><\/div><\/div>","protected":false},"excerpt":{"rendered":"<p>O processo de concess\u00e3o do Pal\u00e1cio Rio Branco \u2014erguido no mesmo lugar em que funcionou a primeira casa de governo do Brasil, no s\u00e9culo 16\u2014 \u00e9 alvo de uma batalha judicial que op\u00f5e o governo da Bahia e entidades ligadas ao patrim\u00f4nio hist\u00f3rico em Salvador. O pal\u00e1cio est\u00e1 fincado no mesmo local onde funcionou a [&hellip;]<\/p>\n","protected":false},"author":1,"featured_media":28439,"comment_status":"closed","ping_status":"closed","sticky":false,"template":"","format":"standard","meta":{"om_disable_all_campaigns":false,"rop_custom_images_group":[],"rop_custom_messages_group":[],"rop_publish_now":"initial","rop_publish_now_accounts":[],"rop_publish_now_history":[],"rop_publish_now_status":"pending","_exactmetrics_skip_tracking":false,"footnotes":""},"categories":[19],"tags":[],"class_list":["post-28437","post","type-post","status-publish","format-standard","has-post-thumbnail","hentry","category-bahia"],"aioseo_notices":[],"aioseo_head":"\n\t\t<!-- All in One SEO 4.9.10 - aioseo.com -->\n\t<meta name=\"description\" content=\"O processo de concess\u00e3o do Pal\u00e1cio Rio Branco \u2014erguido no mesmo lugar em que funcionou a primeira casa de governo do Brasil, no s\u00e9culo 16\u2014 \u00e9 alvo de uma batalha judicial que op\u00f5e o governo da Bahia e entidades ligadas ao patrim\u00f4nio hist\u00f3rico em Salvador. O pal\u00e1cio est\u00e1 fincado no mesmo local onde funcionou a\" \/>\n\t<meta name=\"robots\" content=\"max-image-preview:large\" \/>\n\t<meta name=\"author\" content=\"administrador\"\/>\n\t<link rel=\"canonical\" href=\"https:\/\/newsinfoco.com.br\/inicio\/concessao-de-palacio-rio-branco-avanca-e-cria-batalha-judicial\/\" \/>\n\t<meta name=\"generator\" content=\"All in One SEO (AIOSEO) 4.9.10\" \/>\n\t\t<meta property=\"og:locale\" content=\"pt_BR\" \/>\n\t\t<meta property=\"og:site_name\" content=\"News In Foco - Editado por Caio Pimenta - O principal site de noticias de Alagoinhas e regi\u00e3o\" \/>\n\t\t<meta property=\"og:type\" content=\"article\" \/>\n\t\t<meta property=\"og:title\" content=\"Concess\u00e3o de Pal\u00e1cio Rio Branco avan\u00e7a e cria batalha judicial - News In Foco - Editado por Caio Pimenta\" \/>\n\t\t<meta property=\"og:description\" content=\"O processo de concess\u00e3o do Pal\u00e1cio Rio Branco \u2014erguido no mesmo lugar em que funcionou a primeira casa de governo do Brasil, no s\u00e9culo 16\u2014 \u00e9 alvo de uma batalha judicial que op\u00f5e o governo da Bahia e entidades ligadas ao patrim\u00f4nio hist\u00f3rico em Salvador. O pal\u00e1cio est\u00e1 fincado no mesmo local onde funcionou a\" \/>\n\t\t<meta property=\"og:url\" content=\"https:\/\/newsinfoco.com.br\/inicio\/concessao-de-palacio-rio-branco-avanca-e-cria-batalha-judicial\/\" \/>\n\t\t<meta property=\"article:published_time\" content=\"2022-01-22T13:30:24+00:00\" \/>\n\t\t<meta property=\"article:modified_time\" content=\"2022-01-22T13:30:24+00:00\" \/>\n\t\t<meta name=\"twitter:card\" content=\"summary_large_image\" \/>\n\t\t<meta name=\"twitter:title\" content=\"Concess\u00e3o de Pal\u00e1cio Rio Branco avan\u00e7a e cria batalha judicial - News In Foco - Editado por Caio Pimenta\" \/>\n\t\t<meta name=\"twitter:description\" content=\"O processo de concess\u00e3o do Pal\u00e1cio Rio Branco \u2014erguido no mesmo lugar em que funcionou a primeira casa de governo do Brasil, no s\u00e9culo 16\u2014 \u00e9 alvo de uma batalha judicial que op\u00f5e o governo da Bahia e entidades ligadas ao patrim\u00f4nio hist\u00f3rico em Salvador. O pal\u00e1cio est\u00e1 fincado no mesmo local onde funcionou a\" \/>\n\t\t<script type=\"application\/ld+json\" class=\"aioseo-schema\">\n\t\t\t{\"@context\":\"https:\\\/\\\/schema.org\",\"@graph\":[{\"@type\":\"BlogPosting\",\"@id\":\"https:\\\/\\\/newsinfoco.com.br\\\/inicio\\\/concessao-de-palacio-rio-branco-avanca-e-cria-batalha-judicial\\\/#blogposting\",\"name\":\"Concess\\u00e3o de Pal\\u00e1cio Rio Branco avan\\u00e7a e cria batalha judicial - News In Foco - Editado por Caio Pimenta\",\"headline\":\"Concess\\u00e3o de Pal\\u00e1cio Rio Branco avan\\u00e7a e cria batalha judicial\",\"author\":{\"@id\":\"https:\\\/\\\/newsinfoco.com.br\\\/inicio\\\/author\\\/administrador\\\/#author\"},\"publisher\":{\"@id\":\"https:\\\/\\\/newsinfoco.com.br\\\/inicio\\\/#organization\"},\"image\":{\"@type\":\"ImageObject\",\"url\":\"https:\\\/\\\/newsinfoco.com.br\\\/inicio\\\/wp-content\\\/uploads\\\/2022\\\/01\\\/Webysther_20150907164050_-_Palacio_Rio_Branco.jpg\",\"width\":800,\"height\":618,\"caption\":\"Pal\\u00e1cio Rio Branco\"},\"datePublished\":\"2022-01-22T10:30:24-03:00\",\"dateModified\":\"2022-01-22T10:30:24-03:00\",\"inLanguage\":\"pt-BR\",\"mainEntityOfPage\":{\"@id\":\"https:\\\/\\\/newsinfoco.com.br\\\/inicio\\\/concessao-de-palacio-rio-branco-avanca-e-cria-batalha-judicial\\\/#webpage\"},\"isPartOf\":{\"@id\":\"https:\\\/\\\/newsinfoco.com.br\\\/inicio\\\/concessao-de-palacio-rio-branco-avanca-e-cria-batalha-judicial\\\/#webpage\"},\"articleSection\":\"Bahia\"},{\"@type\":\"BreadcrumbList\",\"@id\":\"https:\\\/\\\/newsinfoco.com.br\\\/inicio\\\/concessao-de-palacio-rio-branco-avanca-e-cria-batalha-judicial\\\/#breadcrumblist\",\"itemListElement\":[{\"@type\":\"ListItem\",\"@id\":\"https:\\\/\\\/newsinfoco.com.br\\\/inicio#listItem\",\"position\":1,\"name\":\"In\\u00edcio\",\"item\":\"https:\\\/\\\/newsinfoco.com.br\\\/inicio\",\"nextItem\":{\"@type\":\"ListItem\",\"@id\":\"https:\\\/\\\/newsinfoco.com.br\\\/inicio\\\/category\\\/bahia\\\/#listItem\",\"name\":\"Bahia\"}},{\"@type\":\"ListItem\",\"@id\":\"https:\\\/\\\/newsinfoco.com.br\\\/inicio\\\/category\\\/bahia\\\/#listItem\",\"position\":2,\"name\":\"Bahia\",\"item\":\"https:\\\/\\\/newsinfoco.com.br\\\/inicio\\\/category\\\/bahia\\\/\",\"nextItem\":{\"@type\":\"ListItem\",\"@id\":\"https:\\\/\\\/newsinfoco.com.br\\\/inicio\\\/concessao-de-palacio-rio-branco-avanca-e-cria-batalha-judicial\\\/#listItem\",\"name\":\"Concess\\u00e3o de Pal\\u00e1cio Rio Branco avan\\u00e7a e cria batalha judicial\"},\"previousItem\":{\"@type\":\"ListItem\",\"@id\":\"https:\\\/\\\/newsinfoco.com.br\\\/inicio#listItem\",\"name\":\"In\\u00edcio\"}},{\"@type\":\"ListItem\",\"@id\":\"https:\\\/\\\/newsinfoco.com.br\\\/inicio\\\/concessao-de-palacio-rio-branco-avanca-e-cria-batalha-judicial\\\/#listItem\",\"position\":3,\"name\":\"Concess\\u00e3o de Pal\\u00e1cio Rio Branco avan\\u00e7a e cria batalha judicial\",\"previousItem\":{\"@type\":\"ListItem\",\"@id\":\"https:\\\/\\\/newsinfoco.com.br\\\/inicio\\\/category\\\/bahia\\\/#listItem\",\"name\":\"Bahia\"}}]},{\"@type\":\"Organization\",\"@id\":\"https:\\\/\\\/newsinfoco.com.br\\\/inicio\\\/#organization\",\"name\":\"News In Foco - Editado por Caio Pimenta\",\"description\":\"O principal site de noticias de Alagoinhas e regi\\u00e3o\",\"url\":\"https:\\\/\\\/newsinfoco.com.br\\\/inicio\\\/\"},{\"@type\":\"Person\",\"@id\":\"https:\\\/\\\/newsinfoco.com.br\\\/inicio\\\/author\\\/administrador\\\/#author\",\"url\":\"https:\\\/\\\/newsinfoco.com.br\\\/inicio\\\/author\\\/administrador\\\/\",\"name\":\"administrador\",\"image\":{\"@type\":\"ImageObject\",\"@id\":\"https:\\\/\\\/newsinfoco.com.br\\\/inicio\\\/concessao-de-palacio-rio-branco-avanca-e-cria-batalha-judicial\\\/#authorImage\",\"url\":\"https:\\\/\\\/secure.gravatar.com\\\/avatar\\\/c17a617433de8c1dc9584bb79aab7563b46f5bb7e1728c9b17d9cc3ce6a08e49?s=96&d=mm&r=g\",\"width\":96,\"height\":96,\"caption\":\"administrador\"}},{\"@type\":\"WebPage\",\"@id\":\"https:\\\/\\\/newsinfoco.com.br\\\/inicio\\\/concessao-de-palacio-rio-branco-avanca-e-cria-batalha-judicial\\\/#webpage\",\"url\":\"https:\\\/\\\/newsinfoco.com.br\\\/inicio\\\/concessao-de-palacio-rio-branco-avanca-e-cria-batalha-judicial\\\/\",\"name\":\"Concess\\u00e3o de Pal\\u00e1cio Rio Branco avan\\u00e7a e cria batalha judicial - News In Foco - Editado por Caio Pimenta\",\"description\":\"O processo de concess\\u00e3o do Pal\\u00e1cio Rio Branco \\u2014erguido no mesmo lugar em que funcionou a primeira casa de governo do Brasil, no s\\u00e9culo 16\\u2014 \\u00e9 alvo de uma batalha judicial que op\\u00f5e o governo da Bahia e entidades ligadas ao patrim\\u00f4nio hist\\u00f3rico em Salvador. O pal\\u00e1cio est\\u00e1 fincado no mesmo local onde funcionou a\",\"inLanguage\":\"pt-BR\",\"isPartOf\":{\"@id\":\"https:\\\/\\\/newsinfoco.com.br\\\/inicio\\\/#website\"},\"breadcrumb\":{\"@id\":\"https:\\\/\\\/newsinfoco.com.br\\\/inicio\\\/concessao-de-palacio-rio-branco-avanca-e-cria-batalha-judicial\\\/#breadcrumblist\"},\"author\":{\"@id\":\"https:\\\/\\\/newsinfoco.com.br\\\/inicio\\\/author\\\/administrador\\\/#author\"},\"creator\":{\"@id\":\"https:\\\/\\\/newsinfoco.com.br\\\/inicio\\\/author\\\/administrador\\\/#author\"},\"image\":{\"@type\":\"ImageObject\",\"url\":\"https:\\\/\\\/newsinfoco.com.br\\\/inicio\\\/wp-content\\\/uploads\\\/2022\\\/01\\\/Webysther_20150907164050_-_Palacio_Rio_Branco.jpg\",\"@id\":\"https:\\\/\\\/newsinfoco.com.br\\\/inicio\\\/concessao-de-palacio-rio-branco-avanca-e-cria-batalha-judicial\\\/#mainImage\",\"width\":800,\"height\":618,\"caption\":\"Pal\\u00e1cio Rio Branco\"},\"primaryImageOfPage\":{\"@id\":\"https:\\\/\\\/newsinfoco.com.br\\\/inicio\\\/concessao-de-palacio-rio-branco-avanca-e-cria-batalha-judicial\\\/#mainImage\"},\"datePublished\":\"2022-01-22T10:30:24-03:00\",\"dateModified\":\"2022-01-22T10:30:24-03:00\"},{\"@type\":\"WebSite\",\"@id\":\"https:\\\/\\\/newsinfoco.com.br\\\/inicio\\\/#website\",\"url\":\"https:\\\/\\\/newsinfoco.com.br\\\/inicio\\\/\",\"name\":\"News In Foco - Editado por Caio Pimenta\",\"description\":\"O principal site de noticias de Alagoinhas e regi\\u00e3o\",\"inLanguage\":\"pt-BR\",\"publisher\":{\"@id\":\"https:\\\/\\\/newsinfoco.com.br\\\/inicio\\\/#organization\"}}]}\n\t\t<\/script>\n\t\t<!-- All in One SEO -->\n\n","aioseo_head_json":{"title":"Concess\u00e3o de Pal\u00e1cio Rio Branco avan\u00e7a e cria batalha judicial - News In Foco - Editado por Caio Pimenta","description":"O processo de concess\u00e3o do Pal\u00e1cio Rio Branco \u2014erguido no mesmo lugar em que funcionou a primeira casa de governo do Brasil, no s\u00e9culo 16\u2014 \u00e9 alvo de uma batalha judicial que op\u00f5e o governo da Bahia e entidades ligadas ao patrim\u00f4nio hist\u00f3rico em Salvador. O pal\u00e1cio est\u00e1 fincado no mesmo local onde funcionou a","canonical_url":"https:\/\/newsinfoco.com.br\/inicio\/concessao-de-palacio-rio-branco-avanca-e-cria-batalha-judicial\/","robots":"max-image-preview:large","keywords":"","webmasterTools":{"miscellaneous":""},"schema":{"@context":"https:\/\/schema.org","@graph":[{"@type":"BlogPosting","@id":"https:\/\/newsinfoco.com.br\/inicio\/concessao-de-palacio-rio-branco-avanca-e-cria-batalha-judicial\/#blogposting","name":"Concess\u00e3o de Pal\u00e1cio Rio Branco avan\u00e7a e cria batalha judicial - News In Foco - Editado por Caio Pimenta","headline":"Concess\u00e3o de Pal\u00e1cio Rio Branco avan\u00e7a e cria batalha judicial","author":{"@id":"https:\/\/newsinfoco.com.br\/inicio\/author\/administrador\/#author"},"publisher":{"@id":"https:\/\/newsinfoco.com.br\/inicio\/#organization"},"image":{"@type":"ImageObject","url":"https:\/\/newsinfoco.com.br\/inicio\/wp-content\/uploads\/2022\/01\/Webysther_20150907164050_-_Palacio_Rio_Branco.jpg","width":800,"height":618,"caption":"Pal\u00e1cio Rio Branco"},"datePublished":"2022-01-22T10:30:24-03:00","dateModified":"2022-01-22T10:30:24-03:00","inLanguage":"pt-BR","mainEntityOfPage":{"@id":"https:\/\/newsinfoco.com.br\/inicio\/concessao-de-palacio-rio-branco-avanca-e-cria-batalha-judicial\/#webpage"},"isPartOf":{"@id":"https:\/\/newsinfoco.com.br\/inicio\/concessao-de-palacio-rio-branco-avanca-e-cria-batalha-judicial\/#webpage"},"articleSection":"Bahia"},{"@type":"BreadcrumbList","@id":"https:\/\/newsinfoco.com.br\/inicio\/concessao-de-palacio-rio-branco-avanca-e-cria-batalha-judicial\/#breadcrumblist","itemListElement":[{"@type":"ListItem","@id":"https:\/\/newsinfoco.com.br\/inicio#listItem","position":1,"name":"In\u00edcio","item":"https:\/\/newsinfoco.com.br\/inicio","nextItem":{"@type":"ListItem","@id":"https:\/\/newsinfoco.com.br\/inicio\/category\/bahia\/#listItem","name":"Bahia"}},{"@type":"ListItem","@id":"https:\/\/newsinfoco.com.br\/inicio\/category\/bahia\/#listItem","position":2,"name":"Bahia","item":"https:\/\/newsinfoco.com.br\/inicio\/category\/bahia\/","nextItem":{"@type":"ListItem","@id":"https:\/\/newsinfoco.com.br\/inicio\/concessao-de-palacio-rio-branco-avanca-e-cria-batalha-judicial\/#listItem","name":"Concess\u00e3o de Pal\u00e1cio Rio Branco avan\u00e7a e cria batalha judicial"},"previousItem":{"@type":"ListItem","@id":"https:\/\/newsinfoco.com.br\/inicio#listItem","name":"In\u00edcio"}},{"@type":"ListItem","@id":"https:\/\/newsinfoco.com.br\/inicio\/concessao-de-palacio-rio-branco-avanca-e-cria-batalha-judicial\/#listItem","position":3,"name":"Concess\u00e3o de Pal\u00e1cio Rio Branco avan\u00e7a e cria batalha judicial","previousItem":{"@type":"ListItem","@id":"https:\/\/newsinfoco.com.br\/inicio\/category\/bahia\/#listItem","name":"Bahia"}}]},{"@type":"Organization","@id":"https:\/\/newsinfoco.com.br\/inicio\/#organization","name":"News In Foco - Editado por Caio Pimenta","description":"O principal site de noticias de Alagoinhas e regi\u00e3o","url":"https:\/\/newsinfoco.com.br\/inicio\/"},{"@type":"Person","@id":"https:\/\/newsinfoco.com.br\/inicio\/author\/administrador\/#author","url":"https:\/\/newsinfoco.com.br\/inicio\/author\/administrador\/","name":"administrador","image":{"@type":"ImageObject","@id":"https:\/\/newsinfoco.com.br\/inicio\/concessao-de-palacio-rio-branco-avanca-e-cria-batalha-judicial\/#authorImage","url":"https:\/\/secure.gravatar.com\/avatar\/c17a617433de8c1dc9584bb79aab7563b46f5bb7e1728c9b17d9cc3ce6a08e49?s=96&d=mm&r=g","width":96,"height":96,"caption":"administrador"}},{"@type":"WebPage","@id":"https:\/\/newsinfoco.com.br\/inicio\/concessao-de-palacio-rio-branco-avanca-e-cria-batalha-judicial\/#webpage","url":"https:\/\/newsinfoco.com.br\/inicio\/concessao-de-palacio-rio-branco-avanca-e-cria-batalha-judicial\/","name":"Concess\u00e3o de Pal\u00e1cio Rio Branco avan\u00e7a e cria batalha judicial - News In Foco - Editado por Caio Pimenta","description":"O processo de concess\u00e3o do Pal\u00e1cio Rio Branco \u2014erguido no mesmo lugar em que funcionou a primeira casa de governo do Brasil, no s\u00e9culo 16\u2014 \u00e9 alvo de uma batalha judicial que op\u00f5e o governo da Bahia e entidades ligadas ao patrim\u00f4nio hist\u00f3rico em Salvador. O pal\u00e1cio est\u00e1 fincado no mesmo local onde funcionou a","inLanguage":"pt-BR","isPartOf":{"@id":"https:\/\/newsinfoco.com.br\/inicio\/#website"},"breadcrumb":{"@id":"https:\/\/newsinfoco.com.br\/inicio\/concessao-de-palacio-rio-branco-avanca-e-cria-batalha-judicial\/#breadcrumblist"},"author":{"@id":"https:\/\/newsinfoco.com.br\/inicio\/author\/administrador\/#author"},"creator":{"@id":"https:\/\/newsinfoco.com.br\/inicio\/author\/administrador\/#author"},"image":{"@type":"ImageObject","url":"https:\/\/newsinfoco.com.br\/inicio\/wp-content\/uploads\/2022\/01\/Webysther_20150907164050_-_Palacio_Rio_Branco.jpg","@id":"https:\/\/newsinfoco.com.br\/inicio\/concessao-de-palacio-rio-branco-avanca-e-cria-batalha-judicial\/#mainImage","width":800,"height":618,"caption":"Pal\u00e1cio Rio Branco"},"primaryImageOfPage":{"@id":"https:\/\/newsinfoco.com.br\/inicio\/concessao-de-palacio-rio-branco-avanca-e-cria-batalha-judicial\/#mainImage"},"datePublished":"2022-01-22T10:30:24-03:00","dateModified":"2022-01-22T10:30:24-03:00"},{"@type":"WebSite","@id":"https:\/\/newsinfoco.com.br\/inicio\/#website","url":"https:\/\/newsinfoco.com.br\/inicio\/","name":"News In Foco - Editado por Caio Pimenta","description":"O principal site de noticias de Alagoinhas e regi\u00e3o","inLanguage":"pt-BR","publisher":{"@id":"https:\/\/newsinfoco.com.br\/inicio\/#organization"}}]},"og:locale":"pt_BR","og:site_name":"News In Foco - Editado por Caio Pimenta - O principal site de noticias de Alagoinhas e regi\u00e3o","og:type":"article","og:title":"Concess\u00e3o de Pal\u00e1cio Rio Branco avan\u00e7a e cria batalha judicial - News In Foco - Editado por Caio Pimenta","og:description":"O processo de concess\u00e3o do Pal\u00e1cio Rio Branco \u2014erguido no mesmo lugar em que funcionou a primeira casa de governo do Brasil, no s\u00e9culo 16\u2014 \u00e9 alvo de uma batalha judicial que op\u00f5e o governo da Bahia e entidades ligadas ao patrim\u00f4nio hist\u00f3rico em Salvador. O pal\u00e1cio est\u00e1 fincado no mesmo local onde funcionou a","og:url":"https:\/\/newsinfoco.com.br\/inicio\/concessao-de-palacio-rio-branco-avanca-e-cria-batalha-judicial\/","article:published_time":"2022-01-22T13:30:24+00:00","article:modified_time":"2022-01-22T13:30:24+00:00","twitter:card":"summary_large_image","twitter:title":"Concess\u00e3o de Pal\u00e1cio Rio Branco avan\u00e7a e cria batalha judicial - News In Foco - Editado por Caio Pimenta","twitter:description":"O processo de concess\u00e3o do Pal\u00e1cio Rio Branco \u2014erguido no mesmo lugar em que funcionou a primeira casa de governo do Brasil, no s\u00e9culo 16\u2014 \u00e9 alvo de uma batalha judicial que op\u00f5e o governo da Bahia e entidades ligadas ao patrim\u00f4nio hist\u00f3rico em Salvador. O pal\u00e1cio est\u00e1 fincado no mesmo local onde funcionou a"},"aioseo_meta_data":{"post_id":"28437","title":null,"description":null,"keywords":null,"keyphrases":null,"primary_term":null,"canonical_url":null,"og_title":null,"og_description":null,"og_object_type":"default","og_image_type":"default","og_image_url":null,"og_image_width":null,"og_image_height":null,"og_image_custom_url":null,"og_image_custom_fields":null,"og_video":null,"og_custom_url":null,"og_article_section":null,"og_article_tags":null,"twitter_use_og":false,"twitter_card":"default","twitter_image_type":"default","twitter_image_url":null,"twitter_image_custom_url":null,"twitter_image_custom_fields":null,"twitter_title":null,"twitter_description":null,"schema":{"blockGraphs":[],"customGraphs":[],"default":{"data":{"Article":[],"Course":[],"Dataset":[],"FAQPage":[],"Movie":[],"Person":[],"Product":[],"ProductReview":[],"Car":[],"Recipe":[],"Service":[],"SoftwareApplication":[],"WebPage":[]},"graphName":"","isEnabled":true},"graphs":[]},"schema_type":"default","schema_type_options":null,"pillar_content":false,"robots_default":true,"robots_noindex":false,"robots_noarchive":false,"robots_nosnippet":false,"robots_nofollow":false,"robots_noimageindex":false,"robots_noodp":false,"robots_notranslate":false,"robots_max_snippet":null,"robots_max_videopreview":null,"robots_max_imagepreview":"large","priority":null,"frequency":null,"local_seo":null,"breadcrumb_settings":null,"limit_modified_date":false,"ai":null,"created":"2023-06-12 20:29:49","updated":"2025-07-11 06:42:45","seo_analyzer_scan_date":null},"aioseo_breadcrumb":"<div class=\"aioseo-breadcrumbs\"><span class=\"aioseo-breadcrumb\">\n\t\t\t<a href=\"https:\/\/newsinfoco.com.br\/inicio\" title=\"In\u00edcio\">In\u00edcio<\/a>\n\t\t<\/span><span class=\"aioseo-breadcrumb-separator\">&raquo;<\/span><span class=\"aioseo-breadcrumb\">\n\t\t\t<a href=\"https:\/\/newsinfoco.com.br\/inicio\/category\/bahia\/\" title=\"Bahia\">Bahia<\/a>\n\t\t<\/span><span class=\"aioseo-breadcrumb-separator\">&raquo;<\/span><span class=\"aioseo-breadcrumb\">\n\t\t\tConcess\u00e3o de Pal\u00e1cio Rio Branco avan\u00e7a e cria batalha judicial\n\t\t<\/span><\/div>","aioseo_breadcrumb_json":[{"label":"In\u00edcio","link":"https:\/\/newsinfoco.com.br\/inicio"},{"label":"Bahia","link":"https:\/\/newsinfoco.com.br\/inicio\/category\/bahia\/"},{"label":"Concess\u00e3o de Pal\u00e1cio Rio Branco avan\u00e7a e cria batalha judicial","link":"https:\/\/newsinfoco.com.br\/inicio\/concessao-de-palacio-rio-branco-avanca-e-cria-batalha-judicial\/"}],"_links":{"self":[{"href":"https:\/\/newsinfoco.com.br\/inicio\/wp-json\/wp\/v2\/posts\/28437","targetHints":{"allow":["GET"]}}],"collection":[{"href":"https:\/\/newsinfoco.com.br\/inicio\/wp-json\/wp\/v2\/posts"}],"about":[{"href":"https:\/\/newsinfoco.com.br\/inicio\/wp-json\/wp\/v2\/types\/post"}],"author":[{"embeddable":true,"href":"https:\/\/newsinfoco.com.br\/inicio\/wp-json\/wp\/v2\/users\/1"}],"replies":[{"embeddable":true,"href":"https:\/\/newsinfoco.com.br\/inicio\/wp-json\/wp\/v2\/comments?post=28437"}],"version-history":[{"count":2,"href":"https:\/\/newsinfoco.com.br\/inicio\/wp-json\/wp\/v2\/posts\/28437\/revisions"}],"predecessor-version":[{"id":28441,"href":"https:\/\/newsinfoco.com.br\/inicio\/wp-json\/wp\/v2\/posts\/28437\/revisions\/28441"}],"wp:featuredmedia":[{"embeddable":true,"href":"https:\/\/newsinfoco.com.br\/inicio\/wp-json\/wp\/v2\/media\/28439"}],"wp:attachment":[{"href":"https:\/\/newsinfoco.com.br\/inicio\/wp-json\/wp\/v2\/media?parent=28437"}],"wp:term":[{"taxonomy":"category","embeddable":true,"href":"https:\/\/newsinfoco.com.br\/inicio\/wp-json\/wp\/v2\/categories?post=28437"},{"taxonomy":"post_tag","embeddable":true,"href":"https:\/\/newsinfoco.com.br\/inicio\/wp-json\/wp\/v2\/tags?post=28437"}],"curies":[{"name":"wp","href":"https:\/\/api.w.org\/{rel}","templated":true}]}}