{"id":28716,"date":"2022-02-06T19:55:51","date_gmt":"2022-02-06T22:55:51","guid":{"rendered":"https:\/\/newsinfoco.com.br\/inicio\/?p=28716"},"modified":"2022-02-06T19:55:51","modified_gmt":"2022-02-06T22:55:51","slug":"novas-linhas-passam-a-circular-no-transporte-coletivo-com-o-retorno-das-aulas-presenciais-na-rede-estadual-a-partir-desta-segunda-feira07","status":"publish","type":"post","link":"https:\/\/newsinfoco.com.br\/inicio\/novas-linhas-passam-a-circular-no-transporte-coletivo-com-o-retorno-das-aulas-presenciais-na-rede-estadual-a-partir-desta-segunda-feira07\/","title":{"rendered":"Novas linhas passam a circular no transporte coletivo com o retorno das aulas presenciais na rede estadual a partir desta segunda-feira(07)"},"content":{"rendered":"<p>Com o in\u00edcio das aulas na rede estadual de ensino, a Superintend\u00eancia Municipal de Transporte e Tr\u00e2nsito (SMTT) e a Comiss\u00e3o Intersetorial informam que, a partir desta segunda-feira, 07 de fevereiro, os \u00f4nibus do transporte coletivo passar\u00e3o a circular at\u00e9 as 22h. O quadro de linhas\u00a0 foi modificado para melhor atender \u00e0 popula\u00e7\u00e3o e, em especial, aos estudantes que retomam a rotina do ensino presencial. O quadro de hor\u00e1rios tamb\u00e9m teve altera\u00e7\u00e3o, veja\u00a0<a href=\"https:\/\/www.alagoinhas.ba.gov.br\/wp-content\/uploads\/2022\/02\/NOVO-Quadro-de-Hora%CC%81rios-TERMINAL-Prefeitura_2.pdf\">AQUI<\/a>.<\/p>\n<p>Segundo o Superintendente da SMTT Andr\u00e9 Barros, \u201ccom o retorno das aulas na rede estadual, nesta segunda (07), e municipal, no dia 14 de fevereiro, a frota de ve\u00edculos em opera\u00e7\u00e3o alcan\u00e7ar\u00e1 80% do quantitativo ofertado na licita\u00e7\u00e3o\u201d.<\/p>\n<p>Confira o novo quadro de linhas de \u00f4nibus:<\/p>\n<table width=\"364\">\n<tbody>\n<tr>\n<td rowspan=\"2\" width=\"37\">Cod<\/td>\n<td rowspan=\"2\" width=\"327\">Linha<\/td>\n<td width=\"0\"><\/td>\n<\/tr>\n<tr>\n<td width=\"0\"><\/td>\n<\/tr>\n<tr>\n<td width=\"37\">5101<\/td>\n<td width=\"327\">21 DE SETEMBRO<\/td>\n<td width=\"0\"><\/td>\n<\/tr>\n<tr>\n<td width=\"37\">5102<\/td>\n<td width=\"327\">BARREIRO DE CIMA<\/td>\n<td width=\"0\"><\/td>\n<\/tr>\n<tr>\n<td width=\"37\">5104<\/td>\n<td width=\"327\">2 DE JULHO<\/td>\n<td width=\"0\"><\/td>\n<\/tr>\n<tr>\n<td width=\"37\">5105<\/td>\n<td width=\"327\">MIGUEL VELHO\/SILVA JARDIM<\/td>\n<td width=\"0\"><\/td>\n<\/tr>\n<tr>\n<td width=\"37\">5106<\/td>\n<td width=\"327\">URUPIARA via RUA DO CATU<\/td>\n<td width=\"0\"><\/td>\n<\/tr>\n<tr>\n<td width=\"37\">5107<\/td>\n<td width=\"327\">BAIXA DA CANDEIA<\/td>\n<td width=\"0\"><\/td>\n<\/tr>\n<tr>\n<td width=\"37\">5110<\/td>\n<td width=\"327\">BRISAS DO CATU via BAIXA DA SANTINHA<\/td>\n<td width=\"0\"><\/td>\n<\/tr>\n<tr>\n<td width=\"37\">5111<\/td>\n<td width=\"327\">MANGAL\u00d4<\/td>\n<td width=\"0\"><\/td>\n<\/tr>\n<tr>\n<td width=\"37\">5112<\/td>\n<td width=\"327\">MANGAL\u00d4 VIA RUA ALTO CORA\u00c7\u00c3O DE JESUS<\/td>\n<td width=\"0\"><\/td>\n<\/tr>\n<tr>\n<td width=\"37\">5113<\/td>\n<td width=\"327\">VILA S PEDRO\/ NOVO HORIZONTE\/ \u00c1GUAS DO VIVER<\/td>\n<td width=\"0\"><\/td>\n<\/tr>\n<tr>\n<td width=\"37\">5114<\/td>\n<td width=\"327\">ROD\/CRUZEIRO DOS MONTES\/ATACAD\u00c3O<\/td>\n<td width=\"0\"><\/td>\n<\/tr>\n<tr>\n<td width=\"37\">5115<\/td>\n<td width=\"327\">COMERCIO\/LINHA VERDE\/PRA\u00c7A DA CALU<\/td>\n<td width=\"0\"><\/td>\n<\/tr>\n<tr>\n<td width=\"37\">5116<\/td>\n<td width=\"327\">JARDIM PETROLAR \/ VIA ATACAD\u00c3O<\/td>\n<td width=\"0\"><\/td>\n<\/tr>\n<tr>\n<td width=\"37\">5117<\/td>\n<td width=\"327\">JARDIM PETROLAR\/ VIA PQ FLORESTA<\/td>\n<td width=\"0\"><\/td>\n<\/tr>\n<tr>\n<td width=\"37\">5123<\/td>\n<td width=\"327\">P\u00c7 KENNEDY\/RODOVIARIA<\/td>\n<td width=\"0\"><\/td>\n<\/tr>\n<tr>\n<td width=\"37\">5124<\/td>\n<td width=\"327\">CENTRO\/URBIS III \/PARQUE DOS EUCALIPTOS<\/td>\n<td width=\"0\"><\/td>\n<\/tr>\n<tr>\n<td width=\"37\">5125<\/td>\n<td width=\"327\">STA TEREZINHA\/FIM DE LINHA<\/td>\n<td width=\"0\"><\/td>\n<\/tr>\n<tr>\n<td width=\"37\">5126<\/td>\n<td width=\"327\">STA TEREZINHA \/VALE<\/td>\n<td width=\"0\"><\/td>\n<\/tr>\n<tr>\n<td width=\"37\">5127<\/td>\n<td width=\"327\">PIRINEL\/ATAKAREJO\/VALE DO SOL<\/td>\n<td width=\"0\"><\/td>\n<\/tr>\n<tr>\n<td width=\"37\">5128<\/td>\n<td width=\"327\">CAMPO BELO\/ALAGOINHAS IV<\/td>\n<td width=\"0\"><\/td>\n<\/tr>\n<tr>\n<td width=\"37\">5129<\/td>\n<td width=\"327\">P\u00c7A KENNEDY\/POSTO BRASIL<\/td>\n<td width=\"0\"><\/td>\n<\/tr>\n<tr>\n<td width=\"37\">5133<\/td>\n<td width=\"327\">AV. SILVA\/ATAKAREJO\/PARQUE S\u00c3O BERNARDO<\/td>\n<td width=\"0\"><\/td>\n<\/tr>\n<tr>\n<td width=\"37\">T001<\/td>\n<td width=\"327\">TRONCAL CENTRO\/RODOVI\u00c1RIA<\/td>\n<td width=\"0\"><\/td>\n<\/tr>\n<\/tbody>\n<\/table>\n<p>&nbsp;<\/p>\n<div align=\"right\"><\/div>\n<div class='share-to-whatsapp-wrapper'><div class='share-on-whsp'>Share on: <\/div><a data-text='Novas linhas passam a circular no transporte coletivo com o retorno das aulas presenciais na rede estadual a partir desta segunda-feira(07)' data-link='https:\/\/newsinfoco.com.br\/inicio\/novas-linhas-passam-a-circular-no-transporte-coletivo-com-o-retorno-das-aulas-presenciais-na-rede-estadual-a-partir-desta-segunda-feira07\/' class='whatsapp-button whatsapp-share'>WhatsApp<\/a><div class='clear '><\/div><\/div>","protected":false},"excerpt":{"rendered":"<p>Com o in\u00edcio das aulas na rede estadual de ensino, a Superintend\u00eancia Municipal de Transporte e Tr\u00e2nsito (SMTT) e a Comiss\u00e3o Intersetorial informam que, a partir desta segunda-feira, 07 de fevereiro, os \u00f4nibus do transporte coletivo passar\u00e3o a circular at\u00e9 as 22h. O quadro de linhas\u00a0 foi modificado para melhor atender \u00e0 popula\u00e7\u00e3o e, em [&hellip;]<\/p>\n","protected":false},"author":1,"featured_media":28717,"comment_status":"closed","ping_status":"closed","sticky":false,"template":"","format":"standard","meta":{"om_disable_all_campaigns":false,"rop_custom_images_group":[],"rop_custom_messages_group":[],"rop_publish_now":"initial","rop_publish_now_accounts":[],"rop_publish_now_history":[],"rop_publish_now_status":"pending","_exactmetrics_skip_tracking":false,"footnotes":""},"categories":[38,167],"tags":[],"class_list":["post-28716","post","type-post","status-publish","format-standard","has-post-thumbnail","hentry","category-alagoinhas-e-regiao","category-exclusivas"],"aioseo_notices":[],"aioseo_head":"\n\t\t<!-- All in One SEO 4.9.10 - aioseo.com -->\n\t<meta name=\"description\" content=\"Com o in\u00edcio das aulas na rede estadual de ensino, a Superintend\u00eancia Municipal de Transporte e Tr\u00e2nsito (SMTT) e a Comiss\u00e3o Intersetorial informam que, a partir desta segunda-feira, 07 de fevereiro, os \u00f4nibus do transporte coletivo passar\u00e3o a circular at\u00e9 as 22h. O quadro de linhas foi modificado para melhor atender \u00e0 popula\u00e7\u00e3o e, em\" \/>\n\t<meta name=\"robots\" content=\"max-image-preview:large\" \/>\n\t<meta name=\"author\" content=\"administrador\"\/>\n\t<link rel=\"canonical\" href=\"https:\/\/newsinfoco.com.br\/inicio\/novas-linhas-passam-a-circular-no-transporte-coletivo-com-o-retorno-das-aulas-presenciais-na-rede-estadual-a-partir-desta-segunda-feira07\/\" \/>\n\t<meta name=\"generator\" content=\"All in One SEO (AIOSEO) 4.9.10\" \/>\n\t\t<meta property=\"og:locale\" content=\"pt_BR\" \/>\n\t\t<meta property=\"og:site_name\" content=\"News In Foco - Editado por Caio Pimenta - O principal site de noticias de Alagoinhas e regi\u00e3o\" \/>\n\t\t<meta property=\"og:type\" content=\"article\" \/>\n\t\t<meta property=\"og:title\" content=\"Novas linhas passam a circular no transporte coletivo com o retorno das aulas presenciais na rede estadual a partir desta segunda-feira(07) - News In Foco - Editado por Caio Pimenta\" \/>\n\t\t<meta property=\"og:description\" content=\"Com o in\u00edcio das aulas na rede estadual de ensino, a Superintend\u00eancia Municipal de Transporte e Tr\u00e2nsito (SMTT) e a Comiss\u00e3o Intersetorial informam que, a partir desta segunda-feira, 07 de fevereiro, os \u00f4nibus do transporte coletivo passar\u00e3o a circular at\u00e9 as 22h. O quadro de linhas foi modificado para melhor atender \u00e0 popula\u00e7\u00e3o e, em\" \/>\n\t\t<meta property=\"og:url\" content=\"https:\/\/newsinfoco.com.br\/inicio\/novas-linhas-passam-a-circular-no-transporte-coletivo-com-o-retorno-das-aulas-presenciais-na-rede-estadual-a-partir-desta-segunda-feira07\/\" \/>\n\t\t<meta property=\"article:published_time\" content=\"2022-02-06T22:55:51+00:00\" \/>\n\t\t<meta property=\"article:modified_time\" content=\"2022-02-06T22:55:51+00:00\" \/>\n\t\t<meta name=\"twitter:card\" content=\"summary_large_image\" \/>\n\t\t<meta name=\"twitter:title\" content=\"Novas linhas passam a circular no transporte coletivo com o retorno das aulas presenciais na rede estadual a partir desta segunda-feira(07) - News In Foco - Editado por Caio Pimenta\" \/>\n\t\t<meta name=\"twitter:description\" content=\"Com o in\u00edcio das aulas na rede estadual de ensino, a Superintend\u00eancia Municipal de Transporte e Tr\u00e2nsito (SMTT) e a Comiss\u00e3o Intersetorial informam que, a partir desta segunda-feira, 07 de fevereiro, os \u00f4nibus do transporte coletivo passar\u00e3o a circular at\u00e9 as 22h. O quadro de linhas foi modificado para melhor atender \u00e0 popula\u00e7\u00e3o e, em\" \/>\n\t\t<script type=\"application\/ld+json\" class=\"aioseo-schema\">\n\t\t\t{\"@context\":\"https:\\\/\\\/schema.org\",\"@graph\":[{\"@type\":\"BlogPosting\",\"@id\":\"https:\\\/\\\/newsinfoco.com.br\\\/inicio\\\/novas-linhas-passam-a-circular-no-transporte-coletivo-com-o-retorno-das-aulas-presenciais-na-rede-estadual-a-partir-desta-segunda-feira07\\\/#blogposting\",\"name\":\"Novas linhas passam a circular no transporte coletivo com o retorno das aulas presenciais na rede estadual a partir desta segunda-feira(07) - News In Foco - Editado por Caio Pimenta\",\"headline\":\"Novas linhas passam a circular no transporte coletivo com o retorno das aulas presenciais na rede estadual a partir desta segunda-feira(07)\",\"author\":{\"@id\":\"https:\\\/\\\/newsinfoco.com.br\\\/inicio\\\/author\\\/administrador\\\/#author\"},\"publisher\":{\"@id\":\"https:\\\/\\\/newsinfoco.com.br\\\/inicio\\\/#organization\"},\"image\":{\"@type\":\"ImageObject\",\"url\":\"https:\\\/\\\/newsinfoco.com.br\\\/inicio\\\/wp-content\\\/uploads\\\/2022\\\/02\\\/WhatsApp-Image-2022-01-24-at-08.19.091-2-550x368-1.jpeg\",\"width\":550,\"height\":368},\"datePublished\":\"2022-02-06T19:55:51-03:00\",\"dateModified\":\"2022-02-06T19:55:51-03:00\",\"inLanguage\":\"pt-BR\",\"mainEntityOfPage\":{\"@id\":\"https:\\\/\\\/newsinfoco.com.br\\\/inicio\\\/novas-linhas-passam-a-circular-no-transporte-coletivo-com-o-retorno-das-aulas-presenciais-na-rede-estadual-a-partir-desta-segunda-feira07\\\/#webpage\"},\"isPartOf\":{\"@id\":\"https:\\\/\\\/newsinfoco.com.br\\\/inicio\\\/novas-linhas-passam-a-circular-no-transporte-coletivo-com-o-retorno-das-aulas-presenciais-na-rede-estadual-a-partir-desta-segunda-feira07\\\/#webpage\"},\"articleSection\":\"Alagoinhas e Regi\\u00e3o, Manchete\"},{\"@type\":\"BreadcrumbList\",\"@id\":\"https:\\\/\\\/newsinfoco.com.br\\\/inicio\\\/novas-linhas-passam-a-circular-no-transporte-coletivo-com-o-retorno-das-aulas-presenciais-na-rede-estadual-a-partir-desta-segunda-feira07\\\/#breadcrumblist\",\"itemListElement\":[{\"@type\":\"ListItem\",\"@id\":\"https:\\\/\\\/newsinfoco.com.br\\\/inicio#listItem\",\"position\":1,\"name\":\"In\\u00edcio\",\"item\":\"https:\\\/\\\/newsinfoco.com.br\\\/inicio\",\"nextItem\":{\"@type\":\"ListItem\",\"@id\":\"https:\\\/\\\/newsinfoco.com.br\\\/inicio\\\/category\\\/alagoinhas-e-regiao\\\/#listItem\",\"name\":\"Alagoinhas e Regi\\u00e3o\"}},{\"@type\":\"ListItem\",\"@id\":\"https:\\\/\\\/newsinfoco.com.br\\\/inicio\\\/category\\\/alagoinhas-e-regiao\\\/#listItem\",\"position\":2,\"name\":\"Alagoinhas e Regi\\u00e3o\",\"item\":\"https:\\\/\\\/newsinfoco.com.br\\\/inicio\\\/category\\\/alagoinhas-e-regiao\\\/\",\"nextItem\":{\"@type\":\"ListItem\",\"@id\":\"https:\\\/\\\/newsinfoco.com.br\\\/inicio\\\/novas-linhas-passam-a-circular-no-transporte-coletivo-com-o-retorno-das-aulas-presenciais-na-rede-estadual-a-partir-desta-segunda-feira07\\\/#listItem\",\"name\":\"Novas linhas passam a circular no transporte coletivo com o retorno das aulas presenciais na rede estadual a partir desta segunda-feira(07)\"},\"previousItem\":{\"@type\":\"ListItem\",\"@id\":\"https:\\\/\\\/newsinfoco.com.br\\\/inicio#listItem\",\"name\":\"In\\u00edcio\"}},{\"@type\":\"ListItem\",\"@id\":\"https:\\\/\\\/newsinfoco.com.br\\\/inicio\\\/novas-linhas-passam-a-circular-no-transporte-coletivo-com-o-retorno-das-aulas-presenciais-na-rede-estadual-a-partir-desta-segunda-feira07\\\/#listItem\",\"position\":3,\"name\":\"Novas linhas passam a circular no transporte coletivo com o retorno das aulas presenciais na rede estadual a partir desta segunda-feira(07)\",\"previousItem\":{\"@type\":\"ListItem\",\"@id\":\"https:\\\/\\\/newsinfoco.com.br\\\/inicio\\\/category\\\/alagoinhas-e-regiao\\\/#listItem\",\"name\":\"Alagoinhas e Regi\\u00e3o\"}}]},{\"@type\":\"Organization\",\"@id\":\"https:\\\/\\\/newsinfoco.com.br\\\/inicio\\\/#organization\",\"name\":\"News In Foco - Editado por Caio Pimenta\",\"description\":\"O principal site de noticias de Alagoinhas e regi\\u00e3o\",\"url\":\"https:\\\/\\\/newsinfoco.com.br\\\/inicio\\\/\"},{\"@type\":\"Person\",\"@id\":\"https:\\\/\\\/newsinfoco.com.br\\\/inicio\\\/author\\\/administrador\\\/#author\",\"url\":\"https:\\\/\\\/newsinfoco.com.br\\\/inicio\\\/author\\\/administrador\\\/\",\"name\":\"administrador\",\"image\":{\"@type\":\"ImageObject\",\"@id\":\"https:\\\/\\\/newsinfoco.com.br\\\/inicio\\\/novas-linhas-passam-a-circular-no-transporte-coletivo-com-o-retorno-das-aulas-presenciais-na-rede-estadual-a-partir-desta-segunda-feira07\\\/#authorImage\",\"url\":\"https:\\\/\\\/secure.gravatar.com\\\/avatar\\\/c17a617433de8c1dc9584bb79aab7563b46f5bb7e1728c9b17d9cc3ce6a08e49?s=96&d=mm&r=g\",\"width\":96,\"height\":96,\"caption\":\"administrador\"}},{\"@type\":\"WebPage\",\"@id\":\"https:\\\/\\\/newsinfoco.com.br\\\/inicio\\\/novas-linhas-passam-a-circular-no-transporte-coletivo-com-o-retorno-das-aulas-presenciais-na-rede-estadual-a-partir-desta-segunda-feira07\\\/#webpage\",\"url\":\"https:\\\/\\\/newsinfoco.com.br\\\/inicio\\\/novas-linhas-passam-a-circular-no-transporte-coletivo-com-o-retorno-das-aulas-presenciais-na-rede-estadual-a-partir-desta-segunda-feira07\\\/\",\"name\":\"Novas linhas passam a circular no transporte coletivo com o retorno das aulas presenciais na rede estadual a partir desta segunda-feira(07) - News In Foco - Editado por Caio Pimenta\",\"description\":\"Com o in\\u00edcio das aulas na rede estadual de ensino, a Superintend\\u00eancia Municipal de Transporte e Tr\\u00e2nsito (SMTT) e a Comiss\\u00e3o Intersetorial informam que, a partir desta segunda-feira, 07 de fevereiro, os \\u00f4nibus do transporte coletivo passar\\u00e3o a circular at\\u00e9 as 22h. O quadro de linhas foi modificado para melhor atender \\u00e0 popula\\u00e7\\u00e3o e, em\",\"inLanguage\":\"pt-BR\",\"isPartOf\":{\"@id\":\"https:\\\/\\\/newsinfoco.com.br\\\/inicio\\\/#website\"},\"breadcrumb\":{\"@id\":\"https:\\\/\\\/newsinfoco.com.br\\\/inicio\\\/novas-linhas-passam-a-circular-no-transporte-coletivo-com-o-retorno-das-aulas-presenciais-na-rede-estadual-a-partir-desta-segunda-feira07\\\/#breadcrumblist\"},\"author\":{\"@id\":\"https:\\\/\\\/newsinfoco.com.br\\\/inicio\\\/author\\\/administrador\\\/#author\"},\"creator\":{\"@id\":\"https:\\\/\\\/newsinfoco.com.br\\\/inicio\\\/author\\\/administrador\\\/#author\"},\"image\":{\"@type\":\"ImageObject\",\"url\":\"https:\\\/\\\/newsinfoco.com.br\\\/inicio\\\/wp-content\\\/uploads\\\/2022\\\/02\\\/WhatsApp-Image-2022-01-24-at-08.19.091-2-550x368-1.jpeg\",\"@id\":\"https:\\\/\\\/newsinfoco.com.br\\\/inicio\\\/novas-linhas-passam-a-circular-no-transporte-coletivo-com-o-retorno-das-aulas-presenciais-na-rede-estadual-a-partir-desta-segunda-feira07\\\/#mainImage\",\"width\":550,\"height\":368},\"primaryImageOfPage\":{\"@id\":\"https:\\\/\\\/newsinfoco.com.br\\\/inicio\\\/novas-linhas-passam-a-circular-no-transporte-coletivo-com-o-retorno-das-aulas-presenciais-na-rede-estadual-a-partir-desta-segunda-feira07\\\/#mainImage\"},\"datePublished\":\"2022-02-06T19:55:51-03:00\",\"dateModified\":\"2022-02-06T19:55:51-03:00\"},{\"@type\":\"WebSite\",\"@id\":\"https:\\\/\\\/newsinfoco.com.br\\\/inicio\\\/#website\",\"url\":\"https:\\\/\\\/newsinfoco.com.br\\\/inicio\\\/\",\"name\":\"News In Foco - Editado por Caio Pimenta\",\"description\":\"O principal site de noticias de Alagoinhas e regi\\u00e3o\",\"inLanguage\":\"pt-BR\",\"publisher\":{\"@id\":\"https:\\\/\\\/newsinfoco.com.br\\\/inicio\\\/#organization\"}}]}\n\t\t<\/script>\n\t\t<!-- All in One SEO -->\n\n","aioseo_head_json":{"title":"Novas linhas passam a circular no transporte coletivo com o retorno das aulas presenciais na rede estadual a partir desta segunda-feira(07) - News In Foco - Editado por Caio Pimenta","description":"Com o in\u00edcio das aulas na rede estadual de ensino, a Superintend\u00eancia Municipal de Transporte e Tr\u00e2nsito (SMTT) e a Comiss\u00e3o Intersetorial informam que, a partir desta segunda-feira, 07 de fevereiro, os \u00f4nibus do transporte coletivo passar\u00e3o a circular at\u00e9 as 22h. O quadro de linhas foi modificado para melhor atender \u00e0 popula\u00e7\u00e3o e, em","canonical_url":"https:\/\/newsinfoco.com.br\/inicio\/novas-linhas-passam-a-circular-no-transporte-coletivo-com-o-retorno-das-aulas-presenciais-na-rede-estadual-a-partir-desta-segunda-feira07\/","robots":"max-image-preview:large","keywords":"","webmasterTools":{"miscellaneous":""},"schema":{"@context":"https:\/\/schema.org","@graph":[{"@type":"BlogPosting","@id":"https:\/\/newsinfoco.com.br\/inicio\/novas-linhas-passam-a-circular-no-transporte-coletivo-com-o-retorno-das-aulas-presenciais-na-rede-estadual-a-partir-desta-segunda-feira07\/#blogposting","name":"Novas linhas passam a circular no transporte coletivo com o retorno das aulas presenciais na rede estadual a partir desta segunda-feira(07) - News In Foco - Editado por Caio Pimenta","headline":"Novas linhas passam a circular no transporte coletivo com o retorno das aulas presenciais na rede estadual a partir desta segunda-feira(07)","author":{"@id":"https:\/\/newsinfoco.com.br\/inicio\/author\/administrador\/#author"},"publisher":{"@id":"https:\/\/newsinfoco.com.br\/inicio\/#organization"},"image":{"@type":"ImageObject","url":"https:\/\/newsinfoco.com.br\/inicio\/wp-content\/uploads\/2022\/02\/WhatsApp-Image-2022-01-24-at-08.19.091-2-550x368-1.jpeg","width":550,"height":368},"datePublished":"2022-02-06T19:55:51-03:00","dateModified":"2022-02-06T19:55:51-03:00","inLanguage":"pt-BR","mainEntityOfPage":{"@id":"https:\/\/newsinfoco.com.br\/inicio\/novas-linhas-passam-a-circular-no-transporte-coletivo-com-o-retorno-das-aulas-presenciais-na-rede-estadual-a-partir-desta-segunda-feira07\/#webpage"},"isPartOf":{"@id":"https:\/\/newsinfoco.com.br\/inicio\/novas-linhas-passam-a-circular-no-transporte-coletivo-com-o-retorno-das-aulas-presenciais-na-rede-estadual-a-partir-desta-segunda-feira07\/#webpage"},"articleSection":"Alagoinhas e Regi\u00e3o, Manchete"},{"@type":"BreadcrumbList","@id":"https:\/\/newsinfoco.com.br\/inicio\/novas-linhas-passam-a-circular-no-transporte-coletivo-com-o-retorno-das-aulas-presenciais-na-rede-estadual-a-partir-desta-segunda-feira07\/#breadcrumblist","itemListElement":[{"@type":"ListItem","@id":"https:\/\/newsinfoco.com.br\/inicio#listItem","position":1,"name":"In\u00edcio","item":"https:\/\/newsinfoco.com.br\/inicio","nextItem":{"@type":"ListItem","@id":"https:\/\/newsinfoco.com.br\/inicio\/category\/alagoinhas-e-regiao\/#listItem","name":"Alagoinhas e Regi\u00e3o"}},{"@type":"ListItem","@id":"https:\/\/newsinfoco.com.br\/inicio\/category\/alagoinhas-e-regiao\/#listItem","position":2,"name":"Alagoinhas e Regi\u00e3o","item":"https:\/\/newsinfoco.com.br\/inicio\/category\/alagoinhas-e-regiao\/","nextItem":{"@type":"ListItem","@id":"https:\/\/newsinfoco.com.br\/inicio\/novas-linhas-passam-a-circular-no-transporte-coletivo-com-o-retorno-das-aulas-presenciais-na-rede-estadual-a-partir-desta-segunda-feira07\/#listItem","name":"Novas linhas passam a circular no transporte coletivo com o retorno das aulas presenciais na rede estadual a partir desta segunda-feira(07)"},"previousItem":{"@type":"ListItem","@id":"https:\/\/newsinfoco.com.br\/inicio#listItem","name":"In\u00edcio"}},{"@type":"ListItem","@id":"https:\/\/newsinfoco.com.br\/inicio\/novas-linhas-passam-a-circular-no-transporte-coletivo-com-o-retorno-das-aulas-presenciais-na-rede-estadual-a-partir-desta-segunda-feira07\/#listItem","position":3,"name":"Novas linhas passam a circular no transporte coletivo com o retorno das aulas presenciais na rede estadual a partir desta segunda-feira(07)","previousItem":{"@type":"ListItem","@id":"https:\/\/newsinfoco.com.br\/inicio\/category\/alagoinhas-e-regiao\/#listItem","name":"Alagoinhas e Regi\u00e3o"}}]},{"@type":"Organization","@id":"https:\/\/newsinfoco.com.br\/inicio\/#organization","name":"News In Foco - Editado por Caio Pimenta","description":"O principal site de noticias de Alagoinhas e regi\u00e3o","url":"https:\/\/newsinfoco.com.br\/inicio\/"},{"@type":"Person","@id":"https:\/\/newsinfoco.com.br\/inicio\/author\/administrador\/#author","url":"https:\/\/newsinfoco.com.br\/inicio\/author\/administrador\/","name":"administrador","image":{"@type":"ImageObject","@id":"https:\/\/newsinfoco.com.br\/inicio\/novas-linhas-passam-a-circular-no-transporte-coletivo-com-o-retorno-das-aulas-presenciais-na-rede-estadual-a-partir-desta-segunda-feira07\/#authorImage","url":"https:\/\/secure.gravatar.com\/avatar\/c17a617433de8c1dc9584bb79aab7563b46f5bb7e1728c9b17d9cc3ce6a08e49?s=96&d=mm&r=g","width":96,"height":96,"caption":"administrador"}},{"@type":"WebPage","@id":"https:\/\/newsinfoco.com.br\/inicio\/novas-linhas-passam-a-circular-no-transporte-coletivo-com-o-retorno-das-aulas-presenciais-na-rede-estadual-a-partir-desta-segunda-feira07\/#webpage","url":"https:\/\/newsinfoco.com.br\/inicio\/novas-linhas-passam-a-circular-no-transporte-coletivo-com-o-retorno-das-aulas-presenciais-na-rede-estadual-a-partir-desta-segunda-feira07\/","name":"Novas linhas passam a circular no transporte coletivo com o retorno das aulas presenciais na rede estadual a partir desta segunda-feira(07) - News In Foco - Editado por Caio Pimenta","description":"Com o in\u00edcio das aulas na rede estadual de ensino, a Superintend\u00eancia Municipal de Transporte e Tr\u00e2nsito (SMTT) e a Comiss\u00e3o Intersetorial informam que, a partir desta segunda-feira, 07 de fevereiro, os \u00f4nibus do transporte coletivo passar\u00e3o a circular at\u00e9 as 22h. O quadro de linhas foi modificado para melhor atender \u00e0 popula\u00e7\u00e3o e, em","inLanguage":"pt-BR","isPartOf":{"@id":"https:\/\/newsinfoco.com.br\/inicio\/#website"},"breadcrumb":{"@id":"https:\/\/newsinfoco.com.br\/inicio\/novas-linhas-passam-a-circular-no-transporte-coletivo-com-o-retorno-das-aulas-presenciais-na-rede-estadual-a-partir-desta-segunda-feira07\/#breadcrumblist"},"author":{"@id":"https:\/\/newsinfoco.com.br\/inicio\/author\/administrador\/#author"},"creator":{"@id":"https:\/\/newsinfoco.com.br\/inicio\/author\/administrador\/#author"},"image":{"@type":"ImageObject","url":"https:\/\/newsinfoco.com.br\/inicio\/wp-content\/uploads\/2022\/02\/WhatsApp-Image-2022-01-24-at-08.19.091-2-550x368-1.jpeg","@id":"https:\/\/newsinfoco.com.br\/inicio\/novas-linhas-passam-a-circular-no-transporte-coletivo-com-o-retorno-das-aulas-presenciais-na-rede-estadual-a-partir-desta-segunda-feira07\/#mainImage","width":550,"height":368},"primaryImageOfPage":{"@id":"https:\/\/newsinfoco.com.br\/inicio\/novas-linhas-passam-a-circular-no-transporte-coletivo-com-o-retorno-das-aulas-presenciais-na-rede-estadual-a-partir-desta-segunda-feira07\/#mainImage"},"datePublished":"2022-02-06T19:55:51-03:00","dateModified":"2022-02-06T19:55:51-03:00"},{"@type":"WebSite","@id":"https:\/\/newsinfoco.com.br\/inicio\/#website","url":"https:\/\/newsinfoco.com.br\/inicio\/","name":"News In Foco - Editado por Caio Pimenta","description":"O principal site de noticias de Alagoinhas e regi\u00e3o","inLanguage":"pt-BR","publisher":{"@id":"https:\/\/newsinfoco.com.br\/inicio\/#organization"}}]},"og:locale":"pt_BR","og:site_name":"News In Foco - Editado por Caio Pimenta - O principal site de noticias de Alagoinhas e regi\u00e3o","og:type":"article","og:title":"Novas linhas passam a circular no transporte coletivo com o retorno das aulas presenciais na rede estadual a partir desta segunda-feira(07) - News In Foco - Editado por Caio Pimenta","og:description":"Com o in\u00edcio das aulas na rede estadual de ensino, a Superintend\u00eancia Municipal de Transporte e Tr\u00e2nsito (SMTT) e a Comiss\u00e3o Intersetorial informam que, a partir desta segunda-feira, 07 de fevereiro, os \u00f4nibus do transporte coletivo passar\u00e3o a circular at\u00e9 as 22h. O quadro de linhas foi modificado para melhor atender \u00e0 popula\u00e7\u00e3o e, em","og:url":"https:\/\/newsinfoco.com.br\/inicio\/novas-linhas-passam-a-circular-no-transporte-coletivo-com-o-retorno-das-aulas-presenciais-na-rede-estadual-a-partir-desta-segunda-feira07\/","article:published_time":"2022-02-06T22:55:51+00:00","article:modified_time":"2022-02-06T22:55:51+00:00","twitter:card":"summary_large_image","twitter:title":"Novas linhas passam a circular no transporte coletivo com o retorno das aulas presenciais na rede estadual a partir desta segunda-feira(07) - News In Foco - Editado por Caio Pimenta","twitter:description":"Com o in\u00edcio das aulas na rede estadual de ensino, a Superintend\u00eancia Municipal de Transporte e Tr\u00e2nsito (SMTT) e a Comiss\u00e3o Intersetorial informam que, a partir desta segunda-feira, 07 de fevereiro, os \u00f4nibus do transporte coletivo passar\u00e3o a circular at\u00e9 as 22h. O quadro de linhas foi modificado para melhor atender \u00e0 popula\u00e7\u00e3o e, em"},"aioseo_meta_data":{"post_id":"28716","title":null,"description":null,"keywords":null,"keyphrases":null,"primary_term":null,"canonical_url":null,"og_title":null,"og_description":null,"og_object_type":"default","og_image_type":"default","og_image_url":null,"og_image_width":null,"og_image_height":null,"og_image_custom_url":null,"og_image_custom_fields":null,"og_video":null,"og_custom_url":null,"og_article_section":null,"og_article_tags":null,"twitter_use_og":false,"twitter_card":"default","twitter_image_type":"default","twitter_image_url":null,"twitter_image_custom_url":null,"twitter_image_custom_fields":null,"twitter_title":null,"twitter_description":null,"schema":{"blockGraphs":[],"customGraphs":[],"default":{"data":{"Article":[],"Course":[],"Dataset":[],"FAQPage":[],"Movie":[],"Person":[],"Product":[],"ProductReview":[],"Car":[],"Recipe":[],"Service":[],"SoftwareApplication":[],"WebPage":[]},"graphName":"","isEnabled":true},"graphs":[]},"schema_type":"default","schema_type_options":null,"pillar_content":false,"robots_default":true,"robots_noindex":false,"robots_noarchive":false,"robots_nosnippet":false,"robots_nofollow":false,"robots_noimageindex":false,"robots_noodp":false,"robots_notranslate":false,"robots_max_snippet":null,"robots_max_videopreview":null,"robots_max_imagepreview":"large","priority":null,"frequency":null,"local_seo":null,"breadcrumb_settings":null,"limit_modified_date":false,"ai":null,"created":"2023-06-12 20:40:16","updated":"2025-07-11 06:51:46","seo_analyzer_scan_date":null},"aioseo_breadcrumb":"<div class=\"aioseo-breadcrumbs\"><span class=\"aioseo-breadcrumb\">\n\t\t\t<a href=\"https:\/\/newsinfoco.com.br\/inicio\" title=\"In\u00edcio\">In\u00edcio<\/a>\n\t\t<\/span><span class=\"aioseo-breadcrumb-separator\">&raquo;<\/span><span class=\"aioseo-breadcrumb\">\n\t\t\t<a href=\"https:\/\/newsinfoco.com.br\/inicio\/category\/alagoinhas-e-regiao\/\" title=\"Alagoinhas e Regi\u00e3o\">Alagoinhas e Regi\u00e3o<\/a>\n\t\t<\/span><span class=\"aioseo-breadcrumb-separator\">&raquo;<\/span><span class=\"aioseo-breadcrumb\">\n\t\t\tNovas linhas passam a circular no transporte coletivo com o retorno das aulas presenciais na rede estadual a partir desta segunda-feira(07)\n\t\t<\/span><\/div>","aioseo_breadcrumb_json":[{"label":"In\u00edcio","link":"https:\/\/newsinfoco.com.br\/inicio"},{"label":"Alagoinhas e Regi\u00e3o","link":"https:\/\/newsinfoco.com.br\/inicio\/category\/alagoinhas-e-regiao\/"},{"label":"Novas linhas passam a circular no transporte coletivo com o retorno das aulas presenciais na rede estadual a partir desta segunda-feira(07)","link":"https:\/\/newsinfoco.com.br\/inicio\/novas-linhas-passam-a-circular-no-transporte-coletivo-com-o-retorno-das-aulas-presenciais-na-rede-estadual-a-partir-desta-segunda-feira07\/"}],"_links":{"self":[{"href":"https:\/\/newsinfoco.com.br\/inicio\/wp-json\/wp\/v2\/posts\/28716","targetHints":{"allow":["GET"]}}],"collection":[{"href":"https:\/\/newsinfoco.com.br\/inicio\/wp-json\/wp\/v2\/posts"}],"about":[{"href":"https:\/\/newsinfoco.com.br\/inicio\/wp-json\/wp\/v2\/types\/post"}],"author":[{"embeddable":true,"href":"https:\/\/newsinfoco.com.br\/inicio\/wp-json\/wp\/v2\/users\/1"}],"replies":[{"embeddable":true,"href":"https:\/\/newsinfoco.com.br\/inicio\/wp-json\/wp\/v2\/comments?post=28716"}],"version-history":[{"count":1,"href":"https:\/\/newsinfoco.com.br\/inicio\/wp-json\/wp\/v2\/posts\/28716\/revisions"}],"predecessor-version":[{"id":28718,"href":"https:\/\/newsinfoco.com.br\/inicio\/wp-json\/wp\/v2\/posts\/28716\/revisions\/28718"}],"wp:featuredmedia":[{"embeddable":true,"href":"https:\/\/newsinfoco.com.br\/inicio\/wp-json\/wp\/v2\/media\/28717"}],"wp:attachment":[{"href":"https:\/\/newsinfoco.com.br\/inicio\/wp-json\/wp\/v2\/media?parent=28716"}],"wp:term":[{"taxonomy":"category","embeddable":true,"href":"https:\/\/newsinfoco.com.br\/inicio\/wp-json\/wp\/v2\/categories?post=28716"},{"taxonomy":"post_tag","embeddable":true,"href":"https:\/\/newsinfoco.com.br\/inicio\/wp-json\/wp\/v2\/tags?post=28716"}],"curies":[{"name":"wp","href":"https:\/\/api.w.org\/{rel}","templated":true}]}}