{"id":28732,"date":"2022-02-07T19:04:03","date_gmt":"2022-02-07T22:04:03","guid":{"rendered":"https:\/\/newsinfoco.com.br\/inicio\/?p=28732"},"modified":"2022-02-07T19:13:00","modified_gmt":"2022-02-07T22:13:00","slug":"de-mudanca-paulo-cezar-saira-do-dem-e-se-filiara-a-legenda-aliada-de-acm-neto","status":"publish","type":"post","link":"https:\/\/newsinfoco.com.br\/inicio\/de-mudanca-paulo-cezar-saira-do-dem-e-se-filiara-a-legenda-aliada-de-acm-neto\/","title":{"rendered":"De mudan\u00e7a: Paulo Cezar sair\u00e1 do DEM e se filiar\u00e1 a legenda aliada de ACM Neto"},"content":{"rendered":"<p>Em conversa na manh\u00e3 desta segunda-feira com o editor do site Alagoinhas Hoje, no Salvador Shopping, o ex-prefeito Paulo Cezar afirmou que sair\u00e1 o DEM e se filiar\u00e1 a legenda aliada de ACM Neto. Outra alternativa, tamb\u00e9m avaliada, \u00e9 ingresso em partido que adote postura de neutralidade em rela\u00e7\u00e3o \u00e0 disputa estadual e aceite posicionamentos de seus candidatos \u00e0 Assembleia Legislativa e \u00e0 C\u00e2mara dos Deputados, mesmo divergentes.<\/p>\n<p>Segundo o ex-prefeito Paulo Cezar, a defini\u00e7\u00e3o da legenda s\u00f3 acontecer\u00e1 ap\u00f3s conversas com o deputado federal Paulo Azi e o pr\u00e9-candidato ACM Neto. \u201cA escolha ser\u00e1 anunciada no m\u00eas mar\u00e7o\u201d, afirmou.<\/p>\n<p>Pol\u00edtico com longa trajet\u00f3ria em disputas eleitorais, Paulo Cezar, que completar\u00e1 65 anos no dia 9 de mar\u00e7o, salientou que est\u00e1 com energia para participar de mais um campanha, a quinta, com objetivo de conquistar uma cadeira no parlamento estadual. Venceu as disputas em 1998 (primeiro mandado de deputado estadual) e em 2002 (segundo mandato na Assembleia Legislativa). Perdeu em 2006 e 2018.<\/p>\n<p>Antecipando a disputa de 2024, um dos amigos de Paulo Cezar, com quem o ex-prefeito de Alagoinhas conversava em caf\u00e9 do Salvador Shopping, pronunciou a seguinte frase: \u201cMesmo que n\u00e3o ganhe a elei\u00e7\u00e3o de outubro deste ano, ele ser\u00e1 o mais forte candidato para vencer o pleito municipal\u201d.\u00a0 Paulo Cezar sorriu, aquiesceu com o olhar, mas n\u00e3o disse nada.<\/p>\n<div class='share-to-whatsapp-wrapper'><div class='share-on-whsp'>Share on: <\/div><a data-text='De mudan\u00e7a: Paulo Cezar sair\u00e1 do DEM e se filiar\u00e1 a legenda aliada de ACM Neto' data-link='https:\/\/newsinfoco.com.br\/inicio\/de-mudanca-paulo-cezar-saira-do-dem-e-se-filiara-a-legenda-aliada-de-acm-neto\/' class='whatsapp-button whatsapp-share'>WhatsApp<\/a><div class='clear '><\/div><\/div>","protected":false},"excerpt":{"rendered":"<p>Em conversa na manh\u00e3 desta segunda-feira com o editor do site Alagoinhas Hoje, no Salvador Shopping, o ex-prefeito Paulo Cezar afirmou que sair\u00e1 o DEM e se filiar\u00e1 a legenda aliada de ACM Neto. Outra alternativa, tamb\u00e9m avaliada, \u00e9 ingresso em partido que adote postura de neutralidade em rela\u00e7\u00e3o \u00e0 disputa estadual e aceite posicionamentos [&hellip;]<\/p>\n","protected":false},"author":1,"featured_media":28733,"comment_status":"closed","ping_status":"closed","sticky":false,"template":"","format":"standard","meta":{"om_disable_all_campaigns":false,"rop_custom_images_group":[],"rop_custom_messages_group":[],"rop_publish_now":"initial","rop_publish_now_accounts":[],"rop_publish_now_history":[],"rop_publish_now_status":"pending","_exactmetrics_skip_tracking":false,"footnotes":""},"categories":[38,167],"tags":[],"class_list":["post-28732","post","type-post","status-publish","format-standard","has-post-thumbnail","hentry","category-alagoinhas-e-regiao","category-exclusivas"],"aioseo_notices":[],"aioseo_head":"\n\t\t<!-- All in One SEO 4.9.10 - aioseo.com -->\n\t<meta name=\"description\" content=\"Em conversa na manh\u00e3 desta segunda-feira com o editor do site Alagoinhas Hoje, no Salvador Shopping, o ex-prefeito Paulo Cezar afirmou que sair\u00e1 o DEM e se filiar\u00e1 a legenda aliada de ACM Neto. Outra alternativa, tamb\u00e9m avaliada, \u00e9 ingresso em partido que adote postura de neutralidade em rela\u00e7\u00e3o \u00e0 disputa estadual e aceite posicionamentos\" \/>\n\t<meta name=\"robots\" content=\"max-image-preview:large\" \/>\n\t<meta name=\"author\" content=\"administrador\"\/>\n\t<link rel=\"canonical\" href=\"https:\/\/newsinfoco.com.br\/inicio\/de-mudanca-paulo-cezar-saira-do-dem-e-se-filiara-a-legenda-aliada-de-acm-neto\/\" \/>\n\t<meta name=\"generator\" content=\"All in One SEO (AIOSEO) 4.9.10\" \/>\n\t\t<meta property=\"og:locale\" content=\"pt_BR\" \/>\n\t\t<meta property=\"og:site_name\" content=\"News In Foco - Editado por Caio Pimenta - O principal site de noticias de Alagoinhas e regi\u00e3o\" \/>\n\t\t<meta property=\"og:type\" content=\"article\" \/>\n\t\t<meta property=\"og:title\" content=\"De mudan\u00e7a: Paulo Cezar sair\u00e1 do DEM e se filiar\u00e1 a legenda aliada de ACM Neto - News In Foco - Editado por Caio Pimenta\" \/>\n\t\t<meta property=\"og:description\" content=\"Em conversa na manh\u00e3 desta segunda-feira com o editor do site Alagoinhas Hoje, no Salvador Shopping, o ex-prefeito Paulo Cezar afirmou que sair\u00e1 o DEM e se filiar\u00e1 a legenda aliada de ACM Neto. Outra alternativa, tamb\u00e9m avaliada, \u00e9 ingresso em partido que adote postura de neutralidade em rela\u00e7\u00e3o \u00e0 disputa estadual e aceite posicionamentos\" \/>\n\t\t<meta property=\"og:url\" content=\"https:\/\/newsinfoco.com.br\/inicio\/de-mudanca-paulo-cezar-saira-do-dem-e-se-filiara-a-legenda-aliada-de-acm-neto\/\" \/>\n\t\t<meta property=\"article:published_time\" content=\"2022-02-07T22:04:03+00:00\" \/>\n\t\t<meta property=\"article:modified_time\" content=\"2022-02-07T22:13:00+00:00\" \/>\n\t\t<meta name=\"twitter:card\" content=\"summary_large_image\" \/>\n\t\t<meta name=\"twitter:title\" content=\"De mudan\u00e7a: Paulo Cezar sair\u00e1 do DEM e se filiar\u00e1 a legenda aliada de ACM Neto - News In Foco - Editado por Caio Pimenta\" \/>\n\t\t<meta name=\"twitter:description\" content=\"Em conversa na manh\u00e3 desta segunda-feira com o editor do site Alagoinhas Hoje, no Salvador Shopping, o ex-prefeito Paulo Cezar afirmou que sair\u00e1 o DEM e se filiar\u00e1 a legenda aliada de ACM Neto. Outra alternativa, tamb\u00e9m avaliada, \u00e9 ingresso em partido que adote postura de neutralidade em rela\u00e7\u00e3o \u00e0 disputa estadual e aceite posicionamentos\" \/>\n\t\t<script type=\"application\/ld+json\" class=\"aioseo-schema\">\n\t\t\t{\"@context\":\"https:\\\/\\\/schema.org\",\"@graph\":[{\"@type\":\"BlogPosting\",\"@id\":\"https:\\\/\\\/newsinfoco.com.br\\\/inicio\\\/de-mudanca-paulo-cezar-saira-do-dem-e-se-filiara-a-legenda-aliada-de-acm-neto\\\/#blogposting\",\"name\":\"De mudan\\u00e7a: Paulo Cezar sair\\u00e1 do DEM e se filiar\\u00e1 a legenda aliada de ACM Neto - News In Foco - Editado por Caio Pimenta\",\"headline\":\"De mudan\\u00e7a: Paulo Cezar sair\\u00e1 do DEM e se filiar\\u00e1 a legenda aliada de ACM Neto\",\"author\":{\"@id\":\"https:\\\/\\\/newsinfoco.com.br\\\/inicio\\\/author\\\/administrador\\\/#author\"},\"publisher\":{\"@id\":\"https:\\\/\\\/newsinfoco.com.br\\\/inicio\\\/#organization\"},\"image\":{\"@type\":\"ImageObject\",\"url\":\"https:\\\/\\\/newsinfoco.com.br\\\/inicio\\\/wp-content\\\/uploads\\\/2022\\\/02\\\/1374519211ef868fdab6450f5302f840.jpg\",\"width\":753,\"height\":634},\"datePublished\":\"2022-02-07T19:04:03-03:00\",\"dateModified\":\"2022-02-07T19:13:00-03:00\",\"inLanguage\":\"pt-BR\",\"mainEntityOfPage\":{\"@id\":\"https:\\\/\\\/newsinfoco.com.br\\\/inicio\\\/de-mudanca-paulo-cezar-saira-do-dem-e-se-filiara-a-legenda-aliada-de-acm-neto\\\/#webpage\"},\"isPartOf\":{\"@id\":\"https:\\\/\\\/newsinfoco.com.br\\\/inicio\\\/de-mudanca-paulo-cezar-saira-do-dem-e-se-filiara-a-legenda-aliada-de-acm-neto\\\/#webpage\"},\"articleSection\":\"Alagoinhas e Regi\\u00e3o, Manchete\"},{\"@type\":\"BreadcrumbList\",\"@id\":\"https:\\\/\\\/newsinfoco.com.br\\\/inicio\\\/de-mudanca-paulo-cezar-saira-do-dem-e-se-filiara-a-legenda-aliada-de-acm-neto\\\/#breadcrumblist\",\"itemListElement\":[{\"@type\":\"ListItem\",\"@id\":\"https:\\\/\\\/newsinfoco.com.br\\\/inicio#listItem\",\"position\":1,\"name\":\"In\\u00edcio\",\"item\":\"https:\\\/\\\/newsinfoco.com.br\\\/inicio\",\"nextItem\":{\"@type\":\"ListItem\",\"@id\":\"https:\\\/\\\/newsinfoco.com.br\\\/inicio\\\/category\\\/alagoinhas-e-regiao\\\/#listItem\",\"name\":\"Alagoinhas e Regi\\u00e3o\"}},{\"@type\":\"ListItem\",\"@id\":\"https:\\\/\\\/newsinfoco.com.br\\\/inicio\\\/category\\\/alagoinhas-e-regiao\\\/#listItem\",\"position\":2,\"name\":\"Alagoinhas e Regi\\u00e3o\",\"item\":\"https:\\\/\\\/newsinfoco.com.br\\\/inicio\\\/category\\\/alagoinhas-e-regiao\\\/\",\"nextItem\":{\"@type\":\"ListItem\",\"@id\":\"https:\\\/\\\/newsinfoco.com.br\\\/inicio\\\/de-mudanca-paulo-cezar-saira-do-dem-e-se-filiara-a-legenda-aliada-de-acm-neto\\\/#listItem\",\"name\":\"De mudan\\u00e7a: Paulo Cezar sair\\u00e1 do DEM e se filiar\\u00e1 a legenda aliada de ACM Neto\"},\"previousItem\":{\"@type\":\"ListItem\",\"@id\":\"https:\\\/\\\/newsinfoco.com.br\\\/inicio#listItem\",\"name\":\"In\\u00edcio\"}},{\"@type\":\"ListItem\",\"@id\":\"https:\\\/\\\/newsinfoco.com.br\\\/inicio\\\/de-mudanca-paulo-cezar-saira-do-dem-e-se-filiara-a-legenda-aliada-de-acm-neto\\\/#listItem\",\"position\":3,\"name\":\"De mudan\\u00e7a: Paulo Cezar sair\\u00e1 do DEM e se filiar\\u00e1 a legenda aliada de ACM Neto\",\"previousItem\":{\"@type\":\"ListItem\",\"@id\":\"https:\\\/\\\/newsinfoco.com.br\\\/inicio\\\/category\\\/alagoinhas-e-regiao\\\/#listItem\",\"name\":\"Alagoinhas e Regi\\u00e3o\"}}]},{\"@type\":\"Organization\",\"@id\":\"https:\\\/\\\/newsinfoco.com.br\\\/inicio\\\/#organization\",\"name\":\"News In Foco - Editado por Caio Pimenta\",\"description\":\"O principal site de noticias de Alagoinhas e regi\\u00e3o\",\"url\":\"https:\\\/\\\/newsinfoco.com.br\\\/inicio\\\/\"},{\"@type\":\"Person\",\"@id\":\"https:\\\/\\\/newsinfoco.com.br\\\/inicio\\\/author\\\/administrador\\\/#author\",\"url\":\"https:\\\/\\\/newsinfoco.com.br\\\/inicio\\\/author\\\/administrador\\\/\",\"name\":\"administrador\",\"image\":{\"@type\":\"ImageObject\",\"@id\":\"https:\\\/\\\/newsinfoco.com.br\\\/inicio\\\/de-mudanca-paulo-cezar-saira-do-dem-e-se-filiara-a-legenda-aliada-de-acm-neto\\\/#authorImage\",\"url\":\"https:\\\/\\\/secure.gravatar.com\\\/avatar\\\/c17a617433de8c1dc9584bb79aab7563b46f5bb7e1728c9b17d9cc3ce6a08e49?s=96&d=mm&r=g\",\"width\":96,\"height\":96,\"caption\":\"administrador\"}},{\"@type\":\"WebPage\",\"@id\":\"https:\\\/\\\/newsinfoco.com.br\\\/inicio\\\/de-mudanca-paulo-cezar-saira-do-dem-e-se-filiara-a-legenda-aliada-de-acm-neto\\\/#webpage\",\"url\":\"https:\\\/\\\/newsinfoco.com.br\\\/inicio\\\/de-mudanca-paulo-cezar-saira-do-dem-e-se-filiara-a-legenda-aliada-de-acm-neto\\\/\",\"name\":\"De mudan\\u00e7a: Paulo Cezar sair\\u00e1 do DEM e se filiar\\u00e1 a legenda aliada de ACM Neto - News In Foco - Editado por Caio Pimenta\",\"description\":\"Em conversa na manh\\u00e3 desta segunda-feira com o editor do site Alagoinhas Hoje, no Salvador Shopping, o ex-prefeito Paulo Cezar afirmou que sair\\u00e1 o DEM e se filiar\\u00e1 a legenda aliada de ACM Neto. Outra alternativa, tamb\\u00e9m avaliada, \\u00e9 ingresso em partido que adote postura de neutralidade em rela\\u00e7\\u00e3o \\u00e0 disputa estadual e aceite posicionamentos\",\"inLanguage\":\"pt-BR\",\"isPartOf\":{\"@id\":\"https:\\\/\\\/newsinfoco.com.br\\\/inicio\\\/#website\"},\"breadcrumb\":{\"@id\":\"https:\\\/\\\/newsinfoco.com.br\\\/inicio\\\/de-mudanca-paulo-cezar-saira-do-dem-e-se-filiara-a-legenda-aliada-de-acm-neto\\\/#breadcrumblist\"},\"author\":{\"@id\":\"https:\\\/\\\/newsinfoco.com.br\\\/inicio\\\/author\\\/administrador\\\/#author\"},\"creator\":{\"@id\":\"https:\\\/\\\/newsinfoco.com.br\\\/inicio\\\/author\\\/administrador\\\/#author\"},\"image\":{\"@type\":\"ImageObject\",\"url\":\"https:\\\/\\\/newsinfoco.com.br\\\/inicio\\\/wp-content\\\/uploads\\\/2022\\\/02\\\/1374519211ef868fdab6450f5302f840.jpg\",\"@id\":\"https:\\\/\\\/newsinfoco.com.br\\\/inicio\\\/de-mudanca-paulo-cezar-saira-do-dem-e-se-filiara-a-legenda-aliada-de-acm-neto\\\/#mainImage\",\"width\":753,\"height\":634},\"primaryImageOfPage\":{\"@id\":\"https:\\\/\\\/newsinfoco.com.br\\\/inicio\\\/de-mudanca-paulo-cezar-saira-do-dem-e-se-filiara-a-legenda-aliada-de-acm-neto\\\/#mainImage\"},\"datePublished\":\"2022-02-07T19:04:03-03:00\",\"dateModified\":\"2022-02-07T19:13:00-03:00\"},{\"@type\":\"WebSite\",\"@id\":\"https:\\\/\\\/newsinfoco.com.br\\\/inicio\\\/#website\",\"url\":\"https:\\\/\\\/newsinfoco.com.br\\\/inicio\\\/\",\"name\":\"News In Foco - Editado por Caio Pimenta\",\"description\":\"O principal site de noticias de Alagoinhas e regi\\u00e3o\",\"inLanguage\":\"pt-BR\",\"publisher\":{\"@id\":\"https:\\\/\\\/newsinfoco.com.br\\\/inicio\\\/#organization\"}}]}\n\t\t<\/script>\n\t\t<!-- All in One SEO -->\n\n","aioseo_head_json":{"title":"De mudan\u00e7a: Paulo Cezar sair\u00e1 do DEM e se filiar\u00e1 a legenda aliada de ACM Neto - News In Foco - Editado por Caio Pimenta","description":"Em conversa na manh\u00e3 desta segunda-feira com o editor do site Alagoinhas Hoje, no Salvador Shopping, o ex-prefeito Paulo Cezar afirmou que sair\u00e1 o DEM e se filiar\u00e1 a legenda aliada de ACM Neto. Outra alternativa, tamb\u00e9m avaliada, \u00e9 ingresso em partido que adote postura de neutralidade em rela\u00e7\u00e3o \u00e0 disputa estadual e aceite posicionamentos","canonical_url":"https:\/\/newsinfoco.com.br\/inicio\/de-mudanca-paulo-cezar-saira-do-dem-e-se-filiara-a-legenda-aliada-de-acm-neto\/","robots":"max-image-preview:large","keywords":"","webmasterTools":{"miscellaneous":""},"schema":{"@context":"https:\/\/schema.org","@graph":[{"@type":"BlogPosting","@id":"https:\/\/newsinfoco.com.br\/inicio\/de-mudanca-paulo-cezar-saira-do-dem-e-se-filiara-a-legenda-aliada-de-acm-neto\/#blogposting","name":"De mudan\u00e7a: Paulo Cezar sair\u00e1 do DEM e se filiar\u00e1 a legenda aliada de ACM Neto - News In Foco - Editado por Caio Pimenta","headline":"De mudan\u00e7a: Paulo Cezar sair\u00e1 do DEM e se filiar\u00e1 a legenda aliada de ACM Neto","author":{"@id":"https:\/\/newsinfoco.com.br\/inicio\/author\/administrador\/#author"},"publisher":{"@id":"https:\/\/newsinfoco.com.br\/inicio\/#organization"},"image":{"@type":"ImageObject","url":"https:\/\/newsinfoco.com.br\/inicio\/wp-content\/uploads\/2022\/02\/1374519211ef868fdab6450f5302f840.jpg","width":753,"height":634},"datePublished":"2022-02-07T19:04:03-03:00","dateModified":"2022-02-07T19:13:00-03:00","inLanguage":"pt-BR","mainEntityOfPage":{"@id":"https:\/\/newsinfoco.com.br\/inicio\/de-mudanca-paulo-cezar-saira-do-dem-e-se-filiara-a-legenda-aliada-de-acm-neto\/#webpage"},"isPartOf":{"@id":"https:\/\/newsinfoco.com.br\/inicio\/de-mudanca-paulo-cezar-saira-do-dem-e-se-filiara-a-legenda-aliada-de-acm-neto\/#webpage"},"articleSection":"Alagoinhas e Regi\u00e3o, Manchete"},{"@type":"BreadcrumbList","@id":"https:\/\/newsinfoco.com.br\/inicio\/de-mudanca-paulo-cezar-saira-do-dem-e-se-filiara-a-legenda-aliada-de-acm-neto\/#breadcrumblist","itemListElement":[{"@type":"ListItem","@id":"https:\/\/newsinfoco.com.br\/inicio#listItem","position":1,"name":"In\u00edcio","item":"https:\/\/newsinfoco.com.br\/inicio","nextItem":{"@type":"ListItem","@id":"https:\/\/newsinfoco.com.br\/inicio\/category\/alagoinhas-e-regiao\/#listItem","name":"Alagoinhas e Regi\u00e3o"}},{"@type":"ListItem","@id":"https:\/\/newsinfoco.com.br\/inicio\/category\/alagoinhas-e-regiao\/#listItem","position":2,"name":"Alagoinhas e Regi\u00e3o","item":"https:\/\/newsinfoco.com.br\/inicio\/category\/alagoinhas-e-regiao\/","nextItem":{"@type":"ListItem","@id":"https:\/\/newsinfoco.com.br\/inicio\/de-mudanca-paulo-cezar-saira-do-dem-e-se-filiara-a-legenda-aliada-de-acm-neto\/#listItem","name":"De mudan\u00e7a: Paulo Cezar sair\u00e1 do DEM e se filiar\u00e1 a legenda aliada de ACM Neto"},"previousItem":{"@type":"ListItem","@id":"https:\/\/newsinfoco.com.br\/inicio#listItem","name":"In\u00edcio"}},{"@type":"ListItem","@id":"https:\/\/newsinfoco.com.br\/inicio\/de-mudanca-paulo-cezar-saira-do-dem-e-se-filiara-a-legenda-aliada-de-acm-neto\/#listItem","position":3,"name":"De mudan\u00e7a: Paulo Cezar sair\u00e1 do DEM e se filiar\u00e1 a legenda aliada de ACM Neto","previousItem":{"@type":"ListItem","@id":"https:\/\/newsinfoco.com.br\/inicio\/category\/alagoinhas-e-regiao\/#listItem","name":"Alagoinhas e Regi\u00e3o"}}]},{"@type":"Organization","@id":"https:\/\/newsinfoco.com.br\/inicio\/#organization","name":"News In Foco - Editado por Caio Pimenta","description":"O principal site de noticias de Alagoinhas e regi\u00e3o","url":"https:\/\/newsinfoco.com.br\/inicio\/"},{"@type":"Person","@id":"https:\/\/newsinfoco.com.br\/inicio\/author\/administrador\/#author","url":"https:\/\/newsinfoco.com.br\/inicio\/author\/administrador\/","name":"administrador","image":{"@type":"ImageObject","@id":"https:\/\/newsinfoco.com.br\/inicio\/de-mudanca-paulo-cezar-saira-do-dem-e-se-filiara-a-legenda-aliada-de-acm-neto\/#authorImage","url":"https:\/\/secure.gravatar.com\/avatar\/c17a617433de8c1dc9584bb79aab7563b46f5bb7e1728c9b17d9cc3ce6a08e49?s=96&d=mm&r=g","width":96,"height":96,"caption":"administrador"}},{"@type":"WebPage","@id":"https:\/\/newsinfoco.com.br\/inicio\/de-mudanca-paulo-cezar-saira-do-dem-e-se-filiara-a-legenda-aliada-de-acm-neto\/#webpage","url":"https:\/\/newsinfoco.com.br\/inicio\/de-mudanca-paulo-cezar-saira-do-dem-e-se-filiara-a-legenda-aliada-de-acm-neto\/","name":"De mudan\u00e7a: Paulo Cezar sair\u00e1 do DEM e se filiar\u00e1 a legenda aliada de ACM Neto - News In Foco - Editado por Caio Pimenta","description":"Em conversa na manh\u00e3 desta segunda-feira com o editor do site Alagoinhas Hoje, no Salvador Shopping, o ex-prefeito Paulo Cezar afirmou que sair\u00e1 o DEM e se filiar\u00e1 a legenda aliada de ACM Neto. Outra alternativa, tamb\u00e9m avaliada, \u00e9 ingresso em partido que adote postura de neutralidade em rela\u00e7\u00e3o \u00e0 disputa estadual e aceite posicionamentos","inLanguage":"pt-BR","isPartOf":{"@id":"https:\/\/newsinfoco.com.br\/inicio\/#website"},"breadcrumb":{"@id":"https:\/\/newsinfoco.com.br\/inicio\/de-mudanca-paulo-cezar-saira-do-dem-e-se-filiara-a-legenda-aliada-de-acm-neto\/#breadcrumblist"},"author":{"@id":"https:\/\/newsinfoco.com.br\/inicio\/author\/administrador\/#author"},"creator":{"@id":"https:\/\/newsinfoco.com.br\/inicio\/author\/administrador\/#author"},"image":{"@type":"ImageObject","url":"https:\/\/newsinfoco.com.br\/inicio\/wp-content\/uploads\/2022\/02\/1374519211ef868fdab6450f5302f840.jpg","@id":"https:\/\/newsinfoco.com.br\/inicio\/de-mudanca-paulo-cezar-saira-do-dem-e-se-filiara-a-legenda-aliada-de-acm-neto\/#mainImage","width":753,"height":634},"primaryImageOfPage":{"@id":"https:\/\/newsinfoco.com.br\/inicio\/de-mudanca-paulo-cezar-saira-do-dem-e-se-filiara-a-legenda-aliada-de-acm-neto\/#mainImage"},"datePublished":"2022-02-07T19:04:03-03:00","dateModified":"2022-02-07T19:13:00-03:00"},{"@type":"WebSite","@id":"https:\/\/newsinfoco.com.br\/inicio\/#website","url":"https:\/\/newsinfoco.com.br\/inicio\/","name":"News In Foco - Editado por Caio Pimenta","description":"O principal site de noticias de Alagoinhas e regi\u00e3o","inLanguage":"pt-BR","publisher":{"@id":"https:\/\/newsinfoco.com.br\/inicio\/#organization"}}]},"og:locale":"pt_BR","og:site_name":"News In Foco - Editado por Caio Pimenta - O principal site de noticias de Alagoinhas e regi\u00e3o","og:type":"article","og:title":"De mudan\u00e7a: Paulo Cezar sair\u00e1 do DEM e se filiar\u00e1 a legenda aliada de ACM Neto - News In Foco - Editado por Caio Pimenta","og:description":"Em conversa na manh\u00e3 desta segunda-feira com o editor do site Alagoinhas Hoje, no Salvador Shopping, o ex-prefeito Paulo Cezar afirmou que sair\u00e1 o DEM e se filiar\u00e1 a legenda aliada de ACM Neto. Outra alternativa, tamb\u00e9m avaliada, \u00e9 ingresso em partido que adote postura de neutralidade em rela\u00e7\u00e3o \u00e0 disputa estadual e aceite posicionamentos","og:url":"https:\/\/newsinfoco.com.br\/inicio\/de-mudanca-paulo-cezar-saira-do-dem-e-se-filiara-a-legenda-aliada-de-acm-neto\/","article:published_time":"2022-02-07T22:04:03+00:00","article:modified_time":"2022-02-07T22:13:00+00:00","twitter:card":"summary_large_image","twitter:title":"De mudan\u00e7a: Paulo Cezar sair\u00e1 do DEM e se filiar\u00e1 a legenda aliada de ACM Neto - News In Foco - Editado por Caio Pimenta","twitter:description":"Em conversa na manh\u00e3 desta segunda-feira com o editor do site Alagoinhas Hoje, no Salvador Shopping, o ex-prefeito Paulo Cezar afirmou que sair\u00e1 o DEM e se filiar\u00e1 a legenda aliada de ACM Neto. Outra alternativa, tamb\u00e9m avaliada, \u00e9 ingresso em partido que adote postura de neutralidade em rela\u00e7\u00e3o \u00e0 disputa estadual e aceite posicionamentos"},"aioseo_meta_data":{"post_id":"28732","title":null,"description":null,"keywords":null,"keyphrases":null,"primary_term":null,"canonical_url":null,"og_title":null,"og_description":null,"og_object_type":"default","og_image_type":"default","og_image_url":null,"og_image_width":null,"og_image_height":null,"og_image_custom_url":null,"og_image_custom_fields":null,"og_video":null,"og_custom_url":null,"og_article_section":null,"og_article_tags":null,"twitter_use_og":false,"twitter_card":"default","twitter_image_type":"default","twitter_image_url":null,"twitter_image_custom_url":null,"twitter_image_custom_fields":null,"twitter_title":null,"twitter_description":null,"schema":{"blockGraphs":[],"customGraphs":[],"default":{"data":{"Article":[],"Course":[],"Dataset":[],"FAQPage":[],"Movie":[],"Person":[],"Product":[],"ProductReview":[],"Car":[],"Recipe":[],"Service":[],"SoftwareApplication":[],"WebPage":[]},"graphName":"","isEnabled":true},"graphs":[]},"schema_type":"default","schema_type_options":null,"pillar_content":false,"robots_default":true,"robots_noindex":false,"robots_noarchive":false,"robots_nosnippet":false,"robots_nofollow":false,"robots_noimageindex":false,"robots_noodp":false,"robots_notranslate":false,"robots_max_snippet":null,"robots_max_videopreview":null,"robots_max_imagepreview":"large","priority":null,"frequency":null,"local_seo":null,"breadcrumb_settings":null,"limit_modified_date":false,"ai":null,"created":"2023-06-12 20:40:16","updated":"2025-07-11 06:51:46","seo_analyzer_scan_date":null},"aioseo_breadcrumb":"<div class=\"aioseo-breadcrumbs\"><span class=\"aioseo-breadcrumb\">\n\t\t\t<a href=\"https:\/\/newsinfoco.com.br\/inicio\" title=\"In\u00edcio\">In\u00edcio<\/a>\n\t\t<\/span><span class=\"aioseo-breadcrumb-separator\">&raquo;<\/span><span class=\"aioseo-breadcrumb\">\n\t\t\t<a href=\"https:\/\/newsinfoco.com.br\/inicio\/category\/alagoinhas-e-regiao\/\" title=\"Alagoinhas e Regi\u00e3o\">Alagoinhas e Regi\u00e3o<\/a>\n\t\t<\/span><span class=\"aioseo-breadcrumb-separator\">&raquo;<\/span><span class=\"aioseo-breadcrumb\">\n\t\t\tDe mudan\u00e7a: Paulo Cezar sair\u00e1 do DEM e se filiar\u00e1 a legenda aliada de ACM Neto\n\t\t<\/span><\/div>","aioseo_breadcrumb_json":[{"label":"In\u00edcio","link":"https:\/\/newsinfoco.com.br\/inicio"},{"label":"Alagoinhas e Regi\u00e3o","link":"https:\/\/newsinfoco.com.br\/inicio\/category\/alagoinhas-e-regiao\/"},{"label":"De mudan\u00e7a: Paulo Cezar sair\u00e1 do DEM e se filiar\u00e1 a legenda aliada de ACM Neto","link":"https:\/\/newsinfoco.com.br\/inicio\/de-mudanca-paulo-cezar-saira-do-dem-e-se-filiara-a-legenda-aliada-de-acm-neto\/"}],"_links":{"self":[{"href":"https:\/\/newsinfoco.com.br\/inicio\/wp-json\/wp\/v2\/posts\/28732","targetHints":{"allow":["GET"]}}],"collection":[{"href":"https:\/\/newsinfoco.com.br\/inicio\/wp-json\/wp\/v2\/posts"}],"about":[{"href":"https:\/\/newsinfoco.com.br\/inicio\/wp-json\/wp\/v2\/types\/post"}],"author":[{"embeddable":true,"href":"https:\/\/newsinfoco.com.br\/inicio\/wp-json\/wp\/v2\/users\/1"}],"replies":[{"embeddable":true,"href":"https:\/\/newsinfoco.com.br\/inicio\/wp-json\/wp\/v2\/comments?post=28732"}],"version-history":[{"count":1,"href":"https:\/\/newsinfoco.com.br\/inicio\/wp-json\/wp\/v2\/posts\/28732\/revisions"}],"predecessor-version":[{"id":28734,"href":"https:\/\/newsinfoco.com.br\/inicio\/wp-json\/wp\/v2\/posts\/28732\/revisions\/28734"}],"wp:featuredmedia":[{"embeddable":true,"href":"https:\/\/newsinfoco.com.br\/inicio\/wp-json\/wp\/v2\/media\/28733"}],"wp:attachment":[{"href":"https:\/\/newsinfoco.com.br\/inicio\/wp-json\/wp\/v2\/media?parent=28732"}],"wp:term":[{"taxonomy":"category","embeddable":true,"href":"https:\/\/newsinfoco.com.br\/inicio\/wp-json\/wp\/v2\/categories?post=28732"},{"taxonomy":"post_tag","embeddable":true,"href":"https:\/\/newsinfoco.com.br\/inicio\/wp-json\/wp\/v2\/tags?post=28732"}],"curies":[{"name":"wp","href":"https:\/\/api.w.org\/{rel}","templated":true}]}}