{"id":28735,"date":"2022-02-08T15:01:30","date_gmt":"2022-02-08T18:01:30","guid":{"rendered":"https:\/\/newsinfoco.com.br\/inicio\/?p=28735"},"modified":"2022-02-08T15:01:30","modified_gmt":"2022-02-08T18:01:30","slug":"rosa-weber-e-gilmar-votam-com-fachin-para-rejeitar-denuncia-da-lava-jato-contra-lira-no-stf","status":"publish","type":"post","link":"https:\/\/newsinfoco.com.br\/inicio\/rosa-weber-e-gilmar-votam-com-fachin-para-rejeitar-denuncia-da-lava-jato-contra-lira-no-stf\/","title":{"rendered":"Rosa Weber e Gilmar votam com Fachin para rejeitar den\u00fancia da Lava Jato contra Lira no STF"},"content":{"rendered":"<p>Os ministros do STF (Supremo Tribunal Federal) Rosa Weber e Gilmar Mendes acompanharam Edson Fachin e votaram pela rejei\u00e7\u00e3o da den\u00fancia de corrup\u00e7\u00e3o passiva oferecida pela PGR (Procuradoria-Geral da Rep\u00fablica) contra o presidente da C\u00e2mara, Arthur Lira (PP-AL). O caso est\u00e1 sendo analisado pelo plen\u00e1rio virtual da corte.<\/p>\n<p>Lira foi denunciado pela PGR em 2019 pelo suposto recebimento de propina de R$ 1,6 milh\u00e3o da empreiteira Queiroz Galv\u00e3o, no \u00e2mbito das investiga\u00e7\u00f5es da Opera\u00e7\u00e3o Lava Jato.<\/p>\n<p>Em 2012, diziam os procuradores, ele teria retirado os recursos de uma \u201ccaixa de propinas\u201d mantida pela construtora em favor do Partido Progressista (PP), ao qual o deputado \u00e9 filiado.<\/p>\n<p>Um ano depois, no entanto, o caso sofreu uma reviravolta: a pr\u00f3pria procuradoria mudou de posi\u00e7\u00e3o e pediu a rejei\u00e7\u00e3o da acusa\u00e7\u00e3o que tinha feito contra o presidente da C\u00e2mara.<\/p>\n<p>Fachin, no entanto, n\u00e3o aceitou a posi\u00e7\u00e3o dos procuradores para que o caso fosse simplesmente arquivado. Citando o C\u00f3digo Penal, ele afirmou que o Minist\u00e9rio P\u00fablico n\u00e3o pode \u201cdesistir da a\u00e7\u00e3o penal\u201d. E decidiu submeter o caso aos demais integrantes da Corte, a quem caberia dar a palavra final sobre o caso.<\/p>\n<p>A defesa de apresentou um recurso contra a decis\u00e3o do ministro. Na semana passada, Fachin votou e concordou com a rejei\u00e7\u00e3o da den\u00fancia.<\/p>\n<p>Em seu voto, ele destacou que houve a constata\u00e7\u00e3o da insufici\u00eancia de elementos m\u00ednimos para dar justa causa \u00e0 den\u00fancia quanto ao crime de corrup\u00e7\u00e3o imputado ao parlamentar.<\/p>\n<p>\u201cEmbora n\u00e3o se possa negar a ascens\u00e3o e proemin\u00eancia do acusado Arthur C\u00e9sar Pereira de Lira nos assuntos partid\u00e1rios da agremia\u00e7\u00e3o a qual se encontra filiado [o PP], a pretens\u00e3o ministerial de relacionar a posi\u00e7\u00e3o de l\u00edder ao pagamento indevido implementado, \u00e0 m\u00edngua de qualquer outra circunst\u00e2ncia que robuste\u00e7a essa hip\u00f3tese acusat\u00f3ria, refor\u00e7a a conclus\u00e3o pela inexist\u00eancia de justa causa em rela\u00e7\u00e3o ao parlamentar federal, ante a fragilidade dessa ila\u00e7\u00e3o\u201d, argumentou o ministro.<\/p>\n<p>Com os votos de Rosa Weber e Gilmar Mendes, o parlamentar precisa de apenas mais dois votos no STF para se ver livre definitivamente da den\u00fancia.<\/p>\n<p>Folhapress<\/p>\n<div class='share-to-whatsapp-wrapper'><div class='share-on-whsp'>Share on: <\/div><a data-text='Rosa Weber e Gilmar votam com Fachin para rejeitar den\u00fancia da Lava Jato contra Lira no STF' data-link='https:\/\/newsinfoco.com.br\/inicio\/rosa-weber-e-gilmar-votam-com-fachin-para-rejeitar-denuncia-da-lava-jato-contra-lira-no-stf\/' class='whatsapp-button whatsapp-share'>WhatsApp<\/a><div class='clear '><\/div><\/div>","protected":false},"excerpt":{"rendered":"<p>Os ministros do STF (Supremo Tribunal Federal) Rosa Weber e Gilmar Mendes acompanharam Edson Fachin e votaram pela rejei\u00e7\u00e3o da den\u00fancia de corrup\u00e7\u00e3o passiva oferecida pela PGR (Procuradoria-Geral da Rep\u00fablica) contra o presidente da C\u00e2mara, Arthur Lira (PP-AL). O caso est\u00e1 sendo analisado pelo plen\u00e1rio virtual da corte. Lira foi denunciado pela PGR em 2019 [&hellip;]<\/p>\n","protected":false},"author":1,"featured_media":23429,"comment_status":"closed","ping_status":"closed","sticky":false,"template":"","format":"standard","meta":{"om_disable_all_campaigns":false,"rop_custom_images_group":[],"rop_custom_messages_group":[],"rop_publish_now":"initial","rop_publish_now_accounts":[],"rop_publish_now_history":[],"rop_publish_now_status":"pending","_exactmetrics_skip_tracking":false,"footnotes":""},"categories":[21],"tags":[],"class_list":["post-28735","post","type-post","status-publish","format-standard","has-post-thumbnail","hentry","category-brasil"],"aioseo_notices":[],"aioseo_head":"\n\t\t<!-- All in One SEO 4.9.10 - aioseo.com -->\n\t<meta name=\"description\" content=\"Os ministros do STF (Supremo Tribunal Federal) Rosa Weber e Gilmar Mendes acompanharam Edson Fachin e votaram pela rejei\u00e7\u00e3o da den\u00fancia de corrup\u00e7\u00e3o passiva oferecida pela PGR (Procuradoria-Geral da Rep\u00fablica) contra o presidente da C\u00e2mara, Arthur Lira (PP-AL). O caso est\u00e1 sendo analisado pelo plen\u00e1rio virtual da corte. Lira foi denunciado pela PGR em 2019\" \/>\n\t<meta name=\"robots\" content=\"max-image-preview:large\" \/>\n\t<meta name=\"author\" content=\"administrador\"\/>\n\t<link rel=\"canonical\" href=\"https:\/\/newsinfoco.com.br\/inicio\/rosa-weber-e-gilmar-votam-com-fachin-para-rejeitar-denuncia-da-lava-jato-contra-lira-no-stf\/\" \/>\n\t<meta name=\"generator\" content=\"All in One SEO (AIOSEO) 4.9.10\" \/>\n\t\t<meta property=\"og:locale\" content=\"pt_BR\" \/>\n\t\t<meta property=\"og:site_name\" content=\"News In Foco - Editado por Caio Pimenta - O principal site de noticias de Alagoinhas e regi\u00e3o\" \/>\n\t\t<meta property=\"og:type\" content=\"article\" \/>\n\t\t<meta property=\"og:title\" content=\"Rosa Weber e Gilmar votam com Fachin para rejeitar den\u00fancia da Lava Jato contra Lira no STF - News In Foco - Editado por Caio Pimenta\" \/>\n\t\t<meta property=\"og:description\" content=\"Os ministros do STF (Supremo Tribunal Federal) Rosa Weber e Gilmar Mendes acompanharam Edson Fachin e votaram pela rejei\u00e7\u00e3o da den\u00fancia de corrup\u00e7\u00e3o passiva oferecida pela PGR (Procuradoria-Geral da Rep\u00fablica) contra o presidente da C\u00e2mara, Arthur Lira (PP-AL). O caso est\u00e1 sendo analisado pelo plen\u00e1rio virtual da corte. Lira foi denunciado pela PGR em 2019\" \/>\n\t\t<meta property=\"og:url\" content=\"https:\/\/newsinfoco.com.br\/inicio\/rosa-weber-e-gilmar-votam-com-fachin-para-rejeitar-denuncia-da-lava-jato-contra-lira-no-stf\/\" \/>\n\t\t<meta property=\"article:published_time\" content=\"2022-02-08T18:01:30+00:00\" \/>\n\t\t<meta property=\"article:modified_time\" content=\"2022-02-08T18:01:30+00:00\" \/>\n\t\t<meta name=\"twitter:card\" content=\"summary_large_image\" \/>\n\t\t<meta name=\"twitter:title\" content=\"Rosa Weber e Gilmar votam com Fachin para rejeitar den\u00fancia da Lava Jato contra Lira no STF - News In Foco - Editado por Caio Pimenta\" \/>\n\t\t<meta name=\"twitter:description\" content=\"Os ministros do STF (Supremo Tribunal Federal) Rosa Weber e Gilmar Mendes acompanharam Edson Fachin e votaram pela rejei\u00e7\u00e3o da den\u00fancia de corrup\u00e7\u00e3o passiva oferecida pela PGR (Procuradoria-Geral da Rep\u00fablica) contra o presidente da C\u00e2mara, Arthur Lira (PP-AL). O caso est\u00e1 sendo analisado pelo plen\u00e1rio virtual da corte. Lira foi denunciado pela PGR em 2019\" \/>\n\t\t<script type=\"application\/ld+json\" class=\"aioseo-schema\">\n\t\t\t{\"@context\":\"https:\\\/\\\/schema.org\",\"@graph\":[{\"@type\":\"BlogPosting\",\"@id\":\"https:\\\/\\\/newsinfoco.com.br\\\/inicio\\\/rosa-weber-e-gilmar-votam-com-fachin-para-rejeitar-denuncia-da-lava-jato-contra-lira-no-stf\\\/#blogposting\",\"name\":\"Rosa Weber e Gilmar votam com Fachin para rejeitar den\\u00fancia da Lava Jato contra Lira no STF - News In Foco - Editado por Caio Pimenta\",\"headline\":\"Rosa Weber e Gilmar votam com Fachin para rejeitar den\\u00fancia da Lava Jato contra Lira no STF\",\"author\":{\"@id\":\"https:\\\/\\\/newsinfoco.com.br\\\/inicio\\\/author\\\/administrador\\\/#author\"},\"publisher\":{\"@id\":\"https:\\\/\\\/newsinfoco.com.br\\\/inicio\\\/#organization\"},\"image\":{\"@type\":\"ImageObject\",\"url\":\"https:\\\/\\\/newsinfoco.com.br\\\/inicio\\\/wp-content\\\/uploads\\\/2021\\\/02\\\/16496896_0_0_3055_1652_1000x541_80_0_0_0e38b14727e3a3dcbe06cf80bbdd5da8.jpg\",\"width\":1000,\"height\":541},\"datePublished\":\"2022-02-08T15:01:30-03:00\",\"dateModified\":\"2022-02-08T15:01:30-03:00\",\"inLanguage\":\"pt-BR\",\"mainEntityOfPage\":{\"@id\":\"https:\\\/\\\/newsinfoco.com.br\\\/inicio\\\/rosa-weber-e-gilmar-votam-com-fachin-para-rejeitar-denuncia-da-lava-jato-contra-lira-no-stf\\\/#webpage\"},\"isPartOf\":{\"@id\":\"https:\\\/\\\/newsinfoco.com.br\\\/inicio\\\/rosa-weber-e-gilmar-votam-com-fachin-para-rejeitar-denuncia-da-lava-jato-contra-lira-no-stf\\\/#webpage\"},\"articleSection\":\"Brasil\"},{\"@type\":\"BreadcrumbList\",\"@id\":\"https:\\\/\\\/newsinfoco.com.br\\\/inicio\\\/rosa-weber-e-gilmar-votam-com-fachin-para-rejeitar-denuncia-da-lava-jato-contra-lira-no-stf\\\/#breadcrumblist\",\"itemListElement\":[{\"@type\":\"ListItem\",\"@id\":\"https:\\\/\\\/newsinfoco.com.br\\\/inicio#listItem\",\"position\":1,\"name\":\"In\\u00edcio\",\"item\":\"https:\\\/\\\/newsinfoco.com.br\\\/inicio\",\"nextItem\":{\"@type\":\"ListItem\",\"@id\":\"https:\\\/\\\/newsinfoco.com.br\\\/inicio\\\/category\\\/brasil\\\/#listItem\",\"name\":\"Brasil\"}},{\"@type\":\"ListItem\",\"@id\":\"https:\\\/\\\/newsinfoco.com.br\\\/inicio\\\/category\\\/brasil\\\/#listItem\",\"position\":2,\"name\":\"Brasil\",\"item\":\"https:\\\/\\\/newsinfoco.com.br\\\/inicio\\\/category\\\/brasil\\\/\",\"nextItem\":{\"@type\":\"ListItem\",\"@id\":\"https:\\\/\\\/newsinfoco.com.br\\\/inicio\\\/rosa-weber-e-gilmar-votam-com-fachin-para-rejeitar-denuncia-da-lava-jato-contra-lira-no-stf\\\/#listItem\",\"name\":\"Rosa Weber e Gilmar votam com Fachin para rejeitar den\\u00fancia da Lava Jato contra Lira no STF\"},\"previousItem\":{\"@type\":\"ListItem\",\"@id\":\"https:\\\/\\\/newsinfoco.com.br\\\/inicio#listItem\",\"name\":\"In\\u00edcio\"}},{\"@type\":\"ListItem\",\"@id\":\"https:\\\/\\\/newsinfoco.com.br\\\/inicio\\\/rosa-weber-e-gilmar-votam-com-fachin-para-rejeitar-denuncia-da-lava-jato-contra-lira-no-stf\\\/#listItem\",\"position\":3,\"name\":\"Rosa Weber e Gilmar votam com Fachin para rejeitar den\\u00fancia da Lava Jato contra Lira no STF\",\"previousItem\":{\"@type\":\"ListItem\",\"@id\":\"https:\\\/\\\/newsinfoco.com.br\\\/inicio\\\/category\\\/brasil\\\/#listItem\",\"name\":\"Brasil\"}}]},{\"@type\":\"Organization\",\"@id\":\"https:\\\/\\\/newsinfoco.com.br\\\/inicio\\\/#organization\",\"name\":\"News In Foco - Editado por Caio Pimenta\",\"description\":\"O principal site de noticias de Alagoinhas e regi\\u00e3o\",\"url\":\"https:\\\/\\\/newsinfoco.com.br\\\/inicio\\\/\"},{\"@type\":\"Person\",\"@id\":\"https:\\\/\\\/newsinfoco.com.br\\\/inicio\\\/author\\\/administrador\\\/#author\",\"url\":\"https:\\\/\\\/newsinfoco.com.br\\\/inicio\\\/author\\\/administrador\\\/\",\"name\":\"administrador\",\"image\":{\"@type\":\"ImageObject\",\"@id\":\"https:\\\/\\\/newsinfoco.com.br\\\/inicio\\\/rosa-weber-e-gilmar-votam-com-fachin-para-rejeitar-denuncia-da-lava-jato-contra-lira-no-stf\\\/#authorImage\",\"url\":\"https:\\\/\\\/secure.gravatar.com\\\/avatar\\\/c17a617433de8c1dc9584bb79aab7563b46f5bb7e1728c9b17d9cc3ce6a08e49?s=96&d=mm&r=g\",\"width\":96,\"height\":96,\"caption\":\"administrador\"}},{\"@type\":\"WebPage\",\"@id\":\"https:\\\/\\\/newsinfoco.com.br\\\/inicio\\\/rosa-weber-e-gilmar-votam-com-fachin-para-rejeitar-denuncia-da-lava-jato-contra-lira-no-stf\\\/#webpage\",\"url\":\"https:\\\/\\\/newsinfoco.com.br\\\/inicio\\\/rosa-weber-e-gilmar-votam-com-fachin-para-rejeitar-denuncia-da-lava-jato-contra-lira-no-stf\\\/\",\"name\":\"Rosa Weber e Gilmar votam com Fachin para rejeitar den\\u00fancia da Lava Jato contra Lira no STF - News In Foco - Editado por Caio Pimenta\",\"description\":\"Os ministros do STF (Supremo Tribunal Federal) Rosa Weber e Gilmar Mendes acompanharam Edson Fachin e votaram pela rejei\\u00e7\\u00e3o da den\\u00fancia de corrup\\u00e7\\u00e3o passiva oferecida pela PGR (Procuradoria-Geral da Rep\\u00fablica) contra o presidente da C\\u00e2mara, Arthur Lira (PP-AL). O caso est\\u00e1 sendo analisado pelo plen\\u00e1rio virtual da corte. Lira foi denunciado pela PGR em 2019\",\"inLanguage\":\"pt-BR\",\"isPartOf\":{\"@id\":\"https:\\\/\\\/newsinfoco.com.br\\\/inicio\\\/#website\"},\"breadcrumb\":{\"@id\":\"https:\\\/\\\/newsinfoco.com.br\\\/inicio\\\/rosa-weber-e-gilmar-votam-com-fachin-para-rejeitar-denuncia-da-lava-jato-contra-lira-no-stf\\\/#breadcrumblist\"},\"author\":{\"@id\":\"https:\\\/\\\/newsinfoco.com.br\\\/inicio\\\/author\\\/administrador\\\/#author\"},\"creator\":{\"@id\":\"https:\\\/\\\/newsinfoco.com.br\\\/inicio\\\/author\\\/administrador\\\/#author\"},\"image\":{\"@type\":\"ImageObject\",\"url\":\"https:\\\/\\\/newsinfoco.com.br\\\/inicio\\\/wp-content\\\/uploads\\\/2021\\\/02\\\/16496896_0_0_3055_1652_1000x541_80_0_0_0e38b14727e3a3dcbe06cf80bbdd5da8.jpg\",\"@id\":\"https:\\\/\\\/newsinfoco.com.br\\\/inicio\\\/rosa-weber-e-gilmar-votam-com-fachin-para-rejeitar-denuncia-da-lava-jato-contra-lira-no-stf\\\/#mainImage\",\"width\":1000,\"height\":541},\"primaryImageOfPage\":{\"@id\":\"https:\\\/\\\/newsinfoco.com.br\\\/inicio\\\/rosa-weber-e-gilmar-votam-com-fachin-para-rejeitar-denuncia-da-lava-jato-contra-lira-no-stf\\\/#mainImage\"},\"datePublished\":\"2022-02-08T15:01:30-03:00\",\"dateModified\":\"2022-02-08T15:01:30-03:00\"},{\"@type\":\"WebSite\",\"@id\":\"https:\\\/\\\/newsinfoco.com.br\\\/inicio\\\/#website\",\"url\":\"https:\\\/\\\/newsinfoco.com.br\\\/inicio\\\/\",\"name\":\"News In Foco - Editado por Caio Pimenta\",\"description\":\"O principal site de noticias de Alagoinhas e regi\\u00e3o\",\"inLanguage\":\"pt-BR\",\"publisher\":{\"@id\":\"https:\\\/\\\/newsinfoco.com.br\\\/inicio\\\/#organization\"}}]}\n\t\t<\/script>\n\t\t<!-- All in One SEO -->\n\n","aioseo_head_json":{"title":"Rosa Weber e Gilmar votam com Fachin para rejeitar den\u00fancia da Lava Jato contra Lira no STF - News In Foco - Editado por Caio Pimenta","description":"Os ministros do STF (Supremo Tribunal Federal) Rosa Weber e Gilmar Mendes acompanharam Edson Fachin e votaram pela rejei\u00e7\u00e3o da den\u00fancia de corrup\u00e7\u00e3o passiva oferecida pela PGR (Procuradoria-Geral da Rep\u00fablica) contra o presidente da C\u00e2mara, Arthur Lira (PP-AL). O caso est\u00e1 sendo analisado pelo plen\u00e1rio virtual da corte. Lira foi denunciado pela PGR em 2019","canonical_url":"https:\/\/newsinfoco.com.br\/inicio\/rosa-weber-e-gilmar-votam-com-fachin-para-rejeitar-denuncia-da-lava-jato-contra-lira-no-stf\/","robots":"max-image-preview:large","keywords":"","webmasterTools":{"miscellaneous":""},"schema":{"@context":"https:\/\/schema.org","@graph":[{"@type":"BlogPosting","@id":"https:\/\/newsinfoco.com.br\/inicio\/rosa-weber-e-gilmar-votam-com-fachin-para-rejeitar-denuncia-da-lava-jato-contra-lira-no-stf\/#blogposting","name":"Rosa Weber e Gilmar votam com Fachin para rejeitar den\u00fancia da Lava Jato contra Lira no STF - News In Foco - Editado por Caio Pimenta","headline":"Rosa Weber e Gilmar votam com Fachin para rejeitar den\u00fancia da Lava Jato contra Lira no STF","author":{"@id":"https:\/\/newsinfoco.com.br\/inicio\/author\/administrador\/#author"},"publisher":{"@id":"https:\/\/newsinfoco.com.br\/inicio\/#organization"},"image":{"@type":"ImageObject","url":"https:\/\/newsinfoco.com.br\/inicio\/wp-content\/uploads\/2021\/02\/16496896_0_0_3055_1652_1000x541_80_0_0_0e38b14727e3a3dcbe06cf80bbdd5da8.jpg","width":1000,"height":541},"datePublished":"2022-02-08T15:01:30-03:00","dateModified":"2022-02-08T15:01:30-03:00","inLanguage":"pt-BR","mainEntityOfPage":{"@id":"https:\/\/newsinfoco.com.br\/inicio\/rosa-weber-e-gilmar-votam-com-fachin-para-rejeitar-denuncia-da-lava-jato-contra-lira-no-stf\/#webpage"},"isPartOf":{"@id":"https:\/\/newsinfoco.com.br\/inicio\/rosa-weber-e-gilmar-votam-com-fachin-para-rejeitar-denuncia-da-lava-jato-contra-lira-no-stf\/#webpage"},"articleSection":"Brasil"},{"@type":"BreadcrumbList","@id":"https:\/\/newsinfoco.com.br\/inicio\/rosa-weber-e-gilmar-votam-com-fachin-para-rejeitar-denuncia-da-lava-jato-contra-lira-no-stf\/#breadcrumblist","itemListElement":[{"@type":"ListItem","@id":"https:\/\/newsinfoco.com.br\/inicio#listItem","position":1,"name":"In\u00edcio","item":"https:\/\/newsinfoco.com.br\/inicio","nextItem":{"@type":"ListItem","@id":"https:\/\/newsinfoco.com.br\/inicio\/category\/brasil\/#listItem","name":"Brasil"}},{"@type":"ListItem","@id":"https:\/\/newsinfoco.com.br\/inicio\/category\/brasil\/#listItem","position":2,"name":"Brasil","item":"https:\/\/newsinfoco.com.br\/inicio\/category\/brasil\/","nextItem":{"@type":"ListItem","@id":"https:\/\/newsinfoco.com.br\/inicio\/rosa-weber-e-gilmar-votam-com-fachin-para-rejeitar-denuncia-da-lava-jato-contra-lira-no-stf\/#listItem","name":"Rosa Weber e Gilmar votam com Fachin para rejeitar den\u00fancia da Lava Jato contra Lira no STF"},"previousItem":{"@type":"ListItem","@id":"https:\/\/newsinfoco.com.br\/inicio#listItem","name":"In\u00edcio"}},{"@type":"ListItem","@id":"https:\/\/newsinfoco.com.br\/inicio\/rosa-weber-e-gilmar-votam-com-fachin-para-rejeitar-denuncia-da-lava-jato-contra-lira-no-stf\/#listItem","position":3,"name":"Rosa Weber e Gilmar votam com Fachin para rejeitar den\u00fancia da Lava Jato contra Lira no STF","previousItem":{"@type":"ListItem","@id":"https:\/\/newsinfoco.com.br\/inicio\/category\/brasil\/#listItem","name":"Brasil"}}]},{"@type":"Organization","@id":"https:\/\/newsinfoco.com.br\/inicio\/#organization","name":"News In Foco - Editado por Caio Pimenta","description":"O principal site de noticias de Alagoinhas e regi\u00e3o","url":"https:\/\/newsinfoco.com.br\/inicio\/"},{"@type":"Person","@id":"https:\/\/newsinfoco.com.br\/inicio\/author\/administrador\/#author","url":"https:\/\/newsinfoco.com.br\/inicio\/author\/administrador\/","name":"administrador","image":{"@type":"ImageObject","@id":"https:\/\/newsinfoco.com.br\/inicio\/rosa-weber-e-gilmar-votam-com-fachin-para-rejeitar-denuncia-da-lava-jato-contra-lira-no-stf\/#authorImage","url":"https:\/\/secure.gravatar.com\/avatar\/c17a617433de8c1dc9584bb79aab7563b46f5bb7e1728c9b17d9cc3ce6a08e49?s=96&d=mm&r=g","width":96,"height":96,"caption":"administrador"}},{"@type":"WebPage","@id":"https:\/\/newsinfoco.com.br\/inicio\/rosa-weber-e-gilmar-votam-com-fachin-para-rejeitar-denuncia-da-lava-jato-contra-lira-no-stf\/#webpage","url":"https:\/\/newsinfoco.com.br\/inicio\/rosa-weber-e-gilmar-votam-com-fachin-para-rejeitar-denuncia-da-lava-jato-contra-lira-no-stf\/","name":"Rosa Weber e Gilmar votam com Fachin para rejeitar den\u00fancia da Lava Jato contra Lira no STF - News In Foco - Editado por Caio Pimenta","description":"Os ministros do STF (Supremo Tribunal Federal) Rosa Weber e Gilmar Mendes acompanharam Edson Fachin e votaram pela rejei\u00e7\u00e3o da den\u00fancia de corrup\u00e7\u00e3o passiva oferecida pela PGR (Procuradoria-Geral da Rep\u00fablica) contra o presidente da C\u00e2mara, Arthur Lira (PP-AL). O caso est\u00e1 sendo analisado pelo plen\u00e1rio virtual da corte. Lira foi denunciado pela PGR em 2019","inLanguage":"pt-BR","isPartOf":{"@id":"https:\/\/newsinfoco.com.br\/inicio\/#website"},"breadcrumb":{"@id":"https:\/\/newsinfoco.com.br\/inicio\/rosa-weber-e-gilmar-votam-com-fachin-para-rejeitar-denuncia-da-lava-jato-contra-lira-no-stf\/#breadcrumblist"},"author":{"@id":"https:\/\/newsinfoco.com.br\/inicio\/author\/administrador\/#author"},"creator":{"@id":"https:\/\/newsinfoco.com.br\/inicio\/author\/administrador\/#author"},"image":{"@type":"ImageObject","url":"https:\/\/newsinfoco.com.br\/inicio\/wp-content\/uploads\/2021\/02\/16496896_0_0_3055_1652_1000x541_80_0_0_0e38b14727e3a3dcbe06cf80bbdd5da8.jpg","@id":"https:\/\/newsinfoco.com.br\/inicio\/rosa-weber-e-gilmar-votam-com-fachin-para-rejeitar-denuncia-da-lava-jato-contra-lira-no-stf\/#mainImage","width":1000,"height":541},"primaryImageOfPage":{"@id":"https:\/\/newsinfoco.com.br\/inicio\/rosa-weber-e-gilmar-votam-com-fachin-para-rejeitar-denuncia-da-lava-jato-contra-lira-no-stf\/#mainImage"},"datePublished":"2022-02-08T15:01:30-03:00","dateModified":"2022-02-08T15:01:30-03:00"},{"@type":"WebSite","@id":"https:\/\/newsinfoco.com.br\/inicio\/#website","url":"https:\/\/newsinfoco.com.br\/inicio\/","name":"News In Foco - Editado por Caio Pimenta","description":"O principal site de noticias de Alagoinhas e regi\u00e3o","inLanguage":"pt-BR","publisher":{"@id":"https:\/\/newsinfoco.com.br\/inicio\/#organization"}}]},"og:locale":"pt_BR","og:site_name":"News In Foco - Editado por Caio Pimenta - O principal site de noticias de Alagoinhas e regi\u00e3o","og:type":"article","og:title":"Rosa Weber e Gilmar votam com Fachin para rejeitar den\u00fancia da Lava Jato contra Lira no STF - News In Foco - Editado por Caio Pimenta","og:description":"Os ministros do STF (Supremo Tribunal Federal) Rosa Weber e Gilmar Mendes acompanharam Edson Fachin e votaram pela rejei\u00e7\u00e3o da den\u00fancia de corrup\u00e7\u00e3o passiva oferecida pela PGR (Procuradoria-Geral da Rep\u00fablica) contra o presidente da C\u00e2mara, Arthur Lira (PP-AL). O caso est\u00e1 sendo analisado pelo plen\u00e1rio virtual da corte. Lira foi denunciado pela PGR em 2019","og:url":"https:\/\/newsinfoco.com.br\/inicio\/rosa-weber-e-gilmar-votam-com-fachin-para-rejeitar-denuncia-da-lava-jato-contra-lira-no-stf\/","article:published_time":"2022-02-08T18:01:30+00:00","article:modified_time":"2022-02-08T18:01:30+00:00","twitter:card":"summary_large_image","twitter:title":"Rosa Weber e Gilmar votam com Fachin para rejeitar den\u00fancia da Lava Jato contra Lira no STF - News In Foco - Editado por Caio Pimenta","twitter:description":"Os ministros do STF (Supremo Tribunal Federal) Rosa Weber e Gilmar Mendes acompanharam Edson Fachin e votaram pela rejei\u00e7\u00e3o da den\u00fancia de corrup\u00e7\u00e3o passiva oferecida pela PGR (Procuradoria-Geral da Rep\u00fablica) contra o presidente da C\u00e2mara, Arthur Lira (PP-AL). O caso est\u00e1 sendo analisado pelo plen\u00e1rio virtual da corte. Lira foi denunciado pela PGR em 2019"},"aioseo_meta_data":{"post_id":"28735","title":null,"description":null,"keywords":null,"keyphrases":null,"primary_term":null,"canonical_url":null,"og_title":null,"og_description":null,"og_object_type":"default","og_image_type":"default","og_image_url":null,"og_image_width":null,"og_image_height":null,"og_image_custom_url":null,"og_image_custom_fields":null,"og_video":null,"og_custom_url":null,"og_article_section":null,"og_article_tags":null,"twitter_use_og":false,"twitter_card":"default","twitter_image_type":"default","twitter_image_url":null,"twitter_image_custom_url":null,"twitter_image_custom_fields":null,"twitter_title":null,"twitter_description":null,"schema":{"blockGraphs":[],"customGraphs":[],"default":{"data":{"Article":[],"Course":[],"Dataset":[],"FAQPage":[],"Movie":[],"Person":[],"Product":[],"ProductReview":[],"Car":[],"Recipe":[],"Service":[],"SoftwareApplication":[],"WebPage":[]},"graphName":"","isEnabled":true},"graphs":[]},"schema_type":"default","schema_type_options":null,"pillar_content":false,"robots_default":true,"robots_noindex":false,"robots_noarchive":false,"robots_nosnippet":false,"robots_nofollow":false,"robots_noimageindex":false,"robots_noodp":false,"robots_notranslate":false,"robots_max_snippet":null,"robots_max_videopreview":null,"robots_max_imagepreview":"large","priority":null,"frequency":null,"local_seo":null,"breadcrumb_settings":null,"limit_modified_date":false,"ai":null,"created":"2023-06-12 20:40:16","updated":"2025-07-11 06:51:46","seo_analyzer_scan_date":null},"aioseo_breadcrumb":"<div class=\"aioseo-breadcrumbs\"><span class=\"aioseo-breadcrumb\">\n\t\t\t<a href=\"https:\/\/newsinfoco.com.br\/inicio\" title=\"In\u00edcio\">In\u00edcio<\/a>\n\t\t<\/span><span class=\"aioseo-breadcrumb-separator\">&raquo;<\/span><span class=\"aioseo-breadcrumb\">\n\t\t\t<a href=\"https:\/\/newsinfoco.com.br\/inicio\/category\/brasil\/\" title=\"Brasil\">Brasil<\/a>\n\t\t<\/span><span class=\"aioseo-breadcrumb-separator\">&raquo;<\/span><span class=\"aioseo-breadcrumb\">\n\t\t\tRosa Weber e Gilmar votam com Fachin para rejeitar den\u00fancia da Lava Jato contra Lira no STF\n\t\t<\/span><\/div>","aioseo_breadcrumb_json":[{"label":"In\u00edcio","link":"https:\/\/newsinfoco.com.br\/inicio"},{"label":"Brasil","link":"https:\/\/newsinfoco.com.br\/inicio\/category\/brasil\/"},{"label":"Rosa Weber e Gilmar votam com Fachin para rejeitar den\u00fancia da Lava Jato contra Lira no STF","link":"https:\/\/newsinfoco.com.br\/inicio\/rosa-weber-e-gilmar-votam-com-fachin-para-rejeitar-denuncia-da-lava-jato-contra-lira-no-stf\/"}],"_links":{"self":[{"href":"https:\/\/newsinfoco.com.br\/inicio\/wp-json\/wp\/v2\/posts\/28735","targetHints":{"allow":["GET"]}}],"collection":[{"href":"https:\/\/newsinfoco.com.br\/inicio\/wp-json\/wp\/v2\/posts"}],"about":[{"href":"https:\/\/newsinfoco.com.br\/inicio\/wp-json\/wp\/v2\/types\/post"}],"author":[{"embeddable":true,"href":"https:\/\/newsinfoco.com.br\/inicio\/wp-json\/wp\/v2\/users\/1"}],"replies":[{"embeddable":true,"href":"https:\/\/newsinfoco.com.br\/inicio\/wp-json\/wp\/v2\/comments?post=28735"}],"version-history":[{"count":1,"href":"https:\/\/newsinfoco.com.br\/inicio\/wp-json\/wp\/v2\/posts\/28735\/revisions"}],"predecessor-version":[{"id":28736,"href":"https:\/\/newsinfoco.com.br\/inicio\/wp-json\/wp\/v2\/posts\/28735\/revisions\/28736"}],"wp:featuredmedia":[{"embeddable":true,"href":"https:\/\/newsinfoco.com.br\/inicio\/wp-json\/wp\/v2\/media\/23429"}],"wp:attachment":[{"href":"https:\/\/newsinfoco.com.br\/inicio\/wp-json\/wp\/v2\/media?parent=28735"}],"wp:term":[{"taxonomy":"category","embeddable":true,"href":"https:\/\/newsinfoco.com.br\/inicio\/wp-json\/wp\/v2\/categories?post=28735"},{"taxonomy":"post_tag","embeddable":true,"href":"https:\/\/newsinfoco.com.br\/inicio\/wp-json\/wp\/v2\/tags?post=28735"}],"curies":[{"name":"wp","href":"https:\/\/api.w.org\/{rel}","templated":true}]}}