{"id":28739,"date":"2022-02-08T15:37:47","date_gmt":"2022-02-08T18:37:47","guid":{"rendered":"https:\/\/newsinfoco.com.br\/inicio\/?p=28739"},"modified":"2022-02-08T15:37:47","modified_gmt":"2022-02-08T18:37:47","slug":"rui-costa-encaminha-a-assembleia-projeto-de-alienacao-de-terreno-do-antigo-derba-em-camacari","status":"publish","type":"post","link":"https:\/\/newsinfoco.com.br\/inicio\/rui-costa-encaminha-a-assembleia-projeto-de-alienacao-de-terreno-do-antigo-derba-em-camacari\/","title":{"rendered":"Rui Costa encaminha \u00e0 Assembleia projeto de aliena\u00e7\u00e3o de terreno do antigo Derba, em Cama\u00e7ari"},"content":{"rendered":"<p>O presidente Jair Bolsonaro participou hoje (8) da inaugura\u00e7\u00e3o de mais um trecho da obra de transposi\u00e7\u00e3o do rio S\u00e3o Francisco. Ele esteve na cidade de Salgueiro, em Pernambuco, para a entrega do N\u00facleo de Controle Operacional da integra\u00e7\u00e3o do S\u00e3o Francisco, respons\u00e1vel pelo controle do bombeamento das \u00e1guas do rio para os estados do Cear\u00e1, Para\u00edba e Rio Grande do Norte.<\/p>\n<p>A instala\u00e7\u00e3o do n\u00facleo teve in\u00edcio em 2014 e a obra controla, entre outras coisas, as redes de tecnologia de informa\u00e7\u00e3o, as esta\u00e7\u00f5es de bombeamento, subesta\u00e7\u00f5es, estruturas de controle e tomadas de \u00e1gua dos dois eixos do Projeto S\u00e3o Francisco, o norte e o leste.<\/p>\n<p>Em Salgueiro, Bolsonaro visitou uma esta\u00e7\u00e3o de bombeamento de \u00e1gua, que leva \u00e1gua para o Rio Grande do Norte. Segundo o presidente, as obras v\u00e3o auxiliar na melhoria da qualidade de vida dos moradores da regi\u00e3o.<\/p>\n<p>\u201cS\u00f3 tem no\u00e7\u00e3o do que foi feito aqui quem realmente enxerga uma obra dessas\u201d, disse o presidente, para quem a obra vai \u201cmais do que economizar recursos dos impostos\u201d, levar \u00e1gua para a regi\u00e3o e substituir os carros-pipas utilizados para abastecer munic\u00edpios do Nordeste.<\/p>\n<p><strong>Realidade<\/strong><\/p>\n<p>Para o ministro do Desenvolvimento Regional, Rog\u00e9rio Marinho, a transposi\u00e7\u00e3o do rio S\u00e3o Francisco \u201corgulha os brasileiros\u201d. \u201cEstamos permitindo que o nordestino tenha as ferramentas, os instrumentos para transformar a sua realidade\u201d, afirmou. Ele disse, ainda, que, nos \u00faltimos anos, algumas obras foram interrompidas e tiveram que ser retomadas para a conclus\u00e3o da transposi\u00e7\u00e3o.<\/p>\n<p>\u201cFizemos as contas e verificamos que, ao longo desse per\u00edodo, as interven\u00e7\u00f5es feitas v\u00e1rias delas tiveram que ser desfeitas. Pelo menos em oito oportunidades, [tiveram que ser refeitas] barragens que estavam desmoronando, canais abandonados e ressequidos, projetos mal feitos de t\u00faneis que desabaram\u201d, acrescentou.<\/p>\n<p>De Salgueiro, o presidente da Rep\u00fablica seguiu para a cidade de Jati, no Cear\u00e1. Ali, ele vai visitar a Barragem de Jati, estrutura que possui 56 metros de altura e capacidade de acumular at\u00e9 28 milh\u00f5es de metros c\u00fabicos de \u00e1gua.<\/p>\n<p>Na ocasi\u00e3o, ser\u00e1 realizada a libera\u00e7\u00e3o de \u00e1gua da estrutura at\u00e9 o Cintur\u00e3o de \u00c1guas do Cear\u00e1 (CAC), que n\u00e3o recebe \u00e1gua do S\u00e3o Francisco desde maio de 2021, devido a servi\u00e7os de manuten\u00e7\u00e3o e substitui\u00e7\u00e3o de equipamentos para moderniza\u00e7\u00e3o da estrutura.<\/p>\n<p>De acordo com o Minist\u00e9rio do Desenvolvimento Regional, o acionamento para o enchimento da barragem ocorreu em junho de 2020, possibilitando que a \u00e1gua seguisse para outras \u00e1reas do estado, entre elas, a Regi\u00e3o Metropolitana de Fortaleza.<\/p>\n<p>Agencia Brasil<\/p>\n<div class='share-to-whatsapp-wrapper'><div class='share-on-whsp'>Share on: <\/div><a data-text='Rui Costa encaminha \u00e0 Assembleia projeto de aliena\u00e7\u00e3o de terreno do antigo Derba, em Cama\u00e7ari' data-link='https:\/\/newsinfoco.com.br\/inicio\/rui-costa-encaminha-a-assembleia-projeto-de-alienacao-de-terreno-do-antigo-derba-em-camacari\/' class='whatsapp-button whatsapp-share'>WhatsApp<\/a><div class='clear '><\/div><\/div>","protected":false},"excerpt":{"rendered":"<p>O presidente Jair Bolsonaro participou hoje (8) da inaugura\u00e7\u00e3o de mais um trecho da obra de transposi\u00e7\u00e3o do rio S\u00e3o Francisco. Ele esteve na cidade de Salgueiro, em Pernambuco, para a entrega do N\u00facleo de Controle Operacional da integra\u00e7\u00e3o do S\u00e3o Francisco, respons\u00e1vel pelo controle do bombeamento das \u00e1guas do rio para os estados do [&hellip;]<\/p>\n","protected":false},"author":1,"featured_media":28740,"comment_status":"closed","ping_status":"closed","sticky":false,"template":"","format":"standard","meta":{"om_disable_all_campaigns":false,"rop_custom_images_group":[],"rop_custom_messages_group":[],"rop_publish_now":"initial","rop_publish_now_accounts":[],"rop_publish_now_history":[],"rop_publish_now_status":"pending","_exactmetrics_skip_tracking":false,"footnotes":""},"categories":[21],"tags":[],"class_list":["post-28739","post","type-post","status-publish","format-standard","has-post-thumbnail","hentry","category-brasil"],"aioseo_notices":[],"aioseo_head":"\n\t\t<!-- All in One SEO 4.9.10 - aioseo.com -->\n\t<meta name=\"description\" content=\"O presidente Jair Bolsonaro participou hoje (8) da inaugura\u00e7\u00e3o de mais um trecho da obra de transposi\u00e7\u00e3o do rio S\u00e3o Francisco. Ele esteve na cidade de Salgueiro, em Pernambuco, para a entrega do N\u00facleo de Controle Operacional da integra\u00e7\u00e3o do S\u00e3o Francisco, respons\u00e1vel pelo controle do bombeamento das \u00e1guas do rio para os estados do\" \/>\n\t<meta name=\"robots\" content=\"max-image-preview:large\" \/>\n\t<meta name=\"author\" content=\"administrador\"\/>\n\t<link rel=\"canonical\" href=\"https:\/\/newsinfoco.com.br\/inicio\/rui-costa-encaminha-a-assembleia-projeto-de-alienacao-de-terreno-do-antigo-derba-em-camacari\/\" \/>\n\t<meta name=\"generator\" content=\"All in One SEO (AIOSEO) 4.9.10\" \/>\n\t\t<meta property=\"og:locale\" content=\"pt_BR\" \/>\n\t\t<meta property=\"og:site_name\" content=\"News In Foco - Editado por Caio Pimenta - O principal site de noticias de Alagoinhas e regi\u00e3o\" \/>\n\t\t<meta property=\"og:type\" content=\"article\" \/>\n\t\t<meta property=\"og:title\" content=\"Rui Costa encaminha \u00e0 Assembleia projeto de aliena\u00e7\u00e3o de terreno do antigo Derba, em Cama\u00e7ari - News In Foco - Editado por Caio Pimenta\" \/>\n\t\t<meta property=\"og:description\" content=\"O presidente Jair Bolsonaro participou hoje (8) da inaugura\u00e7\u00e3o de mais um trecho da obra de transposi\u00e7\u00e3o do rio S\u00e3o Francisco. Ele esteve na cidade de Salgueiro, em Pernambuco, para a entrega do N\u00facleo de Controle Operacional da integra\u00e7\u00e3o do S\u00e3o Francisco, respons\u00e1vel pelo controle do bombeamento das \u00e1guas do rio para os estados do\" \/>\n\t\t<meta property=\"og:url\" content=\"https:\/\/newsinfoco.com.br\/inicio\/rui-costa-encaminha-a-assembleia-projeto-de-alienacao-de-terreno-do-antigo-derba-em-camacari\/\" \/>\n\t\t<meta property=\"article:published_time\" content=\"2022-02-08T18:37:47+00:00\" \/>\n\t\t<meta property=\"article:modified_time\" content=\"2022-02-08T18:37:47+00:00\" \/>\n\t\t<meta name=\"twitter:card\" content=\"summary_large_image\" \/>\n\t\t<meta name=\"twitter:title\" content=\"Rui Costa encaminha \u00e0 Assembleia projeto de aliena\u00e7\u00e3o de terreno do antigo Derba, em Cama\u00e7ari - News In Foco - Editado por Caio Pimenta\" \/>\n\t\t<meta name=\"twitter:description\" content=\"O presidente Jair Bolsonaro participou hoje (8) da inaugura\u00e7\u00e3o de mais um trecho da obra de transposi\u00e7\u00e3o do rio S\u00e3o Francisco. Ele esteve na cidade de Salgueiro, em Pernambuco, para a entrega do N\u00facleo de Controle Operacional da integra\u00e7\u00e3o do S\u00e3o Francisco, respons\u00e1vel pelo controle do bombeamento das \u00e1guas do rio para os estados do\" \/>\n\t\t<script type=\"application\/ld+json\" class=\"aioseo-schema\">\n\t\t\t{\"@context\":\"https:\\\/\\\/schema.org\",\"@graph\":[{\"@type\":\"BlogPosting\",\"@id\":\"https:\\\/\\\/newsinfoco.com.br\\\/inicio\\\/rui-costa-encaminha-a-assembleia-projeto-de-alienacao-de-terreno-do-antigo-derba-em-camacari\\\/#blogposting\",\"name\":\"Rui Costa encaminha \\u00e0 Assembleia projeto de aliena\\u00e7\\u00e3o de terreno do antigo Derba, em Cama\\u00e7ari - News In Foco - Editado por Caio Pimenta\",\"headline\":\"Rui Costa encaminha \\u00e0 Assembleia projeto de aliena\\u00e7\\u00e3o de terreno do antigo Derba, em Cama\\u00e7ari\",\"author\":{\"@id\":\"https:\\\/\\\/newsinfoco.com.br\\\/inicio\\\/author\\\/administrador\\\/#author\"},\"publisher\":{\"@id\":\"https:\\\/\\\/newsinfoco.com.br\\\/inicio\\\/#organization\"},\"image\":{\"@type\":\"ImageObject\",\"url\":\"https:\\\/\\\/newsinfoco.com.br\\\/inicio\\\/wp-content\\\/uploads\\\/2022\\\/02\\\/whatsapp-image-2022-02-08-at-134648.jpeg\",\"width\":1100,\"height\":701},\"datePublished\":\"2022-02-08T15:37:47-03:00\",\"dateModified\":\"2022-02-08T15:37:47-03:00\",\"inLanguage\":\"pt-BR\",\"mainEntityOfPage\":{\"@id\":\"https:\\\/\\\/newsinfoco.com.br\\\/inicio\\\/rui-costa-encaminha-a-assembleia-projeto-de-alienacao-de-terreno-do-antigo-derba-em-camacari\\\/#webpage\"},\"isPartOf\":{\"@id\":\"https:\\\/\\\/newsinfoco.com.br\\\/inicio\\\/rui-costa-encaminha-a-assembleia-projeto-de-alienacao-de-terreno-do-antigo-derba-em-camacari\\\/#webpage\"},\"articleSection\":\"Brasil\"},{\"@type\":\"BreadcrumbList\",\"@id\":\"https:\\\/\\\/newsinfoco.com.br\\\/inicio\\\/rui-costa-encaminha-a-assembleia-projeto-de-alienacao-de-terreno-do-antigo-derba-em-camacari\\\/#breadcrumblist\",\"itemListElement\":[{\"@type\":\"ListItem\",\"@id\":\"https:\\\/\\\/newsinfoco.com.br\\\/inicio#listItem\",\"position\":1,\"name\":\"In\\u00edcio\",\"item\":\"https:\\\/\\\/newsinfoco.com.br\\\/inicio\",\"nextItem\":{\"@type\":\"ListItem\",\"@id\":\"https:\\\/\\\/newsinfoco.com.br\\\/inicio\\\/category\\\/brasil\\\/#listItem\",\"name\":\"Brasil\"}},{\"@type\":\"ListItem\",\"@id\":\"https:\\\/\\\/newsinfoco.com.br\\\/inicio\\\/category\\\/brasil\\\/#listItem\",\"position\":2,\"name\":\"Brasil\",\"item\":\"https:\\\/\\\/newsinfoco.com.br\\\/inicio\\\/category\\\/brasil\\\/\",\"nextItem\":{\"@type\":\"ListItem\",\"@id\":\"https:\\\/\\\/newsinfoco.com.br\\\/inicio\\\/rui-costa-encaminha-a-assembleia-projeto-de-alienacao-de-terreno-do-antigo-derba-em-camacari\\\/#listItem\",\"name\":\"Rui Costa encaminha \\u00e0 Assembleia projeto de aliena\\u00e7\\u00e3o de terreno do antigo Derba, em Cama\\u00e7ari\"},\"previousItem\":{\"@type\":\"ListItem\",\"@id\":\"https:\\\/\\\/newsinfoco.com.br\\\/inicio#listItem\",\"name\":\"In\\u00edcio\"}},{\"@type\":\"ListItem\",\"@id\":\"https:\\\/\\\/newsinfoco.com.br\\\/inicio\\\/rui-costa-encaminha-a-assembleia-projeto-de-alienacao-de-terreno-do-antigo-derba-em-camacari\\\/#listItem\",\"position\":3,\"name\":\"Rui Costa encaminha \\u00e0 Assembleia projeto de aliena\\u00e7\\u00e3o de terreno do antigo Derba, em Cama\\u00e7ari\",\"previousItem\":{\"@type\":\"ListItem\",\"@id\":\"https:\\\/\\\/newsinfoco.com.br\\\/inicio\\\/category\\\/brasil\\\/#listItem\",\"name\":\"Brasil\"}}]},{\"@type\":\"Organization\",\"@id\":\"https:\\\/\\\/newsinfoco.com.br\\\/inicio\\\/#organization\",\"name\":\"News In Foco - Editado por Caio Pimenta\",\"description\":\"O principal site de noticias de Alagoinhas e regi\\u00e3o\",\"url\":\"https:\\\/\\\/newsinfoco.com.br\\\/inicio\\\/\"},{\"@type\":\"Person\",\"@id\":\"https:\\\/\\\/newsinfoco.com.br\\\/inicio\\\/author\\\/administrador\\\/#author\",\"url\":\"https:\\\/\\\/newsinfoco.com.br\\\/inicio\\\/author\\\/administrador\\\/\",\"name\":\"administrador\",\"image\":{\"@type\":\"ImageObject\",\"@id\":\"https:\\\/\\\/newsinfoco.com.br\\\/inicio\\\/rui-costa-encaminha-a-assembleia-projeto-de-alienacao-de-terreno-do-antigo-derba-em-camacari\\\/#authorImage\",\"url\":\"https:\\\/\\\/secure.gravatar.com\\\/avatar\\\/c17a617433de8c1dc9584bb79aab7563b46f5bb7e1728c9b17d9cc3ce6a08e49?s=96&d=mm&r=g\",\"width\":96,\"height\":96,\"caption\":\"administrador\"}},{\"@type\":\"WebPage\",\"@id\":\"https:\\\/\\\/newsinfoco.com.br\\\/inicio\\\/rui-costa-encaminha-a-assembleia-projeto-de-alienacao-de-terreno-do-antigo-derba-em-camacari\\\/#webpage\",\"url\":\"https:\\\/\\\/newsinfoco.com.br\\\/inicio\\\/rui-costa-encaminha-a-assembleia-projeto-de-alienacao-de-terreno-do-antigo-derba-em-camacari\\\/\",\"name\":\"Rui Costa encaminha \\u00e0 Assembleia projeto de aliena\\u00e7\\u00e3o de terreno do antigo Derba, em Cama\\u00e7ari - News In Foco - Editado por Caio Pimenta\",\"description\":\"O presidente Jair Bolsonaro participou hoje (8) da inaugura\\u00e7\\u00e3o de mais um trecho da obra de transposi\\u00e7\\u00e3o do rio S\\u00e3o Francisco. Ele esteve na cidade de Salgueiro, em Pernambuco, para a entrega do N\\u00facleo de Controle Operacional da integra\\u00e7\\u00e3o do S\\u00e3o Francisco, respons\\u00e1vel pelo controle do bombeamento das \\u00e1guas do rio para os estados do\",\"inLanguage\":\"pt-BR\",\"isPartOf\":{\"@id\":\"https:\\\/\\\/newsinfoco.com.br\\\/inicio\\\/#website\"},\"breadcrumb\":{\"@id\":\"https:\\\/\\\/newsinfoco.com.br\\\/inicio\\\/rui-costa-encaminha-a-assembleia-projeto-de-alienacao-de-terreno-do-antigo-derba-em-camacari\\\/#breadcrumblist\"},\"author\":{\"@id\":\"https:\\\/\\\/newsinfoco.com.br\\\/inicio\\\/author\\\/administrador\\\/#author\"},\"creator\":{\"@id\":\"https:\\\/\\\/newsinfoco.com.br\\\/inicio\\\/author\\\/administrador\\\/#author\"},\"image\":{\"@type\":\"ImageObject\",\"url\":\"https:\\\/\\\/newsinfoco.com.br\\\/inicio\\\/wp-content\\\/uploads\\\/2022\\\/02\\\/whatsapp-image-2022-02-08-at-134648.jpeg\",\"@id\":\"https:\\\/\\\/newsinfoco.com.br\\\/inicio\\\/rui-costa-encaminha-a-assembleia-projeto-de-alienacao-de-terreno-do-antigo-derba-em-camacari\\\/#mainImage\",\"width\":1100,\"height\":701},\"primaryImageOfPage\":{\"@id\":\"https:\\\/\\\/newsinfoco.com.br\\\/inicio\\\/rui-costa-encaminha-a-assembleia-projeto-de-alienacao-de-terreno-do-antigo-derba-em-camacari\\\/#mainImage\"},\"datePublished\":\"2022-02-08T15:37:47-03:00\",\"dateModified\":\"2022-02-08T15:37:47-03:00\"},{\"@type\":\"WebSite\",\"@id\":\"https:\\\/\\\/newsinfoco.com.br\\\/inicio\\\/#website\",\"url\":\"https:\\\/\\\/newsinfoco.com.br\\\/inicio\\\/\",\"name\":\"News In Foco - Editado por Caio Pimenta\",\"description\":\"O principal site de noticias de Alagoinhas e regi\\u00e3o\",\"inLanguage\":\"pt-BR\",\"publisher\":{\"@id\":\"https:\\\/\\\/newsinfoco.com.br\\\/inicio\\\/#organization\"}}]}\n\t\t<\/script>\n\t\t<!-- All in One SEO -->\n\n","aioseo_head_json":{"title":"Rui Costa encaminha \u00e0 Assembleia projeto de aliena\u00e7\u00e3o de terreno do antigo Derba, em Cama\u00e7ari - News In Foco - Editado por Caio Pimenta","description":"O presidente Jair Bolsonaro participou hoje (8) da inaugura\u00e7\u00e3o de mais um trecho da obra de transposi\u00e7\u00e3o do rio S\u00e3o Francisco. Ele esteve na cidade de Salgueiro, em Pernambuco, para a entrega do N\u00facleo de Controle Operacional da integra\u00e7\u00e3o do S\u00e3o Francisco, respons\u00e1vel pelo controle do bombeamento das \u00e1guas do rio para os estados do","canonical_url":"https:\/\/newsinfoco.com.br\/inicio\/rui-costa-encaminha-a-assembleia-projeto-de-alienacao-de-terreno-do-antigo-derba-em-camacari\/","robots":"max-image-preview:large","keywords":"","webmasterTools":{"miscellaneous":""},"schema":{"@context":"https:\/\/schema.org","@graph":[{"@type":"BlogPosting","@id":"https:\/\/newsinfoco.com.br\/inicio\/rui-costa-encaminha-a-assembleia-projeto-de-alienacao-de-terreno-do-antigo-derba-em-camacari\/#blogposting","name":"Rui Costa encaminha \u00e0 Assembleia projeto de aliena\u00e7\u00e3o de terreno do antigo Derba, em Cama\u00e7ari - News In Foco - Editado por Caio Pimenta","headline":"Rui Costa encaminha \u00e0 Assembleia projeto de aliena\u00e7\u00e3o de terreno do antigo Derba, em Cama\u00e7ari","author":{"@id":"https:\/\/newsinfoco.com.br\/inicio\/author\/administrador\/#author"},"publisher":{"@id":"https:\/\/newsinfoco.com.br\/inicio\/#organization"},"image":{"@type":"ImageObject","url":"https:\/\/newsinfoco.com.br\/inicio\/wp-content\/uploads\/2022\/02\/whatsapp-image-2022-02-08-at-134648.jpeg","width":1100,"height":701},"datePublished":"2022-02-08T15:37:47-03:00","dateModified":"2022-02-08T15:37:47-03:00","inLanguage":"pt-BR","mainEntityOfPage":{"@id":"https:\/\/newsinfoco.com.br\/inicio\/rui-costa-encaminha-a-assembleia-projeto-de-alienacao-de-terreno-do-antigo-derba-em-camacari\/#webpage"},"isPartOf":{"@id":"https:\/\/newsinfoco.com.br\/inicio\/rui-costa-encaminha-a-assembleia-projeto-de-alienacao-de-terreno-do-antigo-derba-em-camacari\/#webpage"},"articleSection":"Brasil"},{"@type":"BreadcrumbList","@id":"https:\/\/newsinfoco.com.br\/inicio\/rui-costa-encaminha-a-assembleia-projeto-de-alienacao-de-terreno-do-antigo-derba-em-camacari\/#breadcrumblist","itemListElement":[{"@type":"ListItem","@id":"https:\/\/newsinfoco.com.br\/inicio#listItem","position":1,"name":"In\u00edcio","item":"https:\/\/newsinfoco.com.br\/inicio","nextItem":{"@type":"ListItem","@id":"https:\/\/newsinfoco.com.br\/inicio\/category\/brasil\/#listItem","name":"Brasil"}},{"@type":"ListItem","@id":"https:\/\/newsinfoco.com.br\/inicio\/category\/brasil\/#listItem","position":2,"name":"Brasil","item":"https:\/\/newsinfoco.com.br\/inicio\/category\/brasil\/","nextItem":{"@type":"ListItem","@id":"https:\/\/newsinfoco.com.br\/inicio\/rui-costa-encaminha-a-assembleia-projeto-de-alienacao-de-terreno-do-antigo-derba-em-camacari\/#listItem","name":"Rui Costa encaminha \u00e0 Assembleia projeto de aliena\u00e7\u00e3o de terreno do antigo Derba, em Cama\u00e7ari"},"previousItem":{"@type":"ListItem","@id":"https:\/\/newsinfoco.com.br\/inicio#listItem","name":"In\u00edcio"}},{"@type":"ListItem","@id":"https:\/\/newsinfoco.com.br\/inicio\/rui-costa-encaminha-a-assembleia-projeto-de-alienacao-de-terreno-do-antigo-derba-em-camacari\/#listItem","position":3,"name":"Rui Costa encaminha \u00e0 Assembleia projeto de aliena\u00e7\u00e3o de terreno do antigo Derba, em Cama\u00e7ari","previousItem":{"@type":"ListItem","@id":"https:\/\/newsinfoco.com.br\/inicio\/category\/brasil\/#listItem","name":"Brasil"}}]},{"@type":"Organization","@id":"https:\/\/newsinfoco.com.br\/inicio\/#organization","name":"News In Foco - Editado por Caio Pimenta","description":"O principal site de noticias de Alagoinhas e regi\u00e3o","url":"https:\/\/newsinfoco.com.br\/inicio\/"},{"@type":"Person","@id":"https:\/\/newsinfoco.com.br\/inicio\/author\/administrador\/#author","url":"https:\/\/newsinfoco.com.br\/inicio\/author\/administrador\/","name":"administrador","image":{"@type":"ImageObject","@id":"https:\/\/newsinfoco.com.br\/inicio\/rui-costa-encaminha-a-assembleia-projeto-de-alienacao-de-terreno-do-antigo-derba-em-camacari\/#authorImage","url":"https:\/\/secure.gravatar.com\/avatar\/c17a617433de8c1dc9584bb79aab7563b46f5bb7e1728c9b17d9cc3ce6a08e49?s=96&d=mm&r=g","width":96,"height":96,"caption":"administrador"}},{"@type":"WebPage","@id":"https:\/\/newsinfoco.com.br\/inicio\/rui-costa-encaminha-a-assembleia-projeto-de-alienacao-de-terreno-do-antigo-derba-em-camacari\/#webpage","url":"https:\/\/newsinfoco.com.br\/inicio\/rui-costa-encaminha-a-assembleia-projeto-de-alienacao-de-terreno-do-antigo-derba-em-camacari\/","name":"Rui Costa encaminha \u00e0 Assembleia projeto de aliena\u00e7\u00e3o de terreno do antigo Derba, em Cama\u00e7ari - News In Foco - Editado por Caio Pimenta","description":"O presidente Jair Bolsonaro participou hoje (8) da inaugura\u00e7\u00e3o de mais um trecho da obra de transposi\u00e7\u00e3o do rio S\u00e3o Francisco. Ele esteve na cidade de Salgueiro, em Pernambuco, para a entrega do N\u00facleo de Controle Operacional da integra\u00e7\u00e3o do S\u00e3o Francisco, respons\u00e1vel pelo controle do bombeamento das \u00e1guas do rio para os estados do","inLanguage":"pt-BR","isPartOf":{"@id":"https:\/\/newsinfoco.com.br\/inicio\/#website"},"breadcrumb":{"@id":"https:\/\/newsinfoco.com.br\/inicio\/rui-costa-encaminha-a-assembleia-projeto-de-alienacao-de-terreno-do-antigo-derba-em-camacari\/#breadcrumblist"},"author":{"@id":"https:\/\/newsinfoco.com.br\/inicio\/author\/administrador\/#author"},"creator":{"@id":"https:\/\/newsinfoco.com.br\/inicio\/author\/administrador\/#author"},"image":{"@type":"ImageObject","url":"https:\/\/newsinfoco.com.br\/inicio\/wp-content\/uploads\/2022\/02\/whatsapp-image-2022-02-08-at-134648.jpeg","@id":"https:\/\/newsinfoco.com.br\/inicio\/rui-costa-encaminha-a-assembleia-projeto-de-alienacao-de-terreno-do-antigo-derba-em-camacari\/#mainImage","width":1100,"height":701},"primaryImageOfPage":{"@id":"https:\/\/newsinfoco.com.br\/inicio\/rui-costa-encaminha-a-assembleia-projeto-de-alienacao-de-terreno-do-antigo-derba-em-camacari\/#mainImage"},"datePublished":"2022-02-08T15:37:47-03:00","dateModified":"2022-02-08T15:37:47-03:00"},{"@type":"WebSite","@id":"https:\/\/newsinfoco.com.br\/inicio\/#website","url":"https:\/\/newsinfoco.com.br\/inicio\/","name":"News In Foco - Editado por Caio Pimenta","description":"O principal site de noticias de Alagoinhas e regi\u00e3o","inLanguage":"pt-BR","publisher":{"@id":"https:\/\/newsinfoco.com.br\/inicio\/#organization"}}]},"og:locale":"pt_BR","og:site_name":"News In Foco - Editado por Caio Pimenta - O principal site de noticias de Alagoinhas e regi\u00e3o","og:type":"article","og:title":"Rui Costa encaminha \u00e0 Assembleia projeto de aliena\u00e7\u00e3o de terreno do antigo Derba, em Cama\u00e7ari - News In Foco - Editado por Caio Pimenta","og:description":"O presidente Jair Bolsonaro participou hoje (8) da inaugura\u00e7\u00e3o de mais um trecho da obra de transposi\u00e7\u00e3o do rio S\u00e3o Francisco. Ele esteve na cidade de Salgueiro, em Pernambuco, para a entrega do N\u00facleo de Controle Operacional da integra\u00e7\u00e3o do S\u00e3o Francisco, respons\u00e1vel pelo controle do bombeamento das \u00e1guas do rio para os estados do","og:url":"https:\/\/newsinfoco.com.br\/inicio\/rui-costa-encaminha-a-assembleia-projeto-de-alienacao-de-terreno-do-antigo-derba-em-camacari\/","article:published_time":"2022-02-08T18:37:47+00:00","article:modified_time":"2022-02-08T18:37:47+00:00","twitter:card":"summary_large_image","twitter:title":"Rui Costa encaminha \u00e0 Assembleia projeto de aliena\u00e7\u00e3o de terreno do antigo Derba, em Cama\u00e7ari - News In Foco - Editado por Caio Pimenta","twitter:description":"O presidente Jair Bolsonaro participou hoje (8) da inaugura\u00e7\u00e3o de mais um trecho da obra de transposi\u00e7\u00e3o do rio S\u00e3o Francisco. Ele esteve na cidade de Salgueiro, em Pernambuco, para a entrega do N\u00facleo de Controle Operacional da integra\u00e7\u00e3o do S\u00e3o Francisco, respons\u00e1vel pelo controle do bombeamento das \u00e1guas do rio para os estados do"},"aioseo_meta_data":{"post_id":"28739","title":null,"description":null,"keywords":null,"keyphrases":null,"primary_term":null,"canonical_url":null,"og_title":null,"og_description":null,"og_object_type":"default","og_image_type":"default","og_image_url":null,"og_image_width":null,"og_image_height":null,"og_image_custom_url":null,"og_image_custom_fields":null,"og_video":null,"og_custom_url":null,"og_article_section":null,"og_article_tags":null,"twitter_use_og":false,"twitter_card":"default","twitter_image_type":"default","twitter_image_url":null,"twitter_image_custom_url":null,"twitter_image_custom_fields":null,"twitter_title":null,"twitter_description":null,"schema":{"blockGraphs":[],"customGraphs":[],"default":{"data":{"Article":[],"Course":[],"Dataset":[],"FAQPage":[],"Movie":[],"Person":[],"Product":[],"ProductReview":[],"Car":[],"Recipe":[],"Service":[],"SoftwareApplication":[],"WebPage":[]},"graphName":"","isEnabled":true},"graphs":[]},"schema_type":"default","schema_type_options":null,"pillar_content":false,"robots_default":true,"robots_noindex":false,"robots_noarchive":false,"robots_nosnippet":false,"robots_nofollow":false,"robots_noimageindex":false,"robots_noodp":false,"robots_notranslate":false,"robots_max_snippet":null,"robots_max_videopreview":null,"robots_max_imagepreview":"large","priority":null,"frequency":null,"local_seo":null,"breadcrumb_settings":null,"limit_modified_date":false,"ai":null,"created":"2023-06-12 20:40:55","updated":"2025-07-11 06:52:52","seo_analyzer_scan_date":null},"aioseo_breadcrumb":"<div class=\"aioseo-breadcrumbs\"><span class=\"aioseo-breadcrumb\">\n\t\t\t<a href=\"https:\/\/newsinfoco.com.br\/inicio\" title=\"In\u00edcio\">In\u00edcio<\/a>\n\t\t<\/span><span class=\"aioseo-breadcrumb-separator\">&raquo;<\/span><span class=\"aioseo-breadcrumb\">\n\t\t\t<a href=\"https:\/\/newsinfoco.com.br\/inicio\/category\/brasil\/\" title=\"Brasil\">Brasil<\/a>\n\t\t<\/span><span class=\"aioseo-breadcrumb-separator\">&raquo;<\/span><span class=\"aioseo-breadcrumb\">\n\t\t\tRui Costa encaminha \u00e0 Assembleia projeto de aliena\u00e7\u00e3o de terreno do antigo Derba, em Cama\u00e7ari\n\t\t<\/span><\/div>","aioseo_breadcrumb_json":[{"label":"In\u00edcio","link":"https:\/\/newsinfoco.com.br\/inicio"},{"label":"Brasil","link":"https:\/\/newsinfoco.com.br\/inicio\/category\/brasil\/"},{"label":"Rui Costa encaminha \u00e0 Assembleia projeto de aliena\u00e7\u00e3o de terreno do antigo Derba, em Cama\u00e7ari","link":"https:\/\/newsinfoco.com.br\/inicio\/rui-costa-encaminha-a-assembleia-projeto-de-alienacao-de-terreno-do-antigo-derba-em-camacari\/"}],"_links":{"self":[{"href":"https:\/\/newsinfoco.com.br\/inicio\/wp-json\/wp\/v2\/posts\/28739","targetHints":{"allow":["GET"]}}],"collection":[{"href":"https:\/\/newsinfoco.com.br\/inicio\/wp-json\/wp\/v2\/posts"}],"about":[{"href":"https:\/\/newsinfoco.com.br\/inicio\/wp-json\/wp\/v2\/types\/post"}],"author":[{"embeddable":true,"href":"https:\/\/newsinfoco.com.br\/inicio\/wp-json\/wp\/v2\/users\/1"}],"replies":[{"embeddable":true,"href":"https:\/\/newsinfoco.com.br\/inicio\/wp-json\/wp\/v2\/comments?post=28739"}],"version-history":[{"count":1,"href":"https:\/\/newsinfoco.com.br\/inicio\/wp-json\/wp\/v2\/posts\/28739\/revisions"}],"predecessor-version":[{"id":28741,"href":"https:\/\/newsinfoco.com.br\/inicio\/wp-json\/wp\/v2\/posts\/28739\/revisions\/28741"}],"wp:featuredmedia":[{"embeddable":true,"href":"https:\/\/newsinfoco.com.br\/inicio\/wp-json\/wp\/v2\/media\/28740"}],"wp:attachment":[{"href":"https:\/\/newsinfoco.com.br\/inicio\/wp-json\/wp\/v2\/media?parent=28739"}],"wp:term":[{"taxonomy":"category","embeddable":true,"href":"https:\/\/newsinfoco.com.br\/inicio\/wp-json\/wp\/v2\/categories?post=28739"},{"taxonomy":"post_tag","embeddable":true,"href":"https:\/\/newsinfoco.com.br\/inicio\/wp-json\/wp\/v2\/tags?post=28739"}],"curies":[{"name":"wp","href":"https:\/\/api.w.org\/{rel}","templated":true}]}}