{"id":28762,"date":"2022-02-09T15:24:57","date_gmt":"2022-02-09T18:24:57","guid":{"rendered":"https:\/\/newsinfoco.com.br\/inicio\/?p=28762"},"modified":"2022-02-09T15:24:57","modified_gmt":"2022-02-09T18:24:57","slug":"varejo-de-alimentos-abre-2022-com-janeiro-decepcionante-diz-sindicato-do-setor","status":"publish","type":"post","link":"https:\/\/newsinfoco.com.br\/inicio\/varejo-de-alimentos-abre-2022-com-janeiro-decepcionante-diz-sindicato-do-setor\/","title":{"rendered":"Varejo de alimentos abre 2022 com janeiro decepcionante, diz sindicato do setor"},"content":{"rendered":"<p>O varejo de alimentos est\u00e1 preocupado com o cen\u00e1rio que 2022 vem mostrando at\u00e9 aqui, segundo \u00c1lvaro Furtado, presidente do Sincovaga (sindicato do com\u00e9rcio varejista dos itens de alimenta\u00e7\u00e3o).<\/p>\n<p>Ele afirma que o m\u00eas de janeiro foi uma enorme decep\u00e7\u00e3o. O primeiro m\u00eas do ano costuma ser ruim, porque os consumidores viajam e est\u00e3o apertados com os gastos de dezembro e tributos de in\u00edcio de ano, mas este foi pior.<\/p>\n<p>\u201cOs resultados foram muito aqu\u00e9m do m\u00ednimo esperado, ou seja, teve cortes significativos mesmo nos itens b\u00e1sicos para comer\u201d, diz \u00c1lvaro Furtado, presidente do Sincovaga.<\/p>\n<p>Al\u00e9m da redu\u00e7\u00e3o normal do fluxo de clientes, houve uma queda maior no valor do t\u00edquete m\u00e9dio, segundo ele.<\/p>\n<p>\u201cMinha avalia\u00e7\u00e3o \u00e9 a de que isso \u00e9 um reflexo de uma situa\u00e7\u00e3o econ\u00f4mica muito dif\u00edcil. N\u00f3s estamos em um processo de alto n\u00edvel de desemprego. O consumo depende de renda, e mesmo quem n\u00e3o perdeu o emprego teve reajuste abaixo da infla\u00e7\u00e3o, o que significa que o poder de compra diminuiu\u201d, afirma.<\/p>\n<p>Furtado ainda reclama da press\u00e3o do aumento dos custos de transporte, energia e impacto do c\u00e2mbio. A preocupa\u00e7\u00e3o atinge os varejistas de todos os portes, segundo ele.<\/p>\n<p>Folhapress<\/p>\n<div class='share-to-whatsapp-wrapper'><div class='share-on-whsp'>Share on: <\/div><a data-text='Varejo de alimentos abre 2022 com janeiro decepcionante, diz sindicato do setor' data-link='https:\/\/newsinfoco.com.br\/inicio\/varejo-de-alimentos-abre-2022-com-janeiro-decepcionante-diz-sindicato-do-setor\/' class='whatsapp-button whatsapp-share'>WhatsApp<\/a><div class='clear '><\/div><\/div>","protected":false},"excerpt":{"rendered":"<p>O varejo de alimentos est\u00e1 preocupado com o cen\u00e1rio que 2022 vem mostrando at\u00e9 aqui, segundo \u00c1lvaro Furtado, presidente do Sincovaga (sindicato do com\u00e9rcio varejista dos itens de alimenta\u00e7\u00e3o). Ele afirma que o m\u00eas de janeiro foi uma enorme decep\u00e7\u00e3o. O primeiro m\u00eas do ano costuma ser ruim, porque os consumidores viajam e est\u00e3o apertados [&hellip;]<\/p>\n","protected":false},"author":1,"featured_media":5942,"comment_status":"closed","ping_status":"closed","sticky":false,"template":"","format":"standard","meta":{"om_disable_all_campaigns":false,"rop_custom_images_group":[],"rop_custom_messages_group":[],"rop_publish_now":"initial","rop_publish_now_accounts":[],"rop_publish_now_history":[],"rop_publish_now_status":"pending","_exactmetrics_skip_tracking":false,"footnotes":""},"categories":[21],"tags":[],"class_list":["post-28762","post","type-post","status-publish","format-standard","has-post-thumbnail","hentry","category-brasil"],"aioseo_notices":[],"aioseo_head":"\n\t\t<!-- All in One SEO 4.9.10 - aioseo.com -->\n\t<meta name=\"description\" content=\"O varejo de alimentos est\u00e1 preocupado com o cen\u00e1rio que 2022 vem mostrando at\u00e9 aqui, segundo \u00c1lvaro Furtado, presidente do Sincovaga (sindicato do com\u00e9rcio varejista dos itens de alimenta\u00e7\u00e3o). Ele afirma que o m\u00eas de janeiro foi uma enorme decep\u00e7\u00e3o. O primeiro m\u00eas do ano costuma ser ruim, porque os consumidores viajam e est\u00e3o apertados\" \/>\n\t<meta name=\"robots\" content=\"max-image-preview:large\" \/>\n\t<meta name=\"author\" content=\"administrador\"\/>\n\t<link rel=\"canonical\" href=\"https:\/\/newsinfoco.com.br\/inicio\/varejo-de-alimentos-abre-2022-com-janeiro-decepcionante-diz-sindicato-do-setor\/\" \/>\n\t<meta name=\"generator\" content=\"All in One SEO (AIOSEO) 4.9.10\" \/>\n\t\t<meta property=\"og:locale\" content=\"pt_BR\" \/>\n\t\t<meta property=\"og:site_name\" content=\"News In Foco - Editado por Caio Pimenta - O principal site de noticias de Alagoinhas e regi\u00e3o\" \/>\n\t\t<meta property=\"og:type\" content=\"article\" \/>\n\t\t<meta property=\"og:title\" content=\"Varejo de alimentos abre 2022 com janeiro decepcionante, diz sindicato do setor - News In Foco - Editado por Caio Pimenta\" \/>\n\t\t<meta property=\"og:description\" content=\"O varejo de alimentos est\u00e1 preocupado com o cen\u00e1rio que 2022 vem mostrando at\u00e9 aqui, segundo \u00c1lvaro Furtado, presidente do Sincovaga (sindicato do com\u00e9rcio varejista dos itens de alimenta\u00e7\u00e3o). Ele afirma que o m\u00eas de janeiro foi uma enorme decep\u00e7\u00e3o. O primeiro m\u00eas do ano costuma ser ruim, porque os consumidores viajam e est\u00e3o apertados\" \/>\n\t\t<meta property=\"og:url\" content=\"https:\/\/newsinfoco.com.br\/inicio\/varejo-de-alimentos-abre-2022-com-janeiro-decepcionante-diz-sindicato-do-setor\/\" \/>\n\t\t<meta property=\"article:published_time\" content=\"2022-02-09T18:24:57+00:00\" \/>\n\t\t<meta property=\"article:modified_time\" content=\"2022-02-09T18:24:57+00:00\" \/>\n\t\t<meta name=\"twitter:card\" content=\"summary_large_image\" \/>\n\t\t<meta name=\"twitter:title\" content=\"Varejo de alimentos abre 2022 com janeiro decepcionante, diz sindicato do setor - News In Foco - Editado por Caio Pimenta\" \/>\n\t\t<meta name=\"twitter:description\" content=\"O varejo de alimentos est\u00e1 preocupado com o cen\u00e1rio que 2022 vem mostrando at\u00e9 aqui, segundo \u00c1lvaro Furtado, presidente do Sincovaga (sindicato do com\u00e9rcio varejista dos itens de alimenta\u00e7\u00e3o). Ele afirma que o m\u00eas de janeiro foi uma enorme decep\u00e7\u00e3o. O primeiro m\u00eas do ano costuma ser ruim, porque os consumidores viajam e est\u00e3o apertados\" \/>\n\t\t<script type=\"application\/ld+json\" class=\"aioseo-schema\">\n\t\t\t{\"@context\":\"https:\\\/\\\/schema.org\",\"@graph\":[{\"@type\":\"BlogPosting\",\"@id\":\"https:\\\/\\\/newsinfoco.com.br\\\/inicio\\\/varejo-de-alimentos-abre-2022-com-janeiro-decepcionante-diz-sindicato-do-setor\\\/#blogposting\",\"name\":\"Varejo de alimentos abre 2022 com janeiro decepcionante, diz sindicato do setor - News In Foco - Editado por Caio Pimenta\",\"headline\":\"Varejo de alimentos abre 2022 com janeiro decepcionante, diz sindicato do setor\",\"author\":{\"@id\":\"https:\\\/\\\/newsinfoco.com.br\\\/inicio\\\/author\\\/administrador\\\/#author\"},\"publisher\":{\"@id\":\"https:\\\/\\\/newsinfoco.com.br\\\/inicio\\\/#organization\"},\"image\":{\"@type\":\"ImageObject\",\"url\":\"https:\\\/\\\/newsinfoco.com.br\\\/inicio\\\/wp-content\\\/uploads\\\/2018\\\/06\\\/5a0dc2638db5e_alimentos-com-vitamina-a.jpg\",\"width\":600,\"height\":340},\"datePublished\":\"2022-02-09T15:24:57-03:00\",\"dateModified\":\"2022-02-09T15:24:57-03:00\",\"inLanguage\":\"pt-BR\",\"mainEntityOfPage\":{\"@id\":\"https:\\\/\\\/newsinfoco.com.br\\\/inicio\\\/varejo-de-alimentos-abre-2022-com-janeiro-decepcionante-diz-sindicato-do-setor\\\/#webpage\"},\"isPartOf\":{\"@id\":\"https:\\\/\\\/newsinfoco.com.br\\\/inicio\\\/varejo-de-alimentos-abre-2022-com-janeiro-decepcionante-diz-sindicato-do-setor\\\/#webpage\"},\"articleSection\":\"Brasil\"},{\"@type\":\"BreadcrumbList\",\"@id\":\"https:\\\/\\\/newsinfoco.com.br\\\/inicio\\\/varejo-de-alimentos-abre-2022-com-janeiro-decepcionante-diz-sindicato-do-setor\\\/#breadcrumblist\",\"itemListElement\":[{\"@type\":\"ListItem\",\"@id\":\"https:\\\/\\\/newsinfoco.com.br\\\/inicio#listItem\",\"position\":1,\"name\":\"In\\u00edcio\",\"item\":\"https:\\\/\\\/newsinfoco.com.br\\\/inicio\",\"nextItem\":{\"@type\":\"ListItem\",\"@id\":\"https:\\\/\\\/newsinfoco.com.br\\\/inicio\\\/category\\\/brasil\\\/#listItem\",\"name\":\"Brasil\"}},{\"@type\":\"ListItem\",\"@id\":\"https:\\\/\\\/newsinfoco.com.br\\\/inicio\\\/category\\\/brasil\\\/#listItem\",\"position\":2,\"name\":\"Brasil\",\"item\":\"https:\\\/\\\/newsinfoco.com.br\\\/inicio\\\/category\\\/brasil\\\/\",\"nextItem\":{\"@type\":\"ListItem\",\"@id\":\"https:\\\/\\\/newsinfoco.com.br\\\/inicio\\\/varejo-de-alimentos-abre-2022-com-janeiro-decepcionante-diz-sindicato-do-setor\\\/#listItem\",\"name\":\"Varejo de alimentos abre 2022 com janeiro decepcionante, diz sindicato do setor\"},\"previousItem\":{\"@type\":\"ListItem\",\"@id\":\"https:\\\/\\\/newsinfoco.com.br\\\/inicio#listItem\",\"name\":\"In\\u00edcio\"}},{\"@type\":\"ListItem\",\"@id\":\"https:\\\/\\\/newsinfoco.com.br\\\/inicio\\\/varejo-de-alimentos-abre-2022-com-janeiro-decepcionante-diz-sindicato-do-setor\\\/#listItem\",\"position\":3,\"name\":\"Varejo de alimentos abre 2022 com janeiro decepcionante, diz sindicato do setor\",\"previousItem\":{\"@type\":\"ListItem\",\"@id\":\"https:\\\/\\\/newsinfoco.com.br\\\/inicio\\\/category\\\/brasil\\\/#listItem\",\"name\":\"Brasil\"}}]},{\"@type\":\"Organization\",\"@id\":\"https:\\\/\\\/newsinfoco.com.br\\\/inicio\\\/#organization\",\"name\":\"News In Foco - Editado por Caio Pimenta\",\"description\":\"O principal site de noticias de Alagoinhas e regi\\u00e3o\",\"url\":\"https:\\\/\\\/newsinfoco.com.br\\\/inicio\\\/\"},{\"@type\":\"Person\",\"@id\":\"https:\\\/\\\/newsinfoco.com.br\\\/inicio\\\/author\\\/administrador\\\/#author\",\"url\":\"https:\\\/\\\/newsinfoco.com.br\\\/inicio\\\/author\\\/administrador\\\/\",\"name\":\"administrador\",\"image\":{\"@type\":\"ImageObject\",\"@id\":\"https:\\\/\\\/newsinfoco.com.br\\\/inicio\\\/varejo-de-alimentos-abre-2022-com-janeiro-decepcionante-diz-sindicato-do-setor\\\/#authorImage\",\"url\":\"https:\\\/\\\/secure.gravatar.com\\\/avatar\\\/c17a617433de8c1dc9584bb79aab7563b46f5bb7e1728c9b17d9cc3ce6a08e49?s=96&d=mm&r=g\",\"width\":96,\"height\":96,\"caption\":\"administrador\"}},{\"@type\":\"WebPage\",\"@id\":\"https:\\\/\\\/newsinfoco.com.br\\\/inicio\\\/varejo-de-alimentos-abre-2022-com-janeiro-decepcionante-diz-sindicato-do-setor\\\/#webpage\",\"url\":\"https:\\\/\\\/newsinfoco.com.br\\\/inicio\\\/varejo-de-alimentos-abre-2022-com-janeiro-decepcionante-diz-sindicato-do-setor\\\/\",\"name\":\"Varejo de alimentos abre 2022 com janeiro decepcionante, diz sindicato do setor - News In Foco - Editado por Caio Pimenta\",\"description\":\"O varejo de alimentos est\\u00e1 preocupado com o cen\\u00e1rio que 2022 vem mostrando at\\u00e9 aqui, segundo \\u00c1lvaro Furtado, presidente do Sincovaga (sindicato do com\\u00e9rcio varejista dos itens de alimenta\\u00e7\\u00e3o). Ele afirma que o m\\u00eas de janeiro foi uma enorme decep\\u00e7\\u00e3o. O primeiro m\\u00eas do ano costuma ser ruim, porque os consumidores viajam e est\\u00e3o apertados\",\"inLanguage\":\"pt-BR\",\"isPartOf\":{\"@id\":\"https:\\\/\\\/newsinfoco.com.br\\\/inicio\\\/#website\"},\"breadcrumb\":{\"@id\":\"https:\\\/\\\/newsinfoco.com.br\\\/inicio\\\/varejo-de-alimentos-abre-2022-com-janeiro-decepcionante-diz-sindicato-do-setor\\\/#breadcrumblist\"},\"author\":{\"@id\":\"https:\\\/\\\/newsinfoco.com.br\\\/inicio\\\/author\\\/administrador\\\/#author\"},\"creator\":{\"@id\":\"https:\\\/\\\/newsinfoco.com.br\\\/inicio\\\/author\\\/administrador\\\/#author\"},\"image\":{\"@type\":\"ImageObject\",\"url\":\"https:\\\/\\\/newsinfoco.com.br\\\/inicio\\\/wp-content\\\/uploads\\\/2018\\\/06\\\/5a0dc2638db5e_alimentos-com-vitamina-a.jpg\",\"@id\":\"https:\\\/\\\/newsinfoco.com.br\\\/inicio\\\/varejo-de-alimentos-abre-2022-com-janeiro-decepcionante-diz-sindicato-do-setor\\\/#mainImage\",\"width\":600,\"height\":340},\"primaryImageOfPage\":{\"@id\":\"https:\\\/\\\/newsinfoco.com.br\\\/inicio\\\/varejo-de-alimentos-abre-2022-com-janeiro-decepcionante-diz-sindicato-do-setor\\\/#mainImage\"},\"datePublished\":\"2022-02-09T15:24:57-03:00\",\"dateModified\":\"2022-02-09T15:24:57-03:00\"},{\"@type\":\"WebSite\",\"@id\":\"https:\\\/\\\/newsinfoco.com.br\\\/inicio\\\/#website\",\"url\":\"https:\\\/\\\/newsinfoco.com.br\\\/inicio\\\/\",\"name\":\"News In Foco - Editado por Caio Pimenta\",\"description\":\"O principal site de noticias de Alagoinhas e regi\\u00e3o\",\"inLanguage\":\"pt-BR\",\"publisher\":{\"@id\":\"https:\\\/\\\/newsinfoco.com.br\\\/inicio\\\/#organization\"}}]}\n\t\t<\/script>\n\t\t<!-- All in One SEO -->\n\n","aioseo_head_json":{"title":"Varejo de alimentos abre 2022 com janeiro decepcionante, diz sindicato do setor - News In Foco - Editado por Caio Pimenta","description":"O varejo de alimentos est\u00e1 preocupado com o cen\u00e1rio que 2022 vem mostrando at\u00e9 aqui, segundo \u00c1lvaro Furtado, presidente do Sincovaga (sindicato do com\u00e9rcio varejista dos itens de alimenta\u00e7\u00e3o). Ele afirma que o m\u00eas de janeiro foi uma enorme decep\u00e7\u00e3o. O primeiro m\u00eas do ano costuma ser ruim, porque os consumidores viajam e est\u00e3o apertados","canonical_url":"https:\/\/newsinfoco.com.br\/inicio\/varejo-de-alimentos-abre-2022-com-janeiro-decepcionante-diz-sindicato-do-setor\/","robots":"max-image-preview:large","keywords":"","webmasterTools":{"miscellaneous":""},"schema":{"@context":"https:\/\/schema.org","@graph":[{"@type":"BlogPosting","@id":"https:\/\/newsinfoco.com.br\/inicio\/varejo-de-alimentos-abre-2022-com-janeiro-decepcionante-diz-sindicato-do-setor\/#blogposting","name":"Varejo de alimentos abre 2022 com janeiro decepcionante, diz sindicato do setor - News In Foco - Editado por Caio Pimenta","headline":"Varejo de alimentos abre 2022 com janeiro decepcionante, diz sindicato do setor","author":{"@id":"https:\/\/newsinfoco.com.br\/inicio\/author\/administrador\/#author"},"publisher":{"@id":"https:\/\/newsinfoco.com.br\/inicio\/#organization"},"image":{"@type":"ImageObject","url":"https:\/\/newsinfoco.com.br\/inicio\/wp-content\/uploads\/2018\/06\/5a0dc2638db5e_alimentos-com-vitamina-a.jpg","width":600,"height":340},"datePublished":"2022-02-09T15:24:57-03:00","dateModified":"2022-02-09T15:24:57-03:00","inLanguage":"pt-BR","mainEntityOfPage":{"@id":"https:\/\/newsinfoco.com.br\/inicio\/varejo-de-alimentos-abre-2022-com-janeiro-decepcionante-diz-sindicato-do-setor\/#webpage"},"isPartOf":{"@id":"https:\/\/newsinfoco.com.br\/inicio\/varejo-de-alimentos-abre-2022-com-janeiro-decepcionante-diz-sindicato-do-setor\/#webpage"},"articleSection":"Brasil"},{"@type":"BreadcrumbList","@id":"https:\/\/newsinfoco.com.br\/inicio\/varejo-de-alimentos-abre-2022-com-janeiro-decepcionante-diz-sindicato-do-setor\/#breadcrumblist","itemListElement":[{"@type":"ListItem","@id":"https:\/\/newsinfoco.com.br\/inicio#listItem","position":1,"name":"In\u00edcio","item":"https:\/\/newsinfoco.com.br\/inicio","nextItem":{"@type":"ListItem","@id":"https:\/\/newsinfoco.com.br\/inicio\/category\/brasil\/#listItem","name":"Brasil"}},{"@type":"ListItem","@id":"https:\/\/newsinfoco.com.br\/inicio\/category\/brasil\/#listItem","position":2,"name":"Brasil","item":"https:\/\/newsinfoco.com.br\/inicio\/category\/brasil\/","nextItem":{"@type":"ListItem","@id":"https:\/\/newsinfoco.com.br\/inicio\/varejo-de-alimentos-abre-2022-com-janeiro-decepcionante-diz-sindicato-do-setor\/#listItem","name":"Varejo de alimentos abre 2022 com janeiro decepcionante, diz sindicato do setor"},"previousItem":{"@type":"ListItem","@id":"https:\/\/newsinfoco.com.br\/inicio#listItem","name":"In\u00edcio"}},{"@type":"ListItem","@id":"https:\/\/newsinfoco.com.br\/inicio\/varejo-de-alimentos-abre-2022-com-janeiro-decepcionante-diz-sindicato-do-setor\/#listItem","position":3,"name":"Varejo de alimentos abre 2022 com janeiro decepcionante, diz sindicato do setor","previousItem":{"@type":"ListItem","@id":"https:\/\/newsinfoco.com.br\/inicio\/category\/brasil\/#listItem","name":"Brasil"}}]},{"@type":"Organization","@id":"https:\/\/newsinfoco.com.br\/inicio\/#organization","name":"News In Foco - Editado por Caio Pimenta","description":"O principal site de noticias de Alagoinhas e regi\u00e3o","url":"https:\/\/newsinfoco.com.br\/inicio\/"},{"@type":"Person","@id":"https:\/\/newsinfoco.com.br\/inicio\/author\/administrador\/#author","url":"https:\/\/newsinfoco.com.br\/inicio\/author\/administrador\/","name":"administrador","image":{"@type":"ImageObject","@id":"https:\/\/newsinfoco.com.br\/inicio\/varejo-de-alimentos-abre-2022-com-janeiro-decepcionante-diz-sindicato-do-setor\/#authorImage","url":"https:\/\/secure.gravatar.com\/avatar\/c17a617433de8c1dc9584bb79aab7563b46f5bb7e1728c9b17d9cc3ce6a08e49?s=96&d=mm&r=g","width":96,"height":96,"caption":"administrador"}},{"@type":"WebPage","@id":"https:\/\/newsinfoco.com.br\/inicio\/varejo-de-alimentos-abre-2022-com-janeiro-decepcionante-diz-sindicato-do-setor\/#webpage","url":"https:\/\/newsinfoco.com.br\/inicio\/varejo-de-alimentos-abre-2022-com-janeiro-decepcionante-diz-sindicato-do-setor\/","name":"Varejo de alimentos abre 2022 com janeiro decepcionante, diz sindicato do setor - News In Foco - Editado por Caio Pimenta","description":"O varejo de alimentos est\u00e1 preocupado com o cen\u00e1rio que 2022 vem mostrando at\u00e9 aqui, segundo \u00c1lvaro Furtado, presidente do Sincovaga (sindicato do com\u00e9rcio varejista dos itens de alimenta\u00e7\u00e3o). Ele afirma que o m\u00eas de janeiro foi uma enorme decep\u00e7\u00e3o. O primeiro m\u00eas do ano costuma ser ruim, porque os consumidores viajam e est\u00e3o apertados","inLanguage":"pt-BR","isPartOf":{"@id":"https:\/\/newsinfoco.com.br\/inicio\/#website"},"breadcrumb":{"@id":"https:\/\/newsinfoco.com.br\/inicio\/varejo-de-alimentos-abre-2022-com-janeiro-decepcionante-diz-sindicato-do-setor\/#breadcrumblist"},"author":{"@id":"https:\/\/newsinfoco.com.br\/inicio\/author\/administrador\/#author"},"creator":{"@id":"https:\/\/newsinfoco.com.br\/inicio\/author\/administrador\/#author"},"image":{"@type":"ImageObject","url":"https:\/\/newsinfoco.com.br\/inicio\/wp-content\/uploads\/2018\/06\/5a0dc2638db5e_alimentos-com-vitamina-a.jpg","@id":"https:\/\/newsinfoco.com.br\/inicio\/varejo-de-alimentos-abre-2022-com-janeiro-decepcionante-diz-sindicato-do-setor\/#mainImage","width":600,"height":340},"primaryImageOfPage":{"@id":"https:\/\/newsinfoco.com.br\/inicio\/varejo-de-alimentos-abre-2022-com-janeiro-decepcionante-diz-sindicato-do-setor\/#mainImage"},"datePublished":"2022-02-09T15:24:57-03:00","dateModified":"2022-02-09T15:24:57-03:00"},{"@type":"WebSite","@id":"https:\/\/newsinfoco.com.br\/inicio\/#website","url":"https:\/\/newsinfoco.com.br\/inicio\/","name":"News In Foco - Editado por Caio Pimenta","description":"O principal site de noticias de Alagoinhas e regi\u00e3o","inLanguage":"pt-BR","publisher":{"@id":"https:\/\/newsinfoco.com.br\/inicio\/#organization"}}]},"og:locale":"pt_BR","og:site_name":"News In Foco - Editado por Caio Pimenta - O principal site de noticias de Alagoinhas e regi\u00e3o","og:type":"article","og:title":"Varejo de alimentos abre 2022 com janeiro decepcionante, diz sindicato do setor - News In Foco - Editado por Caio Pimenta","og:description":"O varejo de alimentos est\u00e1 preocupado com o cen\u00e1rio que 2022 vem mostrando at\u00e9 aqui, segundo \u00c1lvaro Furtado, presidente do Sincovaga (sindicato do com\u00e9rcio varejista dos itens de alimenta\u00e7\u00e3o). Ele afirma que o m\u00eas de janeiro foi uma enorme decep\u00e7\u00e3o. O primeiro m\u00eas do ano costuma ser ruim, porque os consumidores viajam e est\u00e3o apertados","og:url":"https:\/\/newsinfoco.com.br\/inicio\/varejo-de-alimentos-abre-2022-com-janeiro-decepcionante-diz-sindicato-do-setor\/","article:published_time":"2022-02-09T18:24:57+00:00","article:modified_time":"2022-02-09T18:24:57+00:00","twitter:card":"summary_large_image","twitter:title":"Varejo de alimentos abre 2022 com janeiro decepcionante, diz sindicato do setor - News In Foco - Editado por Caio Pimenta","twitter:description":"O varejo de alimentos est\u00e1 preocupado com o cen\u00e1rio que 2022 vem mostrando at\u00e9 aqui, segundo \u00c1lvaro Furtado, presidente do Sincovaga (sindicato do com\u00e9rcio varejista dos itens de alimenta\u00e7\u00e3o). Ele afirma que o m\u00eas de janeiro foi uma enorme decep\u00e7\u00e3o. O primeiro m\u00eas do ano costuma ser ruim, porque os consumidores viajam e est\u00e3o apertados"},"aioseo_meta_data":{"post_id":"28762","title":null,"description":null,"keywords":null,"keyphrases":null,"primary_term":null,"canonical_url":null,"og_title":null,"og_description":null,"og_object_type":"default","og_image_type":"default","og_image_url":null,"og_image_width":null,"og_image_height":null,"og_image_custom_url":null,"og_image_custom_fields":null,"og_video":null,"og_custom_url":null,"og_article_section":null,"og_article_tags":null,"twitter_use_og":false,"twitter_card":"default","twitter_image_type":"default","twitter_image_url":null,"twitter_image_custom_url":null,"twitter_image_custom_fields":null,"twitter_title":null,"twitter_description":null,"schema":{"blockGraphs":[],"customGraphs":[],"default":{"data":{"Article":[],"Course":[],"Dataset":[],"FAQPage":[],"Movie":[],"Person":[],"Product":[],"ProductReview":[],"Car":[],"Recipe":[],"Service":[],"SoftwareApplication":[],"WebPage":[]},"graphName":"","isEnabled":true},"graphs":[]},"schema_type":"default","schema_type_options":null,"pillar_content":false,"robots_default":true,"robots_noindex":false,"robots_noarchive":false,"robots_nosnippet":false,"robots_nofollow":false,"robots_noimageindex":false,"robots_noodp":false,"robots_notranslate":false,"robots_max_snippet":null,"robots_max_videopreview":null,"robots_max_imagepreview":"large","priority":null,"frequency":null,"local_seo":null,"breadcrumb_settings":null,"limit_modified_date":false,"ai":null,"created":"2023-06-12 20:40:55","updated":"2025-07-11 06:52:53","seo_analyzer_scan_date":null},"aioseo_breadcrumb":"<div class=\"aioseo-breadcrumbs\"><span class=\"aioseo-breadcrumb\">\n\t\t\t<a href=\"https:\/\/newsinfoco.com.br\/inicio\" title=\"In\u00edcio\">In\u00edcio<\/a>\n\t\t<\/span><span class=\"aioseo-breadcrumb-separator\">&raquo;<\/span><span class=\"aioseo-breadcrumb\">\n\t\t\t<a href=\"https:\/\/newsinfoco.com.br\/inicio\/category\/brasil\/\" title=\"Brasil\">Brasil<\/a>\n\t\t<\/span><span class=\"aioseo-breadcrumb-separator\">&raquo;<\/span><span class=\"aioseo-breadcrumb\">\n\t\t\tVarejo de alimentos abre 2022 com janeiro decepcionante, diz sindicato do setor\n\t\t<\/span><\/div>","aioseo_breadcrumb_json":[{"label":"In\u00edcio","link":"https:\/\/newsinfoco.com.br\/inicio"},{"label":"Brasil","link":"https:\/\/newsinfoco.com.br\/inicio\/category\/brasil\/"},{"label":"Varejo de alimentos abre 2022 com janeiro decepcionante, diz sindicato do setor","link":"https:\/\/newsinfoco.com.br\/inicio\/varejo-de-alimentos-abre-2022-com-janeiro-decepcionante-diz-sindicato-do-setor\/"}],"_links":{"self":[{"href":"https:\/\/newsinfoco.com.br\/inicio\/wp-json\/wp\/v2\/posts\/28762","targetHints":{"allow":["GET"]}}],"collection":[{"href":"https:\/\/newsinfoco.com.br\/inicio\/wp-json\/wp\/v2\/posts"}],"about":[{"href":"https:\/\/newsinfoco.com.br\/inicio\/wp-json\/wp\/v2\/types\/post"}],"author":[{"embeddable":true,"href":"https:\/\/newsinfoco.com.br\/inicio\/wp-json\/wp\/v2\/users\/1"}],"replies":[{"embeddable":true,"href":"https:\/\/newsinfoco.com.br\/inicio\/wp-json\/wp\/v2\/comments?post=28762"}],"version-history":[{"count":2,"href":"https:\/\/newsinfoco.com.br\/inicio\/wp-json\/wp\/v2\/posts\/28762\/revisions"}],"predecessor-version":[{"id":28764,"href":"https:\/\/newsinfoco.com.br\/inicio\/wp-json\/wp\/v2\/posts\/28762\/revisions\/28764"}],"wp:featuredmedia":[{"embeddable":true,"href":"https:\/\/newsinfoco.com.br\/inicio\/wp-json\/wp\/v2\/media\/5942"}],"wp:attachment":[{"href":"https:\/\/newsinfoco.com.br\/inicio\/wp-json\/wp\/v2\/media?parent=28762"}],"wp:term":[{"taxonomy":"category","embeddable":true,"href":"https:\/\/newsinfoco.com.br\/inicio\/wp-json\/wp\/v2\/categories?post=28762"},{"taxonomy":"post_tag","embeddable":true,"href":"https:\/\/newsinfoco.com.br\/inicio\/wp-json\/wp\/v2\/tags?post=28762"}],"curies":[{"name":"wp","href":"https:\/\/api.w.org\/{rel}","templated":true}]}}