{"id":2905,"date":"2018-04-21T21:18:14","date_gmt":"2018-04-22T00:18:14","guid":{"rendered":"http:\/\/newsinfoco.com.br\/?p=2905"},"modified":"2018-04-21T21:18:14","modified_gmt":"2018-04-22T00:18:14","slug":"prefeitura-de-alagoinhas-conclui-a-instalacao-de-54-novos-bracos-de-luz-no-conjunto-linha-verde","status":"publish","type":"post","link":"https:\/\/newsinfoco.com.br\/inicio\/prefeitura-de-alagoinhas-conclui-a-instalacao-de-54-novos-bracos-de-luz-no-conjunto-linha-verde\/","title":{"rendered":"Prefeitura de Alagoinhas conclui a instala\u00e7\u00e3o de 54 novos bra\u00e7os de luz no Conjunto Linha Verde"},"content":{"rendered":"<p style=\"text-align: justify;\"><span style=\"color: #000000;\">A Prefeitura de Alagoinhas, atrav\u00e9s da Secretaria de Servi\u00e7os P\u00fablicos (SESEP), concluiu, na \u00faltima semana, a ilumina\u00e7\u00e3o total do Conjunto Linha Verde e do trecho que d\u00e1 acesso \u00e0 Faculdade Est\u00e1cio de Medicina.<\/span><\/p>\n<p style=\"text-align: justify;\"><span style=\"color: #000000;\">De acordo com o Secret\u00e1rio de Servi\u00e7os P\u00fablicos, Harnoldo Azi, foram instalados 54 novos bra\u00e7os de luz no Conjunto Linha Verde e foi implantada uma rede de energia na entrada da Faculdade, que n\u00e3o possu\u00eda nenhum tipo de ilumina\u00e7\u00e3o e agora conta com 4 bra\u00e7os de luz. \u201cA melhoria da ilumina\u00e7\u00e3o nos trechos \u00e9 positiva n\u00e3o apenas para o tr\u00e2nsito de ve\u00edculos, mas para o tr\u00e2nsito de pessoas. Fizemos a ilumina\u00e7\u00e3o desde a rotat\u00f3ria at\u00e9 a entrada do conjunto, com instala\u00e7\u00e3o de bra\u00e7os de luz dentro do conjunto e na avenida de acesso \u00e0 faculdade. Instalamos l\u00e2mpadas mais fortes e os benef\u00edcios para a popula\u00e7\u00e3o ser\u00e3o significativos. \u00c9 uma nova avenida\u201d, pontuou.<\/span><\/p><div class=\"newsi-conteudo_19\" id=\"newsi-3556717639\"><a href=\"https:\/\/www.instagram.com\/prefeituraalagoinhas?igsh=YzgzdDJ1bWR3aWI4\" aria-label=\"SAVE_20251006_221555\"><img loading=\"lazy\" decoding=\"async\" src=\"https:\/\/newsinfoco.com.br\/inicio\/wp-content\/uploads\/2025\/10\/SAVE_20251006_221555-rotated.jpg\" alt=\"\"  srcset=\"https:\/\/newsinfoco.com.br\/inicio\/wp-content\/uploads\/2025\/10\/SAVE_20251006_221555-rotated.jpg 1140w, https:\/\/newsinfoco.com.br\/inicio\/wp-content\/uploads\/2025\/10\/SAVE_20251006_221555-300x52.jpg 300w, https:\/\/newsinfoco.com.br\/inicio\/wp-content\/uploads\/2025\/10\/SAVE_20251006_221555-1024x177.jpg 1024w, https:\/\/newsinfoco.com.br\/inicio\/wp-content\/uploads\/2025\/10\/SAVE_20251006_221555-768x133.jpg 768w, https:\/\/newsinfoco.com.br\/inicio\/wp-content\/uploads\/2025\/10\/SAVE_20251006_221555-600x104.jpg 600w, https:\/\/newsinfoco.com.br\/inicio\/wp-content\/uploads\/2025\/10\/SAVE_20251006_221555-696x120.jpg 696w, https:\/\/newsinfoco.com.br\/inicio\/wp-content\/uploads\/2025\/10\/SAVE_20251006_221555-1068x185.jpg 1068w\" sizes=\"(max-width: 1140px) 100vw, 1140px\" width=\"1140\" height=\"197\"   \/><\/a><\/div>\n<p style=\"text-align: justify;\"><span style=\"color: #000000;\">A SESEP informou que, al\u00e9m do Conjunto Linha Verde, outras regi\u00f5es tamb\u00e9m contaram com a\u00e7\u00f5es da equipe t\u00e9cnica. Segundo o secret\u00e1rio respons\u00e1vel pela pasta, foram feitas extens\u00f5es de rede na localidade de Jacar\u00e9 de Dentro e em outros pontos, como na entrada de Boa Uni\u00e3o e na entrada do Estev\u00e3o. A Secretaria comunicou que as a\u00e7\u00f5es s\u00e3o cont\u00ednuas e que a inten\u00e7\u00e3o \u00e9 levar ilumina\u00e7\u00e3o de qualidade para diferentes \u00e1reas do munic\u00edpio.<\/span><\/p>\n<p style=\"text-align: justify;\"><span style=\"color: #000000;\"><a class=\"group1 cboxElement\" style=\"color: #000000;\" href=\"https:\/\/www.alagoinhas.ba.gov.br\/wp-content\/uploads\/2018\/04\/sesep1.jpeg\"><img loading=\"lazy\" decoding=\"async\" class=\"aligncenter size-large wp-image-18678\" src=\"https:\/\/www.alagoinhas.ba.gov.br\/wp-content\/uploads\/2018\/04\/sesep1-768x1024.jpeg\" sizes=\"auto, (max-width: 768px) 100vw, 768px\" srcset=\"https:\/\/www.alagoinhas.ba.gov.br\/wp-content\/uploads\/2018\/04\/sesep1-768x1024.jpeg 768w, https:\/\/www.alagoinhas.ba.gov.br\/wp-content\/uploads\/2018\/04\/sesep1-225x300.jpeg 225w, https:\/\/www.alagoinhas.ba.gov.br\/wp-content\/uploads\/2018\/04\/sesep1.jpeg 960w\" alt=\"\" width=\"768\" height=\"1024\" \/><\/a><\/span><\/p>\n<p style=\"text-align: justify;\"><span style=\"color: #000000;\"><a class=\"group1 cboxElement\" style=\"color: #000000;\" href=\"https:\/\/www.alagoinhas.ba.gov.br\/wp-content\/uploads\/2018\/04\/sesep6_.jpg\"><img loading=\"lazy\" decoding=\"async\" class=\"aligncenter size-full wp-image-18679\" src=\"https:\/\/www.alagoinhas.ba.gov.br\/wp-content\/uploads\/2018\/04\/sesep6_.jpg\" sizes=\"auto, (max-width: 960px) 100vw, 960px\" srcset=\"https:\/\/www.alagoinhas.ba.gov.br\/wp-content\/uploads\/2018\/04\/sesep6_.jpg 960w, https:\/\/www.alagoinhas.ba.gov.br\/wp-content\/uploads\/2018\/04\/sesep6_-300x229.jpg 300w, https:\/\/www.alagoinhas.ba.gov.br\/wp-content\/uploads\/2018\/04\/sesep6_-768x587.jpg 768w\" alt=\"\" width=\"960\" height=\"734\" \/><\/a><\/span><\/p>\n<h6 style=\"text-align: right;\"><span style=\"color: #999999;\">fonte:SECOM,Prefeitura,SESEP<\/span><\/h6>\n<div class='share-to-whatsapp-wrapper'><div class='share-on-whsp'>Share on: <\/div><a data-text='Prefeitura de Alagoinhas conclui a instala\u00e7\u00e3o de 54 novos bra\u00e7os de luz no Conjunto Linha Verde' data-link='https:\/\/newsinfoco.com.br\/inicio\/prefeitura-de-alagoinhas-conclui-a-instalacao-de-54-novos-bracos-de-luz-no-conjunto-linha-verde\/' class='whatsapp-button whatsapp-share'>WhatsApp<\/a><div class='clear '><\/div><\/div>","protected":false},"excerpt":{"rendered":"<p>A Prefeitura de Alagoinhas, atrav\u00e9s da Secretaria de Servi\u00e7os P\u00fablicos (SESEP), concluiu, na \u00faltima semana, a ilumina\u00e7\u00e3o total do Conjunto Linha Verde e do trecho que d\u00e1 acesso \u00e0 Faculdade Est\u00e1cio de Medicina. De acordo com o Secret\u00e1rio de Servi\u00e7os P\u00fablicos, Harnoldo Azi, foram instalados 54 novos bra\u00e7os de luz no Conjunto Linha Verde e [&hellip;]<\/p>\n","protected":false},"author":1,"featured_media":2906,"comment_status":"open","ping_status":"open","sticky":false,"template":"","format":"standard","meta":{"om_disable_all_campaigns":false,"_exactmetrics_skip_tracking":false,"_exactmetrics_sitenote_active":false,"_exactmetrics_sitenote_note":"","_exactmetrics_sitenote_category":0,"footnotes":""},"categories":[38,30],"tags":[53,54,62],"class_list":["post-2905","post","type-post","status-publish","format-standard","has-post-thumbnail","hentry","category-alagoinhas-e-regiao","category-destaque","tag-alagoinhas","tag-prefeitura","tag-sesep"],"aioseo_notices":[],"_links":{"self":[{"href":"https:\/\/newsinfoco.com.br\/inicio\/wp-json\/wp\/v2\/posts\/2905","targetHints":{"allow":["GET"]}}],"collection":[{"href":"https:\/\/newsinfoco.com.br\/inicio\/wp-json\/wp\/v2\/posts"}],"about":[{"href":"https:\/\/newsinfoco.com.br\/inicio\/wp-json\/wp\/v2\/types\/post"}],"author":[{"embeddable":true,"href":"https:\/\/newsinfoco.com.br\/inicio\/wp-json\/wp\/v2\/users\/1"}],"replies":[{"embeddable":true,"href":"https:\/\/newsinfoco.com.br\/inicio\/wp-json\/wp\/v2\/comments?post=2905"}],"version-history":[{"count":0,"href":"https:\/\/newsinfoco.com.br\/inicio\/wp-json\/wp\/v2\/posts\/2905\/revisions"}],"wp:featuredmedia":[{"embeddable":true,"href":"https:\/\/newsinfoco.com.br\/inicio\/wp-json\/wp\/v2\/media\/2906"}],"wp:attachment":[{"href":"https:\/\/newsinfoco.com.br\/inicio\/wp-json\/wp\/v2\/media?parent=2905"}],"wp:term":[{"taxonomy":"category","embeddable":true,"href":"https:\/\/newsinfoco.com.br\/inicio\/wp-json\/wp\/v2\/categories?post=2905"},{"taxonomy":"post_tag","embeddable":true,"href":"https:\/\/newsinfoco.com.br\/inicio\/wp-json\/wp\/v2\/tags?post=2905"}],"curies":[{"name":"wp","href":"https:\/\/api.w.org\/{rel}","templated":true}]}}