{"id":29194,"date":"2022-03-06T10:41:16","date_gmt":"2022-03-06T13:41:16","guid":{"rendered":"https:\/\/newsinfoco.com.br\/inicio\/?p=29194"},"modified":"2022-03-06T10:44:12","modified_gmt":"2022-03-06T13:44:12","slug":"coleta-de-exames-laboratoriais-itinerante-acontece-a-partir-da-proxima-segunda-07-em-alagoinhas","status":"publish","type":"post","link":"https:\/\/newsinfoco.com.br\/inicio\/coleta-de-exames-laboratoriais-itinerante-acontece-a-partir-da-proxima-segunda-07-em-alagoinhas\/","title":{"rendered":"Coleta de exames laboratoriais itinerante acontece a partir da pr\u00f3xima segunda (07) em Alagoinhas"},"content":{"rendered":"<p class=\"p1\"><span class=\"s1\">A partir de segunda-feira (07), o Laborat\u00f3rio Municipal iniciar\u00e1 a coleta itinerante de exames laboratoriais nas Unidades de Sa\u00fade da zona rural.<\/span><\/p>\n<p class=\"p1\"><span class=\"s1\">A a\u00e7\u00e3o tem objetivo de melhorar o acesso, ampliar a oferta e reduzir a demanda reprimida, principalmente daqueles que apresentam dificuldade de deslocamento. Ser\u00e3o atendidas 30 pessoas por dia em cada localidade.<\/span><\/p>\n<p class=\"p1\"><span class=\"s1\">Ser\u00e3o disponibilizados os exames como hemograma, velocidade de hemossedimenta\u00e7\u00e3o, desidrogenase l\u00e1tica, hemoglobina, glicemia, glicose p\u00f3s prandial, hemoglobina glicosilada, colesterol total e fra\u00e7\u00f5es, ur\u00e9ia, creatinina s\u00e9rica, pot\u00e1ssio (k+), s\u00f3dio, lipase, amilase, c\u00e1lcio, fator reumat\u00f3ide, ferro, f\u00f3sforo, magn\u00e9sio, grupo sangu\u00edneo, fator RH, Beta HCG (qualitativo), prote\u00ednas, sum\u00e1rio de urina, parasitol\u00f3gico de fezes, sorologias, entre outros.<\/span><\/p>\n<p class=\"p1\"><span class=\"s1\">Os atendimentos variar\u00e3o de acordo com a localidade. No Riacho da Guia e Boa Uni\u00e3o, as coletas acontecer\u00e3o uma vez por semana, no Estev\u00e3o, Sau\u00edpe e Miguel Velho ser\u00e3o a cada quinze dias, e no Pindobal e Narandiba, uma vez por m\u00eas.<\/span><\/p>\n<p class=\"p1\"><span class=\"s1\">Segue cronograma completo:<\/span><\/p>\n<p class=\"p1\"><span class=\"s1\">07\/03 \u2013 RIACHO DA GUIA<\/span><\/p>\n<p class=\"p1\"><span class=\"s1\">08\/03 \u2013 BOA UNI\u00c3O<\/span><\/p>\n<p class=\"p1\"><span class=\"s1\">10\/03 \u2013 MIGUEL VELHO<\/span><\/p>\n<p class=\"p1\"><span class=\"s1\">11\/03 \u2013 SAUIPE<\/span><\/p>\n<p class=\"p1\"><span class=\"s1\">14\/03 \u2013 RIACHO DA GUIA<\/span><\/p>\n<p class=\"p1\"><span class=\"s1\">15\/03 \u2013 BOA UNI\u00c3O<\/span><\/p>\n<p class=\"p1\"><span class=\"s1\">16\/03 \u2013 ESTEV\u00c3O<\/span><\/p>\n<p class=\"p1\"><span class=\"s1\">17\/03 \u2013 PORT\u00d5ES<\/span><\/p>\n<p class=\"p1\"><span class=\"s1\">18\/03 \u2013 NARANDIBA<\/span><\/p>\n<p class=\"p1\"><span class=\"s1\">21\/03 \u2013 RIACHO DA GUIA<\/span><\/p>\n<p class=\"p1\"><span class=\"s1\">22\/03 \u2013 BOA UNI\u00c3O \/ PINDOBAL<span class=\"Apple-converted-space\">\u00a0\u00a0<\/span>(SER\u00c3O DIRECIONADAS DUAS EQUIPES \u2013<span class=\"Apple-converted-space\">\u00a0\u00a0<\/span>UMA PARA BOA UNI\u00c3O E OUTRA PARA PINDOBAL)<\/span><\/p>\n<p class=\"p1\"><span class=\"s1\">24\/03 \u2013 MIGUEL VELHO<\/span><\/p>\n<p class=\"p1\"><span class=\"s1\">25\/03 \u2013 SAUIPE<\/span><\/p>\n<p class=\"p1\"><span class=\"s1\">28\/03 \u2013 RIACHO DA GUIA<\/span><\/p>\n<p class=\"p1\"><span class=\"s1\">29\/03 \u2013 BOA UNI\u00c3O<\/span><\/p>\n<p class=\"p1\"><span class=\"s1\">30\/03 \u2013 ESTEV\u00c3O<\/span><\/p>\n<p class=\"p1\"><span class=\"s1\">31\/03 \u2013 PORT\u00d5ES<\/span><\/p>\n<h3><a href=\"https:\/\/www.alagoinhas.ba.gov.br\/wp-content\/uploads\/2022\/03\/EXAMES-REALIZADOS-NO-LABORATORIO.pdf\" target=\"_blank\" rel=\"noopener noreferrer\"><strong>Click AQUI<\/strong>\u00a0para acessar a lista de todos os exames dispon\u00edveis.<\/a><\/h3>\n<div class='share-to-whatsapp-wrapper'><div class='share-on-whsp'>Share on: <\/div><a data-text='Coleta de exames laboratoriais itinerante acontece a partir da pr\u00f3xima segunda (07) em Alagoinhas' data-link='https:\/\/newsinfoco.com.br\/inicio\/coleta-de-exames-laboratoriais-itinerante-acontece-a-partir-da-proxima-segunda-07-em-alagoinhas\/' class='whatsapp-button whatsapp-share'>WhatsApp<\/a><div class='clear '><\/div><\/div>","protected":false},"excerpt":{"rendered":"<p>A partir de segunda-feira (07), o Laborat\u00f3rio Municipal iniciar\u00e1 a coleta itinerante de exames laboratoriais nas Unidades de Sa\u00fade da zona rural. A a\u00e7\u00e3o tem objetivo de melhorar o acesso, ampliar a oferta e reduzir a demanda reprimida, principalmente daqueles que apresentam dificuldade de deslocamento. Ser\u00e3o atendidas 30 pessoas por dia em cada localidade. Ser\u00e3o [&hellip;]<\/p>\n","protected":false},"author":1,"featured_media":29195,"comment_status":"closed","ping_status":"closed","sticky":false,"template":"","format":"standard","meta":{"om_disable_all_campaigns":false,"rop_custom_images_group":[],"rop_custom_messages_group":[],"rop_publish_now":"initial","rop_publish_now_accounts":[],"rop_publish_now_history":[],"rop_publish_now_status":"pending","_exactmetrics_skip_tracking":false,"footnotes":""},"categories":[38,167],"tags":[],"class_list":["post-29194","post","type-post","status-publish","format-standard","has-post-thumbnail","hentry","category-alagoinhas-e-regiao","category-exclusivas"],"aioseo_notices":[],"aioseo_head":"\n\t\t<!-- All in One SEO 4.9.10 - aioseo.com -->\n\t<meta name=\"description\" content=\"A partir de segunda-feira (07), o Laborat\u00f3rio Municipal iniciar\u00e1 a coleta itinerante de exames laboratoriais nas Unidades de Sa\u00fade da zona rural. A a\u00e7\u00e3o tem objetivo de melhorar o acesso, ampliar a oferta e reduzir a demanda reprimida, principalmente daqueles que apresentam dificuldade de deslocamento. Ser\u00e3o atendidas 30 pessoas por dia em cada localidade. Ser\u00e3o\" \/>\n\t<meta name=\"robots\" content=\"max-image-preview:large\" \/>\n\t<meta name=\"author\" content=\"administrador\"\/>\n\t<link rel=\"canonical\" href=\"https:\/\/newsinfoco.com.br\/inicio\/coleta-de-exames-laboratoriais-itinerante-acontece-a-partir-da-proxima-segunda-07-em-alagoinhas\/\" \/>\n\t<meta name=\"generator\" content=\"All in One SEO (AIOSEO) 4.9.10\" \/>\n\t\t<meta property=\"og:locale\" content=\"pt_BR\" \/>\n\t\t<meta property=\"og:site_name\" content=\"News In Foco - Editado por Caio Pimenta - O principal site de noticias de Alagoinhas e regi\u00e3o\" \/>\n\t\t<meta property=\"og:type\" content=\"article\" \/>\n\t\t<meta property=\"og:title\" content=\"Coleta de exames laboratoriais itinerante acontece a partir da pr\u00f3xima segunda (07) em Alagoinhas - News In Foco - Editado por Caio Pimenta\" \/>\n\t\t<meta property=\"og:description\" content=\"A partir de segunda-feira (07), o Laborat\u00f3rio Municipal iniciar\u00e1 a coleta itinerante de exames laboratoriais nas Unidades de Sa\u00fade da zona rural. A a\u00e7\u00e3o tem objetivo de melhorar o acesso, ampliar a oferta e reduzir a demanda reprimida, principalmente daqueles que apresentam dificuldade de deslocamento. Ser\u00e3o atendidas 30 pessoas por dia em cada localidade. Ser\u00e3o\" \/>\n\t\t<meta property=\"og:url\" content=\"https:\/\/newsinfoco.com.br\/inicio\/coleta-de-exames-laboratoriais-itinerante-acontece-a-partir-da-proxima-segunda-07-em-alagoinhas\/\" \/>\n\t\t<meta property=\"article:published_time\" content=\"2022-03-06T13:41:16+00:00\" \/>\n\t\t<meta property=\"article:modified_time\" content=\"2022-03-06T13:44:12+00:00\" \/>\n\t\t<meta name=\"twitter:card\" content=\"summary_large_image\" \/>\n\t\t<meta name=\"twitter:title\" content=\"Coleta de exames laboratoriais itinerante acontece a partir da pr\u00f3xima segunda (07) em Alagoinhas - News In Foco - Editado por Caio Pimenta\" \/>\n\t\t<meta name=\"twitter:description\" content=\"A partir de segunda-feira (07), o Laborat\u00f3rio Municipal iniciar\u00e1 a coleta itinerante de exames laboratoriais nas Unidades de Sa\u00fade da zona rural. A a\u00e7\u00e3o tem objetivo de melhorar o acesso, ampliar a oferta e reduzir a demanda reprimida, principalmente daqueles que apresentam dificuldade de deslocamento. Ser\u00e3o atendidas 30 pessoas por dia em cada localidade. Ser\u00e3o\" \/>\n\t\t<script type=\"application\/ld+json\" class=\"aioseo-schema\">\n\t\t\t{\"@context\":\"https:\\\/\\\/schema.org\",\"@graph\":[{\"@type\":\"BlogPosting\",\"@id\":\"https:\\\/\\\/newsinfoco.com.br\\\/inicio\\\/coleta-de-exames-laboratoriais-itinerante-acontece-a-partir-da-proxima-segunda-07-em-alagoinhas\\\/#blogposting\",\"name\":\"Coleta de exames laboratoriais itinerante acontece a partir da pr\\u00f3xima segunda (07) em Alagoinhas - News In Foco - Editado por Caio Pimenta\",\"headline\":\"Coleta de exames laboratoriais itinerante acontece a partir da pr\\u00f3xima segunda (07) em Alagoinhas\",\"author\":{\"@id\":\"https:\\\/\\\/newsinfoco.com.br\\\/inicio\\\/author\\\/administrador\\\/#author\"},\"publisher\":{\"@id\":\"https:\\\/\\\/newsinfoco.com.br\\\/inicio\\\/#organization\"},\"image\":{\"@type\":\"ImageObject\",\"url\":\"https:\\\/\\\/newsinfoco.com.br\\\/inicio\\\/wp-content\\\/uploads\\\/2022\\\/03\\\/7591E31A-FD58-4069-A97A-DFE661B063A7-550x368-1.jpeg\",\"width\":550,\"height\":368},\"datePublished\":\"2022-03-06T10:41:16-03:00\",\"dateModified\":\"2022-03-06T10:44:12-03:00\",\"inLanguage\":\"pt-BR\",\"mainEntityOfPage\":{\"@id\":\"https:\\\/\\\/newsinfoco.com.br\\\/inicio\\\/coleta-de-exames-laboratoriais-itinerante-acontece-a-partir-da-proxima-segunda-07-em-alagoinhas\\\/#webpage\"},\"isPartOf\":{\"@id\":\"https:\\\/\\\/newsinfoco.com.br\\\/inicio\\\/coleta-de-exames-laboratoriais-itinerante-acontece-a-partir-da-proxima-segunda-07-em-alagoinhas\\\/#webpage\"},\"articleSection\":\"Alagoinhas e Regi\\u00e3o, Manchete\"},{\"@type\":\"BreadcrumbList\",\"@id\":\"https:\\\/\\\/newsinfoco.com.br\\\/inicio\\\/coleta-de-exames-laboratoriais-itinerante-acontece-a-partir-da-proxima-segunda-07-em-alagoinhas\\\/#breadcrumblist\",\"itemListElement\":[{\"@type\":\"ListItem\",\"@id\":\"https:\\\/\\\/newsinfoco.com.br\\\/inicio#listItem\",\"position\":1,\"name\":\"In\\u00edcio\",\"item\":\"https:\\\/\\\/newsinfoco.com.br\\\/inicio\",\"nextItem\":{\"@type\":\"ListItem\",\"@id\":\"https:\\\/\\\/newsinfoco.com.br\\\/inicio\\\/category\\\/alagoinhas-e-regiao\\\/#listItem\",\"name\":\"Alagoinhas e Regi\\u00e3o\"}},{\"@type\":\"ListItem\",\"@id\":\"https:\\\/\\\/newsinfoco.com.br\\\/inicio\\\/category\\\/alagoinhas-e-regiao\\\/#listItem\",\"position\":2,\"name\":\"Alagoinhas e Regi\\u00e3o\",\"item\":\"https:\\\/\\\/newsinfoco.com.br\\\/inicio\\\/category\\\/alagoinhas-e-regiao\\\/\",\"nextItem\":{\"@type\":\"ListItem\",\"@id\":\"https:\\\/\\\/newsinfoco.com.br\\\/inicio\\\/coleta-de-exames-laboratoriais-itinerante-acontece-a-partir-da-proxima-segunda-07-em-alagoinhas\\\/#listItem\",\"name\":\"Coleta de exames laboratoriais itinerante acontece a partir da pr\\u00f3xima segunda (07) em Alagoinhas\"},\"previousItem\":{\"@type\":\"ListItem\",\"@id\":\"https:\\\/\\\/newsinfoco.com.br\\\/inicio#listItem\",\"name\":\"In\\u00edcio\"}},{\"@type\":\"ListItem\",\"@id\":\"https:\\\/\\\/newsinfoco.com.br\\\/inicio\\\/coleta-de-exames-laboratoriais-itinerante-acontece-a-partir-da-proxima-segunda-07-em-alagoinhas\\\/#listItem\",\"position\":3,\"name\":\"Coleta de exames laboratoriais itinerante acontece a partir da pr\\u00f3xima segunda (07) em Alagoinhas\",\"previousItem\":{\"@type\":\"ListItem\",\"@id\":\"https:\\\/\\\/newsinfoco.com.br\\\/inicio\\\/category\\\/alagoinhas-e-regiao\\\/#listItem\",\"name\":\"Alagoinhas e Regi\\u00e3o\"}}]},{\"@type\":\"Organization\",\"@id\":\"https:\\\/\\\/newsinfoco.com.br\\\/inicio\\\/#organization\",\"name\":\"News In Foco - Editado por Caio Pimenta\",\"description\":\"O principal site de noticias de Alagoinhas e regi\\u00e3o\",\"url\":\"https:\\\/\\\/newsinfoco.com.br\\\/inicio\\\/\"},{\"@type\":\"Person\",\"@id\":\"https:\\\/\\\/newsinfoco.com.br\\\/inicio\\\/author\\\/administrador\\\/#author\",\"url\":\"https:\\\/\\\/newsinfoco.com.br\\\/inicio\\\/author\\\/administrador\\\/\",\"name\":\"administrador\",\"image\":{\"@type\":\"ImageObject\",\"@id\":\"https:\\\/\\\/newsinfoco.com.br\\\/inicio\\\/coleta-de-exames-laboratoriais-itinerante-acontece-a-partir-da-proxima-segunda-07-em-alagoinhas\\\/#authorImage\",\"url\":\"https:\\\/\\\/secure.gravatar.com\\\/avatar\\\/c17a617433de8c1dc9584bb79aab7563b46f5bb7e1728c9b17d9cc3ce6a08e49?s=96&d=mm&r=g\",\"width\":96,\"height\":96,\"caption\":\"administrador\"}},{\"@type\":\"WebPage\",\"@id\":\"https:\\\/\\\/newsinfoco.com.br\\\/inicio\\\/coleta-de-exames-laboratoriais-itinerante-acontece-a-partir-da-proxima-segunda-07-em-alagoinhas\\\/#webpage\",\"url\":\"https:\\\/\\\/newsinfoco.com.br\\\/inicio\\\/coleta-de-exames-laboratoriais-itinerante-acontece-a-partir-da-proxima-segunda-07-em-alagoinhas\\\/\",\"name\":\"Coleta de exames laboratoriais itinerante acontece a partir da pr\\u00f3xima segunda (07) em Alagoinhas - News In Foco - Editado por Caio Pimenta\",\"description\":\"A partir de segunda-feira (07), o Laborat\\u00f3rio Municipal iniciar\\u00e1 a coleta itinerante de exames laboratoriais nas Unidades de Sa\\u00fade da zona rural. A a\\u00e7\\u00e3o tem objetivo de melhorar o acesso, ampliar a oferta e reduzir a demanda reprimida, principalmente daqueles que apresentam dificuldade de deslocamento. Ser\\u00e3o atendidas 30 pessoas por dia em cada localidade. Ser\\u00e3o\",\"inLanguage\":\"pt-BR\",\"isPartOf\":{\"@id\":\"https:\\\/\\\/newsinfoco.com.br\\\/inicio\\\/#website\"},\"breadcrumb\":{\"@id\":\"https:\\\/\\\/newsinfoco.com.br\\\/inicio\\\/coleta-de-exames-laboratoriais-itinerante-acontece-a-partir-da-proxima-segunda-07-em-alagoinhas\\\/#breadcrumblist\"},\"author\":{\"@id\":\"https:\\\/\\\/newsinfoco.com.br\\\/inicio\\\/author\\\/administrador\\\/#author\"},\"creator\":{\"@id\":\"https:\\\/\\\/newsinfoco.com.br\\\/inicio\\\/author\\\/administrador\\\/#author\"},\"image\":{\"@type\":\"ImageObject\",\"url\":\"https:\\\/\\\/newsinfoco.com.br\\\/inicio\\\/wp-content\\\/uploads\\\/2022\\\/03\\\/7591E31A-FD58-4069-A97A-DFE661B063A7-550x368-1.jpeg\",\"@id\":\"https:\\\/\\\/newsinfoco.com.br\\\/inicio\\\/coleta-de-exames-laboratoriais-itinerante-acontece-a-partir-da-proxima-segunda-07-em-alagoinhas\\\/#mainImage\",\"width\":550,\"height\":368},\"primaryImageOfPage\":{\"@id\":\"https:\\\/\\\/newsinfoco.com.br\\\/inicio\\\/coleta-de-exames-laboratoriais-itinerante-acontece-a-partir-da-proxima-segunda-07-em-alagoinhas\\\/#mainImage\"},\"datePublished\":\"2022-03-06T10:41:16-03:00\",\"dateModified\":\"2022-03-06T10:44:12-03:00\"},{\"@type\":\"WebSite\",\"@id\":\"https:\\\/\\\/newsinfoco.com.br\\\/inicio\\\/#website\",\"url\":\"https:\\\/\\\/newsinfoco.com.br\\\/inicio\\\/\",\"name\":\"News In Foco - Editado por Caio Pimenta\",\"description\":\"O principal site de noticias de Alagoinhas e regi\\u00e3o\",\"inLanguage\":\"pt-BR\",\"publisher\":{\"@id\":\"https:\\\/\\\/newsinfoco.com.br\\\/inicio\\\/#organization\"}}]}\n\t\t<\/script>\n\t\t<!-- All in One SEO -->\n\n","aioseo_head_json":{"title":"Coleta de exames laboratoriais itinerante acontece a partir da pr\u00f3xima segunda (07) em Alagoinhas - News In Foco - Editado por Caio Pimenta","description":"A partir de segunda-feira (07), o Laborat\u00f3rio Municipal iniciar\u00e1 a coleta itinerante de exames laboratoriais nas Unidades de Sa\u00fade da zona rural. A a\u00e7\u00e3o tem objetivo de melhorar o acesso, ampliar a oferta e reduzir a demanda reprimida, principalmente daqueles que apresentam dificuldade de deslocamento. Ser\u00e3o atendidas 30 pessoas por dia em cada localidade. Ser\u00e3o","canonical_url":"https:\/\/newsinfoco.com.br\/inicio\/coleta-de-exames-laboratoriais-itinerante-acontece-a-partir-da-proxima-segunda-07-em-alagoinhas\/","robots":"max-image-preview:large","keywords":"","webmasterTools":{"miscellaneous":""},"schema":{"@context":"https:\/\/schema.org","@graph":[{"@type":"BlogPosting","@id":"https:\/\/newsinfoco.com.br\/inicio\/coleta-de-exames-laboratoriais-itinerante-acontece-a-partir-da-proxima-segunda-07-em-alagoinhas\/#blogposting","name":"Coleta de exames laboratoriais itinerante acontece a partir da pr\u00f3xima segunda (07) em Alagoinhas - News In Foco - Editado por Caio Pimenta","headline":"Coleta de exames laboratoriais itinerante acontece a partir da pr\u00f3xima segunda (07) em Alagoinhas","author":{"@id":"https:\/\/newsinfoco.com.br\/inicio\/author\/administrador\/#author"},"publisher":{"@id":"https:\/\/newsinfoco.com.br\/inicio\/#organization"},"image":{"@type":"ImageObject","url":"https:\/\/newsinfoco.com.br\/inicio\/wp-content\/uploads\/2022\/03\/7591E31A-FD58-4069-A97A-DFE661B063A7-550x368-1.jpeg","width":550,"height":368},"datePublished":"2022-03-06T10:41:16-03:00","dateModified":"2022-03-06T10:44:12-03:00","inLanguage":"pt-BR","mainEntityOfPage":{"@id":"https:\/\/newsinfoco.com.br\/inicio\/coleta-de-exames-laboratoriais-itinerante-acontece-a-partir-da-proxima-segunda-07-em-alagoinhas\/#webpage"},"isPartOf":{"@id":"https:\/\/newsinfoco.com.br\/inicio\/coleta-de-exames-laboratoriais-itinerante-acontece-a-partir-da-proxima-segunda-07-em-alagoinhas\/#webpage"},"articleSection":"Alagoinhas e Regi\u00e3o, Manchete"},{"@type":"BreadcrumbList","@id":"https:\/\/newsinfoco.com.br\/inicio\/coleta-de-exames-laboratoriais-itinerante-acontece-a-partir-da-proxima-segunda-07-em-alagoinhas\/#breadcrumblist","itemListElement":[{"@type":"ListItem","@id":"https:\/\/newsinfoco.com.br\/inicio#listItem","position":1,"name":"In\u00edcio","item":"https:\/\/newsinfoco.com.br\/inicio","nextItem":{"@type":"ListItem","@id":"https:\/\/newsinfoco.com.br\/inicio\/category\/alagoinhas-e-regiao\/#listItem","name":"Alagoinhas e Regi\u00e3o"}},{"@type":"ListItem","@id":"https:\/\/newsinfoco.com.br\/inicio\/category\/alagoinhas-e-regiao\/#listItem","position":2,"name":"Alagoinhas e Regi\u00e3o","item":"https:\/\/newsinfoco.com.br\/inicio\/category\/alagoinhas-e-regiao\/","nextItem":{"@type":"ListItem","@id":"https:\/\/newsinfoco.com.br\/inicio\/coleta-de-exames-laboratoriais-itinerante-acontece-a-partir-da-proxima-segunda-07-em-alagoinhas\/#listItem","name":"Coleta de exames laboratoriais itinerante acontece a partir da pr\u00f3xima segunda (07) em Alagoinhas"},"previousItem":{"@type":"ListItem","@id":"https:\/\/newsinfoco.com.br\/inicio#listItem","name":"In\u00edcio"}},{"@type":"ListItem","@id":"https:\/\/newsinfoco.com.br\/inicio\/coleta-de-exames-laboratoriais-itinerante-acontece-a-partir-da-proxima-segunda-07-em-alagoinhas\/#listItem","position":3,"name":"Coleta de exames laboratoriais itinerante acontece a partir da pr\u00f3xima segunda (07) em Alagoinhas","previousItem":{"@type":"ListItem","@id":"https:\/\/newsinfoco.com.br\/inicio\/category\/alagoinhas-e-regiao\/#listItem","name":"Alagoinhas e Regi\u00e3o"}}]},{"@type":"Organization","@id":"https:\/\/newsinfoco.com.br\/inicio\/#organization","name":"News In Foco - Editado por Caio Pimenta","description":"O principal site de noticias de Alagoinhas e regi\u00e3o","url":"https:\/\/newsinfoco.com.br\/inicio\/"},{"@type":"Person","@id":"https:\/\/newsinfoco.com.br\/inicio\/author\/administrador\/#author","url":"https:\/\/newsinfoco.com.br\/inicio\/author\/administrador\/","name":"administrador","image":{"@type":"ImageObject","@id":"https:\/\/newsinfoco.com.br\/inicio\/coleta-de-exames-laboratoriais-itinerante-acontece-a-partir-da-proxima-segunda-07-em-alagoinhas\/#authorImage","url":"https:\/\/secure.gravatar.com\/avatar\/c17a617433de8c1dc9584bb79aab7563b46f5bb7e1728c9b17d9cc3ce6a08e49?s=96&d=mm&r=g","width":96,"height":96,"caption":"administrador"}},{"@type":"WebPage","@id":"https:\/\/newsinfoco.com.br\/inicio\/coleta-de-exames-laboratoriais-itinerante-acontece-a-partir-da-proxima-segunda-07-em-alagoinhas\/#webpage","url":"https:\/\/newsinfoco.com.br\/inicio\/coleta-de-exames-laboratoriais-itinerante-acontece-a-partir-da-proxima-segunda-07-em-alagoinhas\/","name":"Coleta de exames laboratoriais itinerante acontece a partir da pr\u00f3xima segunda (07) em Alagoinhas - News In Foco - Editado por Caio Pimenta","description":"A partir de segunda-feira (07), o Laborat\u00f3rio Municipal iniciar\u00e1 a coleta itinerante de exames laboratoriais nas Unidades de Sa\u00fade da zona rural. A a\u00e7\u00e3o tem objetivo de melhorar o acesso, ampliar a oferta e reduzir a demanda reprimida, principalmente daqueles que apresentam dificuldade de deslocamento. Ser\u00e3o atendidas 30 pessoas por dia em cada localidade. Ser\u00e3o","inLanguage":"pt-BR","isPartOf":{"@id":"https:\/\/newsinfoco.com.br\/inicio\/#website"},"breadcrumb":{"@id":"https:\/\/newsinfoco.com.br\/inicio\/coleta-de-exames-laboratoriais-itinerante-acontece-a-partir-da-proxima-segunda-07-em-alagoinhas\/#breadcrumblist"},"author":{"@id":"https:\/\/newsinfoco.com.br\/inicio\/author\/administrador\/#author"},"creator":{"@id":"https:\/\/newsinfoco.com.br\/inicio\/author\/administrador\/#author"},"image":{"@type":"ImageObject","url":"https:\/\/newsinfoco.com.br\/inicio\/wp-content\/uploads\/2022\/03\/7591E31A-FD58-4069-A97A-DFE661B063A7-550x368-1.jpeg","@id":"https:\/\/newsinfoco.com.br\/inicio\/coleta-de-exames-laboratoriais-itinerante-acontece-a-partir-da-proxima-segunda-07-em-alagoinhas\/#mainImage","width":550,"height":368},"primaryImageOfPage":{"@id":"https:\/\/newsinfoco.com.br\/inicio\/coleta-de-exames-laboratoriais-itinerante-acontece-a-partir-da-proxima-segunda-07-em-alagoinhas\/#mainImage"},"datePublished":"2022-03-06T10:41:16-03:00","dateModified":"2022-03-06T10:44:12-03:00"},{"@type":"WebSite","@id":"https:\/\/newsinfoco.com.br\/inicio\/#website","url":"https:\/\/newsinfoco.com.br\/inicio\/","name":"News In Foco - Editado por Caio Pimenta","description":"O principal site de noticias de Alagoinhas e regi\u00e3o","inLanguage":"pt-BR","publisher":{"@id":"https:\/\/newsinfoco.com.br\/inicio\/#organization"}}]},"og:locale":"pt_BR","og:site_name":"News In Foco - Editado por Caio Pimenta - O principal site de noticias de Alagoinhas e regi\u00e3o","og:type":"article","og:title":"Coleta de exames laboratoriais itinerante acontece a partir da pr\u00f3xima segunda (07) em Alagoinhas - News In Foco - Editado por Caio Pimenta","og:description":"A partir de segunda-feira (07), o Laborat\u00f3rio Municipal iniciar\u00e1 a coleta itinerante de exames laboratoriais nas Unidades de Sa\u00fade da zona rural. A a\u00e7\u00e3o tem objetivo de melhorar o acesso, ampliar a oferta e reduzir a demanda reprimida, principalmente daqueles que apresentam dificuldade de deslocamento. Ser\u00e3o atendidas 30 pessoas por dia em cada localidade. Ser\u00e3o","og:url":"https:\/\/newsinfoco.com.br\/inicio\/coleta-de-exames-laboratoriais-itinerante-acontece-a-partir-da-proxima-segunda-07-em-alagoinhas\/","article:published_time":"2022-03-06T13:41:16+00:00","article:modified_time":"2022-03-06T13:44:12+00:00","twitter:card":"summary_large_image","twitter:title":"Coleta de exames laboratoriais itinerante acontece a partir da pr\u00f3xima segunda (07) em Alagoinhas - News In Foco - Editado por Caio Pimenta","twitter:description":"A partir de segunda-feira (07), o Laborat\u00f3rio Municipal iniciar\u00e1 a coleta itinerante de exames laboratoriais nas Unidades de Sa\u00fade da zona rural. A a\u00e7\u00e3o tem objetivo de melhorar o acesso, ampliar a oferta e reduzir a demanda reprimida, principalmente daqueles que apresentam dificuldade de deslocamento. Ser\u00e3o atendidas 30 pessoas por dia em cada localidade. Ser\u00e3o"},"aioseo_meta_data":{"post_id":"29194","title":null,"description":null,"keywords":null,"keyphrases":null,"primary_term":null,"canonical_url":null,"og_title":null,"og_description":null,"og_object_type":"default","og_image_type":"default","og_image_url":null,"og_image_width":null,"og_image_height":null,"og_image_custom_url":null,"og_image_custom_fields":null,"og_video":null,"og_custom_url":null,"og_article_section":null,"og_article_tags":null,"twitter_use_og":false,"twitter_card":"default","twitter_image_type":"default","twitter_image_url":null,"twitter_image_custom_url":null,"twitter_image_custom_fields":null,"twitter_title":null,"twitter_description":null,"schema":{"blockGraphs":[],"customGraphs":[],"default":{"data":{"Article":[],"Course":[],"Dataset":[],"FAQPage":[],"Movie":[],"Person":[],"Product":[],"ProductReview":[],"Car":[],"Recipe":[],"Service":[],"SoftwareApplication":[],"WebPage":[]},"graphName":"","isEnabled":true},"graphs":[]},"schema_type":"default","schema_type_options":null,"pillar_content":false,"robots_default":true,"robots_noindex":false,"robots_noarchive":false,"robots_nosnippet":false,"robots_nofollow":false,"robots_noimageindex":false,"robots_noodp":false,"robots_notranslate":false,"robots_max_snippet":null,"robots_max_videopreview":null,"robots_max_imagepreview":"large","priority":null,"frequency":null,"local_seo":null,"breadcrumb_settings":null,"limit_modified_date":false,"ai":null,"created":"2023-06-12 20:54:49","updated":"2025-07-11 07:07:37","seo_analyzer_scan_date":null},"aioseo_breadcrumb":"<div class=\"aioseo-breadcrumbs\"><span class=\"aioseo-breadcrumb\">\n\t\t\t<a href=\"https:\/\/newsinfoco.com.br\/inicio\" title=\"In\u00edcio\">In\u00edcio<\/a>\n\t\t<\/span><span class=\"aioseo-breadcrumb-separator\">&raquo;<\/span><span class=\"aioseo-breadcrumb\">\n\t\t\t<a href=\"https:\/\/newsinfoco.com.br\/inicio\/category\/alagoinhas-e-regiao\/\" title=\"Alagoinhas e Regi\u00e3o\">Alagoinhas e Regi\u00e3o<\/a>\n\t\t<\/span><span class=\"aioseo-breadcrumb-separator\">&raquo;<\/span><span class=\"aioseo-breadcrumb\">\n\t\t\tColeta de exames laboratoriais itinerante acontece a partir da pr\u00f3xima segunda (07) em Alagoinhas\n\t\t<\/span><\/div>","aioseo_breadcrumb_json":[{"label":"In\u00edcio","link":"https:\/\/newsinfoco.com.br\/inicio"},{"label":"Alagoinhas e Regi\u00e3o","link":"https:\/\/newsinfoco.com.br\/inicio\/category\/alagoinhas-e-regiao\/"},{"label":"Coleta de exames laboratoriais itinerante acontece a partir da pr\u00f3xima segunda (07) em Alagoinhas","link":"https:\/\/newsinfoco.com.br\/inicio\/coleta-de-exames-laboratoriais-itinerante-acontece-a-partir-da-proxima-segunda-07-em-alagoinhas\/"}],"_links":{"self":[{"href":"https:\/\/newsinfoco.com.br\/inicio\/wp-json\/wp\/v2\/posts\/29194","targetHints":{"allow":["GET"]}}],"collection":[{"href":"https:\/\/newsinfoco.com.br\/inicio\/wp-json\/wp\/v2\/posts"}],"about":[{"href":"https:\/\/newsinfoco.com.br\/inicio\/wp-json\/wp\/v2\/types\/post"}],"author":[{"embeddable":true,"href":"https:\/\/newsinfoco.com.br\/inicio\/wp-json\/wp\/v2\/users\/1"}],"replies":[{"embeddable":true,"href":"https:\/\/newsinfoco.com.br\/inicio\/wp-json\/wp\/v2\/comments?post=29194"}],"version-history":[{"count":2,"href":"https:\/\/newsinfoco.com.br\/inicio\/wp-json\/wp\/v2\/posts\/29194\/revisions"}],"predecessor-version":[{"id":29197,"href":"https:\/\/newsinfoco.com.br\/inicio\/wp-json\/wp\/v2\/posts\/29194\/revisions\/29197"}],"wp:featuredmedia":[{"embeddable":true,"href":"https:\/\/newsinfoco.com.br\/inicio\/wp-json\/wp\/v2\/media\/29195"}],"wp:attachment":[{"href":"https:\/\/newsinfoco.com.br\/inicio\/wp-json\/wp\/v2\/media?parent=29194"}],"wp:term":[{"taxonomy":"category","embeddable":true,"href":"https:\/\/newsinfoco.com.br\/inicio\/wp-json\/wp\/v2\/categories?post=29194"},{"taxonomy":"post_tag","embeddable":true,"href":"https:\/\/newsinfoco.com.br\/inicio\/wp-json\/wp\/v2\/tags?post=29194"}],"curies":[{"name":"wp","href":"https:\/\/api.w.org\/{rel}","templated":true}]}}