{"id":29201,"date":"2022-03-06T10:48:54","date_gmt":"2022-03-06T13:48:54","guid":{"rendered":"https:\/\/newsinfoco.com.br\/inicio\/?p=29201"},"modified":"2022-03-06T10:48:54","modified_gmt":"2022-03-06T13:48:54","slug":"turista-de-sp-e-preso-em-flagrante-por-racismo-em-porto-seguro","status":"publish","type":"post","link":"https:\/\/newsinfoco.com.br\/inicio\/turista-de-sp-e-preso-em-flagrante-por-racismo-em-porto-seguro\/","title":{"rendered":"Turista de SP \u00e9 preso em flagrante por racismo em Porto Seguro"},"content":{"rendered":"<p>Um turista de S\u00e3o Paulo foi preso em flagrante na noite de quinta-feira (3) por inj\u00faria racial e desacato em Porto Seguro (BA), a 710 quil\u00f4metros de Salvador. Segundo a Pol\u00edcia Civil da Bahia, ele chamou de macaco um homem negro e depois resistiu \u00e0 abordagem policial.<\/p>\n<p>A identidade do homem, que tem 50 anos, n\u00e3o foi revelada pela pol\u00edcia. V\u00eddeo publicado em redes sociais mostra que ele estava sentado em um restaurante com amigos quando foi abordado pelos policiais. \u00c9 poss\u00edvel ainda ouvir pessoas que estavam no local chamando o homem de racista.<\/p>\n<p>Ele se recusou a acompanhar os policiais, alegando que n\u00e3o havia flagrante e acabou sendo imobilizado por um dos agentes. A Pol\u00edcia Civil diz que ele \u201cresistiu \u00e0 abordagem policial, dirigindo improp\u00e9rios tamb\u00e9m \u00e0 guarni\u00e7\u00e3o da Pol\u00edcia Militar que o conduziu \u00e0 Delegacia Territorial de Porto Seguro\u201d.<\/p>\n<p>O turista foi autuado e liberado ap\u00f3s pagar fian\u00e7a de R$ 5.000. A Folha ainda n\u00e3o conseguiu contato com ele ou seus advogados. N\u00e3o h\u00e1 informa\u00e7\u00f5es sobre a v\u00edtima das inj\u00farias raciais.<\/p>\n<p><span class=\"assinatura_exclusiva\">Nicola Pamplona \/ Folha de S\u00e3o Paulo<\/span><\/p>\n<div class='share-to-whatsapp-wrapper'><div class='share-on-whsp'>Share on: <\/div><a data-text='Turista de SP \u00e9 preso em flagrante por racismo em Porto Seguro' data-link='https:\/\/newsinfoco.com.br\/inicio\/turista-de-sp-e-preso-em-flagrante-por-racismo-em-porto-seguro\/' class='whatsapp-button whatsapp-share'>WhatsApp<\/a><div class='clear '><\/div><\/div>","protected":false},"excerpt":{"rendered":"<p>Um turista de S\u00e3o Paulo foi preso em flagrante na noite de quinta-feira (3) por inj\u00faria racial e desacato em Porto Seguro (BA), a 710 quil\u00f4metros de Salvador. Segundo a Pol\u00edcia Civil da Bahia, ele chamou de macaco um homem negro e depois resistiu \u00e0 abordagem policial. A identidade do homem, que tem 50 anos, [&hellip;]<\/p>\n","protected":false},"author":1,"featured_media":29202,"comment_status":"closed","ping_status":"closed","sticky":false,"template":"","format":"standard","meta":{"om_disable_all_campaigns":false,"rop_custom_images_group":[],"rop_custom_messages_group":[],"rop_publish_now":"initial","rop_publish_now_accounts":[],"rop_publish_now_history":[],"rop_publish_now_status":"pending","_exactmetrics_skip_tracking":false,"footnotes":""},"categories":[19],"tags":[],"class_list":["post-29201","post","type-post","status-publish","format-standard","has-post-thumbnail","hentry","category-bahia"],"aioseo_notices":[],"aioseo_head":"\n\t\t<!-- All in One SEO 4.9.10 - aioseo.com -->\n\t<meta name=\"description\" content=\"Um turista de S\u00e3o Paulo foi preso em flagrante na noite de quinta-feira (3) por inj\u00faria racial e desacato em Porto Seguro (BA), a 710 quil\u00f4metros de Salvador. Segundo a Pol\u00edcia Civil da Bahia, ele chamou de macaco um homem negro e depois resistiu \u00e0 abordagem policial. A identidade do homem, que tem 50 anos,\" \/>\n\t<meta name=\"robots\" content=\"max-image-preview:large\" \/>\n\t<meta name=\"author\" content=\"administrador\"\/>\n\t<link rel=\"canonical\" href=\"https:\/\/newsinfoco.com.br\/inicio\/turista-de-sp-e-preso-em-flagrante-por-racismo-em-porto-seguro\/\" \/>\n\t<meta name=\"generator\" content=\"All in One SEO (AIOSEO) 4.9.10\" \/>\n\t\t<meta property=\"og:locale\" content=\"pt_BR\" \/>\n\t\t<meta property=\"og:site_name\" content=\"News In Foco - Editado por Caio Pimenta - O principal site de noticias de Alagoinhas e regi\u00e3o\" \/>\n\t\t<meta property=\"og:type\" content=\"article\" \/>\n\t\t<meta property=\"og:title\" content=\"Turista de SP \u00e9 preso em flagrante por racismo em Porto Seguro - News In Foco - Editado por Caio Pimenta\" \/>\n\t\t<meta property=\"og:description\" content=\"Um turista de S\u00e3o Paulo foi preso em flagrante na noite de quinta-feira (3) por inj\u00faria racial e desacato em Porto Seguro (BA), a 710 quil\u00f4metros de Salvador. Segundo a Pol\u00edcia Civil da Bahia, ele chamou de macaco um homem negro e depois resistiu \u00e0 abordagem policial. A identidade do homem, que tem 50 anos,\" \/>\n\t\t<meta property=\"og:url\" content=\"https:\/\/newsinfoco.com.br\/inicio\/turista-de-sp-e-preso-em-flagrante-por-racismo-em-porto-seguro\/\" \/>\n\t\t<meta property=\"article:published_time\" content=\"2022-03-06T13:48:54+00:00\" \/>\n\t\t<meta property=\"article:modified_time\" content=\"2022-03-06T13:48:54+00:00\" \/>\n\t\t<meta name=\"twitter:card\" content=\"summary_large_image\" \/>\n\t\t<meta name=\"twitter:title\" content=\"Turista de SP \u00e9 preso em flagrante por racismo em Porto Seguro - News In Foco - Editado por Caio Pimenta\" \/>\n\t\t<meta name=\"twitter:description\" content=\"Um turista de S\u00e3o Paulo foi preso em flagrante na noite de quinta-feira (3) por inj\u00faria racial e desacato em Porto Seguro (BA), a 710 quil\u00f4metros de Salvador. Segundo a Pol\u00edcia Civil da Bahia, ele chamou de macaco um homem negro e depois resistiu \u00e0 abordagem policial. A identidade do homem, que tem 50 anos,\" \/>\n\t\t<script type=\"application\/ld+json\" class=\"aioseo-schema\">\n\t\t\t{\"@context\":\"https:\\\/\\\/schema.org\",\"@graph\":[{\"@type\":\"BlogPosting\",\"@id\":\"https:\\\/\\\/newsinfoco.com.br\\\/inicio\\\/turista-de-sp-e-preso-em-flagrante-por-racismo-em-porto-seguro\\\/#blogposting\",\"name\":\"Turista de SP \\u00e9 preso em flagrante por racismo em Porto Seguro - News In Foco - Editado por Caio Pimenta\",\"headline\":\"Turista de SP \\u00e9 preso em flagrante por racismo em Porto Seguro\",\"author\":{\"@id\":\"https:\\\/\\\/newsinfoco.com.br\\\/inicio\\\/author\\\/administrador\\\/#author\"},\"publisher\":{\"@id\":\"https:\\\/\\\/newsinfoco.com.br\\\/inicio\\\/#organization\"},\"image\":{\"@type\":\"ImageObject\",\"url\":\"https:\\\/\\\/newsinfoco.com.br\\\/inicio\\\/wp-content\\\/uploads\\\/2022\\\/03\\\/16465233996223f4071694f_1646523399_3x2_md.jpg\",\"width\":768,\"height\":512},\"datePublished\":\"2022-03-06T10:48:54-03:00\",\"dateModified\":\"2022-03-06T10:48:54-03:00\",\"inLanguage\":\"pt-BR\",\"mainEntityOfPage\":{\"@id\":\"https:\\\/\\\/newsinfoco.com.br\\\/inicio\\\/turista-de-sp-e-preso-em-flagrante-por-racismo-em-porto-seguro\\\/#webpage\"},\"isPartOf\":{\"@id\":\"https:\\\/\\\/newsinfoco.com.br\\\/inicio\\\/turista-de-sp-e-preso-em-flagrante-por-racismo-em-porto-seguro\\\/#webpage\"},\"articleSection\":\"Bahia\"},{\"@type\":\"BreadcrumbList\",\"@id\":\"https:\\\/\\\/newsinfoco.com.br\\\/inicio\\\/turista-de-sp-e-preso-em-flagrante-por-racismo-em-porto-seguro\\\/#breadcrumblist\",\"itemListElement\":[{\"@type\":\"ListItem\",\"@id\":\"https:\\\/\\\/newsinfoco.com.br\\\/inicio#listItem\",\"position\":1,\"name\":\"In\\u00edcio\",\"item\":\"https:\\\/\\\/newsinfoco.com.br\\\/inicio\",\"nextItem\":{\"@type\":\"ListItem\",\"@id\":\"https:\\\/\\\/newsinfoco.com.br\\\/inicio\\\/category\\\/bahia\\\/#listItem\",\"name\":\"Bahia\"}},{\"@type\":\"ListItem\",\"@id\":\"https:\\\/\\\/newsinfoco.com.br\\\/inicio\\\/category\\\/bahia\\\/#listItem\",\"position\":2,\"name\":\"Bahia\",\"item\":\"https:\\\/\\\/newsinfoco.com.br\\\/inicio\\\/category\\\/bahia\\\/\",\"nextItem\":{\"@type\":\"ListItem\",\"@id\":\"https:\\\/\\\/newsinfoco.com.br\\\/inicio\\\/turista-de-sp-e-preso-em-flagrante-por-racismo-em-porto-seguro\\\/#listItem\",\"name\":\"Turista de SP \\u00e9 preso em flagrante por racismo em Porto Seguro\"},\"previousItem\":{\"@type\":\"ListItem\",\"@id\":\"https:\\\/\\\/newsinfoco.com.br\\\/inicio#listItem\",\"name\":\"In\\u00edcio\"}},{\"@type\":\"ListItem\",\"@id\":\"https:\\\/\\\/newsinfoco.com.br\\\/inicio\\\/turista-de-sp-e-preso-em-flagrante-por-racismo-em-porto-seguro\\\/#listItem\",\"position\":3,\"name\":\"Turista de SP \\u00e9 preso em flagrante por racismo em Porto Seguro\",\"previousItem\":{\"@type\":\"ListItem\",\"@id\":\"https:\\\/\\\/newsinfoco.com.br\\\/inicio\\\/category\\\/bahia\\\/#listItem\",\"name\":\"Bahia\"}}]},{\"@type\":\"Organization\",\"@id\":\"https:\\\/\\\/newsinfoco.com.br\\\/inicio\\\/#organization\",\"name\":\"News In Foco - Editado por Caio Pimenta\",\"description\":\"O principal site de noticias de Alagoinhas e regi\\u00e3o\",\"url\":\"https:\\\/\\\/newsinfoco.com.br\\\/inicio\\\/\"},{\"@type\":\"Person\",\"@id\":\"https:\\\/\\\/newsinfoco.com.br\\\/inicio\\\/author\\\/administrador\\\/#author\",\"url\":\"https:\\\/\\\/newsinfoco.com.br\\\/inicio\\\/author\\\/administrador\\\/\",\"name\":\"administrador\",\"image\":{\"@type\":\"ImageObject\",\"@id\":\"https:\\\/\\\/newsinfoco.com.br\\\/inicio\\\/turista-de-sp-e-preso-em-flagrante-por-racismo-em-porto-seguro\\\/#authorImage\",\"url\":\"https:\\\/\\\/secure.gravatar.com\\\/avatar\\\/c17a617433de8c1dc9584bb79aab7563b46f5bb7e1728c9b17d9cc3ce6a08e49?s=96&d=mm&r=g\",\"width\":96,\"height\":96,\"caption\":\"administrador\"}},{\"@type\":\"WebPage\",\"@id\":\"https:\\\/\\\/newsinfoco.com.br\\\/inicio\\\/turista-de-sp-e-preso-em-flagrante-por-racismo-em-porto-seguro\\\/#webpage\",\"url\":\"https:\\\/\\\/newsinfoco.com.br\\\/inicio\\\/turista-de-sp-e-preso-em-flagrante-por-racismo-em-porto-seguro\\\/\",\"name\":\"Turista de SP \\u00e9 preso em flagrante por racismo em Porto Seguro - News In Foco - Editado por Caio Pimenta\",\"description\":\"Um turista de S\\u00e3o Paulo foi preso em flagrante na noite de quinta-feira (3) por inj\\u00faria racial e desacato em Porto Seguro (BA), a 710 quil\\u00f4metros de Salvador. Segundo a Pol\\u00edcia Civil da Bahia, ele chamou de macaco um homem negro e depois resistiu \\u00e0 abordagem policial. A identidade do homem, que tem 50 anos,\",\"inLanguage\":\"pt-BR\",\"isPartOf\":{\"@id\":\"https:\\\/\\\/newsinfoco.com.br\\\/inicio\\\/#website\"},\"breadcrumb\":{\"@id\":\"https:\\\/\\\/newsinfoco.com.br\\\/inicio\\\/turista-de-sp-e-preso-em-flagrante-por-racismo-em-porto-seguro\\\/#breadcrumblist\"},\"author\":{\"@id\":\"https:\\\/\\\/newsinfoco.com.br\\\/inicio\\\/author\\\/administrador\\\/#author\"},\"creator\":{\"@id\":\"https:\\\/\\\/newsinfoco.com.br\\\/inicio\\\/author\\\/administrador\\\/#author\"},\"image\":{\"@type\":\"ImageObject\",\"url\":\"https:\\\/\\\/newsinfoco.com.br\\\/inicio\\\/wp-content\\\/uploads\\\/2022\\\/03\\\/16465233996223f4071694f_1646523399_3x2_md.jpg\",\"@id\":\"https:\\\/\\\/newsinfoco.com.br\\\/inicio\\\/turista-de-sp-e-preso-em-flagrante-por-racismo-em-porto-seguro\\\/#mainImage\",\"width\":768,\"height\":512},\"primaryImageOfPage\":{\"@id\":\"https:\\\/\\\/newsinfoco.com.br\\\/inicio\\\/turista-de-sp-e-preso-em-flagrante-por-racismo-em-porto-seguro\\\/#mainImage\"},\"datePublished\":\"2022-03-06T10:48:54-03:00\",\"dateModified\":\"2022-03-06T10:48:54-03:00\"},{\"@type\":\"WebSite\",\"@id\":\"https:\\\/\\\/newsinfoco.com.br\\\/inicio\\\/#website\",\"url\":\"https:\\\/\\\/newsinfoco.com.br\\\/inicio\\\/\",\"name\":\"News In Foco - Editado por Caio Pimenta\",\"description\":\"O principal site de noticias de Alagoinhas e regi\\u00e3o\",\"inLanguage\":\"pt-BR\",\"publisher\":{\"@id\":\"https:\\\/\\\/newsinfoco.com.br\\\/inicio\\\/#organization\"}}]}\n\t\t<\/script>\n\t\t<!-- All in One SEO -->\n\n","aioseo_head_json":{"title":"Turista de SP \u00e9 preso em flagrante por racismo em Porto Seguro - News In Foco - Editado por Caio Pimenta","description":"Um turista de S\u00e3o Paulo foi preso em flagrante na noite de quinta-feira (3) por inj\u00faria racial e desacato em Porto Seguro (BA), a 710 quil\u00f4metros de Salvador. Segundo a Pol\u00edcia Civil da Bahia, ele chamou de macaco um homem negro e depois resistiu \u00e0 abordagem policial. A identidade do homem, que tem 50 anos,","canonical_url":"https:\/\/newsinfoco.com.br\/inicio\/turista-de-sp-e-preso-em-flagrante-por-racismo-em-porto-seguro\/","robots":"max-image-preview:large","keywords":"","webmasterTools":{"miscellaneous":""},"schema":{"@context":"https:\/\/schema.org","@graph":[{"@type":"BlogPosting","@id":"https:\/\/newsinfoco.com.br\/inicio\/turista-de-sp-e-preso-em-flagrante-por-racismo-em-porto-seguro\/#blogposting","name":"Turista de SP \u00e9 preso em flagrante por racismo em Porto Seguro - News In Foco - Editado por Caio Pimenta","headline":"Turista de SP \u00e9 preso em flagrante por racismo em Porto Seguro","author":{"@id":"https:\/\/newsinfoco.com.br\/inicio\/author\/administrador\/#author"},"publisher":{"@id":"https:\/\/newsinfoco.com.br\/inicio\/#organization"},"image":{"@type":"ImageObject","url":"https:\/\/newsinfoco.com.br\/inicio\/wp-content\/uploads\/2022\/03\/16465233996223f4071694f_1646523399_3x2_md.jpg","width":768,"height":512},"datePublished":"2022-03-06T10:48:54-03:00","dateModified":"2022-03-06T10:48:54-03:00","inLanguage":"pt-BR","mainEntityOfPage":{"@id":"https:\/\/newsinfoco.com.br\/inicio\/turista-de-sp-e-preso-em-flagrante-por-racismo-em-porto-seguro\/#webpage"},"isPartOf":{"@id":"https:\/\/newsinfoco.com.br\/inicio\/turista-de-sp-e-preso-em-flagrante-por-racismo-em-porto-seguro\/#webpage"},"articleSection":"Bahia"},{"@type":"BreadcrumbList","@id":"https:\/\/newsinfoco.com.br\/inicio\/turista-de-sp-e-preso-em-flagrante-por-racismo-em-porto-seguro\/#breadcrumblist","itemListElement":[{"@type":"ListItem","@id":"https:\/\/newsinfoco.com.br\/inicio#listItem","position":1,"name":"In\u00edcio","item":"https:\/\/newsinfoco.com.br\/inicio","nextItem":{"@type":"ListItem","@id":"https:\/\/newsinfoco.com.br\/inicio\/category\/bahia\/#listItem","name":"Bahia"}},{"@type":"ListItem","@id":"https:\/\/newsinfoco.com.br\/inicio\/category\/bahia\/#listItem","position":2,"name":"Bahia","item":"https:\/\/newsinfoco.com.br\/inicio\/category\/bahia\/","nextItem":{"@type":"ListItem","@id":"https:\/\/newsinfoco.com.br\/inicio\/turista-de-sp-e-preso-em-flagrante-por-racismo-em-porto-seguro\/#listItem","name":"Turista de SP \u00e9 preso em flagrante por racismo em Porto Seguro"},"previousItem":{"@type":"ListItem","@id":"https:\/\/newsinfoco.com.br\/inicio#listItem","name":"In\u00edcio"}},{"@type":"ListItem","@id":"https:\/\/newsinfoco.com.br\/inicio\/turista-de-sp-e-preso-em-flagrante-por-racismo-em-porto-seguro\/#listItem","position":3,"name":"Turista de SP \u00e9 preso em flagrante por racismo em Porto Seguro","previousItem":{"@type":"ListItem","@id":"https:\/\/newsinfoco.com.br\/inicio\/category\/bahia\/#listItem","name":"Bahia"}}]},{"@type":"Organization","@id":"https:\/\/newsinfoco.com.br\/inicio\/#organization","name":"News In Foco - Editado por Caio Pimenta","description":"O principal site de noticias de Alagoinhas e regi\u00e3o","url":"https:\/\/newsinfoco.com.br\/inicio\/"},{"@type":"Person","@id":"https:\/\/newsinfoco.com.br\/inicio\/author\/administrador\/#author","url":"https:\/\/newsinfoco.com.br\/inicio\/author\/administrador\/","name":"administrador","image":{"@type":"ImageObject","@id":"https:\/\/newsinfoco.com.br\/inicio\/turista-de-sp-e-preso-em-flagrante-por-racismo-em-porto-seguro\/#authorImage","url":"https:\/\/secure.gravatar.com\/avatar\/c17a617433de8c1dc9584bb79aab7563b46f5bb7e1728c9b17d9cc3ce6a08e49?s=96&d=mm&r=g","width":96,"height":96,"caption":"administrador"}},{"@type":"WebPage","@id":"https:\/\/newsinfoco.com.br\/inicio\/turista-de-sp-e-preso-em-flagrante-por-racismo-em-porto-seguro\/#webpage","url":"https:\/\/newsinfoco.com.br\/inicio\/turista-de-sp-e-preso-em-flagrante-por-racismo-em-porto-seguro\/","name":"Turista de SP \u00e9 preso em flagrante por racismo em Porto Seguro - News In Foco - Editado por Caio Pimenta","description":"Um turista de S\u00e3o Paulo foi preso em flagrante na noite de quinta-feira (3) por inj\u00faria racial e desacato em Porto Seguro (BA), a 710 quil\u00f4metros de Salvador. Segundo a Pol\u00edcia Civil da Bahia, ele chamou de macaco um homem negro e depois resistiu \u00e0 abordagem policial. A identidade do homem, que tem 50 anos,","inLanguage":"pt-BR","isPartOf":{"@id":"https:\/\/newsinfoco.com.br\/inicio\/#website"},"breadcrumb":{"@id":"https:\/\/newsinfoco.com.br\/inicio\/turista-de-sp-e-preso-em-flagrante-por-racismo-em-porto-seguro\/#breadcrumblist"},"author":{"@id":"https:\/\/newsinfoco.com.br\/inicio\/author\/administrador\/#author"},"creator":{"@id":"https:\/\/newsinfoco.com.br\/inicio\/author\/administrador\/#author"},"image":{"@type":"ImageObject","url":"https:\/\/newsinfoco.com.br\/inicio\/wp-content\/uploads\/2022\/03\/16465233996223f4071694f_1646523399_3x2_md.jpg","@id":"https:\/\/newsinfoco.com.br\/inicio\/turista-de-sp-e-preso-em-flagrante-por-racismo-em-porto-seguro\/#mainImage","width":768,"height":512},"primaryImageOfPage":{"@id":"https:\/\/newsinfoco.com.br\/inicio\/turista-de-sp-e-preso-em-flagrante-por-racismo-em-porto-seguro\/#mainImage"},"datePublished":"2022-03-06T10:48:54-03:00","dateModified":"2022-03-06T10:48:54-03:00"},{"@type":"WebSite","@id":"https:\/\/newsinfoco.com.br\/inicio\/#website","url":"https:\/\/newsinfoco.com.br\/inicio\/","name":"News In Foco - Editado por Caio Pimenta","description":"O principal site de noticias de Alagoinhas e regi\u00e3o","inLanguage":"pt-BR","publisher":{"@id":"https:\/\/newsinfoco.com.br\/inicio\/#organization"}}]},"og:locale":"pt_BR","og:site_name":"News In Foco - Editado por Caio Pimenta - O principal site de noticias de Alagoinhas e regi\u00e3o","og:type":"article","og:title":"Turista de SP \u00e9 preso em flagrante por racismo em Porto Seguro - News In Foco - Editado por Caio Pimenta","og:description":"Um turista de S\u00e3o Paulo foi preso em flagrante na noite de quinta-feira (3) por inj\u00faria racial e desacato em Porto Seguro (BA), a 710 quil\u00f4metros de Salvador. Segundo a Pol\u00edcia Civil da Bahia, ele chamou de macaco um homem negro e depois resistiu \u00e0 abordagem policial. A identidade do homem, que tem 50 anos,","og:url":"https:\/\/newsinfoco.com.br\/inicio\/turista-de-sp-e-preso-em-flagrante-por-racismo-em-porto-seguro\/","article:published_time":"2022-03-06T13:48:54+00:00","article:modified_time":"2022-03-06T13:48:54+00:00","twitter:card":"summary_large_image","twitter:title":"Turista de SP \u00e9 preso em flagrante por racismo em Porto Seguro - News In Foco - Editado por Caio Pimenta","twitter:description":"Um turista de S\u00e3o Paulo foi preso em flagrante na noite de quinta-feira (3) por inj\u00faria racial e desacato em Porto Seguro (BA), a 710 quil\u00f4metros de Salvador. Segundo a Pol\u00edcia Civil da Bahia, ele chamou de macaco um homem negro e depois resistiu \u00e0 abordagem policial. A identidade do homem, que tem 50 anos,"},"aioseo_meta_data":{"post_id":"29201","title":null,"description":null,"keywords":null,"keyphrases":null,"primary_term":null,"canonical_url":null,"og_title":null,"og_description":null,"og_object_type":"default","og_image_type":"default","og_image_url":null,"og_image_width":null,"og_image_height":null,"og_image_custom_url":null,"og_image_custom_fields":null,"og_video":null,"og_custom_url":null,"og_article_section":null,"og_article_tags":null,"twitter_use_og":false,"twitter_card":"default","twitter_image_type":"default","twitter_image_url":null,"twitter_image_custom_url":null,"twitter_image_custom_fields":null,"twitter_title":null,"twitter_description":null,"schema":{"blockGraphs":[],"customGraphs":[],"default":{"data":{"Article":[],"Course":[],"Dataset":[],"FAQPage":[],"Movie":[],"Person":[],"Product":[],"ProductReview":[],"Car":[],"Recipe":[],"Service":[],"SoftwareApplication":[],"WebPage":[]},"graphName":"","isEnabled":true},"graphs":[]},"schema_type":"default","schema_type_options":null,"pillar_content":false,"robots_default":true,"robots_noindex":false,"robots_noarchive":false,"robots_nosnippet":false,"robots_nofollow":false,"robots_noimageindex":false,"robots_noodp":false,"robots_notranslate":false,"robots_max_snippet":null,"robots_max_videopreview":null,"robots_max_imagepreview":"large","priority":null,"frequency":null,"local_seo":null,"breadcrumb_settings":null,"limit_modified_date":false,"ai":null,"created":"2023-06-12 20:54:49","updated":"2025-07-11 07:07:37","seo_analyzer_scan_date":null},"aioseo_breadcrumb":"<div class=\"aioseo-breadcrumbs\"><span class=\"aioseo-breadcrumb\">\n\t\t\t<a href=\"https:\/\/newsinfoco.com.br\/inicio\" title=\"In\u00edcio\">In\u00edcio<\/a>\n\t\t<\/span><span class=\"aioseo-breadcrumb-separator\">&raquo;<\/span><span class=\"aioseo-breadcrumb\">\n\t\t\t<a href=\"https:\/\/newsinfoco.com.br\/inicio\/category\/bahia\/\" title=\"Bahia\">Bahia<\/a>\n\t\t<\/span><span class=\"aioseo-breadcrumb-separator\">&raquo;<\/span><span class=\"aioseo-breadcrumb\">\n\t\t\tTurista de SP \u00e9 preso em flagrante por racismo em Porto Seguro\n\t\t<\/span><\/div>","aioseo_breadcrumb_json":[{"label":"In\u00edcio","link":"https:\/\/newsinfoco.com.br\/inicio"},{"label":"Bahia","link":"https:\/\/newsinfoco.com.br\/inicio\/category\/bahia\/"},{"label":"Turista de SP \u00e9 preso em flagrante por racismo em Porto Seguro","link":"https:\/\/newsinfoco.com.br\/inicio\/turista-de-sp-e-preso-em-flagrante-por-racismo-em-porto-seguro\/"}],"_links":{"self":[{"href":"https:\/\/newsinfoco.com.br\/inicio\/wp-json\/wp\/v2\/posts\/29201","targetHints":{"allow":["GET"]}}],"collection":[{"href":"https:\/\/newsinfoco.com.br\/inicio\/wp-json\/wp\/v2\/posts"}],"about":[{"href":"https:\/\/newsinfoco.com.br\/inicio\/wp-json\/wp\/v2\/types\/post"}],"author":[{"embeddable":true,"href":"https:\/\/newsinfoco.com.br\/inicio\/wp-json\/wp\/v2\/users\/1"}],"replies":[{"embeddable":true,"href":"https:\/\/newsinfoco.com.br\/inicio\/wp-json\/wp\/v2\/comments?post=29201"}],"version-history":[{"count":1,"href":"https:\/\/newsinfoco.com.br\/inicio\/wp-json\/wp\/v2\/posts\/29201\/revisions"}],"predecessor-version":[{"id":29203,"href":"https:\/\/newsinfoco.com.br\/inicio\/wp-json\/wp\/v2\/posts\/29201\/revisions\/29203"}],"wp:featuredmedia":[{"embeddable":true,"href":"https:\/\/newsinfoco.com.br\/inicio\/wp-json\/wp\/v2\/media\/29202"}],"wp:attachment":[{"href":"https:\/\/newsinfoco.com.br\/inicio\/wp-json\/wp\/v2\/media?parent=29201"}],"wp:term":[{"taxonomy":"category","embeddable":true,"href":"https:\/\/newsinfoco.com.br\/inicio\/wp-json\/wp\/v2\/categories?post=29201"},{"taxonomy":"post_tag","embeddable":true,"href":"https:\/\/newsinfoco.com.br\/inicio\/wp-json\/wp\/v2\/tags?post=29201"}],"curies":[{"name":"wp","href":"https:\/\/api.w.org\/{rel}","templated":true}]}}