{"id":29209,"date":"2022-03-06T20:07:56","date_gmt":"2022-03-06T23:07:56","guid":{"rendered":"https:\/\/newsinfoco.com.br\/inicio\/?p=29209"},"modified":"2022-03-06T20:09:00","modified_gmt":"2022-03-06T23:09:00","slug":"vacinacao-contra-a-covid-19-nesta-segunda-feira-07-em-alagoinhas-sera-para-a-2a-dose-em-adultos-e-criancas","status":"publish","type":"post","link":"https:\/\/newsinfoco.com.br\/inicio\/vacinacao-contra-a-covid-19-nesta-segunda-feira-07-em-alagoinhas-sera-para-a-2a-dose-em-adultos-e-criancas\/","title":{"rendered":"Vacina\u00e7\u00e3o contra a Covid-19 nesta segunda-feira (07) em Alagoinhas ser\u00e1 para a 2\u00aa dose em adultos e crian\u00e7as"},"content":{"rendered":"<p>A\u00a0Prefeitura de Alagoinhas, por meio da Secretaria Municipal de Sa\u00fade (Sesau), segue com a aplica\u00e7\u00e3o da segunda dose da vacina contra a Covid-19 nesta segunda-feira (07).<\/p>\n<p>A vacina\u00e7\u00e3o acontece no est\u00e1dio Carneir\u00e3o, das 8h \u00e0s 11h, exclusivamente para crian\u00e7as de<strong>\u00a06 a 11 anos<\/strong>\u00a0que tomaram a primeira dose da\u00a0<strong>Coronavac<\/strong>\u00a0at\u00e9 o dia<strong>\u00a003 de fevereiro.<\/strong><\/p>\n<p>Das 14h \u00e0s 16h, a aplica\u00e7\u00e3o da segunda dose no Carneir\u00e3o ser\u00e1 para pessoas de todas as idades que tomaram a primeira dose da Pfizer at\u00e9 03 de janeiro, e da Coronavac, at\u00e9 o dia 07 de fevereiro.<\/p>\n<p>\u00c9 preciso levar documento de identifica\u00e7\u00e3o, cart\u00e3o SUS ( ou CPF) e cart\u00e3o de vacina\u00e7\u00e3o. Para a imuniza\u00e7\u00e3o das crian\u00e7as, \u00e9 obrigat\u00f3ria a apresenta\u00e7\u00e3o do documento do respons\u00e1vel, cart\u00e3o SUS ou CPF da crian\u00e7a, e o cart\u00e3o de vacina\u00e7\u00e3o.<\/p>\n<p>As pessoas que est\u00e3o dentro do prazo de completar o ciclo vacinal, mas que ainda n\u00e3o receberam a segunda dose da Astrazeneca ou da Janssen, devem fazer o agendamento na Central de Imuniza\u00e7\u00e3o (em frente \u00e0 antiga sede do SAMU), das 8h \u00e0s 11h, ou das 14h \u00e0s 16h.<\/p>\n<div class='share-to-whatsapp-wrapper'><div class='share-on-whsp'>Share on: <\/div><a data-text='Vacina\u00e7\u00e3o contra a Covid-19 nesta segunda-feira (07) em Alagoinhas ser\u00e1 para a 2\u00aa dose em adultos e crian\u00e7as' data-link='https:\/\/newsinfoco.com.br\/inicio\/vacinacao-contra-a-covid-19-nesta-segunda-feira-07-em-alagoinhas-sera-para-a-2a-dose-em-adultos-e-criancas\/' class='whatsapp-button whatsapp-share'>WhatsApp<\/a><div class='clear '><\/div><\/div>","protected":false},"excerpt":{"rendered":"<p>A\u00a0Prefeitura de Alagoinhas, por meio da Secretaria Municipal de Sa\u00fade (Sesau), segue com a aplica\u00e7\u00e3o da segunda dose da vacina contra a Covid-19 nesta segunda-feira (07). A vacina\u00e7\u00e3o acontece no est\u00e1dio Carneir\u00e3o, das 8h \u00e0s 11h, exclusivamente para crian\u00e7as de\u00a06 a 11 anos\u00a0que tomaram a primeira dose da\u00a0Coronavac\u00a0at\u00e9 o dia\u00a003 de fevereiro. Das 14h \u00e0s [&hellip;]<\/p>\n","protected":false},"author":1,"featured_media":29210,"comment_status":"closed","ping_status":"closed","sticky":false,"template":"","format":"standard","meta":{"om_disable_all_campaigns":false,"rop_custom_images_group":[],"rop_custom_messages_group":[],"rop_publish_now":"initial","rop_publish_now_accounts":[],"rop_publish_now_history":[],"rop_publish_now_status":"pending","_exactmetrics_skip_tracking":false,"footnotes":""},"categories":[38,167],"tags":[],"class_list":["post-29209","post","type-post","status-publish","format-standard","has-post-thumbnail","hentry","category-alagoinhas-e-regiao","category-exclusivas"],"aioseo_notices":[],"aioseo_head":"\n\t\t<!-- All in One SEO 4.9.10 - aioseo.com -->\n\t<meta name=\"description\" content=\"A Prefeitura de Alagoinhas, por meio da Secretaria Municipal de Sa\u00fade (Sesau), segue com a aplica\u00e7\u00e3o da segunda dose da vacina contra a Covid-19 nesta segunda-feira (07). A vacina\u00e7\u00e3o acontece no est\u00e1dio Carneir\u00e3o, das 8h \u00e0s 11h, exclusivamente para crian\u00e7as de 6 a 11 anos que tomaram a primeira dose da Coronavac at\u00e9 o dia 03 de fevereiro. Das 14h \u00e0s\" \/>\n\t<meta name=\"robots\" content=\"max-image-preview:large\" \/>\n\t<meta name=\"author\" content=\"administrador\"\/>\n\t<link rel=\"canonical\" href=\"https:\/\/newsinfoco.com.br\/inicio\/vacinacao-contra-a-covid-19-nesta-segunda-feira-07-em-alagoinhas-sera-para-a-2a-dose-em-adultos-e-criancas\/\" \/>\n\t<meta name=\"generator\" content=\"All in One SEO (AIOSEO) 4.9.10\" \/>\n\t\t<meta property=\"og:locale\" content=\"pt_BR\" \/>\n\t\t<meta property=\"og:site_name\" content=\"News In Foco - Editado por Caio Pimenta - O principal site de noticias de Alagoinhas e regi\u00e3o\" \/>\n\t\t<meta property=\"og:type\" content=\"article\" \/>\n\t\t<meta property=\"og:title\" content=\"Vacina\u00e7\u00e3o contra a Covid-19 nesta segunda-feira (07) em Alagoinhas ser\u00e1 para a 2\u00aa dose em adultos e crian\u00e7as - News In Foco - Editado por Caio Pimenta\" \/>\n\t\t<meta property=\"og:description\" content=\"A Prefeitura de Alagoinhas, por meio da Secretaria Municipal de Sa\u00fade (Sesau), segue com a aplica\u00e7\u00e3o da segunda dose da vacina contra a Covid-19 nesta segunda-feira (07). A vacina\u00e7\u00e3o acontece no est\u00e1dio Carneir\u00e3o, das 8h \u00e0s 11h, exclusivamente para crian\u00e7as de 6 a 11 anos que tomaram a primeira dose da Coronavac at\u00e9 o dia 03 de fevereiro. Das 14h \u00e0s\" \/>\n\t\t<meta property=\"og:url\" content=\"https:\/\/newsinfoco.com.br\/inicio\/vacinacao-contra-a-covid-19-nesta-segunda-feira-07-em-alagoinhas-sera-para-a-2a-dose-em-adultos-e-criancas\/\" \/>\n\t\t<meta property=\"article:published_time\" content=\"2022-03-06T23:07:56+00:00\" \/>\n\t\t<meta property=\"article:modified_time\" content=\"2022-03-06T23:09:00+00:00\" \/>\n\t\t<meta name=\"twitter:card\" content=\"summary_large_image\" \/>\n\t\t<meta name=\"twitter:title\" content=\"Vacina\u00e7\u00e3o contra a Covid-19 nesta segunda-feira (07) em Alagoinhas ser\u00e1 para a 2\u00aa dose em adultos e crian\u00e7as - News In Foco - Editado por Caio Pimenta\" \/>\n\t\t<meta name=\"twitter:description\" content=\"A Prefeitura de Alagoinhas, por meio da Secretaria Municipal de Sa\u00fade (Sesau), segue com a aplica\u00e7\u00e3o da segunda dose da vacina contra a Covid-19 nesta segunda-feira (07). A vacina\u00e7\u00e3o acontece no est\u00e1dio Carneir\u00e3o, das 8h \u00e0s 11h, exclusivamente para crian\u00e7as de 6 a 11 anos que tomaram a primeira dose da Coronavac at\u00e9 o dia 03 de fevereiro. Das 14h \u00e0s\" \/>\n\t\t<script type=\"application\/ld+json\" class=\"aioseo-schema\">\n\t\t\t{\"@context\":\"https:\\\/\\\/schema.org\",\"@graph\":[{\"@type\":\"BlogPosting\",\"@id\":\"https:\\\/\\\/newsinfoco.com.br\\\/inicio\\\/vacinacao-contra-a-covid-19-nesta-segunda-feira-07-em-alagoinhas-sera-para-a-2a-dose-em-adultos-e-criancas\\\/#blogposting\",\"name\":\"Vacina\\u00e7\\u00e3o contra a Covid-19 nesta segunda-feira (07) em Alagoinhas ser\\u00e1 para a 2\\u00aa dose em adultos e crian\\u00e7as - News In Foco - Editado por Caio Pimenta\",\"headline\":\"Vacina\\u00e7\\u00e3o contra a Covid-19 nesta segunda-feira (07) em Alagoinhas ser\\u00e1 para a 2\\u00aa dose em adultos e crian\\u00e7as\",\"author\":{\"@id\":\"https:\\\/\\\/newsinfoco.com.br\\\/inicio\\\/author\\\/administrador\\\/#author\"},\"publisher\":{\"@id\":\"https:\\\/\\\/newsinfoco.com.br\\\/inicio\\\/#organization\"},\"image\":{\"@type\":\"ImageObject\",\"url\":\"https:\\\/\\\/newsinfoco.com.br\\\/inicio\\\/wp-content\\\/uploads\\\/2022\\\/03\\\/EC298D45-4551-4388-8BE4-ED02F8AAFEAA-550x368-1.jpeg\",\"width\":550,\"height\":368},\"datePublished\":\"2022-03-06T20:07:56-03:00\",\"dateModified\":\"2022-03-06T20:09:00-03:00\",\"inLanguage\":\"pt-BR\",\"mainEntityOfPage\":{\"@id\":\"https:\\\/\\\/newsinfoco.com.br\\\/inicio\\\/vacinacao-contra-a-covid-19-nesta-segunda-feira-07-em-alagoinhas-sera-para-a-2a-dose-em-adultos-e-criancas\\\/#webpage\"},\"isPartOf\":{\"@id\":\"https:\\\/\\\/newsinfoco.com.br\\\/inicio\\\/vacinacao-contra-a-covid-19-nesta-segunda-feira-07-em-alagoinhas-sera-para-a-2a-dose-em-adultos-e-criancas\\\/#webpage\"},\"articleSection\":\"Alagoinhas e Regi\\u00e3o, Manchete\"},{\"@type\":\"BreadcrumbList\",\"@id\":\"https:\\\/\\\/newsinfoco.com.br\\\/inicio\\\/vacinacao-contra-a-covid-19-nesta-segunda-feira-07-em-alagoinhas-sera-para-a-2a-dose-em-adultos-e-criancas\\\/#breadcrumblist\",\"itemListElement\":[{\"@type\":\"ListItem\",\"@id\":\"https:\\\/\\\/newsinfoco.com.br\\\/inicio#listItem\",\"position\":1,\"name\":\"In\\u00edcio\",\"item\":\"https:\\\/\\\/newsinfoco.com.br\\\/inicio\",\"nextItem\":{\"@type\":\"ListItem\",\"@id\":\"https:\\\/\\\/newsinfoco.com.br\\\/inicio\\\/category\\\/alagoinhas-e-regiao\\\/#listItem\",\"name\":\"Alagoinhas e Regi\\u00e3o\"}},{\"@type\":\"ListItem\",\"@id\":\"https:\\\/\\\/newsinfoco.com.br\\\/inicio\\\/category\\\/alagoinhas-e-regiao\\\/#listItem\",\"position\":2,\"name\":\"Alagoinhas e Regi\\u00e3o\",\"item\":\"https:\\\/\\\/newsinfoco.com.br\\\/inicio\\\/category\\\/alagoinhas-e-regiao\\\/\",\"nextItem\":{\"@type\":\"ListItem\",\"@id\":\"https:\\\/\\\/newsinfoco.com.br\\\/inicio\\\/vacinacao-contra-a-covid-19-nesta-segunda-feira-07-em-alagoinhas-sera-para-a-2a-dose-em-adultos-e-criancas\\\/#listItem\",\"name\":\"Vacina\\u00e7\\u00e3o contra a Covid-19 nesta segunda-feira (07) em Alagoinhas ser\\u00e1 para a 2\\u00aa dose em adultos e crian\\u00e7as\"},\"previousItem\":{\"@type\":\"ListItem\",\"@id\":\"https:\\\/\\\/newsinfoco.com.br\\\/inicio#listItem\",\"name\":\"In\\u00edcio\"}},{\"@type\":\"ListItem\",\"@id\":\"https:\\\/\\\/newsinfoco.com.br\\\/inicio\\\/vacinacao-contra-a-covid-19-nesta-segunda-feira-07-em-alagoinhas-sera-para-a-2a-dose-em-adultos-e-criancas\\\/#listItem\",\"position\":3,\"name\":\"Vacina\\u00e7\\u00e3o contra a Covid-19 nesta segunda-feira (07) em Alagoinhas ser\\u00e1 para a 2\\u00aa dose em adultos e crian\\u00e7as\",\"previousItem\":{\"@type\":\"ListItem\",\"@id\":\"https:\\\/\\\/newsinfoco.com.br\\\/inicio\\\/category\\\/alagoinhas-e-regiao\\\/#listItem\",\"name\":\"Alagoinhas e Regi\\u00e3o\"}}]},{\"@type\":\"Organization\",\"@id\":\"https:\\\/\\\/newsinfoco.com.br\\\/inicio\\\/#organization\",\"name\":\"News In Foco - Editado por Caio Pimenta\",\"description\":\"O principal site de noticias de Alagoinhas e regi\\u00e3o\",\"url\":\"https:\\\/\\\/newsinfoco.com.br\\\/inicio\\\/\"},{\"@type\":\"Person\",\"@id\":\"https:\\\/\\\/newsinfoco.com.br\\\/inicio\\\/author\\\/administrador\\\/#author\",\"url\":\"https:\\\/\\\/newsinfoco.com.br\\\/inicio\\\/author\\\/administrador\\\/\",\"name\":\"administrador\",\"image\":{\"@type\":\"ImageObject\",\"@id\":\"https:\\\/\\\/newsinfoco.com.br\\\/inicio\\\/vacinacao-contra-a-covid-19-nesta-segunda-feira-07-em-alagoinhas-sera-para-a-2a-dose-em-adultos-e-criancas\\\/#authorImage\",\"url\":\"https:\\\/\\\/secure.gravatar.com\\\/avatar\\\/c17a617433de8c1dc9584bb79aab7563b46f5bb7e1728c9b17d9cc3ce6a08e49?s=96&d=mm&r=g\",\"width\":96,\"height\":96,\"caption\":\"administrador\"}},{\"@type\":\"WebPage\",\"@id\":\"https:\\\/\\\/newsinfoco.com.br\\\/inicio\\\/vacinacao-contra-a-covid-19-nesta-segunda-feira-07-em-alagoinhas-sera-para-a-2a-dose-em-adultos-e-criancas\\\/#webpage\",\"url\":\"https:\\\/\\\/newsinfoco.com.br\\\/inicio\\\/vacinacao-contra-a-covid-19-nesta-segunda-feira-07-em-alagoinhas-sera-para-a-2a-dose-em-adultos-e-criancas\\\/\",\"name\":\"Vacina\\u00e7\\u00e3o contra a Covid-19 nesta segunda-feira (07) em Alagoinhas ser\\u00e1 para a 2\\u00aa dose em adultos e crian\\u00e7as - News In Foco - Editado por Caio Pimenta\",\"description\":\"A Prefeitura de Alagoinhas, por meio da Secretaria Municipal de Sa\\u00fade (Sesau), segue com a aplica\\u00e7\\u00e3o da segunda dose da vacina contra a Covid-19 nesta segunda-feira (07). A vacina\\u00e7\\u00e3o acontece no est\\u00e1dio Carneir\\u00e3o, das 8h \\u00e0s 11h, exclusivamente para crian\\u00e7as de 6 a 11 anos que tomaram a primeira dose da Coronavac at\\u00e9 o dia 03 de fevereiro. Das 14h \\u00e0s\",\"inLanguage\":\"pt-BR\",\"isPartOf\":{\"@id\":\"https:\\\/\\\/newsinfoco.com.br\\\/inicio\\\/#website\"},\"breadcrumb\":{\"@id\":\"https:\\\/\\\/newsinfoco.com.br\\\/inicio\\\/vacinacao-contra-a-covid-19-nesta-segunda-feira-07-em-alagoinhas-sera-para-a-2a-dose-em-adultos-e-criancas\\\/#breadcrumblist\"},\"author\":{\"@id\":\"https:\\\/\\\/newsinfoco.com.br\\\/inicio\\\/author\\\/administrador\\\/#author\"},\"creator\":{\"@id\":\"https:\\\/\\\/newsinfoco.com.br\\\/inicio\\\/author\\\/administrador\\\/#author\"},\"image\":{\"@type\":\"ImageObject\",\"url\":\"https:\\\/\\\/newsinfoco.com.br\\\/inicio\\\/wp-content\\\/uploads\\\/2022\\\/03\\\/EC298D45-4551-4388-8BE4-ED02F8AAFEAA-550x368-1.jpeg\",\"@id\":\"https:\\\/\\\/newsinfoco.com.br\\\/inicio\\\/vacinacao-contra-a-covid-19-nesta-segunda-feira-07-em-alagoinhas-sera-para-a-2a-dose-em-adultos-e-criancas\\\/#mainImage\",\"width\":550,\"height\":368},\"primaryImageOfPage\":{\"@id\":\"https:\\\/\\\/newsinfoco.com.br\\\/inicio\\\/vacinacao-contra-a-covid-19-nesta-segunda-feira-07-em-alagoinhas-sera-para-a-2a-dose-em-adultos-e-criancas\\\/#mainImage\"},\"datePublished\":\"2022-03-06T20:07:56-03:00\",\"dateModified\":\"2022-03-06T20:09:00-03:00\"},{\"@type\":\"WebSite\",\"@id\":\"https:\\\/\\\/newsinfoco.com.br\\\/inicio\\\/#website\",\"url\":\"https:\\\/\\\/newsinfoco.com.br\\\/inicio\\\/\",\"name\":\"News In Foco - Editado por Caio Pimenta\",\"description\":\"O principal site de noticias de Alagoinhas e regi\\u00e3o\",\"inLanguage\":\"pt-BR\",\"publisher\":{\"@id\":\"https:\\\/\\\/newsinfoco.com.br\\\/inicio\\\/#organization\"}}]}\n\t\t<\/script>\n\t\t<!-- All in One SEO -->\n\n","aioseo_head_json":{"title":"Vacina\u00e7\u00e3o contra a Covid-19 nesta segunda-feira (07) em Alagoinhas ser\u00e1 para a 2\u00aa dose em adultos e crian\u00e7as - News In Foco - Editado por Caio Pimenta","description":"A Prefeitura de Alagoinhas, por meio da Secretaria Municipal de Sa\u00fade (Sesau), segue com a aplica\u00e7\u00e3o da segunda dose da vacina contra a Covid-19 nesta segunda-feira (07). A vacina\u00e7\u00e3o acontece no est\u00e1dio Carneir\u00e3o, das 8h \u00e0s 11h, exclusivamente para crian\u00e7as de 6 a 11 anos que tomaram a primeira dose da Coronavac at\u00e9 o dia 03 de fevereiro. Das 14h \u00e0s","canonical_url":"https:\/\/newsinfoco.com.br\/inicio\/vacinacao-contra-a-covid-19-nesta-segunda-feira-07-em-alagoinhas-sera-para-a-2a-dose-em-adultos-e-criancas\/","robots":"max-image-preview:large","keywords":"","webmasterTools":{"miscellaneous":""},"schema":{"@context":"https:\/\/schema.org","@graph":[{"@type":"BlogPosting","@id":"https:\/\/newsinfoco.com.br\/inicio\/vacinacao-contra-a-covid-19-nesta-segunda-feira-07-em-alagoinhas-sera-para-a-2a-dose-em-adultos-e-criancas\/#blogposting","name":"Vacina\u00e7\u00e3o contra a Covid-19 nesta segunda-feira (07) em Alagoinhas ser\u00e1 para a 2\u00aa dose em adultos e crian\u00e7as - News In Foco - Editado por Caio Pimenta","headline":"Vacina\u00e7\u00e3o contra a Covid-19 nesta segunda-feira (07) em Alagoinhas ser\u00e1 para a 2\u00aa dose em adultos e crian\u00e7as","author":{"@id":"https:\/\/newsinfoco.com.br\/inicio\/author\/administrador\/#author"},"publisher":{"@id":"https:\/\/newsinfoco.com.br\/inicio\/#organization"},"image":{"@type":"ImageObject","url":"https:\/\/newsinfoco.com.br\/inicio\/wp-content\/uploads\/2022\/03\/EC298D45-4551-4388-8BE4-ED02F8AAFEAA-550x368-1.jpeg","width":550,"height":368},"datePublished":"2022-03-06T20:07:56-03:00","dateModified":"2022-03-06T20:09:00-03:00","inLanguage":"pt-BR","mainEntityOfPage":{"@id":"https:\/\/newsinfoco.com.br\/inicio\/vacinacao-contra-a-covid-19-nesta-segunda-feira-07-em-alagoinhas-sera-para-a-2a-dose-em-adultos-e-criancas\/#webpage"},"isPartOf":{"@id":"https:\/\/newsinfoco.com.br\/inicio\/vacinacao-contra-a-covid-19-nesta-segunda-feira-07-em-alagoinhas-sera-para-a-2a-dose-em-adultos-e-criancas\/#webpage"},"articleSection":"Alagoinhas e Regi\u00e3o, Manchete"},{"@type":"BreadcrumbList","@id":"https:\/\/newsinfoco.com.br\/inicio\/vacinacao-contra-a-covid-19-nesta-segunda-feira-07-em-alagoinhas-sera-para-a-2a-dose-em-adultos-e-criancas\/#breadcrumblist","itemListElement":[{"@type":"ListItem","@id":"https:\/\/newsinfoco.com.br\/inicio#listItem","position":1,"name":"In\u00edcio","item":"https:\/\/newsinfoco.com.br\/inicio","nextItem":{"@type":"ListItem","@id":"https:\/\/newsinfoco.com.br\/inicio\/category\/alagoinhas-e-regiao\/#listItem","name":"Alagoinhas e Regi\u00e3o"}},{"@type":"ListItem","@id":"https:\/\/newsinfoco.com.br\/inicio\/category\/alagoinhas-e-regiao\/#listItem","position":2,"name":"Alagoinhas e Regi\u00e3o","item":"https:\/\/newsinfoco.com.br\/inicio\/category\/alagoinhas-e-regiao\/","nextItem":{"@type":"ListItem","@id":"https:\/\/newsinfoco.com.br\/inicio\/vacinacao-contra-a-covid-19-nesta-segunda-feira-07-em-alagoinhas-sera-para-a-2a-dose-em-adultos-e-criancas\/#listItem","name":"Vacina\u00e7\u00e3o contra a Covid-19 nesta segunda-feira (07) em Alagoinhas ser\u00e1 para a 2\u00aa dose em adultos e crian\u00e7as"},"previousItem":{"@type":"ListItem","@id":"https:\/\/newsinfoco.com.br\/inicio#listItem","name":"In\u00edcio"}},{"@type":"ListItem","@id":"https:\/\/newsinfoco.com.br\/inicio\/vacinacao-contra-a-covid-19-nesta-segunda-feira-07-em-alagoinhas-sera-para-a-2a-dose-em-adultos-e-criancas\/#listItem","position":3,"name":"Vacina\u00e7\u00e3o contra a Covid-19 nesta segunda-feira (07) em Alagoinhas ser\u00e1 para a 2\u00aa dose em adultos e crian\u00e7as","previousItem":{"@type":"ListItem","@id":"https:\/\/newsinfoco.com.br\/inicio\/category\/alagoinhas-e-regiao\/#listItem","name":"Alagoinhas e Regi\u00e3o"}}]},{"@type":"Organization","@id":"https:\/\/newsinfoco.com.br\/inicio\/#organization","name":"News In Foco - Editado por Caio Pimenta","description":"O principal site de noticias de Alagoinhas e regi\u00e3o","url":"https:\/\/newsinfoco.com.br\/inicio\/"},{"@type":"Person","@id":"https:\/\/newsinfoco.com.br\/inicio\/author\/administrador\/#author","url":"https:\/\/newsinfoco.com.br\/inicio\/author\/administrador\/","name":"administrador","image":{"@type":"ImageObject","@id":"https:\/\/newsinfoco.com.br\/inicio\/vacinacao-contra-a-covid-19-nesta-segunda-feira-07-em-alagoinhas-sera-para-a-2a-dose-em-adultos-e-criancas\/#authorImage","url":"https:\/\/secure.gravatar.com\/avatar\/c17a617433de8c1dc9584bb79aab7563b46f5bb7e1728c9b17d9cc3ce6a08e49?s=96&d=mm&r=g","width":96,"height":96,"caption":"administrador"}},{"@type":"WebPage","@id":"https:\/\/newsinfoco.com.br\/inicio\/vacinacao-contra-a-covid-19-nesta-segunda-feira-07-em-alagoinhas-sera-para-a-2a-dose-em-adultos-e-criancas\/#webpage","url":"https:\/\/newsinfoco.com.br\/inicio\/vacinacao-contra-a-covid-19-nesta-segunda-feira-07-em-alagoinhas-sera-para-a-2a-dose-em-adultos-e-criancas\/","name":"Vacina\u00e7\u00e3o contra a Covid-19 nesta segunda-feira (07) em Alagoinhas ser\u00e1 para a 2\u00aa dose em adultos e crian\u00e7as - News In Foco - Editado por Caio Pimenta","description":"A Prefeitura de Alagoinhas, por meio da Secretaria Municipal de Sa\u00fade (Sesau), segue com a aplica\u00e7\u00e3o da segunda dose da vacina contra a Covid-19 nesta segunda-feira (07). A vacina\u00e7\u00e3o acontece no est\u00e1dio Carneir\u00e3o, das 8h \u00e0s 11h, exclusivamente para crian\u00e7as de 6 a 11 anos que tomaram a primeira dose da Coronavac at\u00e9 o dia 03 de fevereiro. Das 14h \u00e0s","inLanguage":"pt-BR","isPartOf":{"@id":"https:\/\/newsinfoco.com.br\/inicio\/#website"},"breadcrumb":{"@id":"https:\/\/newsinfoco.com.br\/inicio\/vacinacao-contra-a-covid-19-nesta-segunda-feira-07-em-alagoinhas-sera-para-a-2a-dose-em-adultos-e-criancas\/#breadcrumblist"},"author":{"@id":"https:\/\/newsinfoco.com.br\/inicio\/author\/administrador\/#author"},"creator":{"@id":"https:\/\/newsinfoco.com.br\/inicio\/author\/administrador\/#author"},"image":{"@type":"ImageObject","url":"https:\/\/newsinfoco.com.br\/inicio\/wp-content\/uploads\/2022\/03\/EC298D45-4551-4388-8BE4-ED02F8AAFEAA-550x368-1.jpeg","@id":"https:\/\/newsinfoco.com.br\/inicio\/vacinacao-contra-a-covid-19-nesta-segunda-feira-07-em-alagoinhas-sera-para-a-2a-dose-em-adultos-e-criancas\/#mainImage","width":550,"height":368},"primaryImageOfPage":{"@id":"https:\/\/newsinfoco.com.br\/inicio\/vacinacao-contra-a-covid-19-nesta-segunda-feira-07-em-alagoinhas-sera-para-a-2a-dose-em-adultos-e-criancas\/#mainImage"},"datePublished":"2022-03-06T20:07:56-03:00","dateModified":"2022-03-06T20:09:00-03:00"},{"@type":"WebSite","@id":"https:\/\/newsinfoco.com.br\/inicio\/#website","url":"https:\/\/newsinfoco.com.br\/inicio\/","name":"News In Foco - Editado por Caio Pimenta","description":"O principal site de noticias de Alagoinhas e regi\u00e3o","inLanguage":"pt-BR","publisher":{"@id":"https:\/\/newsinfoco.com.br\/inicio\/#organization"}}]},"og:locale":"pt_BR","og:site_name":"News In Foco - Editado por Caio Pimenta - O principal site de noticias de Alagoinhas e regi\u00e3o","og:type":"article","og:title":"Vacina\u00e7\u00e3o contra a Covid-19 nesta segunda-feira (07) em Alagoinhas ser\u00e1 para a 2\u00aa dose em adultos e crian\u00e7as - News In Foco - Editado por Caio Pimenta","og:description":"A Prefeitura de Alagoinhas, por meio da Secretaria Municipal de Sa\u00fade (Sesau), segue com a aplica\u00e7\u00e3o da segunda dose da vacina contra a Covid-19 nesta segunda-feira (07). A vacina\u00e7\u00e3o acontece no est\u00e1dio Carneir\u00e3o, das 8h \u00e0s 11h, exclusivamente para crian\u00e7as de 6 a 11 anos que tomaram a primeira dose da Coronavac at\u00e9 o dia 03 de fevereiro. Das 14h \u00e0s","og:url":"https:\/\/newsinfoco.com.br\/inicio\/vacinacao-contra-a-covid-19-nesta-segunda-feira-07-em-alagoinhas-sera-para-a-2a-dose-em-adultos-e-criancas\/","article:published_time":"2022-03-06T23:07:56+00:00","article:modified_time":"2022-03-06T23:09:00+00:00","twitter:card":"summary_large_image","twitter:title":"Vacina\u00e7\u00e3o contra a Covid-19 nesta segunda-feira (07) em Alagoinhas ser\u00e1 para a 2\u00aa dose em adultos e crian\u00e7as - News In Foco - Editado por Caio Pimenta","twitter:description":"A Prefeitura de Alagoinhas, por meio da Secretaria Municipal de Sa\u00fade (Sesau), segue com a aplica\u00e7\u00e3o da segunda dose da vacina contra a Covid-19 nesta segunda-feira (07). A vacina\u00e7\u00e3o acontece no est\u00e1dio Carneir\u00e3o, das 8h \u00e0s 11h, exclusivamente para crian\u00e7as de 6 a 11 anos que tomaram a primeira dose da Coronavac at\u00e9 o dia 03 de fevereiro. Das 14h \u00e0s"},"aioseo_meta_data":{"post_id":"29209","title":null,"description":null,"keywords":null,"keyphrases":null,"primary_term":null,"canonical_url":null,"og_title":null,"og_description":null,"og_object_type":"default","og_image_type":"default","og_image_url":null,"og_image_width":null,"og_image_height":null,"og_image_custom_url":null,"og_image_custom_fields":null,"og_video":null,"og_custom_url":null,"og_article_section":null,"og_article_tags":null,"twitter_use_og":false,"twitter_card":"default","twitter_image_type":"default","twitter_image_url":null,"twitter_image_custom_url":null,"twitter_image_custom_fields":null,"twitter_title":null,"twitter_description":null,"schema":{"blockGraphs":[],"customGraphs":[],"default":{"data":{"Article":[],"Course":[],"Dataset":[],"FAQPage":[],"Movie":[],"Person":[],"Product":[],"ProductReview":[],"Car":[],"Recipe":[],"Service":[],"SoftwareApplication":[],"WebPage":[]},"graphName":"","isEnabled":true},"graphs":[]},"schema_type":"default","schema_type_options":null,"pillar_content":false,"robots_default":true,"robots_noindex":false,"robots_noarchive":false,"robots_nosnippet":false,"robots_nofollow":false,"robots_noimageindex":false,"robots_noodp":false,"robots_notranslate":false,"robots_max_snippet":null,"robots_max_videopreview":null,"robots_max_imagepreview":"large","priority":null,"frequency":null,"local_seo":null,"breadcrumb_settings":null,"limit_modified_date":false,"ai":null,"created":"2023-06-12 20:54:49","updated":"2025-07-11 07:07:37","seo_analyzer_scan_date":null},"aioseo_breadcrumb":"<div class=\"aioseo-breadcrumbs\"><span class=\"aioseo-breadcrumb\">\n\t\t\t<a href=\"https:\/\/newsinfoco.com.br\/inicio\" title=\"In\u00edcio\">In\u00edcio<\/a>\n\t\t<\/span><span class=\"aioseo-breadcrumb-separator\">&raquo;<\/span><span class=\"aioseo-breadcrumb\">\n\t\t\t<a href=\"https:\/\/newsinfoco.com.br\/inicio\/category\/alagoinhas-e-regiao\/\" title=\"Alagoinhas e Regi\u00e3o\">Alagoinhas e Regi\u00e3o<\/a>\n\t\t<\/span><span class=\"aioseo-breadcrumb-separator\">&raquo;<\/span><span class=\"aioseo-breadcrumb\">\n\t\t\tVacina\u00e7\u00e3o contra a Covid-19 nesta segunda-feira (07) em Alagoinhas ser\u00e1 para a 2\u00aa dose em adultos e crian\u00e7as\n\t\t<\/span><\/div>","aioseo_breadcrumb_json":[{"label":"In\u00edcio","link":"https:\/\/newsinfoco.com.br\/inicio"},{"label":"Alagoinhas e Regi\u00e3o","link":"https:\/\/newsinfoco.com.br\/inicio\/category\/alagoinhas-e-regiao\/"},{"label":"Vacina\u00e7\u00e3o contra a Covid-19 nesta segunda-feira (07) em Alagoinhas ser\u00e1 para a 2\u00aa dose em adultos e crian\u00e7as","link":"https:\/\/newsinfoco.com.br\/inicio\/vacinacao-contra-a-covid-19-nesta-segunda-feira-07-em-alagoinhas-sera-para-a-2a-dose-em-adultos-e-criancas\/"}],"_links":{"self":[{"href":"https:\/\/newsinfoco.com.br\/inicio\/wp-json\/wp\/v2\/posts\/29209","targetHints":{"allow":["GET"]}}],"collection":[{"href":"https:\/\/newsinfoco.com.br\/inicio\/wp-json\/wp\/v2\/posts"}],"about":[{"href":"https:\/\/newsinfoco.com.br\/inicio\/wp-json\/wp\/v2\/types\/post"}],"author":[{"embeddable":true,"href":"https:\/\/newsinfoco.com.br\/inicio\/wp-json\/wp\/v2\/users\/1"}],"replies":[{"embeddable":true,"href":"https:\/\/newsinfoco.com.br\/inicio\/wp-json\/wp\/v2\/comments?post=29209"}],"version-history":[{"count":3,"href":"https:\/\/newsinfoco.com.br\/inicio\/wp-json\/wp\/v2\/posts\/29209\/revisions"}],"predecessor-version":[{"id":29213,"href":"https:\/\/newsinfoco.com.br\/inicio\/wp-json\/wp\/v2\/posts\/29209\/revisions\/29213"}],"wp:featuredmedia":[{"embeddable":true,"href":"https:\/\/newsinfoco.com.br\/inicio\/wp-json\/wp\/v2\/media\/29210"}],"wp:attachment":[{"href":"https:\/\/newsinfoco.com.br\/inicio\/wp-json\/wp\/v2\/media?parent=29209"}],"wp:term":[{"taxonomy":"category","embeddable":true,"href":"https:\/\/newsinfoco.com.br\/inicio\/wp-json\/wp\/v2\/categories?post=29209"},{"taxonomy":"post_tag","embeddable":true,"href":"https:\/\/newsinfoco.com.br\/inicio\/wp-json\/wp\/v2\/tags?post=29209"}],"curies":[{"name":"wp","href":"https:\/\/api.w.org\/{rel}","templated":true}]}}